{"id":423197,"date":"2026-03-27T04:16:40","date_gmt":"2026-03-27T07:16:40","guid":{"rendered":"https:\/\/portaltela.pt\/noticias\/2026\/03\/27\/jovem-espanhola-de-25-anos-que-ganhou-direito-a-eutanasia-morre\/"},"modified":"2026-03-27T04:16:40","modified_gmt":"2026-03-27T07:16:40","slug":"jovem-espanhola-de-25-anos-que-ganhou-direito-a-eutanasia-morre","status":"publish","type":"post","link":"https:\/\/portaltela.pt\/saude\/2026\/03\/27\/jovem-espanhola-de-25-anos-que-ganhou-direito-a-eutanasia-morre\/","title":{"rendered":"Jovem espanhola de 25 anos que ganhou direito \u00e0 eutan\u00e1sia morre"},"content":{"rendered":"<p>Noelia Castillo, espanhola de 25 anos, morreu na quinta-feira, em Barcelona, ap\u00f3s ter recebido eutan\u00e1sia. O procedimento ocorreu depois de uma batalha judicial prolongada que manteve o seu caso no centro do debate p\u00fablico espanhol. O Supremo Tribunal rejeitou o \u00faltimo recurso da fam\u00edlia para suspender o processo.<\/p>\n<p>O caso veio a p\u00fablico em 2024, quando uma comiss\u00e3o m\u00e9dica e jur\u00eddica da Catalunha aprovou o pedido de eutan\u00e1sia, com base em doen\u00e7a grave e incur\u00e1vel e em sofrimento severo. O pai da jovem contestou a decis\u00e3o, alegando que problemas de sa\u00fade mental teriam comprometido a capacidade de decis\u00e3o livre.<\/p>\n<p>Os tribunais nacionais mantiveram a posi\u00e7\u00e3o a favor da autoriza\u00e7\u00e3o, e o Tribunal Europeu dos Direitos do Homem recusou intervir este m\u00eas. Castillo, em entrevista televisiva antes da morte, disse procurar paz e ter-se sentido incompreendida, afirmando que n\u00e3o podia continuar.<\/p>\n<p>A fam\u00edlia foi representada pela organiza\u00e7\u00e3o cat\u00f3lica conservadora Christian Lawyers. A presidente, Polonia Castellanos, qualificou o desfecho como falha do Estado e associou-o ao que chamou de fracasso da lei. A lei espanhola de 2021 autoriza a eutan\u00e1sia para doentes graves e com sofrimento n\u00e3o sustent\u00e1vel, mediante avalia\u00e7\u00f5es m\u00e9dicas rigorosas.<\/p>\n<p>Desde a entrada em vigor da legisla\u00e7\u00e3o, o governo espanhol indica que mais de 1.100 pessoas acederam a este direito. O processo judicial e a defesa da decis\u00e3o foram acompanhados por diferentes vozes da sociedade civil e pelo debate \u00e9tico sobre sa\u00fade mental e autonomia.<\/p>\n<p>Antes da morte, Castillo defendeu a sua decis\u00e3o perante quem se opunha ao caso, numa posi\u00e7\u00e3o de defesa da liberdade de escolha. O epis\u00f3dio reacende, assim, o debate sobre os limites legais da eutan\u00e1sia em Espanha, envolvendo \u00e9tica, medicina e direitos individuais.<\/p>\n<h3>Contexto legal<\/h3>\n<p>A legisla\u00e7\u00e3o de 2021 permite a eutan\u00e1sia e o suic\u00eddio medicamente assistido para pessoas com doen\u00e7as terminais ou condi\u00e7\u00f5es permanentes e insuport\u00e1veis, com salvaguardas e avalia\u00e7\u00f5es m\u00e9dicas. O tema mant\u00e9m-se central no debate p\u00fablico e pol\u00edtico espanhol.<\/p>\n","protected":false},"excerpt":{"rendered":"<ul>\n<li>Noelia Castillo, 25 anos, morreu em Barcelona na quinta-feira ap\u00f3s ter sido submetida a eutan\u00e1sia.<\/li>\n<li>O Supremo Tribunal rejeitou o \u00faltimo recurso da fam\u00edlia para suspender o procedimento.<\/li>\n<li>O caso ficou no centro do debate p\u00fablico em Espanha desde 2024, quando uma comiss\u00e3o m\u00e9dica e jur\u00eddica da Catalunha aprovou o pedido com base em doen\u00e7a grave e sofrimento cr\u00f3nico.<\/li>\n<li>A fam\u00edlia foi representada pela organiza\u00e7\u00e3o Christian Lawyers; a presidente disse que o Estado falhou com a jovem.<\/li>\n<li>Espanha legalizou a eutan\u00e1sia em 2021 e, desde ent\u00e3o, mais de 1.100 pessoas acederam a este direito, reacendendo o debate sobre \u00e9tica, sa\u00fade mental e limites do direito de decidir.<\/li>\n<\/ul>\n","protected":false},"author":2,"featured_media":423208,"comment_status":"closed","ping_status":"closed","sticky":false,"template":"","format":"standard","meta":{"footnotes":""},"categories":[6745],"tags":[5485,6373,2633,7552,2844,172],"class_list":["post-423197","post","type-post","status-publish","format-standard","has-post-thumbnail","hentry","category-saude","tag-catalunha","tag-direitos","tag-direitos-humanos","tag-eutanasia","tag-jovens","tag-saude"],"yoast_head":"<!-- This site is optimized with the Yoast SEO plugin v27.2 - https:\/\/yoast.com\/product\/yoast-seo-wordpress\/ -->\n<title>Jovem espanhola de 25 anos que ganhou direito \u00e0 eutan\u00e1sia morre - Portal Tela Portugal<\/title>\n<meta name=\"robots\" content=\"index, follow, max-snippet:-1, max-image-preview:large, max-video-preview:-1\" \/>\n<meta property=\"og:locale\" content=\"pt_PT\" \/>\n<meta property=\"og:type\" content=\"article\" \/>\n<meta property=\"og:title\" content=\"Jovem espanhola de 25 anos que ganhou direito \u00e0 eutan\u00e1sia morre - Portal Tela Portugal\" \/>\n<meta property=\"og:description\" content=\"Noelia Castillo, 25 anos, morreu em Barcelona na quinta-feira ap\u00f3s ter sido submetida a eutan\u00e1sia. O Supremo Tribunal rejeitou o \u00faltimo recurso da fam\u00edlia para suspender o procedimento. O caso ficou no centro do debate p\u00fablico em Espanha desde 2024, quando uma comiss\u00e3o m\u00e9dica e jur\u00eddica da Catalunha aprovou o pedido com base em doen\u00e7a grave e sofrimento cr\u00f3nico. A fam\u00edlia foi representada pela organiza\u00e7\u00e3o Christian Lawyers; a presidente disse que o Estado falhou com a jovem. Espanha legalizou a eutan\u00e1sia em 2021 e, desde ent\u00e3o, mais de 1.100 pessoas acederam a este direito, reacendendo o debate sobre \u00e9tica, sa\u00fade mental e limites do direito de decidir.\" \/>\n<meta property=\"og:url\" content=\"https:\/\/portaltela.pt\/noticias\/2026\/03\/27\/jovem-espanhola-de-25-anos-que-ganhou-direito-a-eutanasia-morre\/\" \/>\n<meta property=\"og:site_name\" content=\"Portal Tela Portugal\" \/>\n<meta property=\"article:published_time\" content=\"2026-03-27T07:16:40+00:00\" \/>\n<meta name=\"author\" content=\"Telinha\" \/>\n<meta name=\"twitter:card\" content=\"summary_large_image\" \/>\n<meta name=\"twitter:label1\" content=\"Escrito por\" \/>\n\t<meta name=\"twitter:data1\" content=\"Telinha\" \/>\n\t<meta name=\"twitter:label2\" content=\"Tempo estimado de leitura\" \/>\n\t<meta name=\"twitter:data2\" content=\"2 minutos\" \/>\n<script type=\"application\/ld+json\" class=\"yoast-schema-graph\">{\"@context\":\"https:\/\/schema.org\",\"@graph\":[{\"@type\":\"Article\",\"@id\":\"https:\/\/portaltela.pt\/noticias\/2026\/03\/27\/jovem-espanhola-de-25-anos-que-ganhou-direito-a-eutanasia-morre\/#article\",\"isPartOf\":{\"@id\":\"https:\/\/portaltela.pt\/noticias\/2026\/03\/27\/jovem-espanhola-de-25-anos-que-ganhou-direito-a-eutanasia-morre\/\"},\"author\":{\"name\":\"Telinha\",\"@id\":\"https:\/\/portaltela.pt\/#\/schema\/person\/c4278d4a6028830caff9ee44b42d32ed\"},\"headline\":\"Jovem espanhola de 25 anos que ganhou direito \u00e0 eutan\u00e1sia morre\",\"datePublished\":\"2026-03-27T07:16:40+00:00\",\"mainEntityOfPage\":{\"@id\":\"https:\/\/portaltela.pt\/noticias\/2026\/03\/27\/jovem-espanhola-de-25-anos-que-ganhou-direito-a-eutanasia-morre\/\"},\"wordCount\":365,\"image\":{\"@id\":\"https:\/\/portaltela.pt\/noticias\/2026\/03\/27\/jovem-espanhola-de-25-anos-que-ganhou-direito-a-eutanasia-morre\/#primaryimage\"},\"thumbnailUrl\":\"https:\/\/portaltela.pt\/s.01k8rhncp4jt1\/2026\/03\/1536x864_cmsv2_08d62a62-fa74-5489-ac30-ded45af864a7-9700302.jpg\",\"keywords\":[\"Catalunha\",\"direitos\",\"direitos humanos\",\"eutan\u00e1sia\",\"jovens\",\"sa\u00fade\"],\"articleSection\":[\"Sa\u00fade\"],\"inLanguage\":\"pt-PT\"},{\"@type\":\"WebPage\",\"@id\":\"https:\/\/portaltela.pt\/noticias\/2026\/03\/27\/jovem-espanhola-de-25-anos-que-ganhou-direito-a-eutanasia-morre\/\",\"url\":\"https:\/\/portaltela.pt\/noticias\/2026\/03\/27\/jovem-espanhola-de-25-anos-que-ganhou-direito-a-eutanasia-morre\/\",\"name\":\"Jovem espanhola de 25 anos que ganhou direito \u00e0 eutan\u00e1sia morre - Portal Tela Portugal\",\"isPartOf\":{\"@id\":\"https:\/\/portaltela.pt\/#website\"},\"primaryImageOfPage\":{\"@id\":\"https:\/\/portaltela.pt\/noticias\/2026\/03\/27\/jovem-espanhola-de-25-anos-que-ganhou-direito-a-eutanasia-morre\/#primaryimage\"},\"image\":{\"@id\":\"https:\/\/portaltela.pt\/noticias\/2026\/03\/27\/jovem-espanhola-de-25-anos-que-ganhou-direito-a-eutanasia-morre\/#primaryimage\"},\"thumbnailUrl\":\"https:\/\/portaltela.pt\/s.01k8rhncp4jt1\/2026\/03\/1536x864_cmsv2_08d62a62-fa74-5489-ac30-ded45af864a7-9700302.jpg\",\"datePublished\":\"2026-03-27T07:16:40+00:00\",\"author\":{\"@id\":\"https:\/\/portaltela.pt\/#\/schema\/person\/c4278d4a6028830caff9ee44b42d32ed\"},\"breadcrumb\":{\"@id\":\"https:\/\/portaltela.pt\/noticias\/2026\/03\/27\/jovem-espanhola-de-25-anos-que-ganhou-direito-a-eutanasia-morre\/#breadcrumb\"},\"inLanguage\":\"pt-PT\",\"potentialAction\":[{\"@type\":\"ReadAction\",\"target\":[\"https:\/\/portaltela.pt\/noticias\/2026\/03\/27\/jovem-espanhola-de-25-anos-que-ganhou-direito-a-eutanasia-morre\/\"]}]},{\"@type\":\"ImageObject\",\"inLanguage\":\"pt-PT\",\"@id\":\"https:\/\/portaltela.pt\/noticias\/2026\/03\/27\/jovem-espanhola-de-25-anos-que-ganhou-direito-a-eutanasia-morre\/#primaryimage\",\"url\":\"https:\/\/portaltela.pt\/s.01k8rhncp4jt1\/2026\/03\/1536x864_cmsv2_08d62a62-fa74-5489-ac30-ded45af864a7-9700302.jpg\",\"contentUrl\":\"https:\/\/portaltela.pt\/s.01k8rhncp4jt1\/2026\/03\/1536x864_cmsv2_08d62a62-fa74-5489-ac30-ded45af864a7-9700302.jpg\",\"width\":796,\"height\":448,\"caption\":\"ARQUIVO - Manifestantes contra a eutan\u00e1sia manifestam-se em frente ao Parlamento espanhol em Madrid, Espanha, quinta-feira, 18 de mar\u00e7o de 2021.\"},{\"@type\":\"BreadcrumbList\",\"@id\":\"https:\/\/portaltela.pt\/noticias\/2026\/03\/27\/jovem-espanhola-de-25-anos-que-ganhou-direito-a-eutanasia-morre\/#breadcrumb\",\"itemListElement\":[{\"@type\":\"ListItem\",\"position\":1,\"name\":\"In\u00edcio\",\"item\":\"https:\/\/portaltela.pt\/\"},{\"@type\":\"ListItem\",\"position\":2,\"name\":\"Jovem espanhola de 25 anos que ganhou direito \u00e0 eutan\u00e1sia morre\"}]},{\"@type\":\"WebSite\",\"@id\":\"https:\/\/portaltela.pt\/#website\",\"url\":\"https:\/\/portaltela.pt\/\",\"name\":\"Portal Tela Portugal\",\"description\":\"\",\"potentialAction\":[{\"@type\":\"SearchAction\",\"target\":{\"@type\":\"EntryPoint\",\"urlTemplate\":\"https:\/\/portaltela.pt\/?s={search_term_string}\"},\"query-input\":{\"@type\":\"PropertyValueSpecification\",\"valueRequired\":true,\"valueName\":\"search_term_string\"}}],\"inLanguage\":\"pt-PT\"},{\"@type\":\"Person\",\"@id\":\"https:\/\/portaltela.pt\/#\/schema\/person\/c4278d4a6028830caff9ee44b42d32ed\",\"name\":\"Telinha\",\"image\":{\"@type\":\"ImageObject\",\"inLanguage\":\"pt-PT\",\"@id\":\"https:\/\/portaltela.pt\/s.01k8rhncp4jt1\/2025\/11\/talking-bot-125x125.png\",\"url\":\"https:\/\/portaltela.pt\/s.01k8rhncp4jt1\/2025\/11\/talking-bot-125x125.png\",\"contentUrl\":\"https:\/\/portaltela.pt\/s.01k8rhncp4jt1\/2025\/11\/talking-bot-125x125.png\",\"caption\":\"Telinha\"},\"sameAs\":[\"https:\/\/portaltela.pt\/\"],\"url\":\"https:\/\/portaltela.pt\/por\/367410592786\/\"}]}<\/script>\n<!-- \/ Yoast SEO plugin. -->","yoast_head_json":{"title":"Jovem espanhola de 25 anos que ganhou direito \u00e0 eutan\u00e1sia morre - Portal Tela Portugal","robots":{"index":"index","follow":"follow","max-snippet":"max-snippet:-1","max-image-preview":"max-image-preview:large","max-video-preview":"max-video-preview:-1"},"og_locale":"pt_PT","og_type":"article","og_title":"Jovem espanhola de 25 anos que ganhou direito \u00e0 eutan\u00e1sia morre - Portal Tela Portugal","og_description":"Noelia Castillo, 25 anos, morreu em Barcelona na quinta-feira ap\u00f3s ter sido submetida a eutan\u00e1sia. O Supremo Tribunal rejeitou o \u00faltimo recurso da fam\u00edlia para suspender o procedimento. O caso ficou no centro do debate p\u00fablico em Espanha desde 2024, quando uma comiss\u00e3o m\u00e9dica e jur\u00eddica da Catalunha aprovou o pedido com base em doen\u00e7a grave e sofrimento cr\u00f3nico. A fam\u00edlia foi representada pela organiza\u00e7\u00e3o Christian Lawyers; a presidente disse que o Estado falhou com a jovem. Espanha legalizou a eutan\u00e1sia em 2021 e, desde ent\u00e3o, mais de 1.100 pessoas acederam a este direito, reacendendo o debate sobre \u00e9tica, sa\u00fade mental e limites do direito de decidir.","og_url":"https:\/\/portaltela.pt\/noticias\/2026\/03\/27\/jovem-espanhola-de-25-anos-que-ganhou-direito-a-eutanasia-morre\/","og_site_name":"Portal Tela Portugal","article_published_time":"2026-03-27T07:16:40+00:00","author":"Telinha","twitter_card":"summary_large_image","twitter_misc":{"Escrito por":"Telinha","Tempo estimado de leitura":"2 minutos"},"schema":{"@context":"https:\/\/schema.org","@graph":[{"@type":"Article","@id":"https:\/\/portaltela.pt\/noticias\/2026\/03\/27\/jovem-espanhola-de-25-anos-que-ganhou-direito-a-eutanasia-morre\/#article","isPartOf":{"@id":"https:\/\/portaltela.pt\/noticias\/2026\/03\/27\/jovem-espanhola-de-25-anos-que-ganhou-direito-a-eutanasia-morre\/"},"author":{"name":"Telinha","@id":"https:\/\/portaltela.pt\/#\/schema\/person\/c4278d4a6028830caff9ee44b42d32ed"},"headline":"Jovem espanhola de 25 anos que ganhou direito \u00e0 eutan\u00e1sia morre","datePublished":"2026-03-27T07:16:40+00:00","mainEntityOfPage":{"@id":"https:\/\/portaltela.pt\/noticias\/2026\/03\/27\/jovem-espanhola-de-25-anos-que-ganhou-direito-a-eutanasia-morre\/"},"wordCount":365,"image":{"@id":"https:\/\/portaltela.pt\/noticias\/2026\/03\/27\/jovem-espanhola-de-25-anos-que-ganhou-direito-a-eutanasia-morre\/#primaryimage"},"thumbnailUrl":"https:\/\/portaltela.pt\/s.01k8rhncp4jt1\/2026\/03\/1536x864_cmsv2_08d62a62-fa74-5489-ac30-ded45af864a7-9700302.jpg","keywords":["Catalunha","direitos","direitos humanos","eutan\u00e1sia","jovens","sa\u00fade"],"articleSection":["Sa\u00fade"],"inLanguage":"pt-PT"},{"@type":"WebPage","@id":"https:\/\/portaltela.pt\/noticias\/2026\/03\/27\/jovem-espanhola-de-25-anos-que-ganhou-direito-a-eutanasia-morre\/","url":"https:\/\/portaltela.pt\/noticias\/2026\/03\/27\/jovem-espanhola-de-25-anos-que-ganhou-direito-a-eutanasia-morre\/","name":"Jovem espanhola de 25 anos que ganhou direito \u00e0 eutan\u00e1sia morre - Portal Tela Portugal","isPartOf":{"@id":"https:\/\/portaltela.pt\/#website"},"primaryImageOfPage":{"@id":"https:\/\/portaltela.pt\/noticias\/2026\/03\/27\/jovem-espanhola-de-25-anos-que-ganhou-direito-a-eutanasia-morre\/#primaryimage"},"image":{"@id":"https:\/\/portaltela.pt\/noticias\/2026\/03\/27\/jovem-espanhola-de-25-anos-que-ganhou-direito-a-eutanasia-morre\/#primaryimage"},"thumbnailUrl":"https:\/\/portaltela.pt\/s.01k8rhncp4jt1\/2026\/03\/1536x864_cmsv2_08d62a62-fa74-5489-ac30-ded45af864a7-9700302.jpg","datePublished":"2026-03-27T07:16:40+00:00","author":{"@id":"https:\/\/portaltela.pt\/#\/schema\/person\/c4278d4a6028830caff9ee44b42d32ed"},"breadcrumb":{"@id":"https:\/\/portaltela.pt\/noticias\/2026\/03\/27\/jovem-espanhola-de-25-anos-que-ganhou-direito-a-eutanasia-morre\/#breadcrumb"},"inLanguage":"pt-PT","potentialAction":[{"@type":"ReadAction","target":["https:\/\/portaltela.pt\/noticias\/2026\/03\/27\/jovem-espanhola-de-25-anos-que-ganhou-direito-a-eutanasia-morre\/"]}]},{"@type":"ImageObject","inLanguage":"pt-PT","@id":"https:\/\/portaltela.pt\/noticias\/2026\/03\/27\/jovem-espanhola-de-25-anos-que-ganhou-direito-a-eutanasia-morre\/#primaryimage","url":"https:\/\/portaltela.pt\/s.01k8rhncp4jt1\/2026\/03\/1536x864_cmsv2_08d62a62-fa74-5489-ac30-ded45af864a7-9700302.jpg","contentUrl":"https:\/\/portaltela.pt\/s.01k8rhncp4jt1\/2026\/03\/1536x864_cmsv2_08d62a62-fa74-5489-ac30-ded45af864a7-9700302.jpg","width":796,"height":448,"caption":"ARQUIVO - Manifestantes contra a eutan\u00e1sia manifestam-se em frente ao Parlamento espanhol em Madrid, Espanha, quinta-feira, 18 de mar\u00e7o de 2021."},{"@type":"BreadcrumbList","@id":"https:\/\/portaltela.pt\/noticias\/2026\/03\/27\/jovem-espanhola-de-25-anos-que-ganhou-direito-a-eutanasia-morre\/#breadcrumb","itemListElement":[{"@type":"ListItem","position":1,"name":"In\u00edcio","item":"https:\/\/portaltela.pt\/"},{"@type":"ListItem","position":2,"name":"Jovem espanhola de 25 anos que ganhou direito \u00e0 eutan\u00e1sia morre"}]},{"@type":"WebSite","@id":"https:\/\/portaltela.pt\/#website","url":"https:\/\/portaltela.pt\/","name":"Portal Tela Portugal","description":"","potentialAction":[{"@type":"SearchAction","target":{"@type":"EntryPoint","urlTemplate":"https:\/\/portaltela.pt\/?s={search_term_string}"},"query-input":{"@type":"PropertyValueSpecification","valueRequired":true,"valueName":"search_term_string"}}],"inLanguage":"pt-PT"},{"@type":"Person","@id":"https:\/\/portaltela.pt\/#\/schema\/person\/c4278d4a6028830caff9ee44b42d32ed","name":"Telinha","image":{"@type":"ImageObject","inLanguage":"pt-PT","@id":"https:\/\/portaltela.pt\/s.01k8rhncp4jt1\/2025\/11\/talking-bot-125x125.png","url":"https:\/\/portaltela.pt\/s.01k8rhncp4jt1\/2025\/11\/talking-bot-125x125.png","contentUrl":"https:\/\/portaltela.pt\/s.01k8rhncp4jt1\/2025\/11\/talking-bot-125x125.png","caption":"Telinha"},"sameAs":["https:\/\/portaltela.pt\/"],"url":"https:\/\/portaltela.pt\/por\/367410592786\/"}]}},"_links":{"self":[{"href":"https:\/\/portaltela.pt\/api\/wp\/v2\/posts\/423197","targetHints":{"allow":["GET"]}}],"collection":[{"href":"https:\/\/portaltela.pt\/api\/wp\/v2\/posts"}],"about":[{"href":"https:\/\/portaltela.pt\/api\/wp\/v2\/types\/post"}],"author":[{"embeddable":true,"href":"https:\/\/portaltela.pt\/api\/wp\/v2\/users\/2"}],"replies":[{"embeddable":true,"href":"https:\/\/portaltela.pt\/api\/wp\/v2\/comments?post=423197"}],"version-history":[{"count":0,"href":"https:\/\/portaltela.pt\/api\/wp\/v2\/posts\/423197\/revisions"}],"wp:featuredmedia":[{"embeddable":true,"href":"https:\/\/portaltela.pt\/api\/wp\/v2\/media\/423208"}],"wp:attachment":[{"href":"https:\/\/portaltela.pt\/api\/wp\/v2\/media?parent=423197"}],"wp:term":[{"taxonomy":"category","embeddable":true,"href":"https:\/\/portaltela.pt\/api\/wp\/v2\/categories?post=423197"},{"taxonomy":"post_tag","embeddable":true,"href":"https:\/\/portaltela.pt\/api\/wp\/v2\/tags?post=423197"}],"curies":[{"name":"wp","href":"https:\/\/api.w.org\/{rel}","templated":true}]}}