{"id":423195,"date":"2026-03-27T03:18:00","date_gmt":"2026-03-27T06:18:00","guid":{"rendered":"https:\/\/portaltela.pt\/noticias\/2026\/03\/27\/criacao-de-empregos-mantem-economia-a-gerar-excedentes-do-estado\/"},"modified":"2026-03-27T03:18:00","modified_gmt":"2026-03-27T06:18:00","slug":"criacao-de-empregos-mantem-economia-a-gerar-excedentes-do-estado","status":"publish","type":"post","link":"https:\/\/portaltela.pt\/noticias\/economia\/2026\/03\/27\/criacao-de-empregos-mantem-economia-a-gerar-excedentes-do-estado\/","title":{"rendered":"Cria\u00e7\u00e3o de empregos mant\u00e9m economia a gerar excedentes do Estado"},"content":{"rendered":"<p>Portugal registou em 2025 um excedente or\u00e7amental de 0,7% do PIB, superando expectativas. A melhoria deve-se a receitas fiscais e contributivas fortes, apoiadas por um mercado de trabalho em expans\u00e3o.<\/p>\n<p>\u00c9 o terceiro ano consecutivo com excedente superior ao previsto pelo Governo, mantendo a tend\u00eancia de consolida\u00e7\u00e3o or\u00e7amental.<\/p>\n<p>O desempenho resulta da subida do emprego e do sal\u00e1rio m\u00e9dio, fatores que sustentam a base de receitas do Estado.<\/p>\n<p>As autoridades indicam que a continua\u00e7\u00e3o do crescimento do emprego contribui para o saldo, embora as magnitudes reais dependam de evolu\u00e7\u00f5es econ\u00f3micas futuras.<\/p>\n","protected":false},"excerpt":{"rendered":"<ul>\n<li>Em 2025, Portugal registou um excedente or\u00e7amental de 0,7% do PIB, acima das expectativas.<\/li>\n<li>O resultado foi mantido pelo terceiro ano consecutivo, superando as estimativas do Governo.<\/li>\n<li>A maior parte da receita fiscal resultou do desempenho do mercado de trabalho.<\/li>\n<li>O mercado de trabalho continuou a crescer, com aumento de empregos e sal\u00e1rios m\u00e9dios.<\/li>\n<li>O desempenho fiscal refor\u00e7a a posi\u00e7\u00e3o financeira do Estado, apoiado pela subida de receitas contributivas.<\/li>\n<\/ul>\n","protected":false},"author":2,"featured_media":423199,"comment_status":"closed","ping_status":"closed","sticky":false,"template":"","format":"standard","meta":{"footnotes":""},"categories":[2,6850],"tags":[5872,28,1006,158,1014],"class_list":["post-423195","post","type-post","status-publish","format-standard","has-post-thumbnail","hentry","category-economia","category-financas","tag-crescimento-economico","tag-economia","tag-emprego","tag-excedente","tag-portugal"],"yoast_head":"<!-- This site is optimized with the Yoast SEO plugin v27.2 - https:\/\/yoast.com\/product\/yoast-seo-wordpress\/ -->\n<title>Cria\u00e7\u00e3o de empregos mant\u00e9m economia a gerar excedentes do Estado - Portal Tela Portugal<\/title>\n<meta name=\"robots\" content=\"index, follow, max-snippet:-1, max-image-preview:large, max-video-preview:-1\" \/>\n<meta property=\"og:locale\" content=\"pt_PT\" \/>\n<meta property=\"og:type\" content=\"article\" \/>\n<meta property=\"og:title\" content=\"Cria\u00e7\u00e3o de empregos mant\u00e9m economia a gerar excedentes do Estado - Portal Tela Portugal\" \/>\n<meta property=\"og:description\" content=\"Em 2025, Portugal registou um excedente or\u00e7amental de 0,7% do PIB, acima das expectativas. O resultado foi mantido pelo terceiro ano consecutivo, superando as estimativas do Governo. A maior parte da receita fiscal resultou do desempenho do mercado de trabalho. O mercado de trabalho continuou a crescer, com aumento de empregos e sal\u00e1rios m\u00e9dios. O desempenho fiscal refor\u00e7a a posi\u00e7\u00e3o financeira do Estado, apoiado pela subida de receitas contributivas.\" \/>\n<meta property=\"og:url\" content=\"https:\/\/portaltela.pt\/noticias\/2026\/03\/27\/criacao-de-empregos-mantem-economia-a-gerar-excedentes-do-estado\/\" \/>\n<meta property=\"og:site_name\" content=\"Portal Tela Portugal\" \/>\n<meta property=\"article:published_time\" content=\"2026-03-27T06:18:00+00:00\" \/>\n<meta name=\"author\" content=\"Telinha\" \/>\n<meta name=\"twitter:card\" content=\"summary_large_image\" \/>\n<meta name=\"twitter:label1\" content=\"Escrito por\" \/>\n\t<meta name=\"twitter:data1\" content=\"Telinha\" \/>\n<script type=\"application\/ld+json\" class=\"yoast-schema-graph\">{\"@context\":\"https:\/\/schema.org\",\"@graph\":[{\"@type\":\"Article\",\"@id\":\"https:\/\/portaltela.pt\/noticias\/2026\/03\/27\/criacao-de-empregos-mantem-economia-a-gerar-excedentes-do-estado\/#article\",\"isPartOf\":{\"@id\":\"https:\/\/portaltela.pt\/noticias\/2026\/03\/27\/criacao-de-empregos-mantem-economia-a-gerar-excedentes-do-estado\/\"},\"author\":{\"name\":\"Telinha\",\"@id\":\"https:\/\/portaltela.pt\/#\/schema\/person\/c4278d4a6028830caff9ee44b42d32ed\"},\"headline\":\"Cria\u00e7\u00e3o de empregos mant\u00e9m economia a gerar excedentes do Estado\",\"datePublished\":\"2026-03-27T06:18:00+00:00\",\"mainEntityOfPage\":{\"@id\":\"https:\/\/portaltela.pt\/noticias\/2026\/03\/27\/criacao-de-empregos-mantem-economia-a-gerar-excedentes-do-estado\/\"},\"wordCount\":110,\"image\":{\"@id\":\"https:\/\/portaltela.pt\/noticias\/2026\/03\/27\/criacao-de-empregos-mantem-economia-a-gerar-excedentes-do-estado\/#primaryimage\"},\"thumbnailUrl\":\"https:\/\/portaltela.pt\/s.01k8rhncp4jt1\/2026\/03\/2077206.jpg\",\"keywords\":[\"crescimento econ\u00f3mico\",\"economia\",\"emprego\",\"excedente\",\"Portugal\"],\"articleSection\":[\"Economia\",\"Finan\u00e7as\"],\"inLanguage\":\"pt-PT\"},{\"@type\":\"WebPage\",\"@id\":\"https:\/\/portaltela.pt\/noticias\/2026\/03\/27\/criacao-de-empregos-mantem-economia-a-gerar-excedentes-do-estado\/\",\"url\":\"https:\/\/portaltela.pt\/noticias\/2026\/03\/27\/criacao-de-empregos-mantem-economia-a-gerar-excedentes-do-estado\/\",\"name\":\"Cria\u00e7\u00e3o de empregos mant\u00e9m economia a gerar excedentes do Estado - Portal Tela Portugal\",\"isPartOf\":{\"@id\":\"https:\/\/portaltela.pt\/#website\"},\"primaryImageOfPage\":{\"@id\":\"https:\/\/portaltela.pt\/noticias\/2026\/03\/27\/criacao-de-empregos-mantem-economia-a-gerar-excedentes-do-estado\/#primaryimage\"},\"image\":{\"@id\":\"https:\/\/portaltela.pt\/noticias\/2026\/03\/27\/criacao-de-empregos-mantem-economia-a-gerar-excedentes-do-estado\/#primaryimage\"},\"thumbnailUrl\":\"https:\/\/portaltela.pt\/s.01k8rhncp4jt1\/2026\/03\/2077206.jpg\",\"datePublished\":\"2026-03-27T06:18:00+00:00\",\"author\":{\"@id\":\"https:\/\/portaltela.pt\/#\/schema\/person\/c4278d4a6028830caff9ee44b42d32ed\"},\"breadcrumb\":{\"@id\":\"https:\/\/portaltela.pt\/noticias\/2026\/03\/27\/criacao-de-empregos-mantem-economia-a-gerar-excedentes-do-estado\/#breadcrumb\"},\"inLanguage\":\"pt-PT\",\"potentialAction\":[{\"@type\":\"ReadAction\",\"target\":[\"https:\/\/portaltela.pt\/noticias\/2026\/03\/27\/criacao-de-empregos-mantem-economia-a-gerar-excedentes-do-estado\/\"]}]},{\"@type\":\"ImageObject\",\"inLanguage\":\"pt-PT\",\"@id\":\"https:\/\/portaltela.pt\/noticias\/2026\/03\/27\/criacao-de-empregos-mantem-economia-a-gerar-excedentes-do-estado\/#primaryimage\",\"url\":\"https:\/\/portaltela.pt\/s.01k8rhncp4jt1\/2026\/03\/2077206.jpg\",\"contentUrl\":\"https:\/\/portaltela.pt\/s.01k8rhncp4jt1\/2026\/03\/2077206.jpg\",\"width\":796,\"height\":448,\"caption\":\"Joaquim Miranda Sarmento, ministro das Finan\u00e7as, na apresenta\u00e7\u00e3o do OE 2026\"},{\"@type\":\"BreadcrumbList\",\"@id\":\"https:\/\/portaltela.pt\/noticias\/2026\/03\/27\/criacao-de-empregos-mantem-economia-a-gerar-excedentes-do-estado\/#breadcrumb\",\"itemListElement\":[{\"@type\":\"ListItem\",\"position\":1,\"name\":\"In\u00edcio\",\"item\":\"https:\/\/portaltela.pt\/\"},{\"@type\":\"ListItem\",\"position\":2,\"name\":\"Cria\u00e7\u00e3o de empregos mant\u00e9m economia a gerar excedentes do Estado\"}]},{\"@type\":\"WebSite\",\"@id\":\"https:\/\/portaltela.pt\/#website\",\"url\":\"https:\/\/portaltela.pt\/\",\"name\":\"Portal Tela Portugal\",\"description\":\"\",\"potentialAction\":[{\"@type\":\"SearchAction\",\"target\":{\"@type\":\"EntryPoint\",\"urlTemplate\":\"https:\/\/portaltela.pt\/?s={search_term_string}\"},\"query-input\":{\"@type\":\"PropertyValueSpecification\",\"valueRequired\":true,\"valueName\":\"search_term_string\"}}],\"inLanguage\":\"pt-PT\"},{\"@type\":\"Person\",\"@id\":\"https:\/\/portaltela.pt\/#\/schema\/person\/c4278d4a6028830caff9ee44b42d32ed\",\"name\":\"Telinha\",\"image\":{\"@type\":\"ImageObject\",\"inLanguage\":\"pt-PT\",\"@id\":\"https:\/\/portaltela.pt\/s.01k8rhncp4jt1\/2025\/11\/talking-bot-125x125.png\",\"url\":\"https:\/\/portaltela.pt\/s.01k8rhncp4jt1\/2025\/11\/talking-bot-125x125.png\",\"contentUrl\":\"https:\/\/portaltela.pt\/s.01k8rhncp4jt1\/2025\/11\/talking-bot-125x125.png\",\"caption\":\"Telinha\"},\"sameAs\":[\"https:\/\/portaltela.pt\/\"],\"url\":\"https:\/\/portaltela.pt\/por\/367410592786\/\"}]}<\/script>\n<!-- \/ Yoast SEO plugin. -->","yoast_head_json":{"title":"Cria\u00e7\u00e3o de empregos mant\u00e9m economia a gerar excedentes do Estado - Portal Tela Portugal","robots":{"index":"index","follow":"follow","max-snippet":"max-snippet:-1","max-image-preview":"max-image-preview:large","max-video-preview":"max-video-preview:-1"},"og_locale":"pt_PT","og_type":"article","og_title":"Cria\u00e7\u00e3o de empregos mant\u00e9m economia a gerar excedentes do Estado - Portal Tela Portugal","og_description":"Em 2025, Portugal registou um excedente or\u00e7amental de 0,7% do PIB, acima das expectativas. O resultado foi mantido pelo terceiro ano consecutivo, superando as estimativas do Governo. A maior parte da receita fiscal resultou do desempenho do mercado de trabalho. O mercado de trabalho continuou a crescer, com aumento de empregos e sal\u00e1rios m\u00e9dios. O desempenho fiscal refor\u00e7a a posi\u00e7\u00e3o financeira do Estado, apoiado pela subida de receitas contributivas.","og_url":"https:\/\/portaltela.pt\/noticias\/2026\/03\/27\/criacao-de-empregos-mantem-economia-a-gerar-excedentes-do-estado\/","og_site_name":"Portal Tela Portugal","article_published_time":"2026-03-27T06:18:00+00:00","author":"Telinha","twitter_card":"summary_large_image","twitter_misc":{"Escrito por":"Telinha"},"schema":{"@context":"https:\/\/schema.org","@graph":[{"@type":"Article","@id":"https:\/\/portaltela.pt\/noticias\/2026\/03\/27\/criacao-de-empregos-mantem-economia-a-gerar-excedentes-do-estado\/#article","isPartOf":{"@id":"https:\/\/portaltela.pt\/noticias\/2026\/03\/27\/criacao-de-empregos-mantem-economia-a-gerar-excedentes-do-estado\/"},"author":{"name":"Telinha","@id":"https:\/\/portaltela.pt\/#\/schema\/person\/c4278d4a6028830caff9ee44b42d32ed"},"headline":"Cria\u00e7\u00e3o de empregos mant\u00e9m economia a gerar excedentes do Estado","datePublished":"2026-03-27T06:18:00+00:00","mainEntityOfPage":{"@id":"https:\/\/portaltela.pt\/noticias\/2026\/03\/27\/criacao-de-empregos-mantem-economia-a-gerar-excedentes-do-estado\/"},"wordCount":110,"image":{"@id":"https:\/\/portaltela.pt\/noticias\/2026\/03\/27\/criacao-de-empregos-mantem-economia-a-gerar-excedentes-do-estado\/#primaryimage"},"thumbnailUrl":"https:\/\/portaltela.pt\/s.01k8rhncp4jt1\/2026\/03\/2077206.jpg","keywords":["crescimento econ\u00f3mico","economia","emprego","excedente","Portugal"],"articleSection":["Economia","Finan\u00e7as"],"inLanguage":"pt-PT"},{"@type":"WebPage","@id":"https:\/\/portaltela.pt\/noticias\/2026\/03\/27\/criacao-de-empregos-mantem-economia-a-gerar-excedentes-do-estado\/","url":"https:\/\/portaltela.pt\/noticias\/2026\/03\/27\/criacao-de-empregos-mantem-economia-a-gerar-excedentes-do-estado\/","name":"Cria\u00e7\u00e3o de empregos mant\u00e9m economia a gerar excedentes do Estado - Portal Tela Portugal","isPartOf":{"@id":"https:\/\/portaltela.pt\/#website"},"primaryImageOfPage":{"@id":"https:\/\/portaltela.pt\/noticias\/2026\/03\/27\/criacao-de-empregos-mantem-economia-a-gerar-excedentes-do-estado\/#primaryimage"},"image":{"@id":"https:\/\/portaltela.pt\/noticias\/2026\/03\/27\/criacao-de-empregos-mantem-economia-a-gerar-excedentes-do-estado\/#primaryimage"},"thumbnailUrl":"https:\/\/portaltela.pt\/s.01k8rhncp4jt1\/2026\/03\/2077206.jpg","datePublished":"2026-03-27T06:18:00+00:00","author":{"@id":"https:\/\/portaltela.pt\/#\/schema\/person\/c4278d4a6028830caff9ee44b42d32ed"},"breadcrumb":{"@id":"https:\/\/portaltela.pt\/noticias\/2026\/03\/27\/criacao-de-empregos-mantem-economia-a-gerar-excedentes-do-estado\/#breadcrumb"},"inLanguage":"pt-PT","potentialAction":[{"@type":"ReadAction","target":["https:\/\/portaltela.pt\/noticias\/2026\/03\/27\/criacao-de-empregos-mantem-economia-a-gerar-excedentes-do-estado\/"]}]},{"@type":"ImageObject","inLanguage":"pt-PT","@id":"https:\/\/portaltela.pt\/noticias\/2026\/03\/27\/criacao-de-empregos-mantem-economia-a-gerar-excedentes-do-estado\/#primaryimage","url":"https:\/\/portaltela.pt\/s.01k8rhncp4jt1\/2026\/03\/2077206.jpg","contentUrl":"https:\/\/portaltela.pt\/s.01k8rhncp4jt1\/2026\/03\/2077206.jpg","width":796,"height":448,"caption":"Joaquim Miranda Sarmento, ministro das Finan\u00e7as, na apresenta\u00e7\u00e3o do OE 2026"},{"@type":"BreadcrumbList","@id":"https:\/\/portaltela.pt\/noticias\/2026\/03\/27\/criacao-de-empregos-mantem-economia-a-gerar-excedentes-do-estado\/#breadcrumb","itemListElement":[{"@type":"ListItem","position":1,"name":"In\u00edcio","item":"https:\/\/portaltela.pt\/"},{"@type":"ListItem","position":2,"name":"Cria\u00e7\u00e3o de empregos mant\u00e9m economia a gerar excedentes do Estado"}]},{"@type":"WebSite","@id":"https:\/\/portaltela.pt\/#website","url":"https:\/\/portaltela.pt\/","name":"Portal Tela Portugal","description":"","potentialAction":[{"@type":"SearchAction","target":{"@type":"EntryPoint","urlTemplate":"https:\/\/portaltela.pt\/?s={search_term_string}"},"query-input":{"@type":"PropertyValueSpecification","valueRequired":true,"valueName":"search_term_string"}}],"inLanguage":"pt-PT"},{"@type":"Person","@id":"https:\/\/portaltela.pt\/#\/schema\/person\/c4278d4a6028830caff9ee44b42d32ed","name":"Telinha","image":{"@type":"ImageObject","inLanguage":"pt-PT","@id":"https:\/\/portaltela.pt\/s.01k8rhncp4jt1\/2025\/11\/talking-bot-125x125.png","url":"https:\/\/portaltela.pt\/s.01k8rhncp4jt1\/2025\/11\/talking-bot-125x125.png","contentUrl":"https:\/\/portaltela.pt\/s.01k8rhncp4jt1\/2025\/11\/talking-bot-125x125.png","caption":"Telinha"},"sameAs":["https:\/\/portaltela.pt\/"],"url":"https:\/\/portaltela.pt\/por\/367410592786\/"}]}},"_links":{"self":[{"href":"https:\/\/portaltela.pt\/api\/wp\/v2\/posts\/423195","targetHints":{"allow":["GET"]}}],"collection":[{"href":"https:\/\/portaltela.pt\/api\/wp\/v2\/posts"}],"about":[{"href":"https:\/\/portaltela.pt\/api\/wp\/v2\/types\/post"}],"author":[{"embeddable":true,"href":"https:\/\/portaltela.pt\/api\/wp\/v2\/users\/2"}],"replies":[{"embeddable":true,"href":"https:\/\/portaltela.pt\/api\/wp\/v2\/comments?post=423195"}],"version-history":[{"count":0,"href":"https:\/\/portaltela.pt\/api\/wp\/v2\/posts\/423195\/revisions"}],"wp:featuredmedia":[{"embeddable":true,"href":"https:\/\/portaltela.pt\/api\/wp\/v2\/media\/423199"}],"wp:attachment":[{"href":"https:\/\/portaltela.pt\/api\/wp\/v2\/media?parent=423195"}],"wp:term":[{"taxonomy":"category","embeddable":true,"href":"https:\/\/portaltela.pt\/api\/wp\/v2\/categories?post=423195"},{"taxonomy":"post_tag","embeddable":true,"href":"https:\/\/portaltela.pt\/api\/wp\/v2\/tags?post=423195"}],"curies":[{"name":"wp","href":"https:\/\/api.w.org\/{rel}","templated":true}]}}