{"id":423191,"date":"2026-03-27T04:00:00","date_gmt":"2026-03-27T07:00:00","guid":{"rendered":"https:\/\/portaltela.pt\/noticias\/2026\/03\/27\/simone-de-oliveira-recebe-medalha-de-merito-cultural-do-governo\/"},"modified":"2026-03-27T04:00:00","modified_gmt":"2026-03-27T07:00:00","slug":"simone-de-oliveira-recebe-medalha-de-merito-cultural-do-governo","status":"publish","type":"post","link":"https:\/\/portaltela.pt\/musica\/2026\/03\/27\/simone-de-oliveira-recebe-medalha-de-merito-cultural-do-governo\/","title":{"rendered":"Simone de Oliveira recebe Medalha de M\u00e9rito Cultural do governo"},"content":{"rendered":"<p>O Governo vai distinguir a cantora e atriz Simone de Oliveira com a Medalha de M\u00e9rito Cultural, numa cerim\u00f3nia marcada para sexta-feira, Dia Mundial do Teatro, na Casa do Artista, em Lisboa. A homenagem foi anunciada pelo Executivo.<\/p>\n<p>A ministra da Cultura, Margarida Balseiro Lopes, afirmou que a carreira de Simone de Oliveira \u00e9 formada por emo\u00e7\u00e3o e verdade, e que a artista transformou o palco e a m\u00fasica em legado que inspira gera\u00e7\u00f5es.<\/p>\n<p>Entre os momentos relevantes da carreira de Simone de Oliveira, destaca-se a vit\u00f3ria no Festival RTP da Can\u00e7\u00e3o de 1969 com Desfolhada Portuguesa, que levou Portugal ao Festival da Eurovis\u00e3o, em Madrid.<\/p>\n","protected":false},"excerpt":{"rendered":"<ul>\n<li>O Governo vai atribuir a Simone de Oliveira a Medalha de M\u00e9rito Cultural, numa cerim\u00f3nia na sexta-feira, Dia Mundial do Teatro, na Casa do Artista, em Lisboa.<\/li>\n<li>A ministra da Cultura, Margarida Balseiro Lopes, destacou a carreira da artista como feita de emo\u00e7\u00e3o, intensidade e verdade, e afirmou que o legado de Simone de Oliveira inspira p\u00fablicos e artistas.<\/li>\n<li>A cerim\u00f3nia reconhece uma int\u00e9rprete cuja trajet\u00f3ria ultrapassa a soma de can\u00e7\u00f5es, espet\u00e1culos ou personagens.<\/li>\n<li>Em 1969, Simone de Oliveira ganhou o Festival RTP da Can\u00e7\u00e3o com Desfolhada Portuguesa e representou Portugal no Festival da Eurovis\u00e3o, em Madrid.<\/li>\n<li>Ap\u00f3s perder a voz no final de 1969, a artista seguiu para jornalismo e r\u00e1dio, voltou a gravar e, em 1973, conquistou o Pr\u00e9mio de Interpreta\u00e7\u00e3o no Festival RTP com Apenas o meu povo; foi condecorada com a Gr\u00e3-Cruz da Ordem do M\u00e9rito em 2022.<\/li>\n<\/ul>\n","protected":false},"author":2,"featured_media":423207,"comment_status":"closed","ping_status":"closed","sticky":false,"template":"","format":"standard","meta":{"footnotes":""},"categories":[7375,6676],"tags":[145,981,6514,122,1014,119],"class_list":["post-423191","post","type-post","status-publish","format-standard","has-post-thumbnail","hentry","category-cultura","category-musica","tag-cultura","tag-lisboa","tag-medalha-de-merito-cultural","tag-musica","tag-portugal","tag-teatro"],"yoast_head":"<!-- This site is optimized with the Yoast SEO plugin v27.2 - https:\/\/yoast.com\/product\/yoast-seo-wordpress\/ -->\n<title>Simone de Oliveira recebe Medalha de M\u00e9rito Cultural do governo - Portal Tela Portugal<\/title>\n<meta name=\"robots\" content=\"index, follow, max-snippet:-1, max-image-preview:large, max-video-preview:-1\" \/>\n<meta property=\"og:locale\" content=\"pt_PT\" \/>\n<meta property=\"og:type\" content=\"article\" \/>\n<meta property=\"og:title\" content=\"Simone de Oliveira recebe Medalha de M\u00e9rito Cultural do governo - Portal Tela Portugal\" \/>\n<meta property=\"og:description\" content=\"O Governo vai atribuir a Simone de Oliveira a Medalha de M\u00e9rito Cultural, numa cerim\u00f3nia na sexta-feira, Dia Mundial do Teatro, na Casa do Artista, em Lisboa. A ministra da Cultura, Margarida Balseiro Lopes, destacou a carreira da artista como feita de emo\u00e7\u00e3o, intensidade e verdade, e afirmou que o legado de Simone de Oliveira inspira p\u00fablicos e artistas. A cerim\u00f3nia reconhece uma int\u00e9rprete cuja trajet\u00f3ria ultrapassa a soma de can\u00e7\u00f5es, espet\u00e1culos ou personagens. Em 1969, Simone de Oliveira ganhou o Festival RTP da Can\u00e7\u00e3o com Desfolhada Portuguesa e representou Portugal no Festival da Eurovis\u00e3o, em Madrid. Ap\u00f3s perder a voz no final de 1969, a artista seguiu para jornalismo e r\u00e1dio, voltou a gravar e, em 1973, conquistou o Pr\u00e9mio de Interpreta\u00e7\u00e3o no Festival RTP com Apenas o meu povo; foi condecorada com a Gr\u00e3-Cruz da Ordem do M\u00e9rito em 2022.\" \/>\n<meta property=\"og:url\" content=\"https:\/\/portaltela.pt\/noticias\/2026\/03\/27\/simone-de-oliveira-recebe-medalha-de-merito-cultural-do-governo\/\" \/>\n<meta property=\"og:site_name\" content=\"Portal Tela Portugal\" \/>\n<meta property=\"article:published_time\" content=\"2026-03-27T07:00:00+00:00\" \/>\n<meta name=\"author\" content=\"Telinha\" \/>\n<meta name=\"twitter:card\" content=\"summary_large_image\" \/>\n<meta name=\"twitter:label1\" content=\"Escrito por\" \/>\n\t<meta name=\"twitter:data1\" content=\"Telinha\" \/>\n\t<meta name=\"twitter:label2\" content=\"Tempo estimado de leitura\" \/>\n\t<meta name=\"twitter:data2\" content=\"1 minuto\" \/>\n<script type=\"application\/ld+json\" class=\"yoast-schema-graph\">{\"@context\":\"https:\/\/schema.org\",\"@graph\":[{\"@type\":\"Article\",\"@id\":\"https:\/\/portaltela.pt\/noticias\/2026\/03\/27\/simone-de-oliveira-recebe-medalha-de-merito-cultural-do-governo\/#article\",\"isPartOf\":{\"@id\":\"https:\/\/portaltela.pt\/noticias\/2026\/03\/27\/simone-de-oliveira-recebe-medalha-de-merito-cultural-do-governo\/\"},\"author\":{\"name\":\"Telinha\",\"@id\":\"https:\/\/portaltela.pt\/#\/schema\/person\/c4278d4a6028830caff9ee44b42d32ed\"},\"headline\":\"Simone de Oliveira recebe Medalha de M\u00e9rito Cultural do governo\",\"datePublished\":\"2026-03-27T07:00:00+00:00\",\"mainEntityOfPage\":{\"@id\":\"https:\/\/portaltela.pt\/noticias\/2026\/03\/27\/simone-de-oliveira-recebe-medalha-de-merito-cultural-do-governo\/\"},\"wordCount\":123,\"image\":{\"@id\":\"https:\/\/portaltela.pt\/noticias\/2026\/03\/27\/simone-de-oliveira-recebe-medalha-de-merito-cultural-do-governo\/#primaryimage\"},\"thumbnailUrl\":\"https:\/\/portaltela.pt\/s.01k8rhncp4jt1\/2026\/03\/image-1574.jpg\",\"keywords\":[\"cultura\",\"Lisboa\",\"Medalha de M\u00e9rito Cultural\",\"m\u00fasica\",\"Portugal\",\"teatro\"],\"articleSection\":[\"Cultura\",\"M\u00fasica\"],\"inLanguage\":\"pt-PT\"},{\"@type\":\"WebPage\",\"@id\":\"https:\/\/portaltela.pt\/noticias\/2026\/03\/27\/simone-de-oliveira-recebe-medalha-de-merito-cultural-do-governo\/\",\"url\":\"https:\/\/portaltela.pt\/noticias\/2026\/03\/27\/simone-de-oliveira-recebe-medalha-de-merito-cultural-do-governo\/\",\"name\":\"Simone de Oliveira recebe Medalha de M\u00e9rito Cultural do governo - Portal Tela Portugal\",\"isPartOf\":{\"@id\":\"https:\/\/portaltela.pt\/#website\"},\"primaryImageOfPage\":{\"@id\":\"https:\/\/portaltela.pt\/noticias\/2026\/03\/27\/simone-de-oliveira-recebe-medalha-de-merito-cultural-do-governo\/#primaryimage\"},\"image\":{\"@id\":\"https:\/\/portaltela.pt\/noticias\/2026\/03\/27\/simone-de-oliveira-recebe-medalha-de-merito-cultural-do-governo\/#primaryimage\"},\"thumbnailUrl\":\"https:\/\/portaltela.pt\/s.01k8rhncp4jt1\/2026\/03\/image-1574.jpg\",\"datePublished\":\"2026-03-27T07:00:00+00:00\",\"author\":{\"@id\":\"https:\/\/portaltela.pt\/#\/schema\/person\/c4278d4a6028830caff9ee44b42d32ed\"},\"breadcrumb\":{\"@id\":\"https:\/\/portaltela.pt\/noticias\/2026\/03\/27\/simone-de-oliveira-recebe-medalha-de-merito-cultural-do-governo\/#breadcrumb\"},\"inLanguage\":\"pt-PT\",\"potentialAction\":[{\"@type\":\"ReadAction\",\"target\":[\"https:\/\/portaltela.pt\/noticias\/2026\/03\/27\/simone-de-oliveira-recebe-medalha-de-merito-cultural-do-governo\/\"]}]},{\"@type\":\"ImageObject\",\"inLanguage\":\"pt-PT\",\"@id\":\"https:\/\/portaltela.pt\/noticias\/2026\/03\/27\/simone-de-oliveira-recebe-medalha-de-merito-cultural-do-governo\/#primaryimage\",\"url\":\"https:\/\/portaltela.pt\/s.01k8rhncp4jt1\/2026\/03\/image-1574.jpg\",\"contentUrl\":\"https:\/\/portaltela.pt\/s.01k8rhncp4jt1\/2026\/03\/image-1574.jpg\",\"width\":796,\"height\":448,\"caption\":\"Simone de Oliveira\"},{\"@type\":\"BreadcrumbList\",\"@id\":\"https:\/\/portaltela.pt\/noticias\/2026\/03\/27\/simone-de-oliveira-recebe-medalha-de-merito-cultural-do-governo\/#breadcrumb\",\"itemListElement\":[{\"@type\":\"ListItem\",\"position\":1,\"name\":\"In\u00edcio\",\"item\":\"https:\/\/portaltela.pt\/\"},{\"@type\":\"ListItem\",\"position\":2,\"name\":\"Simone de Oliveira recebe Medalha de M\u00e9rito Cultural do governo\"}]},{\"@type\":\"WebSite\",\"@id\":\"https:\/\/portaltela.pt\/#website\",\"url\":\"https:\/\/portaltela.pt\/\",\"name\":\"Portal Tela Portugal\",\"description\":\"\",\"potentialAction\":[{\"@type\":\"SearchAction\",\"target\":{\"@type\":\"EntryPoint\",\"urlTemplate\":\"https:\/\/portaltela.pt\/?s={search_term_string}\"},\"query-input\":{\"@type\":\"PropertyValueSpecification\",\"valueRequired\":true,\"valueName\":\"search_term_string\"}}],\"inLanguage\":\"pt-PT\"},{\"@type\":\"Person\",\"@id\":\"https:\/\/portaltela.pt\/#\/schema\/person\/c4278d4a6028830caff9ee44b42d32ed\",\"name\":\"Telinha\",\"image\":{\"@type\":\"ImageObject\",\"inLanguage\":\"pt-PT\",\"@id\":\"https:\/\/portaltela.pt\/s.01k8rhncp4jt1\/2025\/11\/talking-bot-125x125.png\",\"url\":\"https:\/\/portaltela.pt\/s.01k8rhncp4jt1\/2025\/11\/talking-bot-125x125.png\",\"contentUrl\":\"https:\/\/portaltela.pt\/s.01k8rhncp4jt1\/2025\/11\/talking-bot-125x125.png\",\"caption\":\"Telinha\"},\"sameAs\":[\"https:\/\/portaltela.pt\/\"],\"url\":\"https:\/\/portaltela.pt\/por\/367410592786\/\"}]}<\/script>\n<!-- \/ Yoast SEO plugin. -->","yoast_head_json":{"title":"Simone de Oliveira recebe Medalha de M\u00e9rito Cultural do governo - Portal Tela Portugal","robots":{"index":"index","follow":"follow","max-snippet":"max-snippet:-1","max-image-preview":"max-image-preview:large","max-video-preview":"max-video-preview:-1"},"og_locale":"pt_PT","og_type":"article","og_title":"Simone de Oliveira recebe Medalha de M\u00e9rito Cultural do governo - Portal Tela Portugal","og_description":"O Governo vai atribuir a Simone de Oliveira a Medalha de M\u00e9rito Cultural, numa cerim\u00f3nia na sexta-feira, Dia Mundial do Teatro, na Casa do Artista, em Lisboa. A ministra da Cultura, Margarida Balseiro Lopes, destacou a carreira da artista como feita de emo\u00e7\u00e3o, intensidade e verdade, e afirmou que o legado de Simone de Oliveira inspira p\u00fablicos e artistas. A cerim\u00f3nia reconhece uma int\u00e9rprete cuja trajet\u00f3ria ultrapassa a soma de can\u00e7\u00f5es, espet\u00e1culos ou personagens. Em 1969, Simone de Oliveira ganhou o Festival RTP da Can\u00e7\u00e3o com Desfolhada Portuguesa e representou Portugal no Festival da Eurovis\u00e3o, em Madrid. Ap\u00f3s perder a voz no final de 1969, a artista seguiu para jornalismo e r\u00e1dio, voltou a gravar e, em 1973, conquistou o Pr\u00e9mio de Interpreta\u00e7\u00e3o no Festival RTP com Apenas o meu povo; foi condecorada com a Gr\u00e3-Cruz da Ordem do M\u00e9rito em 2022.","og_url":"https:\/\/portaltela.pt\/noticias\/2026\/03\/27\/simone-de-oliveira-recebe-medalha-de-merito-cultural-do-governo\/","og_site_name":"Portal Tela Portugal","article_published_time":"2026-03-27T07:00:00+00:00","author":"Telinha","twitter_card":"summary_large_image","twitter_misc":{"Escrito por":"Telinha","Tempo estimado de leitura":"1 minuto"},"schema":{"@context":"https:\/\/schema.org","@graph":[{"@type":"Article","@id":"https:\/\/portaltela.pt\/noticias\/2026\/03\/27\/simone-de-oliveira-recebe-medalha-de-merito-cultural-do-governo\/#article","isPartOf":{"@id":"https:\/\/portaltela.pt\/noticias\/2026\/03\/27\/simone-de-oliveira-recebe-medalha-de-merito-cultural-do-governo\/"},"author":{"name":"Telinha","@id":"https:\/\/portaltela.pt\/#\/schema\/person\/c4278d4a6028830caff9ee44b42d32ed"},"headline":"Simone de Oliveira recebe Medalha de M\u00e9rito Cultural do governo","datePublished":"2026-03-27T07:00:00+00:00","mainEntityOfPage":{"@id":"https:\/\/portaltela.pt\/noticias\/2026\/03\/27\/simone-de-oliveira-recebe-medalha-de-merito-cultural-do-governo\/"},"wordCount":123,"image":{"@id":"https:\/\/portaltela.pt\/noticias\/2026\/03\/27\/simone-de-oliveira-recebe-medalha-de-merito-cultural-do-governo\/#primaryimage"},"thumbnailUrl":"https:\/\/portaltela.pt\/s.01k8rhncp4jt1\/2026\/03\/image-1574.jpg","keywords":["cultura","Lisboa","Medalha de M\u00e9rito Cultural","m\u00fasica","Portugal","teatro"],"articleSection":["Cultura","M\u00fasica"],"inLanguage":"pt-PT"},{"@type":"WebPage","@id":"https:\/\/portaltela.pt\/noticias\/2026\/03\/27\/simone-de-oliveira-recebe-medalha-de-merito-cultural-do-governo\/","url":"https:\/\/portaltela.pt\/noticias\/2026\/03\/27\/simone-de-oliveira-recebe-medalha-de-merito-cultural-do-governo\/","name":"Simone de Oliveira recebe Medalha de M\u00e9rito Cultural do governo - Portal Tela Portugal","isPartOf":{"@id":"https:\/\/portaltela.pt\/#website"},"primaryImageOfPage":{"@id":"https:\/\/portaltela.pt\/noticias\/2026\/03\/27\/simone-de-oliveira-recebe-medalha-de-merito-cultural-do-governo\/#primaryimage"},"image":{"@id":"https:\/\/portaltela.pt\/noticias\/2026\/03\/27\/simone-de-oliveira-recebe-medalha-de-merito-cultural-do-governo\/#primaryimage"},"thumbnailUrl":"https:\/\/portaltela.pt\/s.01k8rhncp4jt1\/2026\/03\/image-1574.jpg","datePublished":"2026-03-27T07:00:00+00:00","author":{"@id":"https:\/\/portaltela.pt\/#\/schema\/person\/c4278d4a6028830caff9ee44b42d32ed"},"breadcrumb":{"@id":"https:\/\/portaltela.pt\/noticias\/2026\/03\/27\/simone-de-oliveira-recebe-medalha-de-merito-cultural-do-governo\/#breadcrumb"},"inLanguage":"pt-PT","potentialAction":[{"@type":"ReadAction","target":["https:\/\/portaltela.pt\/noticias\/2026\/03\/27\/simone-de-oliveira-recebe-medalha-de-merito-cultural-do-governo\/"]}]},{"@type":"ImageObject","inLanguage":"pt-PT","@id":"https:\/\/portaltela.pt\/noticias\/2026\/03\/27\/simone-de-oliveira-recebe-medalha-de-merito-cultural-do-governo\/#primaryimage","url":"https:\/\/portaltela.pt\/s.01k8rhncp4jt1\/2026\/03\/image-1574.jpg","contentUrl":"https:\/\/portaltela.pt\/s.01k8rhncp4jt1\/2026\/03\/image-1574.jpg","width":796,"height":448,"caption":"Simone de Oliveira"},{"@type":"BreadcrumbList","@id":"https:\/\/portaltela.pt\/noticias\/2026\/03\/27\/simone-de-oliveira-recebe-medalha-de-merito-cultural-do-governo\/#breadcrumb","itemListElement":[{"@type":"ListItem","position":1,"name":"In\u00edcio","item":"https:\/\/portaltela.pt\/"},{"@type":"ListItem","position":2,"name":"Simone de Oliveira recebe Medalha de M\u00e9rito Cultural do governo"}]},{"@type":"WebSite","@id":"https:\/\/portaltela.pt\/#website","url":"https:\/\/portaltela.pt\/","name":"Portal Tela Portugal","description":"","potentialAction":[{"@type":"SearchAction","target":{"@type":"EntryPoint","urlTemplate":"https:\/\/portaltela.pt\/?s={search_term_string}"},"query-input":{"@type":"PropertyValueSpecification","valueRequired":true,"valueName":"search_term_string"}}],"inLanguage":"pt-PT"},{"@type":"Person","@id":"https:\/\/portaltela.pt\/#\/schema\/person\/c4278d4a6028830caff9ee44b42d32ed","name":"Telinha","image":{"@type":"ImageObject","inLanguage":"pt-PT","@id":"https:\/\/portaltela.pt\/s.01k8rhncp4jt1\/2025\/11\/talking-bot-125x125.png","url":"https:\/\/portaltela.pt\/s.01k8rhncp4jt1\/2025\/11\/talking-bot-125x125.png","contentUrl":"https:\/\/portaltela.pt\/s.01k8rhncp4jt1\/2025\/11\/talking-bot-125x125.png","caption":"Telinha"},"sameAs":["https:\/\/portaltela.pt\/"],"url":"https:\/\/portaltela.pt\/por\/367410592786\/"}]}},"_links":{"self":[{"href":"https:\/\/portaltela.pt\/api\/wp\/v2\/posts\/423191","targetHints":{"allow":["GET"]}}],"collection":[{"href":"https:\/\/portaltela.pt\/api\/wp\/v2\/posts"}],"about":[{"href":"https:\/\/portaltela.pt\/api\/wp\/v2\/types\/post"}],"author":[{"embeddable":true,"href":"https:\/\/portaltela.pt\/api\/wp\/v2\/users\/2"}],"replies":[{"embeddable":true,"href":"https:\/\/portaltela.pt\/api\/wp\/v2\/comments?post=423191"}],"version-history":[{"count":0,"href":"https:\/\/portaltela.pt\/api\/wp\/v2\/posts\/423191\/revisions"}],"wp:featuredmedia":[{"embeddable":true,"href":"https:\/\/portaltela.pt\/api\/wp\/v2\/media\/423207"}],"wp:attachment":[{"href":"https:\/\/portaltela.pt\/api\/wp\/v2\/media?parent=423191"}],"wp:term":[{"taxonomy":"category","embeddable":true,"href":"https:\/\/portaltela.pt\/api\/wp\/v2\/categories?post=423191"},{"taxonomy":"post_tag","embeddable":true,"href":"https:\/\/portaltela.pt\/api\/wp\/v2\/tags?post=423191"}],"curies":[{"name":"wp","href":"https:\/\/api.w.org\/{rel}","templated":true}]}}