{"id":423176,"date":"2026-03-27T00:18:00","date_gmt":"2026-03-27T03:18:00","guid":{"rendered":"https:\/\/portaltela.pt\/noticias\/2026\/03\/27\/japao-flexibiliza-restricoes-as-centrais-a-carvao-para-mitigar-crise-energetica\/"},"modified":"2026-03-27T00:18:00","modified_gmt":"2026-03-27T03:18:00","slug":"japao-flexibiliza-restricoes-as-centrais-a-carvao-para-mitigar-crise-energetica","status":"publish","type":"post","link":"https:\/\/portaltela.pt\/energia\/2026\/03\/27\/japao-flexibiliza-restricoes-as-centrais-a-carvao-para-mitigar-crise-energetica\/","title":{"rendered":"Jap\u00e3o flexibiliza restri\u00e7\u00f5es \u00e0s centrais a carv\u00e3o para mitigar crise energ\u00e9tica"},"content":{"rendered":"<p>O Jap\u00e3o anunciou a flexibiliza\u00e7\u00e3o tempor\u00e1ria das restri\u00e7\u00f5es aplicadas \u00e0s centrais a carv\u00e3o, visando atenuar a crise energ\u00e9tica em curso. A medida surge na esteira de press\u00f5es sobre o abastecimento de energia no pa\u00eds.<\/p>\n<p>O governo japon\u00eas informou que as mudan\u00e7as s\u00e3o de car\u00e1ter provis\u00f3rio e implementadas para mitigar impactos da atual crise energ\u00e9tica associada \u00e0 guerra no Ir\u00e3o, que j\u00e1 dura 28 dias. Envolve o setor p\u00fablico e as empresas de energia.<\/p>\n<p>As informa\u00e7\u00f5es indicam que a flexibiliza\u00e7\u00e3o permite maior funcionamento das centrais a carv\u00e3o, buscando assegurar fornecimento est\u00e1vel de eletricidade para produ\u00e7\u00e3o e consumo no pa\u00eds. Detalhes sobre a dura\u00e7\u00e3o exata n\u00e3o foram divulgados.<\/p>\n<h3>Medidas em vigor<\/h3>\n<p>A medida \u00e9 apresentada como resposta r\u00e1pida a flutua\u00e7\u00f5es no mercado de energia, com avalia\u00e7\u00e3o cont\u00ednua por autoridades. Respons\u00e1veis pela pol\u00edtica energ\u00e9tica do Jap\u00e3o ressaltam a necessidade de equil\u00edbrio entre seguran\u00e7a de abastecimento e metas ambientais.<\/p>\n<p>Autoridades destacam que a decis\u00e3o afecta apenas o curto prazo e n\u00e3o altera compromissos de longo prazo do Jap\u00e3o em reduzir emiss\u00f5es. O governo deve monitorizar impactos econ\u00f4micos e ambientais.<\/p>\n<p>Fontes oficiais afirmam que a medida n\u00e3o envolve mudan\u00e7as estruturais no mix energ\u00e9tico, mantendo o carv\u00e3o como parte provis\u00f3ria da matriz. A comunica\u00e7\u00e3o p\u00fablica n\u00e3o apontou impactos directos para consumidores.<\/p>\n","protected":false},"excerpt":{"rendered":"<ul>\n<li>O Jap\u00e3o anunciou que vai flexibilizar temporariamente as restri\u00e7\u00f5es \u00e0s centrais a carv\u00e3o para reduzir a press\u00e3o no fornecimento de energia.<\/li>\n<li>A medida visa mitigar os efeitos da crise energ\u00e9tica provocada pela guerra no Ir\u00e3o, que j\u00e1 dura 28 dias.<\/li>\n<\/ul>\n","protected":false},"author":2,"featured_media":423179,"comment_status":"closed","ping_status":"closed","sticky":false,"template":"","format":"standard","meta":{"footnotes":""},"categories":[6806],"tags":[6115,5961,167,5231,3603,34],"class_list":["post-423176","post","type-post","status-publish","format-standard","has-post-thumbnail","hentry","category-energia","tag-_economia","tag-a-energia","tag-ambiente","tag-energia-sustentavel","tag-energias-renovaveis","tag-governo"],"yoast_head":"<!-- This site is optimized with the Yoast SEO plugin v27.2 - https:\/\/yoast.com\/product\/yoast-seo-wordpress\/ -->\n<title>Jap\u00e3o flexibiliza restri\u00e7\u00f5es \u00e0s centrais a carv\u00e3o para mitigar crise energ\u00e9tica - Portal Tela Portugal<\/title>\n<meta name=\"robots\" content=\"index, follow, max-snippet:-1, max-image-preview:large, max-video-preview:-1\" \/>\n<meta property=\"og:locale\" content=\"pt_PT\" \/>\n<meta property=\"og:type\" content=\"article\" \/>\n<meta property=\"og:title\" content=\"Jap\u00e3o flexibiliza restri\u00e7\u00f5es \u00e0s centrais a carv\u00e3o para mitigar crise energ\u00e9tica - Portal Tela Portugal\" \/>\n<meta property=\"og:description\" content=\"O Jap\u00e3o anunciou que vai flexibilizar temporariamente as restri\u00e7\u00f5es \u00e0s centrais a carv\u00e3o para reduzir a press\u00e3o no fornecimento de energia. A medida visa mitigar os efeitos da crise energ\u00e9tica provocada pela guerra no Ir\u00e3o, que j\u00e1 dura 28 dias.\" \/>\n<meta property=\"og:url\" content=\"https:\/\/portaltela.pt\/noticias\/2026\/03\/27\/japao-flexibiliza-restricoes-as-centrais-a-carvao-para-mitigar-crise-energetica\/\" \/>\n<meta property=\"og:site_name\" content=\"Portal Tela Portugal\" \/>\n<meta property=\"article:published_time\" content=\"2026-03-27T03:18:00+00:00\" \/>\n<meta name=\"author\" content=\"Telinha\" \/>\n<meta name=\"twitter:card\" content=\"summary_large_image\" \/>\n<meta name=\"twitter:label1\" content=\"Escrito por\" \/>\n\t<meta name=\"twitter:data1\" content=\"Telinha\" \/>\n\t<meta name=\"twitter:label2\" content=\"Tempo estimado de leitura\" \/>\n\t<meta name=\"twitter:data2\" content=\"1 minuto\" \/>\n<script type=\"application\/ld+json\" class=\"yoast-schema-graph\">{\"@context\":\"https:\/\/schema.org\",\"@graph\":[{\"@type\":\"Article\",\"@id\":\"https:\/\/portaltela.pt\/noticias\/2026\/03\/27\/japao-flexibiliza-restricoes-as-centrais-a-carvao-para-mitigar-crise-energetica\/#article\",\"isPartOf\":{\"@id\":\"https:\/\/portaltela.pt\/noticias\/2026\/03\/27\/japao-flexibiliza-restricoes-as-centrais-a-carvao-para-mitigar-crise-energetica\/\"},\"author\":{\"name\":\"Telinha\",\"@id\":\"https:\/\/portaltela.pt\/#\/schema\/person\/c4278d4a6028830caff9ee44b42d32ed\"},\"headline\":\"Jap\u00e3o flexibiliza restri\u00e7\u00f5es \u00e0s centrais a carv\u00e3o para mitigar crise energ\u00e9tica\",\"datePublished\":\"2026-03-27T03:18:00+00:00\",\"mainEntityOfPage\":{\"@id\":\"https:\/\/portaltela.pt\/noticias\/2026\/03\/27\/japao-flexibiliza-restricoes-as-centrais-a-carvao-para-mitigar-crise-energetica\/\"},\"wordCount\":264,\"image\":{\"@id\":\"https:\/\/portaltela.pt\/noticias\/2026\/03\/27\/japao-flexibiliza-restricoes-as-centrais-a-carvao-para-mitigar-crise-energetica\/#primaryimage\"},\"thumbnailUrl\":\"https:\/\/portaltela.pt\/s.01k8rhncp4jt1\/2026\/03\/CACHE_780X1200_ANALOG_WATERMARKED_46314399_811177833207806.jpg\",\"keywords\":[\"_economia\",\"a energia\",\"ambiente\",\"Energia sustent\u00e1vel\",\"energias renov\u00e1veis\",\"governo\"],\"articleSection\":[\"Energia\"],\"inLanguage\":\"pt-PT\"},{\"@type\":\"WebPage\",\"@id\":\"https:\/\/portaltela.pt\/noticias\/2026\/03\/27\/japao-flexibiliza-restricoes-as-centrais-a-carvao-para-mitigar-crise-energetica\/\",\"url\":\"https:\/\/portaltela.pt\/noticias\/2026\/03\/27\/japao-flexibiliza-restricoes-as-centrais-a-carvao-para-mitigar-crise-energetica\/\",\"name\":\"Jap\u00e3o flexibiliza restri\u00e7\u00f5es \u00e0s centrais a carv\u00e3o para mitigar crise energ\u00e9tica - Portal Tela Portugal\",\"isPartOf\":{\"@id\":\"https:\/\/portaltela.pt\/#website\"},\"primaryImageOfPage\":{\"@id\":\"https:\/\/portaltela.pt\/noticias\/2026\/03\/27\/japao-flexibiliza-restricoes-as-centrais-a-carvao-para-mitigar-crise-energetica\/#primaryimage\"},\"image\":{\"@id\":\"https:\/\/portaltela.pt\/noticias\/2026\/03\/27\/japao-flexibiliza-restricoes-as-centrais-a-carvao-para-mitigar-crise-energetica\/#primaryimage\"},\"thumbnailUrl\":\"https:\/\/portaltela.pt\/s.01k8rhncp4jt1\/2026\/03\/CACHE_780X1200_ANALOG_WATERMARKED_46314399_811177833207806.jpg\",\"datePublished\":\"2026-03-27T03:18:00+00:00\",\"author\":{\"@id\":\"https:\/\/portaltela.pt\/#\/schema\/person\/c4278d4a6028830caff9ee44b42d32ed\"},\"breadcrumb\":{\"@id\":\"https:\/\/portaltela.pt\/noticias\/2026\/03\/27\/japao-flexibiliza-restricoes-as-centrais-a-carvao-para-mitigar-crise-energetica\/#breadcrumb\"},\"inLanguage\":\"pt-PT\",\"potentialAction\":[{\"@type\":\"ReadAction\",\"target\":[\"https:\/\/portaltela.pt\/noticias\/2026\/03\/27\/japao-flexibiliza-restricoes-as-centrais-a-carvao-para-mitigar-crise-energetica\/\"]}]},{\"@type\":\"ImageObject\",\"inLanguage\":\"pt-PT\",\"@id\":\"https:\/\/portaltela.pt\/noticias\/2026\/03\/27\/japao-flexibiliza-restricoes-as-centrais-a-carvao-para-mitigar-crise-energetica\/#primaryimage\",\"url\":\"https:\/\/portaltela.pt\/s.01k8rhncp4jt1\/2026\/03\/CACHE_780X1200_ANALOG_WATERMARKED_46314399_811177833207806.jpg\",\"contentUrl\":\"https:\/\/portaltela.pt\/s.01k8rhncp4jt1\/2026\/03\/CACHE_780X1200_ANALOG_WATERMARKED_46314399_811177833207806.jpg\",\"width\":796,\"height\":448,\"caption\":\"Photo\"},{\"@type\":\"BreadcrumbList\",\"@id\":\"https:\/\/portaltela.pt\/noticias\/2026\/03\/27\/japao-flexibiliza-restricoes-as-centrais-a-carvao-para-mitigar-crise-energetica\/#breadcrumb\",\"itemListElement\":[{\"@type\":\"ListItem\",\"position\":1,\"name\":\"In\u00edcio\",\"item\":\"https:\/\/portaltela.pt\/\"},{\"@type\":\"ListItem\",\"position\":2,\"name\":\"Jap\u00e3o flexibiliza restri\u00e7\u00f5es \u00e0s centrais a carv\u00e3o para mitigar crise energ\u00e9tica\"}]},{\"@type\":\"WebSite\",\"@id\":\"https:\/\/portaltela.pt\/#website\",\"url\":\"https:\/\/portaltela.pt\/\",\"name\":\"Portal Tela Portugal\",\"description\":\"\",\"potentialAction\":[{\"@type\":\"SearchAction\",\"target\":{\"@type\":\"EntryPoint\",\"urlTemplate\":\"https:\/\/portaltela.pt\/?s={search_term_string}\"},\"query-input\":{\"@type\":\"PropertyValueSpecification\",\"valueRequired\":true,\"valueName\":\"search_term_string\"}}],\"inLanguage\":\"pt-PT\"},{\"@type\":\"Person\",\"@id\":\"https:\/\/portaltela.pt\/#\/schema\/person\/c4278d4a6028830caff9ee44b42d32ed\",\"name\":\"Telinha\",\"image\":{\"@type\":\"ImageObject\",\"inLanguage\":\"pt-PT\",\"@id\":\"https:\/\/portaltela.pt\/s.01k8rhncp4jt1\/2025\/11\/talking-bot-125x125.png\",\"url\":\"https:\/\/portaltela.pt\/s.01k8rhncp4jt1\/2025\/11\/talking-bot-125x125.png\",\"contentUrl\":\"https:\/\/portaltela.pt\/s.01k8rhncp4jt1\/2025\/11\/talking-bot-125x125.png\",\"caption\":\"Telinha\"},\"sameAs\":[\"https:\/\/portaltela.pt\/\"],\"url\":\"https:\/\/portaltela.pt\/por\/367410592786\/\"}]}<\/script>\n<!-- \/ Yoast SEO plugin. -->","yoast_head_json":{"title":"Jap\u00e3o flexibiliza restri\u00e7\u00f5es \u00e0s centrais a carv\u00e3o para mitigar crise energ\u00e9tica - Portal Tela Portugal","robots":{"index":"index","follow":"follow","max-snippet":"max-snippet:-1","max-image-preview":"max-image-preview:large","max-video-preview":"max-video-preview:-1"},"og_locale":"pt_PT","og_type":"article","og_title":"Jap\u00e3o flexibiliza restri\u00e7\u00f5es \u00e0s centrais a carv\u00e3o para mitigar crise energ\u00e9tica - Portal Tela Portugal","og_description":"O Jap\u00e3o anunciou que vai flexibilizar temporariamente as restri\u00e7\u00f5es \u00e0s centrais a carv\u00e3o para reduzir a press\u00e3o no fornecimento de energia. A medida visa mitigar os efeitos da crise energ\u00e9tica provocada pela guerra no Ir\u00e3o, que j\u00e1 dura 28 dias.","og_url":"https:\/\/portaltela.pt\/noticias\/2026\/03\/27\/japao-flexibiliza-restricoes-as-centrais-a-carvao-para-mitigar-crise-energetica\/","og_site_name":"Portal Tela Portugal","article_published_time":"2026-03-27T03:18:00+00:00","author":"Telinha","twitter_card":"summary_large_image","twitter_misc":{"Escrito por":"Telinha","Tempo estimado de leitura":"1 minuto"},"schema":{"@context":"https:\/\/schema.org","@graph":[{"@type":"Article","@id":"https:\/\/portaltela.pt\/noticias\/2026\/03\/27\/japao-flexibiliza-restricoes-as-centrais-a-carvao-para-mitigar-crise-energetica\/#article","isPartOf":{"@id":"https:\/\/portaltela.pt\/noticias\/2026\/03\/27\/japao-flexibiliza-restricoes-as-centrais-a-carvao-para-mitigar-crise-energetica\/"},"author":{"name":"Telinha","@id":"https:\/\/portaltela.pt\/#\/schema\/person\/c4278d4a6028830caff9ee44b42d32ed"},"headline":"Jap\u00e3o flexibiliza restri\u00e7\u00f5es \u00e0s centrais a carv\u00e3o para mitigar crise energ\u00e9tica","datePublished":"2026-03-27T03:18:00+00:00","mainEntityOfPage":{"@id":"https:\/\/portaltela.pt\/noticias\/2026\/03\/27\/japao-flexibiliza-restricoes-as-centrais-a-carvao-para-mitigar-crise-energetica\/"},"wordCount":264,"image":{"@id":"https:\/\/portaltela.pt\/noticias\/2026\/03\/27\/japao-flexibiliza-restricoes-as-centrais-a-carvao-para-mitigar-crise-energetica\/#primaryimage"},"thumbnailUrl":"https:\/\/portaltela.pt\/s.01k8rhncp4jt1\/2026\/03\/CACHE_780X1200_ANALOG_WATERMARKED_46314399_811177833207806.jpg","keywords":["_economia","a energia","ambiente","Energia sustent\u00e1vel","energias renov\u00e1veis","governo"],"articleSection":["Energia"],"inLanguage":"pt-PT"},{"@type":"WebPage","@id":"https:\/\/portaltela.pt\/noticias\/2026\/03\/27\/japao-flexibiliza-restricoes-as-centrais-a-carvao-para-mitigar-crise-energetica\/","url":"https:\/\/portaltela.pt\/noticias\/2026\/03\/27\/japao-flexibiliza-restricoes-as-centrais-a-carvao-para-mitigar-crise-energetica\/","name":"Jap\u00e3o flexibiliza restri\u00e7\u00f5es \u00e0s centrais a carv\u00e3o para mitigar crise energ\u00e9tica - Portal Tela Portugal","isPartOf":{"@id":"https:\/\/portaltela.pt\/#website"},"primaryImageOfPage":{"@id":"https:\/\/portaltela.pt\/noticias\/2026\/03\/27\/japao-flexibiliza-restricoes-as-centrais-a-carvao-para-mitigar-crise-energetica\/#primaryimage"},"image":{"@id":"https:\/\/portaltela.pt\/noticias\/2026\/03\/27\/japao-flexibiliza-restricoes-as-centrais-a-carvao-para-mitigar-crise-energetica\/#primaryimage"},"thumbnailUrl":"https:\/\/portaltela.pt\/s.01k8rhncp4jt1\/2026\/03\/CACHE_780X1200_ANALOG_WATERMARKED_46314399_811177833207806.jpg","datePublished":"2026-03-27T03:18:00+00:00","author":{"@id":"https:\/\/portaltela.pt\/#\/schema\/person\/c4278d4a6028830caff9ee44b42d32ed"},"breadcrumb":{"@id":"https:\/\/portaltela.pt\/noticias\/2026\/03\/27\/japao-flexibiliza-restricoes-as-centrais-a-carvao-para-mitigar-crise-energetica\/#breadcrumb"},"inLanguage":"pt-PT","potentialAction":[{"@type":"ReadAction","target":["https:\/\/portaltela.pt\/noticias\/2026\/03\/27\/japao-flexibiliza-restricoes-as-centrais-a-carvao-para-mitigar-crise-energetica\/"]}]},{"@type":"ImageObject","inLanguage":"pt-PT","@id":"https:\/\/portaltela.pt\/noticias\/2026\/03\/27\/japao-flexibiliza-restricoes-as-centrais-a-carvao-para-mitigar-crise-energetica\/#primaryimage","url":"https:\/\/portaltela.pt\/s.01k8rhncp4jt1\/2026\/03\/CACHE_780X1200_ANALOG_WATERMARKED_46314399_811177833207806.jpg","contentUrl":"https:\/\/portaltela.pt\/s.01k8rhncp4jt1\/2026\/03\/CACHE_780X1200_ANALOG_WATERMARKED_46314399_811177833207806.jpg","width":796,"height":448,"caption":"Photo"},{"@type":"BreadcrumbList","@id":"https:\/\/portaltela.pt\/noticias\/2026\/03\/27\/japao-flexibiliza-restricoes-as-centrais-a-carvao-para-mitigar-crise-energetica\/#breadcrumb","itemListElement":[{"@type":"ListItem","position":1,"name":"In\u00edcio","item":"https:\/\/portaltela.pt\/"},{"@type":"ListItem","position":2,"name":"Jap\u00e3o flexibiliza restri\u00e7\u00f5es \u00e0s centrais a carv\u00e3o para mitigar crise energ\u00e9tica"}]},{"@type":"WebSite","@id":"https:\/\/portaltela.pt\/#website","url":"https:\/\/portaltela.pt\/","name":"Portal Tela Portugal","description":"","potentialAction":[{"@type":"SearchAction","target":{"@type":"EntryPoint","urlTemplate":"https:\/\/portaltela.pt\/?s={search_term_string}"},"query-input":{"@type":"PropertyValueSpecification","valueRequired":true,"valueName":"search_term_string"}}],"inLanguage":"pt-PT"},{"@type":"Person","@id":"https:\/\/portaltela.pt\/#\/schema\/person\/c4278d4a6028830caff9ee44b42d32ed","name":"Telinha","image":{"@type":"ImageObject","inLanguage":"pt-PT","@id":"https:\/\/portaltela.pt\/s.01k8rhncp4jt1\/2025\/11\/talking-bot-125x125.png","url":"https:\/\/portaltela.pt\/s.01k8rhncp4jt1\/2025\/11\/talking-bot-125x125.png","contentUrl":"https:\/\/portaltela.pt\/s.01k8rhncp4jt1\/2025\/11\/talking-bot-125x125.png","caption":"Telinha"},"sameAs":["https:\/\/portaltela.pt\/"],"url":"https:\/\/portaltela.pt\/por\/367410592786\/"}]}},"_links":{"self":[{"href":"https:\/\/portaltela.pt\/api\/wp\/v2\/posts\/423176","targetHints":{"allow":["GET"]}}],"collection":[{"href":"https:\/\/portaltela.pt\/api\/wp\/v2\/posts"}],"about":[{"href":"https:\/\/portaltela.pt\/api\/wp\/v2\/types\/post"}],"author":[{"embeddable":true,"href":"https:\/\/portaltela.pt\/api\/wp\/v2\/users\/2"}],"replies":[{"embeddable":true,"href":"https:\/\/portaltela.pt\/api\/wp\/v2\/comments?post=423176"}],"version-history":[{"count":0,"href":"https:\/\/portaltela.pt\/api\/wp\/v2\/posts\/423176\/revisions"}],"wp:featuredmedia":[{"embeddable":true,"href":"https:\/\/portaltela.pt\/api\/wp\/v2\/media\/423179"}],"wp:attachment":[{"href":"https:\/\/portaltela.pt\/api\/wp\/v2\/media?parent=423176"}],"wp:term":[{"taxonomy":"category","embeddable":true,"href":"https:\/\/portaltela.pt\/api\/wp\/v2\/categories?post=423176"},{"taxonomy":"post_tag","embeddable":true,"href":"https:\/\/portaltela.pt\/api\/wp\/v2\/tags?post=423176"}],"curies":[{"name":"wp","href":"https:\/\/api.w.org\/{rel}","templated":true}]}}