{"id":423156,"date":"2026-03-26T16:54:00","date_gmt":"2026-03-26T19:54:00","guid":{"rendered":"https:\/\/portaltela.pt\/noticias\/2026\/03\/26\/pr-promulga-diploma-que-reestrutura-a-direcao-geral-da-seguranca-social\/"},"modified":"2026-03-26T16:54:00","modified_gmt":"2026-03-26T19:54:00","slug":"pr-promulga-diploma-que-reestrutura-a-direcao-geral-da-seguranca-social","status":"publish","type":"post","link":"https:\/\/portaltela.pt\/noticias\/politica\/2026\/03\/26\/pr-promulga-diploma-que-reestrutura-a-direcao-geral-da-seguranca-social\/","title":{"rendered":"PR promulga diploma que reestrutura a Dire\u00e7\u00e3o-Geral da Seguran\u00e7a Social"},"content":{"rendered":"<p>O Presidente da Rep\u00fablica promulgou, com alerta, um diploma que reestrutura a Dire\u00e7\u00e3o-Geral da Seguran\u00e7a Social.<\/p>\n<p>A medida, anunciada pela Presid\u00eancia, visa reorganizar a estrutura da Seguran\u00e7a Social, sem detalhes adicionais dispon\u00edveis no momento.<\/p>\n<p>O texto completo do diploma est\u00e1 reservado a subscritores; a nota oficial n\u00e3o especifica impactos operacionais nem prazos.<\/p>\n","protected":false},"excerpt":{"rendered":"<ul>\n<li>O presidente da Rep\u00fablica promulgou um diploma que reestrutura a Dire\u00e7\u00e3o-Geral da Seguran\u00e7a Social, com alerta.<\/li>\n<li>O diploma visa reorganizar a Dire\u00e7\u00e3o-Geral da Seguran\u00e7a Social.<\/li>\n<li>O conte\u00fado completo da not\u00edcia est\u00e1 dispon\u00edvel apenas para subscritores.<\/li>\n<li>Informa\u00e7\u00f5es adicionais n\u00e3o s\u00e3o apresentadas no trecho dispon\u00edvel.<\/li>\n<li>A divulga\u00e7\u00e3o p\u00fablica limita-se ao t\u00edtulo e ao an\u00fancio da promulga\u00e7\u00e3o com alerta.<\/li>\n<\/ul>\n","protected":false},"author":2,"featured_media":423157,"comment_status":"closed","ping_status":"closed","sticky":false,"template":"","format":"standard","meta":{"footnotes":""},"categories":[1,5],"tags":[168,2497,6653,30,173,243],"class_list":["post-423156","post","type-post","status-publish","format-standard","has-post-thumbnail","hentry","category-noticias","category-politica","tag-administracao-publica","tag-governacao","tag-organizacao","tag-presidente","tag-protecao-social","tag-seguranca-social"],"yoast_head":"<!-- This site is optimized with the Yoast SEO plugin v27.2 - https:\/\/yoast.com\/product\/yoast-seo-wordpress\/ -->\n<title>PR promulga diploma que reestrutura a Dire\u00e7\u00e3o-Geral da Seguran\u00e7a Social - Portal Tela Portugal<\/title>\n<meta name=\"robots\" content=\"index, follow, max-snippet:-1, max-image-preview:large, max-video-preview:-1\" \/>\n<meta property=\"og:locale\" content=\"pt_PT\" \/>\n<meta property=\"og:type\" content=\"article\" \/>\n<meta property=\"og:title\" content=\"PR promulga diploma que reestrutura a Dire\u00e7\u00e3o-Geral da Seguran\u00e7a Social - Portal Tela Portugal\" \/>\n<meta property=\"og:description\" content=\"O presidente da Rep\u00fablica promulgou um diploma que reestrutura a Dire\u00e7\u00e3o-Geral da Seguran\u00e7a Social, com alerta. O diploma visa reorganizar a Dire\u00e7\u00e3o-Geral da Seguran\u00e7a Social. O conte\u00fado completo da not\u00edcia est\u00e1 dispon\u00edvel apenas para subscritores. Informa\u00e7\u00f5es adicionais n\u00e3o s\u00e3o apresentadas no trecho dispon\u00edvel. A divulga\u00e7\u00e3o p\u00fablica limita-se ao t\u00edtulo e ao an\u00fancio da promulga\u00e7\u00e3o com alerta.\" \/>\n<meta property=\"og:url\" content=\"https:\/\/portaltela.pt\/noticias\/2026\/03\/26\/pr-promulga-diploma-que-reestrutura-a-direcao-geral-da-seguranca-social\/\" \/>\n<meta property=\"og:site_name\" content=\"Portal Tela Portugal\" \/>\n<meta property=\"article:published_time\" content=\"2026-03-26T19:54:00+00:00\" \/>\n<meta name=\"author\" content=\"Telinha\" \/>\n<meta name=\"twitter:card\" content=\"summary_large_image\" \/>\n<meta name=\"twitter:label1\" content=\"Escrito por\" \/>\n\t<meta name=\"twitter:data1\" content=\"Telinha\" \/>\n<script type=\"application\/ld+json\" class=\"yoast-schema-graph\">{\"@context\":\"https:\/\/schema.org\",\"@graph\":[{\"@type\":\"Article\",\"@id\":\"https:\/\/portaltela.pt\/noticias\/2026\/03\/26\/pr-promulga-diploma-que-reestrutura-a-direcao-geral-da-seguranca-social\/#article\",\"isPartOf\":{\"@id\":\"https:\/\/portaltela.pt\/noticias\/2026\/03\/26\/pr-promulga-diploma-que-reestrutura-a-direcao-geral-da-seguranca-social\/\"},\"author\":{\"name\":\"Telinha\",\"@id\":\"https:\/\/portaltela.pt\/#\/schema\/person\/c4278d4a6028830caff9ee44b42d32ed\"},\"headline\":\"PR promulga diploma que reestrutura a Dire\u00e7\u00e3o-Geral da Seguran\u00e7a Social\",\"datePublished\":\"2026-03-26T19:54:00+00:00\",\"mainEntityOfPage\":{\"@id\":\"https:\/\/portaltela.pt\/noticias\/2026\/03\/26\/pr-promulga-diploma-que-reestrutura-a-direcao-geral-da-seguranca-social\/\"},\"wordCount\":71,\"image\":{\"@id\":\"https:\/\/portaltela.pt\/noticias\/2026\/03\/26\/pr-promulga-diploma-que-reestrutura-a-direcao-geral-da-seguranca-social\/#primaryimage\"},\"thumbnailUrl\":\"https:\/\/portaltela.pt\/s.01k8rhncp4jt1\/2026\/03\/CACHE_780X1200_ANALOG_WATERMARKED_46810569_4774648_23032026060720.jpg\",\"keywords\":[\"administra\u00e7\u00e3o p\u00fablica\",\"governa\u00e7\u00e3o\",\"organiza\u00e7\u00e3o\",\"presidente\",\"prote\u00e7\u00e3o social\",\"seguran\u00e7a social\"],\"articleSection\":[\"Not\u00edcias\",\"Pol\u00edtica\"],\"inLanguage\":\"pt-PT\"},{\"@type\":\"WebPage\",\"@id\":\"https:\/\/portaltela.pt\/noticias\/2026\/03\/26\/pr-promulga-diploma-que-reestrutura-a-direcao-geral-da-seguranca-social\/\",\"url\":\"https:\/\/portaltela.pt\/noticias\/2026\/03\/26\/pr-promulga-diploma-que-reestrutura-a-direcao-geral-da-seguranca-social\/\",\"name\":\"PR promulga diploma que reestrutura a Dire\u00e7\u00e3o-Geral da Seguran\u00e7a Social - Portal Tela Portugal\",\"isPartOf\":{\"@id\":\"https:\/\/portaltela.pt\/#website\"},\"primaryImageOfPage\":{\"@id\":\"https:\/\/portaltela.pt\/noticias\/2026\/03\/26\/pr-promulga-diploma-que-reestrutura-a-direcao-geral-da-seguranca-social\/#primaryimage\"},\"image\":{\"@id\":\"https:\/\/portaltela.pt\/noticias\/2026\/03\/26\/pr-promulga-diploma-que-reestrutura-a-direcao-geral-da-seguranca-social\/#primaryimage\"},\"thumbnailUrl\":\"https:\/\/portaltela.pt\/s.01k8rhncp4jt1\/2026\/03\/CACHE_780X1200_ANALOG_WATERMARKED_46810569_4774648_23032026060720.jpg\",\"datePublished\":\"2026-03-26T19:54:00+00:00\",\"author\":{\"@id\":\"https:\/\/portaltela.pt\/#\/schema\/person\/c4278d4a6028830caff9ee44b42d32ed\"},\"breadcrumb\":{\"@id\":\"https:\/\/portaltela.pt\/noticias\/2026\/03\/26\/pr-promulga-diploma-que-reestrutura-a-direcao-geral-da-seguranca-social\/#breadcrumb\"},\"inLanguage\":\"pt-PT\",\"potentialAction\":[{\"@type\":\"ReadAction\",\"target\":[\"https:\/\/portaltela.pt\/noticias\/2026\/03\/26\/pr-promulga-diploma-que-reestrutura-a-direcao-geral-da-seguranca-social\/\"]}]},{\"@type\":\"ImageObject\",\"inLanguage\":\"pt-PT\",\"@id\":\"https:\/\/portaltela.pt\/noticias\/2026\/03\/26\/pr-promulga-diploma-que-reestrutura-a-direcao-geral-da-seguranca-social\/#primaryimage\",\"url\":\"https:\/\/portaltela.pt\/s.01k8rhncp4jt1\/2026\/03\/CACHE_780X1200_ANALOG_WATERMARKED_46810569_4774648_23032026060720.jpg\",\"contentUrl\":\"https:\/\/portaltela.pt\/s.01k8rhncp4jt1\/2026\/03\/CACHE_780X1200_ANALOG_WATERMARKED_46810569_4774648_23032026060720.jpg\",\"width\":768,\"height\":512,\"caption\":\"PR promulga com alerta diploma que reestrutura Dire\u00e7\u00e3o-Geral da Seguran\u00e7a Social\"},{\"@type\":\"BreadcrumbList\",\"@id\":\"https:\/\/portaltela.pt\/noticias\/2026\/03\/26\/pr-promulga-diploma-que-reestrutura-a-direcao-geral-da-seguranca-social\/#breadcrumb\",\"itemListElement\":[{\"@type\":\"ListItem\",\"position\":1,\"name\":\"In\u00edcio\",\"item\":\"https:\/\/portaltela.pt\/\"},{\"@type\":\"ListItem\",\"position\":2,\"name\":\"PR promulga diploma que reestrutura a Dire\u00e7\u00e3o-Geral da Seguran\u00e7a Social\"}]},{\"@type\":\"WebSite\",\"@id\":\"https:\/\/portaltela.pt\/#website\",\"url\":\"https:\/\/portaltela.pt\/\",\"name\":\"Portal Tela Portugal\",\"description\":\"\",\"potentialAction\":[{\"@type\":\"SearchAction\",\"target\":{\"@type\":\"EntryPoint\",\"urlTemplate\":\"https:\/\/portaltela.pt\/?s={search_term_string}\"},\"query-input\":{\"@type\":\"PropertyValueSpecification\",\"valueRequired\":true,\"valueName\":\"search_term_string\"}}],\"inLanguage\":\"pt-PT\"},{\"@type\":\"Person\",\"@id\":\"https:\/\/portaltela.pt\/#\/schema\/person\/c4278d4a6028830caff9ee44b42d32ed\",\"name\":\"Telinha\",\"image\":{\"@type\":\"ImageObject\",\"inLanguage\":\"pt-PT\",\"@id\":\"https:\/\/portaltela.pt\/s.01k8rhncp4jt1\/2025\/11\/talking-bot-125x125.png\",\"url\":\"https:\/\/portaltela.pt\/s.01k8rhncp4jt1\/2025\/11\/talking-bot-125x125.png\",\"contentUrl\":\"https:\/\/portaltela.pt\/s.01k8rhncp4jt1\/2025\/11\/talking-bot-125x125.png\",\"caption\":\"Telinha\"},\"sameAs\":[\"https:\/\/portaltela.pt\/\"],\"url\":\"https:\/\/portaltela.pt\/por\/367410592786\/\"}]}<\/script>\n<!-- \/ Yoast SEO plugin. -->","yoast_head_json":{"title":"PR promulga diploma que reestrutura a Dire\u00e7\u00e3o-Geral da Seguran\u00e7a Social - Portal Tela Portugal","robots":{"index":"index","follow":"follow","max-snippet":"max-snippet:-1","max-image-preview":"max-image-preview:large","max-video-preview":"max-video-preview:-1"},"og_locale":"pt_PT","og_type":"article","og_title":"PR promulga diploma que reestrutura a Dire\u00e7\u00e3o-Geral da Seguran\u00e7a Social - Portal Tela Portugal","og_description":"O presidente da Rep\u00fablica promulgou um diploma que reestrutura a Dire\u00e7\u00e3o-Geral da Seguran\u00e7a Social, com alerta. O diploma visa reorganizar a Dire\u00e7\u00e3o-Geral da Seguran\u00e7a Social. O conte\u00fado completo da not\u00edcia est\u00e1 dispon\u00edvel apenas para subscritores. Informa\u00e7\u00f5es adicionais n\u00e3o s\u00e3o apresentadas no trecho dispon\u00edvel. A divulga\u00e7\u00e3o p\u00fablica limita-se ao t\u00edtulo e ao an\u00fancio da promulga\u00e7\u00e3o com alerta.","og_url":"https:\/\/portaltela.pt\/noticias\/2026\/03\/26\/pr-promulga-diploma-que-reestrutura-a-direcao-geral-da-seguranca-social\/","og_site_name":"Portal Tela Portugal","article_published_time":"2026-03-26T19:54:00+00:00","author":"Telinha","twitter_card":"summary_large_image","twitter_misc":{"Escrito por":"Telinha"},"schema":{"@context":"https:\/\/schema.org","@graph":[{"@type":"Article","@id":"https:\/\/portaltela.pt\/noticias\/2026\/03\/26\/pr-promulga-diploma-que-reestrutura-a-direcao-geral-da-seguranca-social\/#article","isPartOf":{"@id":"https:\/\/portaltela.pt\/noticias\/2026\/03\/26\/pr-promulga-diploma-que-reestrutura-a-direcao-geral-da-seguranca-social\/"},"author":{"name":"Telinha","@id":"https:\/\/portaltela.pt\/#\/schema\/person\/c4278d4a6028830caff9ee44b42d32ed"},"headline":"PR promulga diploma que reestrutura a Dire\u00e7\u00e3o-Geral da Seguran\u00e7a Social","datePublished":"2026-03-26T19:54:00+00:00","mainEntityOfPage":{"@id":"https:\/\/portaltela.pt\/noticias\/2026\/03\/26\/pr-promulga-diploma-que-reestrutura-a-direcao-geral-da-seguranca-social\/"},"wordCount":71,"image":{"@id":"https:\/\/portaltela.pt\/noticias\/2026\/03\/26\/pr-promulga-diploma-que-reestrutura-a-direcao-geral-da-seguranca-social\/#primaryimage"},"thumbnailUrl":"https:\/\/portaltela.pt\/s.01k8rhncp4jt1\/2026\/03\/CACHE_780X1200_ANALOG_WATERMARKED_46810569_4774648_23032026060720.jpg","keywords":["administra\u00e7\u00e3o p\u00fablica","governa\u00e7\u00e3o","organiza\u00e7\u00e3o","presidente","prote\u00e7\u00e3o social","seguran\u00e7a social"],"articleSection":["Not\u00edcias","Pol\u00edtica"],"inLanguage":"pt-PT"},{"@type":"WebPage","@id":"https:\/\/portaltela.pt\/noticias\/2026\/03\/26\/pr-promulga-diploma-que-reestrutura-a-direcao-geral-da-seguranca-social\/","url":"https:\/\/portaltela.pt\/noticias\/2026\/03\/26\/pr-promulga-diploma-que-reestrutura-a-direcao-geral-da-seguranca-social\/","name":"PR promulga diploma que reestrutura a Dire\u00e7\u00e3o-Geral da Seguran\u00e7a Social - Portal Tela Portugal","isPartOf":{"@id":"https:\/\/portaltela.pt\/#website"},"primaryImageOfPage":{"@id":"https:\/\/portaltela.pt\/noticias\/2026\/03\/26\/pr-promulga-diploma-que-reestrutura-a-direcao-geral-da-seguranca-social\/#primaryimage"},"image":{"@id":"https:\/\/portaltela.pt\/noticias\/2026\/03\/26\/pr-promulga-diploma-que-reestrutura-a-direcao-geral-da-seguranca-social\/#primaryimage"},"thumbnailUrl":"https:\/\/portaltela.pt\/s.01k8rhncp4jt1\/2026\/03\/CACHE_780X1200_ANALOG_WATERMARKED_46810569_4774648_23032026060720.jpg","datePublished":"2026-03-26T19:54:00+00:00","author":{"@id":"https:\/\/portaltela.pt\/#\/schema\/person\/c4278d4a6028830caff9ee44b42d32ed"},"breadcrumb":{"@id":"https:\/\/portaltela.pt\/noticias\/2026\/03\/26\/pr-promulga-diploma-que-reestrutura-a-direcao-geral-da-seguranca-social\/#breadcrumb"},"inLanguage":"pt-PT","potentialAction":[{"@type":"ReadAction","target":["https:\/\/portaltela.pt\/noticias\/2026\/03\/26\/pr-promulga-diploma-que-reestrutura-a-direcao-geral-da-seguranca-social\/"]}]},{"@type":"ImageObject","inLanguage":"pt-PT","@id":"https:\/\/portaltela.pt\/noticias\/2026\/03\/26\/pr-promulga-diploma-que-reestrutura-a-direcao-geral-da-seguranca-social\/#primaryimage","url":"https:\/\/portaltela.pt\/s.01k8rhncp4jt1\/2026\/03\/CACHE_780X1200_ANALOG_WATERMARKED_46810569_4774648_23032026060720.jpg","contentUrl":"https:\/\/portaltela.pt\/s.01k8rhncp4jt1\/2026\/03\/CACHE_780X1200_ANALOG_WATERMARKED_46810569_4774648_23032026060720.jpg","width":768,"height":512,"caption":"PR promulga com alerta diploma que reestrutura Dire\u00e7\u00e3o-Geral da Seguran\u00e7a Social"},{"@type":"BreadcrumbList","@id":"https:\/\/portaltela.pt\/noticias\/2026\/03\/26\/pr-promulga-diploma-que-reestrutura-a-direcao-geral-da-seguranca-social\/#breadcrumb","itemListElement":[{"@type":"ListItem","position":1,"name":"In\u00edcio","item":"https:\/\/portaltela.pt\/"},{"@type":"ListItem","position":2,"name":"PR promulga diploma que reestrutura a Dire\u00e7\u00e3o-Geral da Seguran\u00e7a Social"}]},{"@type":"WebSite","@id":"https:\/\/portaltela.pt\/#website","url":"https:\/\/portaltela.pt\/","name":"Portal Tela Portugal","description":"","potentialAction":[{"@type":"SearchAction","target":{"@type":"EntryPoint","urlTemplate":"https:\/\/portaltela.pt\/?s={search_term_string}"},"query-input":{"@type":"PropertyValueSpecification","valueRequired":true,"valueName":"search_term_string"}}],"inLanguage":"pt-PT"},{"@type":"Person","@id":"https:\/\/portaltela.pt\/#\/schema\/person\/c4278d4a6028830caff9ee44b42d32ed","name":"Telinha","image":{"@type":"ImageObject","inLanguage":"pt-PT","@id":"https:\/\/portaltela.pt\/s.01k8rhncp4jt1\/2025\/11\/talking-bot-125x125.png","url":"https:\/\/portaltela.pt\/s.01k8rhncp4jt1\/2025\/11\/talking-bot-125x125.png","contentUrl":"https:\/\/portaltela.pt\/s.01k8rhncp4jt1\/2025\/11\/talking-bot-125x125.png","caption":"Telinha"},"sameAs":["https:\/\/portaltela.pt\/"],"url":"https:\/\/portaltela.pt\/por\/367410592786\/"}]}},"_links":{"self":[{"href":"https:\/\/portaltela.pt\/api\/wp\/v2\/posts\/423156","targetHints":{"allow":["GET"]}}],"collection":[{"href":"https:\/\/portaltela.pt\/api\/wp\/v2\/posts"}],"about":[{"href":"https:\/\/portaltela.pt\/api\/wp\/v2\/types\/post"}],"author":[{"embeddable":true,"href":"https:\/\/portaltela.pt\/api\/wp\/v2\/users\/2"}],"replies":[{"embeddable":true,"href":"https:\/\/portaltela.pt\/api\/wp\/v2\/comments?post=423156"}],"version-history":[{"count":0,"href":"https:\/\/portaltela.pt\/api\/wp\/v2\/posts\/423156\/revisions"}],"wp:featuredmedia":[{"embeddable":true,"href":"https:\/\/portaltela.pt\/api\/wp\/v2\/media\/423157"}],"wp:attachment":[{"href":"https:\/\/portaltela.pt\/api\/wp\/v2\/media?parent=423156"}],"wp:term":[{"taxonomy":"category","embeddable":true,"href":"https:\/\/portaltela.pt\/api\/wp\/v2\/categories?post=423156"},{"taxonomy":"post_tag","embeddable":true,"href":"https:\/\/portaltela.pt\/api\/wp\/v2\/tags?post=423156"}],"curies":[{"name":"wp","href":"https:\/\/api.w.org\/{rel}","templated":true}]}}