{"id":423150,"date":"2026-03-27T00:03:00","date_gmt":"2026-03-27T03:03:00","guid":{"rendered":"https:\/\/portaltela.pt\/noticias\/2026\/03\/27\/ioannidis-em-risco-de-operacao-avancado-do-sporting-arrisca-intervencao\/"},"modified":"2026-03-27T00:03:00","modified_gmt":"2026-03-27T03:03:00","slug":"ioannidis-em-risco-de-operacao-avancado-do-sporting-arrisca-intervencao","status":"publish","type":"post","link":"https:\/\/portaltela.pt\/desporto\/futebol\/2026\/03\/27\/ioannidis-em-risco-de-operacao-avancado-do-sporting-arrisca-intervencao\/","title":{"rendered":"Ioannidis em risco de opera\u00e7\u00e3o; avan\u00e7ado do Sporting arrisca interven\u00e7\u00e3o"},"content":{"rendered":"<p>Fotis Ioannidis pode enfrentar interven\u00e7\u00e3o cir\u00fargica ao joelho esquerdo nas pr\u00f3ximas semanas. O avan\u00e7ado de 26 anos sofre uma les\u00e3o no ligamento colateral interno do joelho esquerdo.<\/p>\n<p>A les\u00e3o foi confirmada no in\u00edcio deste m\u00eas, decorrente do jogo frente ao Santa Clara, realizado nos A\u00e7ores, a 8 de novembro. O jogador encontra-se sob avalia\u00e7\u00e3o m\u00e9dica para determinar a gravidade.<\/p>\n<p>A possibilidade de cirurgia depende de exames complementares e da evolu\u00e7\u00e3o cl\u00ednica do atleta, segundo fontes pr\u00f3ximas do Sporting. O clube ainda n\u00e3o confirmou a decis\u00e3o final.<\/p>\n<h3>Avalia\u00e7\u00e3o cl\u00ednica<\/h3>\n<p>As pr\u00f3ximas semanas v\u00e3o definir se Ioannidis continuar\u00e1 em tratamento conservador ou ser\u00e1 sujeitado a interven\u00e7\u00e3o cir\u00fargica. A equipa m\u00e9dica acompanha de perto a recupera\u00e7\u00e3o do jogador.<\/p>\n<h3>Desdobramentos para o plantel<\/h3>\n<p>Caso haja cirurgia, o Sporting pode ficar privado de Ioannidis durante parte da temporada, afetando op\u00e7\u00f5es ofensivas. O clube n\u00e3o comentou o assunto oficialmente at\u00e9 ao momento.<\/p>\n","protected":false},"excerpt":{"rendered":"<ul>\n<li>Fotis Ioannidis, avan\u00e7ado de vinte e seis anos do Sporting, pode necessitar de cirurgia ao joelho esquerdo nas pr\u00f3ximas semanas.<\/li>\n<li>A possibilidade de opera\u00e7\u00e3o surge na sequ\u00eancia da les\u00e3o confirmada no ligamento colateral interno do joelho esquerdo.<\/li>\n<li>O traumatismo ocorreu a oito de novembro, no jogo frente ao Santa Clara, nos A\u00e7ores.<\/li>\n<li>A situa\u00e7\u00e3o mant\u00e9m o jogador em acompanhamento m\u00e9dico para definir o melhor tratamento.<\/li>\n<\/ul>\n","protected":false},"author":2,"featured_media":423151,"comment_status":"closed","ping_status":"closed","sticky":false,"template":"","format":"standard","meta":{"footnotes":""},"categories":[21,24],"tags":[4143,5976,32,2799,2538,1652],"class_list":["post-423150","post","type-post","status-publish","format-standard","has-post-thumbnail","hentry","category-desporto","category-futebol","tag-1-liga","tag-fotis-ioannidis","tag-futebol","tag-joelhos","tag-lesoes","tag-sporting"],"yoast_head":"<!-- This site is optimized with the Yoast SEO plugin v27.2 - https:\/\/yoast.com\/product\/yoast-seo-wordpress\/ -->\n<title>Ioannidis em risco de opera\u00e7\u00e3o; avan\u00e7ado do Sporting arrisca interven\u00e7\u00e3o - Portal Tela Portugal<\/title>\n<meta name=\"robots\" content=\"index, follow, max-snippet:-1, max-image-preview:large, max-video-preview:-1\" \/>\n<meta property=\"og:locale\" content=\"pt_PT\" \/>\n<meta property=\"og:type\" content=\"article\" \/>\n<meta property=\"og:title\" content=\"Ioannidis em risco de opera\u00e7\u00e3o; avan\u00e7ado do Sporting arrisca interven\u00e7\u00e3o - Portal Tela Portugal\" \/>\n<meta property=\"og:description\" content=\"Fotis Ioannidis, avan\u00e7ado de vinte e seis anos do Sporting, pode necessitar de cirurgia ao joelho esquerdo nas pr\u00f3ximas semanas. A possibilidade de opera\u00e7\u00e3o surge na sequ\u00eancia da les\u00e3o confirmada no ligamento colateral interno do joelho esquerdo. O traumatismo ocorreu a oito de novembro, no jogo frente ao Santa Clara, nos A\u00e7ores. A situa\u00e7\u00e3o mant\u00e9m o jogador em acompanhamento m\u00e9dico para definir o melhor tratamento.\" \/>\n<meta property=\"og:url\" content=\"https:\/\/portaltela.pt\/noticias\/2026\/03\/27\/ioannidis-em-risco-de-operacao-avancado-do-sporting-arrisca-intervencao\/\" \/>\n<meta property=\"og:site_name\" content=\"Portal Tela Portugal\" \/>\n<meta property=\"article:published_time\" content=\"2026-03-27T03:03:00+00:00\" \/>\n<meta name=\"author\" content=\"Telinha\" \/>\n<meta name=\"twitter:card\" content=\"summary_large_image\" \/>\n<meta name=\"twitter:label1\" content=\"Escrito por\" \/>\n\t<meta name=\"twitter:data1\" content=\"Telinha\" \/>\n\t<meta name=\"twitter:label2\" content=\"Tempo estimado de leitura\" \/>\n\t<meta name=\"twitter:data2\" content=\"1 minuto\" \/>\n<script type=\"application\/ld+json\" class=\"yoast-schema-graph\">{\"@context\":\"https:\/\/schema.org\",\"@graph\":[{\"@type\":\"Article\",\"@id\":\"https:\/\/portaltela.pt\/noticias\/2026\/03\/27\/ioannidis-em-risco-de-operacao-avancado-do-sporting-arrisca-intervencao\/#article\",\"isPartOf\":{\"@id\":\"https:\/\/portaltela.pt\/noticias\/2026\/03\/27\/ioannidis-em-risco-de-operacao-avancado-do-sporting-arrisca-intervencao\/\"},\"author\":{\"name\":\"Telinha\",\"@id\":\"https:\/\/portaltela.pt\/#\/schema\/person\/c4278d4a6028830caff9ee44b42d32ed\"},\"headline\":\"Ioannidis em risco de opera\u00e7\u00e3o; avan\u00e7ado do Sporting arrisca interven\u00e7\u00e3o\",\"datePublished\":\"2026-03-27T03:03:00+00:00\",\"mainEntityOfPage\":{\"@id\":\"https:\/\/portaltela.pt\/noticias\/2026\/03\/27\/ioannidis-em-risco-de-operacao-avancado-do-sporting-arrisca-intervencao\/\"},\"wordCount\":183,\"image\":{\"@id\":\"https:\/\/portaltela.pt\/noticias\/2026\/03\/27\/ioannidis-em-risco-de-operacao-avancado-do-sporting-arrisca-intervencao\/#primaryimage\"},\"thumbnailUrl\":\"https:\/\/portaltela.pt\/s.01k8rhncp4jt1\/2026\/03\/img_1200x721uu2026-03-27-00-56-20-2429624.jpg\",\"keywords\":[\"1. Liga\",\"Fotis Ioannidis\",\"futebol\",\"joelhos\",\"les\u00f5es\",\"Sporting\"],\"articleSection\":[\"Desporto\",\"Futebol\"],\"inLanguage\":\"pt-PT\"},{\"@type\":\"WebPage\",\"@id\":\"https:\/\/portaltela.pt\/noticias\/2026\/03\/27\/ioannidis-em-risco-de-operacao-avancado-do-sporting-arrisca-intervencao\/\",\"url\":\"https:\/\/portaltela.pt\/noticias\/2026\/03\/27\/ioannidis-em-risco-de-operacao-avancado-do-sporting-arrisca-intervencao\/\",\"name\":\"Ioannidis em risco de opera\u00e7\u00e3o; avan\u00e7ado do Sporting arrisca interven\u00e7\u00e3o - Portal Tela Portugal\",\"isPartOf\":{\"@id\":\"https:\/\/portaltela.pt\/#website\"},\"primaryImageOfPage\":{\"@id\":\"https:\/\/portaltela.pt\/noticias\/2026\/03\/27\/ioannidis-em-risco-de-operacao-avancado-do-sporting-arrisca-intervencao\/#primaryimage\"},\"image\":{\"@id\":\"https:\/\/portaltela.pt\/noticias\/2026\/03\/27\/ioannidis-em-risco-de-operacao-avancado-do-sporting-arrisca-intervencao\/#primaryimage\"},\"thumbnailUrl\":\"https:\/\/portaltela.pt\/s.01k8rhncp4jt1\/2026\/03\/img_1200x721uu2026-03-27-00-56-20-2429624.jpg\",\"datePublished\":\"2026-03-27T03:03:00+00:00\",\"author\":{\"@id\":\"https:\/\/portaltela.pt\/#\/schema\/person\/c4278d4a6028830caff9ee44b42d32ed\"},\"breadcrumb\":{\"@id\":\"https:\/\/portaltela.pt\/noticias\/2026\/03\/27\/ioannidis-em-risco-de-operacao-avancado-do-sporting-arrisca-intervencao\/#breadcrumb\"},\"inLanguage\":\"pt-PT\",\"potentialAction\":[{\"@type\":\"ReadAction\",\"target\":[\"https:\/\/portaltela.pt\/noticias\/2026\/03\/27\/ioannidis-em-risco-de-operacao-avancado-do-sporting-arrisca-intervencao\/\"]}]},{\"@type\":\"ImageObject\",\"inLanguage\":\"pt-PT\",\"@id\":\"https:\/\/portaltela.pt\/noticias\/2026\/03\/27\/ioannidis-em-risco-de-operacao-avancado-do-sporting-arrisca-intervencao\/#primaryimage\",\"url\":\"https:\/\/portaltela.pt\/s.01k8rhncp4jt1\/2026\/03\/img_1200x721uu2026-03-27-00-56-20-2429624.jpg\",\"contentUrl\":\"https:\/\/portaltela.pt\/s.01k8rhncp4jt1\/2026\/03\/img_1200x721uu2026-03-27-00-56-20-2429624.jpg\",\"width\":796,\"height\":448,\"caption\":\"Ap\u00f3s uma segunda paragem em janeiro, Ioannidis jogou 13 minutos em Moreira de C\u00f3negos, a 21 de fevereiro, e voltou a parar\"},{\"@type\":\"BreadcrumbList\",\"@id\":\"https:\/\/portaltela.pt\/noticias\/2026\/03\/27\/ioannidis-em-risco-de-operacao-avancado-do-sporting-arrisca-intervencao\/#breadcrumb\",\"itemListElement\":[{\"@type\":\"ListItem\",\"position\":1,\"name\":\"In\u00edcio\",\"item\":\"https:\/\/portaltela.pt\/\"},{\"@type\":\"ListItem\",\"position\":2,\"name\":\"Ioannidis em risco de opera\u00e7\u00e3o; avan\u00e7ado do Sporting arrisca interven\u00e7\u00e3o\"}]},{\"@type\":\"WebSite\",\"@id\":\"https:\/\/portaltela.pt\/#website\",\"url\":\"https:\/\/portaltela.pt\/\",\"name\":\"Portal Tela Portugal\",\"description\":\"\",\"potentialAction\":[{\"@type\":\"SearchAction\",\"target\":{\"@type\":\"EntryPoint\",\"urlTemplate\":\"https:\/\/portaltela.pt\/?s={search_term_string}\"},\"query-input\":{\"@type\":\"PropertyValueSpecification\",\"valueRequired\":true,\"valueName\":\"search_term_string\"}}],\"inLanguage\":\"pt-PT\"},{\"@type\":\"Person\",\"@id\":\"https:\/\/portaltela.pt\/#\/schema\/person\/c4278d4a6028830caff9ee44b42d32ed\",\"name\":\"Telinha\",\"image\":{\"@type\":\"ImageObject\",\"inLanguage\":\"pt-PT\",\"@id\":\"https:\/\/portaltela.pt\/s.01k8rhncp4jt1\/2025\/11\/talking-bot-125x125.png\",\"url\":\"https:\/\/portaltela.pt\/s.01k8rhncp4jt1\/2025\/11\/talking-bot-125x125.png\",\"contentUrl\":\"https:\/\/portaltela.pt\/s.01k8rhncp4jt1\/2025\/11\/talking-bot-125x125.png\",\"caption\":\"Telinha\"},\"sameAs\":[\"https:\/\/portaltela.pt\/\"],\"url\":\"https:\/\/portaltela.pt\/por\/367410592786\/\"}]}<\/script>\n<!-- \/ Yoast SEO plugin. -->","yoast_head_json":{"title":"Ioannidis em risco de opera\u00e7\u00e3o; avan\u00e7ado do Sporting arrisca interven\u00e7\u00e3o - Portal Tela Portugal","robots":{"index":"index","follow":"follow","max-snippet":"max-snippet:-1","max-image-preview":"max-image-preview:large","max-video-preview":"max-video-preview:-1"},"og_locale":"pt_PT","og_type":"article","og_title":"Ioannidis em risco de opera\u00e7\u00e3o; avan\u00e7ado do Sporting arrisca interven\u00e7\u00e3o - Portal Tela Portugal","og_description":"Fotis Ioannidis, avan\u00e7ado de vinte e seis anos do Sporting, pode necessitar de cirurgia ao joelho esquerdo nas pr\u00f3ximas semanas. A possibilidade de opera\u00e7\u00e3o surge na sequ\u00eancia da les\u00e3o confirmada no ligamento colateral interno do joelho esquerdo. O traumatismo ocorreu a oito de novembro, no jogo frente ao Santa Clara, nos A\u00e7ores. A situa\u00e7\u00e3o mant\u00e9m o jogador em acompanhamento m\u00e9dico para definir o melhor tratamento.","og_url":"https:\/\/portaltela.pt\/noticias\/2026\/03\/27\/ioannidis-em-risco-de-operacao-avancado-do-sporting-arrisca-intervencao\/","og_site_name":"Portal Tela Portugal","article_published_time":"2026-03-27T03:03:00+00:00","author":"Telinha","twitter_card":"summary_large_image","twitter_misc":{"Escrito por":"Telinha","Tempo estimado de leitura":"1 minuto"},"schema":{"@context":"https:\/\/schema.org","@graph":[{"@type":"Article","@id":"https:\/\/portaltela.pt\/noticias\/2026\/03\/27\/ioannidis-em-risco-de-operacao-avancado-do-sporting-arrisca-intervencao\/#article","isPartOf":{"@id":"https:\/\/portaltela.pt\/noticias\/2026\/03\/27\/ioannidis-em-risco-de-operacao-avancado-do-sporting-arrisca-intervencao\/"},"author":{"name":"Telinha","@id":"https:\/\/portaltela.pt\/#\/schema\/person\/c4278d4a6028830caff9ee44b42d32ed"},"headline":"Ioannidis em risco de opera\u00e7\u00e3o; avan\u00e7ado do Sporting arrisca interven\u00e7\u00e3o","datePublished":"2026-03-27T03:03:00+00:00","mainEntityOfPage":{"@id":"https:\/\/portaltela.pt\/noticias\/2026\/03\/27\/ioannidis-em-risco-de-operacao-avancado-do-sporting-arrisca-intervencao\/"},"wordCount":183,"image":{"@id":"https:\/\/portaltela.pt\/noticias\/2026\/03\/27\/ioannidis-em-risco-de-operacao-avancado-do-sporting-arrisca-intervencao\/#primaryimage"},"thumbnailUrl":"https:\/\/portaltela.pt\/s.01k8rhncp4jt1\/2026\/03\/img_1200x721uu2026-03-27-00-56-20-2429624.jpg","keywords":["1. Liga","Fotis Ioannidis","futebol","joelhos","les\u00f5es","Sporting"],"articleSection":["Desporto","Futebol"],"inLanguage":"pt-PT"},{"@type":"WebPage","@id":"https:\/\/portaltela.pt\/noticias\/2026\/03\/27\/ioannidis-em-risco-de-operacao-avancado-do-sporting-arrisca-intervencao\/","url":"https:\/\/portaltela.pt\/noticias\/2026\/03\/27\/ioannidis-em-risco-de-operacao-avancado-do-sporting-arrisca-intervencao\/","name":"Ioannidis em risco de opera\u00e7\u00e3o; avan\u00e7ado do Sporting arrisca interven\u00e7\u00e3o - Portal Tela Portugal","isPartOf":{"@id":"https:\/\/portaltela.pt\/#website"},"primaryImageOfPage":{"@id":"https:\/\/portaltela.pt\/noticias\/2026\/03\/27\/ioannidis-em-risco-de-operacao-avancado-do-sporting-arrisca-intervencao\/#primaryimage"},"image":{"@id":"https:\/\/portaltela.pt\/noticias\/2026\/03\/27\/ioannidis-em-risco-de-operacao-avancado-do-sporting-arrisca-intervencao\/#primaryimage"},"thumbnailUrl":"https:\/\/portaltela.pt\/s.01k8rhncp4jt1\/2026\/03\/img_1200x721uu2026-03-27-00-56-20-2429624.jpg","datePublished":"2026-03-27T03:03:00+00:00","author":{"@id":"https:\/\/portaltela.pt\/#\/schema\/person\/c4278d4a6028830caff9ee44b42d32ed"},"breadcrumb":{"@id":"https:\/\/portaltela.pt\/noticias\/2026\/03\/27\/ioannidis-em-risco-de-operacao-avancado-do-sporting-arrisca-intervencao\/#breadcrumb"},"inLanguage":"pt-PT","potentialAction":[{"@type":"ReadAction","target":["https:\/\/portaltela.pt\/noticias\/2026\/03\/27\/ioannidis-em-risco-de-operacao-avancado-do-sporting-arrisca-intervencao\/"]}]},{"@type":"ImageObject","inLanguage":"pt-PT","@id":"https:\/\/portaltela.pt\/noticias\/2026\/03\/27\/ioannidis-em-risco-de-operacao-avancado-do-sporting-arrisca-intervencao\/#primaryimage","url":"https:\/\/portaltela.pt\/s.01k8rhncp4jt1\/2026\/03\/img_1200x721uu2026-03-27-00-56-20-2429624.jpg","contentUrl":"https:\/\/portaltela.pt\/s.01k8rhncp4jt1\/2026\/03\/img_1200x721uu2026-03-27-00-56-20-2429624.jpg","width":796,"height":448,"caption":"Ap\u00f3s uma segunda paragem em janeiro, Ioannidis jogou 13 minutos em Moreira de C\u00f3negos, a 21 de fevereiro, e voltou a parar"},{"@type":"BreadcrumbList","@id":"https:\/\/portaltela.pt\/noticias\/2026\/03\/27\/ioannidis-em-risco-de-operacao-avancado-do-sporting-arrisca-intervencao\/#breadcrumb","itemListElement":[{"@type":"ListItem","position":1,"name":"In\u00edcio","item":"https:\/\/portaltela.pt\/"},{"@type":"ListItem","position":2,"name":"Ioannidis em risco de opera\u00e7\u00e3o; avan\u00e7ado do Sporting arrisca interven\u00e7\u00e3o"}]},{"@type":"WebSite","@id":"https:\/\/portaltela.pt\/#website","url":"https:\/\/portaltela.pt\/","name":"Portal Tela Portugal","description":"","potentialAction":[{"@type":"SearchAction","target":{"@type":"EntryPoint","urlTemplate":"https:\/\/portaltela.pt\/?s={search_term_string}"},"query-input":{"@type":"PropertyValueSpecification","valueRequired":true,"valueName":"search_term_string"}}],"inLanguage":"pt-PT"},{"@type":"Person","@id":"https:\/\/portaltela.pt\/#\/schema\/person\/c4278d4a6028830caff9ee44b42d32ed","name":"Telinha","image":{"@type":"ImageObject","inLanguage":"pt-PT","@id":"https:\/\/portaltela.pt\/s.01k8rhncp4jt1\/2025\/11\/talking-bot-125x125.png","url":"https:\/\/portaltela.pt\/s.01k8rhncp4jt1\/2025\/11\/talking-bot-125x125.png","contentUrl":"https:\/\/portaltela.pt\/s.01k8rhncp4jt1\/2025\/11\/talking-bot-125x125.png","caption":"Telinha"},"sameAs":["https:\/\/portaltela.pt\/"],"url":"https:\/\/portaltela.pt\/por\/367410592786\/"}]}},"_links":{"self":[{"href":"https:\/\/portaltela.pt\/api\/wp\/v2\/posts\/423150","targetHints":{"allow":["GET"]}}],"collection":[{"href":"https:\/\/portaltela.pt\/api\/wp\/v2\/posts"}],"about":[{"href":"https:\/\/portaltela.pt\/api\/wp\/v2\/types\/post"}],"author":[{"embeddable":true,"href":"https:\/\/portaltela.pt\/api\/wp\/v2\/users\/2"}],"replies":[{"embeddable":true,"href":"https:\/\/portaltela.pt\/api\/wp\/v2\/comments?post=423150"}],"version-history":[{"count":0,"href":"https:\/\/portaltela.pt\/api\/wp\/v2\/posts\/423150\/revisions"}],"wp:featuredmedia":[{"embeddable":true,"href":"https:\/\/portaltela.pt\/api\/wp\/v2\/media\/423151"}],"wp:attachment":[{"href":"https:\/\/portaltela.pt\/api\/wp\/v2\/media?parent=423150"}],"wp:term":[{"taxonomy":"category","embeddable":true,"href":"https:\/\/portaltela.pt\/api\/wp\/v2\/categories?post=423150"},{"taxonomy":"post_tag","embeddable":true,"href":"https:\/\/portaltela.pt\/api\/wp\/v2\/tags?post=423150"}],"curies":[{"name":"wp","href":"https:\/\/api.w.org\/{rel}","templated":true}]}}