{"id":423146,"date":"2026-03-26T23:33:00","date_gmt":"2026-03-27T02:33:00","guid":{"rendered":"https:\/\/portaltela.pt\/noticias\/2026\/03\/26\/joao-victor-ja-ultrapassou-o-ultimo-registo-de-rui-fonte\/"},"modified":"2026-03-26T23:33:00","modified_gmt":"2026-03-27T02:33:00","slug":"joao-victor-ja-ultrapassou-o-ultimo-registo-de-rui-fonte","status":"publish","type":"post","link":"https:\/\/portaltela.pt\/desporto\/futebol\/2026\/03\/26\/joao-victor-ja-ultrapassou-o-ultimo-registo-de-rui-fonte\/","title":{"rendered":"Jo\u00e3o Victor j\u00e1 ultrapassou o \u00faltimo registo de Rui Fonte"},"content":{"rendered":"<p>Jo\u00e3o Victor ultrapassou o registo de Rui Fonte ao marcar em Matosinhos, na derrota do Castores. O brasileiro alcan\u00e7ou oito golos nesta temporada, uma marca superior aos sete de Rui Fonte na campanha anterior.<\/p>\n<p>O avan\u00e7ado contratado no \u00faltimo ver\u00e3o para compensar a sa\u00edda de Rui Fonte terminou a \u00e9poca como melhor marcador do P. Ferreira, apesar do conjunto n\u00e3o ter evitado o desfecho desportivo desejado.<\/p>\n<p>Aos 26 anos, Jo\u00e3o Victor est\u00e1 a cumprir a quinta temporada em Portugal, sendo a primeira nos campeonatos profissionais. O objetivo atual passa por manter a recupera\u00e7\u00e3o de resultados da equipa.<\/p>\n","protected":false},"excerpt":{"rendered":"<ul>\n<li>Jo\u00e3o Victor, contratado no \u00faltimo ver\u00e3o, j\u00e1 supera o registo de Rui Fonte como melhor marcador de Pa\u00e7os Ferreira na \u00faltima \u00e9poca.<\/li>\n<li>O avan\u00e7ado brasileiro marcou em Matosinhos, contribuindo para os oito golos que j\u00e1 leva na temporada.<\/li>\n<li>Com esse tento, Jo\u00e3o Victor bateu os sete que Rui Fonte anotou na \u00e9poca anterior, quando Pa\u00e7os Ferreira evitou a descida no playoff.<\/li>\n<li>Aos 26 anos, o jogador est\u00e1 na quinta \u00e9poca em Portugal, a primeira nos campeonatos profissionais.<\/li>\n<li>A not\u00edcia confirma a continuidade do registo ofensivo do atleta na derrota dos castores em Matosinhos.<\/li>\n<\/ul>\n","protected":false},"author":2,"featured_media":423147,"comment_status":"closed","ping_status":"closed","sticky":false,"template":"","format":"standard","meta":{"footnotes":""},"categories":[21,24],"tags":[4172,1268,32,6693,1709,1014],"class_list":["post-423146","post","type-post","status-publish","format-standard","has-post-thumbnail","hentry","category-desporto","category-futebol","tag-brasileiro","tag-campeonato-de-portugal","tag-futebol","tag-futebol-brasileiro","tag-matosinhos","tag-portugal"],"yoast_head":"<!-- This site is optimized with the Yoast SEO plugin v27.2 - https:\/\/yoast.com\/product\/yoast-seo-wordpress\/ -->\n<title>Jo\u00e3o Victor j\u00e1 ultrapassou o \u00faltimo registo de Rui Fonte - Portal Tela Portugal<\/title>\n<meta name=\"robots\" content=\"index, follow, max-snippet:-1, max-image-preview:large, max-video-preview:-1\" \/>\n<meta property=\"og:locale\" content=\"pt_PT\" \/>\n<meta property=\"og:type\" content=\"article\" \/>\n<meta property=\"og:title\" content=\"Jo\u00e3o Victor j\u00e1 ultrapassou o \u00faltimo registo de Rui Fonte - Portal Tela Portugal\" \/>\n<meta property=\"og:description\" content=\"Jo\u00e3o Victor, contratado no \u00faltimo ver\u00e3o, j\u00e1 supera o registo de Rui Fonte como melhor marcador de Pa\u00e7os Ferreira na \u00faltima \u00e9poca. O avan\u00e7ado brasileiro marcou em Matosinhos, contribuindo para os oito golos que j\u00e1 leva na temporada. Com esse tento, Jo\u00e3o Victor bateu os sete que Rui Fonte anotou na \u00e9poca anterior, quando Pa\u00e7os Ferreira evitou a descida no playoff. Aos 26 anos, o jogador est\u00e1 na quinta \u00e9poca em Portugal, a primeira nos campeonatos profissionais. A not\u00edcia confirma a continuidade do registo ofensivo do atleta na derrota dos castores em Matosinhos.\" \/>\n<meta property=\"og:url\" content=\"https:\/\/portaltela.pt\/noticias\/2026\/03\/26\/joao-victor-ja-ultrapassou-o-ultimo-registo-de-rui-fonte\/\" \/>\n<meta property=\"og:site_name\" content=\"Portal Tela Portugal\" \/>\n<meta property=\"article:published_time\" content=\"2026-03-27T02:33:00+00:00\" \/>\n<meta name=\"author\" content=\"Telinha\" \/>\n<meta name=\"twitter:card\" content=\"summary_large_image\" \/>\n<meta name=\"twitter:label1\" content=\"Escrito por\" \/>\n\t<meta name=\"twitter:data1\" content=\"Telinha\" \/>\n\t<meta name=\"twitter:label2\" content=\"Tempo estimado de leitura\" \/>\n\t<meta name=\"twitter:data2\" content=\"1 minuto\" \/>\n<script type=\"application\/ld+json\" class=\"yoast-schema-graph\">{\"@context\":\"https:\/\/schema.org\",\"@graph\":[{\"@type\":\"Article\",\"@id\":\"https:\/\/portaltela.pt\/noticias\/2026\/03\/26\/joao-victor-ja-ultrapassou-o-ultimo-registo-de-rui-fonte\/#article\",\"isPartOf\":{\"@id\":\"https:\/\/portaltela.pt\/noticias\/2026\/03\/26\/joao-victor-ja-ultrapassou-o-ultimo-registo-de-rui-fonte\/\"},\"author\":{\"name\":\"Telinha\",\"@id\":\"https:\/\/portaltela.pt\/#\/schema\/person\/c4278d4a6028830caff9ee44b42d32ed\"},\"headline\":\"Jo\u00e3o Victor j\u00e1 ultrapassou o \u00faltimo registo de Rui Fonte\",\"datePublished\":\"2026-03-27T02:33:00+00:00\",\"mainEntityOfPage\":{\"@id\":\"https:\/\/portaltela.pt\/noticias\/2026\/03\/26\/joao-victor-ja-ultrapassou-o-ultimo-registo-de-rui-fonte\/\"},\"wordCount\":115,\"image\":{\"@id\":\"https:\/\/portaltela.pt\/noticias\/2026\/03\/26\/joao-victor-ja-ultrapassou-o-ultimo-registo-de-rui-fonte\/#primaryimage\"},\"thumbnailUrl\":\"https:\/\/portaltela.pt\/s.01k8rhncp4jt1\/2026\/03\/img_920x518uu2026-03-27-00-16-24-2429614.jpg\",\"keywords\":[\"brasileiro\",\"Campeonato de Portugal\",\"futebol\",\"futebol brasileiro\",\"Matosinhos\",\"Portugal\"],\"articleSection\":[\"Desporto\",\"Futebol\"],\"inLanguage\":\"pt-PT\"},{\"@type\":\"WebPage\",\"@id\":\"https:\/\/portaltela.pt\/noticias\/2026\/03\/26\/joao-victor-ja-ultrapassou-o-ultimo-registo-de-rui-fonte\/\",\"url\":\"https:\/\/portaltela.pt\/noticias\/2026\/03\/26\/joao-victor-ja-ultrapassou-o-ultimo-registo-de-rui-fonte\/\",\"name\":\"Jo\u00e3o Victor j\u00e1 ultrapassou o \u00faltimo registo de Rui Fonte - Portal Tela Portugal\",\"isPartOf\":{\"@id\":\"https:\/\/portaltela.pt\/#website\"},\"primaryImageOfPage\":{\"@id\":\"https:\/\/portaltela.pt\/noticias\/2026\/03\/26\/joao-victor-ja-ultrapassou-o-ultimo-registo-de-rui-fonte\/#primaryimage\"},\"image\":{\"@id\":\"https:\/\/portaltela.pt\/noticias\/2026\/03\/26\/joao-victor-ja-ultrapassou-o-ultimo-registo-de-rui-fonte\/#primaryimage\"},\"thumbnailUrl\":\"https:\/\/portaltela.pt\/s.01k8rhncp4jt1\/2026\/03\/img_920x518uu2026-03-27-00-16-24-2429614.jpg\",\"datePublished\":\"2026-03-27T02:33:00+00:00\",\"author\":{\"@id\":\"https:\/\/portaltela.pt\/#\/schema\/person\/c4278d4a6028830caff9ee44b42d32ed\"},\"breadcrumb\":{\"@id\":\"https:\/\/portaltela.pt\/noticias\/2026\/03\/26\/joao-victor-ja-ultrapassou-o-ultimo-registo-de-rui-fonte\/#breadcrumb\"},\"inLanguage\":\"pt-PT\",\"potentialAction\":[{\"@type\":\"ReadAction\",\"target\":[\"https:\/\/portaltela.pt\/noticias\/2026\/03\/26\/joao-victor-ja-ultrapassou-o-ultimo-registo-de-rui-fonte\/\"]}]},{\"@type\":\"ImageObject\",\"inLanguage\":\"pt-PT\",\"@id\":\"https:\/\/portaltela.pt\/noticias\/2026\/03\/26\/joao-victor-ja-ultrapassou-o-ultimo-registo-de-rui-fonte\/#primaryimage\",\"url\":\"https:\/\/portaltela.pt\/s.01k8rhncp4jt1\/2026\/03\/img_920x518uu2026-03-27-00-16-24-2429614.jpg\",\"contentUrl\":\"https:\/\/portaltela.pt\/s.01k8rhncp4jt1\/2026\/03\/img_920x518uu2026-03-27-00-16-24-2429614.jpg\",\"width\":796,\"height\":448,\"caption\":\"Jo\u00e3o Victor\"},{\"@type\":\"BreadcrumbList\",\"@id\":\"https:\/\/portaltela.pt\/noticias\/2026\/03\/26\/joao-victor-ja-ultrapassou-o-ultimo-registo-de-rui-fonte\/#breadcrumb\",\"itemListElement\":[{\"@type\":\"ListItem\",\"position\":1,\"name\":\"In\u00edcio\",\"item\":\"https:\/\/portaltela.pt\/\"},{\"@type\":\"ListItem\",\"position\":2,\"name\":\"Jo\u00e3o Victor j\u00e1 ultrapassou o \u00faltimo registo de Rui Fonte\"}]},{\"@type\":\"WebSite\",\"@id\":\"https:\/\/portaltela.pt\/#website\",\"url\":\"https:\/\/portaltela.pt\/\",\"name\":\"Portal Tela Portugal\",\"description\":\"\",\"potentialAction\":[{\"@type\":\"SearchAction\",\"target\":{\"@type\":\"EntryPoint\",\"urlTemplate\":\"https:\/\/portaltela.pt\/?s={search_term_string}\"},\"query-input\":{\"@type\":\"PropertyValueSpecification\",\"valueRequired\":true,\"valueName\":\"search_term_string\"}}],\"inLanguage\":\"pt-PT\"},{\"@type\":\"Person\",\"@id\":\"https:\/\/portaltela.pt\/#\/schema\/person\/c4278d4a6028830caff9ee44b42d32ed\",\"name\":\"Telinha\",\"image\":{\"@type\":\"ImageObject\",\"inLanguage\":\"pt-PT\",\"@id\":\"https:\/\/portaltela.pt\/s.01k8rhncp4jt1\/2025\/11\/talking-bot-125x125.png\",\"url\":\"https:\/\/portaltela.pt\/s.01k8rhncp4jt1\/2025\/11\/talking-bot-125x125.png\",\"contentUrl\":\"https:\/\/portaltela.pt\/s.01k8rhncp4jt1\/2025\/11\/talking-bot-125x125.png\",\"caption\":\"Telinha\"},\"sameAs\":[\"https:\/\/portaltela.pt\/\"],\"url\":\"https:\/\/portaltela.pt\/por\/367410592786\/\"}]}<\/script>\n<!-- \/ Yoast SEO plugin. -->","yoast_head_json":{"title":"Jo\u00e3o Victor j\u00e1 ultrapassou o \u00faltimo registo de Rui Fonte - Portal Tela Portugal","robots":{"index":"index","follow":"follow","max-snippet":"max-snippet:-1","max-image-preview":"max-image-preview:large","max-video-preview":"max-video-preview:-1"},"og_locale":"pt_PT","og_type":"article","og_title":"Jo\u00e3o Victor j\u00e1 ultrapassou o \u00faltimo registo de Rui Fonte - Portal Tela Portugal","og_description":"Jo\u00e3o Victor, contratado no \u00faltimo ver\u00e3o, j\u00e1 supera o registo de Rui Fonte como melhor marcador de Pa\u00e7os Ferreira na \u00faltima \u00e9poca. O avan\u00e7ado brasileiro marcou em Matosinhos, contribuindo para os oito golos que j\u00e1 leva na temporada. Com esse tento, Jo\u00e3o Victor bateu os sete que Rui Fonte anotou na \u00e9poca anterior, quando Pa\u00e7os Ferreira evitou a descida no playoff. Aos 26 anos, o jogador est\u00e1 na quinta \u00e9poca em Portugal, a primeira nos campeonatos profissionais. A not\u00edcia confirma a continuidade do registo ofensivo do atleta na derrota dos castores em Matosinhos.","og_url":"https:\/\/portaltela.pt\/noticias\/2026\/03\/26\/joao-victor-ja-ultrapassou-o-ultimo-registo-de-rui-fonte\/","og_site_name":"Portal Tela Portugal","article_published_time":"2026-03-27T02:33:00+00:00","author":"Telinha","twitter_card":"summary_large_image","twitter_misc":{"Escrito por":"Telinha","Tempo estimado de leitura":"1 minuto"},"schema":{"@context":"https:\/\/schema.org","@graph":[{"@type":"Article","@id":"https:\/\/portaltela.pt\/noticias\/2026\/03\/26\/joao-victor-ja-ultrapassou-o-ultimo-registo-de-rui-fonte\/#article","isPartOf":{"@id":"https:\/\/portaltela.pt\/noticias\/2026\/03\/26\/joao-victor-ja-ultrapassou-o-ultimo-registo-de-rui-fonte\/"},"author":{"name":"Telinha","@id":"https:\/\/portaltela.pt\/#\/schema\/person\/c4278d4a6028830caff9ee44b42d32ed"},"headline":"Jo\u00e3o Victor j\u00e1 ultrapassou o \u00faltimo registo de Rui Fonte","datePublished":"2026-03-27T02:33:00+00:00","mainEntityOfPage":{"@id":"https:\/\/portaltela.pt\/noticias\/2026\/03\/26\/joao-victor-ja-ultrapassou-o-ultimo-registo-de-rui-fonte\/"},"wordCount":115,"image":{"@id":"https:\/\/portaltela.pt\/noticias\/2026\/03\/26\/joao-victor-ja-ultrapassou-o-ultimo-registo-de-rui-fonte\/#primaryimage"},"thumbnailUrl":"https:\/\/portaltela.pt\/s.01k8rhncp4jt1\/2026\/03\/img_920x518uu2026-03-27-00-16-24-2429614.jpg","keywords":["brasileiro","Campeonato de Portugal","futebol","futebol brasileiro","Matosinhos","Portugal"],"articleSection":["Desporto","Futebol"],"inLanguage":"pt-PT"},{"@type":"WebPage","@id":"https:\/\/portaltela.pt\/noticias\/2026\/03\/26\/joao-victor-ja-ultrapassou-o-ultimo-registo-de-rui-fonte\/","url":"https:\/\/portaltela.pt\/noticias\/2026\/03\/26\/joao-victor-ja-ultrapassou-o-ultimo-registo-de-rui-fonte\/","name":"Jo\u00e3o Victor j\u00e1 ultrapassou o \u00faltimo registo de Rui Fonte - Portal Tela Portugal","isPartOf":{"@id":"https:\/\/portaltela.pt\/#website"},"primaryImageOfPage":{"@id":"https:\/\/portaltela.pt\/noticias\/2026\/03\/26\/joao-victor-ja-ultrapassou-o-ultimo-registo-de-rui-fonte\/#primaryimage"},"image":{"@id":"https:\/\/portaltela.pt\/noticias\/2026\/03\/26\/joao-victor-ja-ultrapassou-o-ultimo-registo-de-rui-fonte\/#primaryimage"},"thumbnailUrl":"https:\/\/portaltela.pt\/s.01k8rhncp4jt1\/2026\/03\/img_920x518uu2026-03-27-00-16-24-2429614.jpg","datePublished":"2026-03-27T02:33:00+00:00","author":{"@id":"https:\/\/portaltela.pt\/#\/schema\/person\/c4278d4a6028830caff9ee44b42d32ed"},"breadcrumb":{"@id":"https:\/\/portaltela.pt\/noticias\/2026\/03\/26\/joao-victor-ja-ultrapassou-o-ultimo-registo-de-rui-fonte\/#breadcrumb"},"inLanguage":"pt-PT","potentialAction":[{"@type":"ReadAction","target":["https:\/\/portaltela.pt\/noticias\/2026\/03\/26\/joao-victor-ja-ultrapassou-o-ultimo-registo-de-rui-fonte\/"]}]},{"@type":"ImageObject","inLanguage":"pt-PT","@id":"https:\/\/portaltela.pt\/noticias\/2026\/03\/26\/joao-victor-ja-ultrapassou-o-ultimo-registo-de-rui-fonte\/#primaryimage","url":"https:\/\/portaltela.pt\/s.01k8rhncp4jt1\/2026\/03\/img_920x518uu2026-03-27-00-16-24-2429614.jpg","contentUrl":"https:\/\/portaltela.pt\/s.01k8rhncp4jt1\/2026\/03\/img_920x518uu2026-03-27-00-16-24-2429614.jpg","width":796,"height":448,"caption":"Jo\u00e3o Victor"},{"@type":"BreadcrumbList","@id":"https:\/\/portaltela.pt\/noticias\/2026\/03\/26\/joao-victor-ja-ultrapassou-o-ultimo-registo-de-rui-fonte\/#breadcrumb","itemListElement":[{"@type":"ListItem","position":1,"name":"In\u00edcio","item":"https:\/\/portaltela.pt\/"},{"@type":"ListItem","position":2,"name":"Jo\u00e3o Victor j\u00e1 ultrapassou o \u00faltimo registo de Rui Fonte"}]},{"@type":"WebSite","@id":"https:\/\/portaltela.pt\/#website","url":"https:\/\/portaltela.pt\/","name":"Portal Tela Portugal","description":"","potentialAction":[{"@type":"SearchAction","target":{"@type":"EntryPoint","urlTemplate":"https:\/\/portaltela.pt\/?s={search_term_string}"},"query-input":{"@type":"PropertyValueSpecification","valueRequired":true,"valueName":"search_term_string"}}],"inLanguage":"pt-PT"},{"@type":"Person","@id":"https:\/\/portaltela.pt\/#\/schema\/person\/c4278d4a6028830caff9ee44b42d32ed","name":"Telinha","image":{"@type":"ImageObject","inLanguage":"pt-PT","@id":"https:\/\/portaltela.pt\/s.01k8rhncp4jt1\/2025\/11\/talking-bot-125x125.png","url":"https:\/\/portaltela.pt\/s.01k8rhncp4jt1\/2025\/11\/talking-bot-125x125.png","contentUrl":"https:\/\/portaltela.pt\/s.01k8rhncp4jt1\/2025\/11\/talking-bot-125x125.png","caption":"Telinha"},"sameAs":["https:\/\/portaltela.pt\/"],"url":"https:\/\/portaltela.pt\/por\/367410592786\/"}]}},"_links":{"self":[{"href":"https:\/\/portaltela.pt\/api\/wp\/v2\/posts\/423146","targetHints":{"allow":["GET"]}}],"collection":[{"href":"https:\/\/portaltela.pt\/api\/wp\/v2\/posts"}],"about":[{"href":"https:\/\/portaltela.pt\/api\/wp\/v2\/types\/post"}],"author":[{"embeddable":true,"href":"https:\/\/portaltela.pt\/api\/wp\/v2\/users\/2"}],"replies":[{"embeddable":true,"href":"https:\/\/portaltela.pt\/api\/wp\/v2\/comments?post=423146"}],"version-history":[{"count":0,"href":"https:\/\/portaltela.pt\/api\/wp\/v2\/posts\/423146\/revisions"}],"wp:featuredmedia":[{"embeddable":true,"href":"https:\/\/portaltela.pt\/api\/wp\/v2\/media\/423147"}],"wp:attachment":[{"href":"https:\/\/portaltela.pt\/api\/wp\/v2\/media?parent=423146"}],"wp:term":[{"taxonomy":"category","embeddable":true,"href":"https:\/\/portaltela.pt\/api\/wp\/v2\/categories?post=423146"},{"taxonomy":"post_tag","embeddable":true,"href":"https:\/\/portaltela.pt\/api\/wp\/v2\/tags?post=423146"}],"curies":[{"name":"wp","href":"https:\/\/api.w.org\/{rel}","templated":true}]}}