{"id":423144,"date":"2026-03-26T23:13:00","date_gmt":"2026-03-27T02:13:00","guid":{"rendered":"https:\/\/portaltela.pt\/noticias\/2026\/03\/26\/corrida-20-anos-el-corte-ingles-gaia-porto-ja-abriu-inscricoes\/"},"modified":"2026-03-26T23:13:00","modified_gmt":"2026-03-27T02:13:00","slug":"corrida-20-anos-el-corte-ingles-gaia-porto-ja-abriu-inscricoes","status":"publish","type":"post","link":"https:\/\/portaltela.pt\/desporto\/futebol\/2026\/03\/26\/corrida-20-anos-el-corte-ingles-gaia-porto-ja-abriu-inscricoes\/","title":{"rendered":"Corrida 20 anos El Corte Ingl\u00e9s Gaia-Porto j\u00e1 abriu inscri\u00e7\u00f5es"},"content":{"rendered":"<p>A Corrida 20 anos El Corte Ingl\u00e9s Gaia-Porto, apoiada pela Record e pela C\u00e2mara Municipal de Gaia, abriu inscri\u00e7\u00f5es para celebrar as duas d\u00e9cadas da organiza\u00e7\u00e3o. A prova realiza-se no dia 30 de maio, entre a margem sul do Douro e o litoral gaiense, em Gaia.<\/p>\n<p>A partida e meta est\u00e3o na zona pedonal de Canidelo, junto \u00e0 Douro Marina. A corrida tem 10 km de dist\u00e2ncia, enquanto a caminhada soma 7 km. O in\u00edcio est\u00e1 marcado para as 17h, com retornos distintos ao longo do percurso.<\/p>\n<h3>Percurso<\/h3>\n<p>Na corrida, o trajeto passa pela Rua Jo\u00e3o Paulo II, dirige-se \u00e0 Praceta de S. Pedro e regressa ao ponto de partida, com um novo retorno at\u00e9 \u00e0 Ponte da Arr\u00e1bida. Na caminhada, o retorno final \u00e9 mais pr\u00f3ximo e n\u00e3o atinge a zona da Afurada.<\/p>\n<h3>Inscri\u00e7\u00f5es e custos<\/h3>\n<p>As inscri\u00e7\u00f5es dividem-se em duas fases, por classe (corrida e caminhada). A primeira fase vai at\u00e9 30 de abril; a segunda estende-se at\u00e9 ao dia da prova, 30 de maio. Os pre\u00e7os variam entre 5 e 9 euros.<\/p>\n<h3>Responsabilidade social<\/h3>\n<p>Parte da verba angariada reverte a favor da Aldeia de Crian\u00e7as SOS, parceira social do evento, que beneficia crian\u00e7as com planos de cuidados e inser\u00e7\u00e3o familiar.<\/p>\n<h3>Medalhas e certificados<\/h3>\n<p>Todos os participantes que completem a prova recebem uma medalha e um diploma digital, dispon\u00edvel no site do evento ap\u00f3s a meta. Os trof\u00e9us principais s\u00e3o reservados aos tr\u00eas primeiros classificados, masculino e feminino, na classifica\u00e7\u00e3o geral.<\/p>\n<h3>Como participar<\/h3>\n<p>As inscri\u00e7\u00f5es podem ser feitas atrav\u00e9s da plataforma indicada na edi\u00e7\u00e3o de Record, com c\u00f3digo QR. O evento promete reunir atletas de v\u00e1rias idades num cen\u00e1rio deslumbrante entre o Douro e o Atl\u00e2ntico.<\/p>\n","protected":false},"excerpt":{"rendered":"<ul>\n<li>A Corrida 20 anos El Corte Ingl\u00e9s Gaia-Porto, promovida com o apoio da Record e da C\u00e2mara Municipal de Gaia, abriu inscri\u00e7\u00f5es para o evento de 30 de maio, em celebra\u00e7\u00e3o das duas d\u00e9cadas da prova.<\/li>\n<li>O percurso liga a margem sul do Douro ao litoral gaiense, com partida e chegada na zona pedonal de Canidelo, e apresenta duas op\u00e7\u00f5es: dez quil\u00f3metros para corrida e sete quil\u00f3metros para caminhada.<\/li>\n<li>Na corrida, o trajeto passa pela Rua Jo\u00e3o Paulo II e regressa, prolongando-se at\u00e9 \u00e0 Praceta de S. Pedro, junto \u00e0 Ponte da Arr\u00e1bida; na caminhada, o retorno \u00e9 distinto e termina junto ao ponto de partida.<\/li>\n<li>Parte da verba arrecadada reverte a favor da Aldeia de Crian\u00e7as SOS, parceira social do evento.<\/li>\n<li>As inscri\u00e7\u00f5es dividem-se em duas fases: at\u00e9 30 de abril (corrida e caminhada) e at\u00e9 30 de maio; pre\u00e7os variam entre 5 e 9 euros; todos os participantes recebem medalha e diploma digital, com QR para inscri\u00e7\u00e3o publicado na edi\u00e7\u00e3o de Record.<\/li>\n<\/ul>\n","protected":false},"author":2,"featured_media":423145,"comment_status":"closed","ping_status":"closed","sticky":false,"template":"","format":"standard","meta":{"footnotes":""},"categories":[21,24],"tags":[1084,3504,152,1761,5343,982],"class_list":["post-423144","post","type-post","status-publish","format-standard","has-post-thumbnail","hentry","category-desporto","category-futebol","tag-acao-social","tag-corridas","tag-desporto","tag-gaia","tag-grande-porto","tag-porto"],"yoast_head":"<!-- This site is optimized with the Yoast SEO plugin v27.2 - https:\/\/yoast.com\/product\/yoast-seo-wordpress\/ -->\n<title>Corrida 20 anos El Corte Ingl\u00e9s Gaia-Porto j\u00e1 abriu inscri\u00e7\u00f5es - Portal Tela Portugal<\/title>\n<meta name=\"robots\" content=\"index, follow, max-snippet:-1, max-image-preview:large, max-video-preview:-1\" \/>\n<meta property=\"og:locale\" content=\"pt_PT\" \/>\n<meta property=\"og:type\" content=\"article\" \/>\n<meta property=\"og:title\" content=\"Corrida 20 anos El Corte Ingl\u00e9s Gaia-Porto j\u00e1 abriu inscri\u00e7\u00f5es - Portal Tela Portugal\" \/>\n<meta property=\"og:description\" content=\"A Corrida 20 anos El Corte Ingl\u00e9s Gaia-Porto, promovida com o apoio da Record e da C\u00e2mara Municipal de Gaia, abriu inscri\u00e7\u00f5es para o evento de 30 de maio, em celebra\u00e7\u00e3o das duas d\u00e9cadas da prova. O percurso liga a margem sul do Douro ao litoral gaiense, com partida e chegada na zona pedonal de Canidelo, e apresenta duas op\u00e7\u00f5es: dez quil\u00f3metros para corrida e sete quil\u00f3metros para caminhada. Na corrida, o trajeto passa pela Rua Jo\u00e3o Paulo II e regressa, prolongando-se at\u00e9 \u00e0 Praceta de S. Pedro, junto \u00e0 Ponte da Arr\u00e1bida; na caminhada, o retorno \u00e9 distinto e termina junto ao ponto de partida. Parte da verba arrecadada reverte a favor da Aldeia de Crian\u00e7as SOS, parceira social do evento. As inscri\u00e7\u00f5es dividem-se em duas fases: at\u00e9 30 de abril (corrida e caminhada) e at\u00e9 30 de maio; pre\u00e7os variam entre 5 e 9 euros; todos os participantes recebem medalha e diploma digital, com QR para inscri\u00e7\u00e3o publicado na edi\u00e7\u00e3o de Record.\" \/>\n<meta property=\"og:url\" content=\"https:\/\/portaltela.pt\/noticias\/2026\/03\/26\/corrida-20-anos-el-corte-ingles-gaia-porto-ja-abriu-inscricoes\/\" \/>\n<meta property=\"og:site_name\" content=\"Portal Tela Portugal\" \/>\n<meta property=\"article:published_time\" content=\"2026-03-27T02:13:00+00:00\" \/>\n<meta name=\"author\" content=\"Telinha\" \/>\n<meta name=\"twitter:card\" content=\"summary_large_image\" \/>\n<meta name=\"twitter:label1\" content=\"Escrito por\" \/>\n\t<meta name=\"twitter:data1\" content=\"Telinha\" \/>\n\t<meta name=\"twitter:label2\" content=\"Tempo estimado de leitura\" \/>\n\t<meta name=\"twitter:data2\" content=\"1 minuto\" \/>\n<script type=\"application\/ld+json\" class=\"yoast-schema-graph\">{\"@context\":\"https:\/\/schema.org\",\"@graph\":[{\"@type\":\"Article\",\"@id\":\"https:\/\/portaltela.pt\/noticias\/2026\/03\/26\/corrida-20-anos-el-corte-ingles-gaia-porto-ja-abriu-inscricoes\/#article\",\"isPartOf\":{\"@id\":\"https:\/\/portaltela.pt\/noticias\/2026\/03\/26\/corrida-20-anos-el-corte-ingles-gaia-porto-ja-abriu-inscricoes\/\"},\"author\":{\"name\":\"Telinha\",\"@id\":\"https:\/\/portaltela.pt\/#\/schema\/person\/c4278d4a6028830caff9ee44b42d32ed\"},\"headline\":\"Corrida 20 anos El Corte Ingl\u00e9s Gaia-Porto j\u00e1 abriu inscri\u00e7\u00f5es\",\"datePublished\":\"2026-03-27T02:13:00+00:00\",\"mainEntityOfPage\":{\"@id\":\"https:\/\/portaltela.pt\/noticias\/2026\/03\/26\/corrida-20-anos-el-corte-ingles-gaia-porto-ja-abriu-inscricoes\/\"},\"wordCount\":308,\"image\":{\"@id\":\"https:\/\/portaltela.pt\/noticias\/2026\/03\/26\/corrida-20-anos-el-corte-ingles-gaia-porto-ja-abriu-inscricoes\/#primaryimage\"},\"thumbnailUrl\":\"https:\/\/portaltela.pt\/s.01k8rhncp4jt1\/2026\/03\/img_920x518uu2026-03-27-00-21-05-2429616.jpg\",\"keywords\":[\"A\u00e7\u00e3o Social\",\"corridas\",\"desporto\",\"Gaia\",\"Grande Porto\",\"Porto\"],\"articleSection\":[\"Desporto\",\"Futebol\"],\"inLanguage\":\"pt-PT\"},{\"@type\":\"WebPage\",\"@id\":\"https:\/\/portaltela.pt\/noticias\/2026\/03\/26\/corrida-20-anos-el-corte-ingles-gaia-porto-ja-abriu-inscricoes\/\",\"url\":\"https:\/\/portaltela.pt\/noticias\/2026\/03\/26\/corrida-20-anos-el-corte-ingles-gaia-porto-ja-abriu-inscricoes\/\",\"name\":\"Corrida 20 anos El Corte Ingl\u00e9s Gaia-Porto j\u00e1 abriu inscri\u00e7\u00f5es - Portal Tela Portugal\",\"isPartOf\":{\"@id\":\"https:\/\/portaltela.pt\/#website\"},\"primaryImageOfPage\":{\"@id\":\"https:\/\/portaltela.pt\/noticias\/2026\/03\/26\/corrida-20-anos-el-corte-ingles-gaia-porto-ja-abriu-inscricoes\/#primaryimage\"},\"image\":{\"@id\":\"https:\/\/portaltela.pt\/noticias\/2026\/03\/26\/corrida-20-anos-el-corte-ingles-gaia-porto-ja-abriu-inscricoes\/#primaryimage\"},\"thumbnailUrl\":\"https:\/\/portaltela.pt\/s.01k8rhncp4jt1\/2026\/03\/img_920x518uu2026-03-27-00-21-05-2429616.jpg\",\"datePublished\":\"2026-03-27T02:13:00+00:00\",\"author\":{\"@id\":\"https:\/\/portaltela.pt\/#\/schema\/person\/c4278d4a6028830caff9ee44b42d32ed\"},\"breadcrumb\":{\"@id\":\"https:\/\/portaltela.pt\/noticias\/2026\/03\/26\/corrida-20-anos-el-corte-ingles-gaia-porto-ja-abriu-inscricoes\/#breadcrumb\"},\"inLanguage\":\"pt-PT\",\"potentialAction\":[{\"@type\":\"ReadAction\",\"target\":[\"https:\/\/portaltela.pt\/noticias\/2026\/03\/26\/corrida-20-anos-el-corte-ingles-gaia-porto-ja-abriu-inscricoes\/\"]}]},{\"@type\":\"ImageObject\",\"inLanguage\":\"pt-PT\",\"@id\":\"https:\/\/portaltela.pt\/noticias\/2026\/03\/26\/corrida-20-anos-el-corte-ingles-gaia-porto-ja-abriu-inscricoes\/#primaryimage\",\"url\":\"https:\/\/portaltela.pt\/s.01k8rhncp4jt1\/2026\/03\/img_920x518uu2026-03-27-00-21-05-2429616.jpg\",\"contentUrl\":\"https:\/\/portaltela.pt\/s.01k8rhncp4jt1\/2026\/03\/img_920x518uu2026-03-27-00-21-05-2429616.jpg\",\"width\":796,\"height\":448,\"caption\":\"Gaia recebe corrida e caminhada de anivers\u00e1rio do El Corte Ingl\u00e9s\"},{\"@type\":\"BreadcrumbList\",\"@id\":\"https:\/\/portaltela.pt\/noticias\/2026\/03\/26\/corrida-20-anos-el-corte-ingles-gaia-porto-ja-abriu-inscricoes\/#breadcrumb\",\"itemListElement\":[{\"@type\":\"ListItem\",\"position\":1,\"name\":\"In\u00edcio\",\"item\":\"https:\/\/portaltela.pt\/\"},{\"@type\":\"ListItem\",\"position\":2,\"name\":\"Corrida 20 anos El Corte Ingl\u00e9s Gaia-Porto j\u00e1 abriu inscri\u00e7\u00f5es\"}]},{\"@type\":\"WebSite\",\"@id\":\"https:\/\/portaltela.pt\/#website\",\"url\":\"https:\/\/portaltela.pt\/\",\"name\":\"Portal Tela Portugal\",\"description\":\"\",\"potentialAction\":[{\"@type\":\"SearchAction\",\"target\":{\"@type\":\"EntryPoint\",\"urlTemplate\":\"https:\/\/portaltela.pt\/?s={search_term_string}\"},\"query-input\":{\"@type\":\"PropertyValueSpecification\",\"valueRequired\":true,\"valueName\":\"search_term_string\"}}],\"inLanguage\":\"pt-PT\"},{\"@type\":\"Person\",\"@id\":\"https:\/\/portaltela.pt\/#\/schema\/person\/c4278d4a6028830caff9ee44b42d32ed\",\"name\":\"Telinha\",\"image\":{\"@type\":\"ImageObject\",\"inLanguage\":\"pt-PT\",\"@id\":\"https:\/\/portaltela.pt\/s.01k8rhncp4jt1\/2025\/11\/talking-bot-125x125.png\",\"url\":\"https:\/\/portaltela.pt\/s.01k8rhncp4jt1\/2025\/11\/talking-bot-125x125.png\",\"contentUrl\":\"https:\/\/portaltela.pt\/s.01k8rhncp4jt1\/2025\/11\/talking-bot-125x125.png\",\"caption\":\"Telinha\"},\"sameAs\":[\"https:\/\/portaltela.pt\/\"],\"url\":\"https:\/\/portaltela.pt\/por\/367410592786\/\"}]}<\/script>\n<!-- \/ Yoast SEO plugin. -->","yoast_head_json":{"title":"Corrida 20 anos El Corte Ingl\u00e9s Gaia-Porto j\u00e1 abriu inscri\u00e7\u00f5es - Portal Tela Portugal","robots":{"index":"index","follow":"follow","max-snippet":"max-snippet:-1","max-image-preview":"max-image-preview:large","max-video-preview":"max-video-preview:-1"},"og_locale":"pt_PT","og_type":"article","og_title":"Corrida 20 anos El Corte Ingl\u00e9s Gaia-Porto j\u00e1 abriu inscri\u00e7\u00f5es - Portal Tela Portugal","og_description":"A Corrida 20 anos El Corte Ingl\u00e9s Gaia-Porto, promovida com o apoio da Record e da C\u00e2mara Municipal de Gaia, abriu inscri\u00e7\u00f5es para o evento de 30 de maio, em celebra\u00e7\u00e3o das duas d\u00e9cadas da prova. O percurso liga a margem sul do Douro ao litoral gaiense, com partida e chegada na zona pedonal de Canidelo, e apresenta duas op\u00e7\u00f5es: dez quil\u00f3metros para corrida e sete quil\u00f3metros para caminhada. Na corrida, o trajeto passa pela Rua Jo\u00e3o Paulo II e regressa, prolongando-se at\u00e9 \u00e0 Praceta de S. Pedro, junto \u00e0 Ponte da Arr\u00e1bida; na caminhada, o retorno \u00e9 distinto e termina junto ao ponto de partida. Parte da verba arrecadada reverte a favor da Aldeia de Crian\u00e7as SOS, parceira social do evento. As inscri\u00e7\u00f5es dividem-se em duas fases: at\u00e9 30 de abril (corrida e caminhada) e at\u00e9 30 de maio; pre\u00e7os variam entre 5 e 9 euros; todos os participantes recebem medalha e diploma digital, com QR para inscri\u00e7\u00e3o publicado na edi\u00e7\u00e3o de Record.","og_url":"https:\/\/portaltela.pt\/noticias\/2026\/03\/26\/corrida-20-anos-el-corte-ingles-gaia-porto-ja-abriu-inscricoes\/","og_site_name":"Portal Tela Portugal","article_published_time":"2026-03-27T02:13:00+00:00","author":"Telinha","twitter_card":"summary_large_image","twitter_misc":{"Escrito por":"Telinha","Tempo estimado de leitura":"1 minuto"},"schema":{"@context":"https:\/\/schema.org","@graph":[{"@type":"Article","@id":"https:\/\/portaltela.pt\/noticias\/2026\/03\/26\/corrida-20-anos-el-corte-ingles-gaia-porto-ja-abriu-inscricoes\/#article","isPartOf":{"@id":"https:\/\/portaltela.pt\/noticias\/2026\/03\/26\/corrida-20-anos-el-corte-ingles-gaia-porto-ja-abriu-inscricoes\/"},"author":{"name":"Telinha","@id":"https:\/\/portaltela.pt\/#\/schema\/person\/c4278d4a6028830caff9ee44b42d32ed"},"headline":"Corrida 20 anos El Corte Ingl\u00e9s Gaia-Porto j\u00e1 abriu inscri\u00e7\u00f5es","datePublished":"2026-03-27T02:13:00+00:00","mainEntityOfPage":{"@id":"https:\/\/portaltela.pt\/noticias\/2026\/03\/26\/corrida-20-anos-el-corte-ingles-gaia-porto-ja-abriu-inscricoes\/"},"wordCount":308,"image":{"@id":"https:\/\/portaltela.pt\/noticias\/2026\/03\/26\/corrida-20-anos-el-corte-ingles-gaia-porto-ja-abriu-inscricoes\/#primaryimage"},"thumbnailUrl":"https:\/\/portaltela.pt\/s.01k8rhncp4jt1\/2026\/03\/img_920x518uu2026-03-27-00-21-05-2429616.jpg","keywords":["A\u00e7\u00e3o Social","corridas","desporto","Gaia","Grande Porto","Porto"],"articleSection":["Desporto","Futebol"],"inLanguage":"pt-PT"},{"@type":"WebPage","@id":"https:\/\/portaltela.pt\/noticias\/2026\/03\/26\/corrida-20-anos-el-corte-ingles-gaia-porto-ja-abriu-inscricoes\/","url":"https:\/\/portaltela.pt\/noticias\/2026\/03\/26\/corrida-20-anos-el-corte-ingles-gaia-porto-ja-abriu-inscricoes\/","name":"Corrida 20 anos El Corte Ingl\u00e9s Gaia-Porto j\u00e1 abriu inscri\u00e7\u00f5es - Portal Tela Portugal","isPartOf":{"@id":"https:\/\/portaltela.pt\/#website"},"primaryImageOfPage":{"@id":"https:\/\/portaltela.pt\/noticias\/2026\/03\/26\/corrida-20-anos-el-corte-ingles-gaia-porto-ja-abriu-inscricoes\/#primaryimage"},"image":{"@id":"https:\/\/portaltela.pt\/noticias\/2026\/03\/26\/corrida-20-anos-el-corte-ingles-gaia-porto-ja-abriu-inscricoes\/#primaryimage"},"thumbnailUrl":"https:\/\/portaltela.pt\/s.01k8rhncp4jt1\/2026\/03\/img_920x518uu2026-03-27-00-21-05-2429616.jpg","datePublished":"2026-03-27T02:13:00+00:00","author":{"@id":"https:\/\/portaltela.pt\/#\/schema\/person\/c4278d4a6028830caff9ee44b42d32ed"},"breadcrumb":{"@id":"https:\/\/portaltela.pt\/noticias\/2026\/03\/26\/corrida-20-anos-el-corte-ingles-gaia-porto-ja-abriu-inscricoes\/#breadcrumb"},"inLanguage":"pt-PT","potentialAction":[{"@type":"ReadAction","target":["https:\/\/portaltela.pt\/noticias\/2026\/03\/26\/corrida-20-anos-el-corte-ingles-gaia-porto-ja-abriu-inscricoes\/"]}]},{"@type":"ImageObject","inLanguage":"pt-PT","@id":"https:\/\/portaltela.pt\/noticias\/2026\/03\/26\/corrida-20-anos-el-corte-ingles-gaia-porto-ja-abriu-inscricoes\/#primaryimage","url":"https:\/\/portaltela.pt\/s.01k8rhncp4jt1\/2026\/03\/img_920x518uu2026-03-27-00-21-05-2429616.jpg","contentUrl":"https:\/\/portaltela.pt\/s.01k8rhncp4jt1\/2026\/03\/img_920x518uu2026-03-27-00-21-05-2429616.jpg","width":796,"height":448,"caption":"Gaia recebe corrida e caminhada de anivers\u00e1rio do El Corte Ingl\u00e9s"},{"@type":"BreadcrumbList","@id":"https:\/\/portaltela.pt\/noticias\/2026\/03\/26\/corrida-20-anos-el-corte-ingles-gaia-porto-ja-abriu-inscricoes\/#breadcrumb","itemListElement":[{"@type":"ListItem","position":1,"name":"In\u00edcio","item":"https:\/\/portaltela.pt\/"},{"@type":"ListItem","position":2,"name":"Corrida 20 anos El Corte Ingl\u00e9s Gaia-Porto j\u00e1 abriu inscri\u00e7\u00f5es"}]},{"@type":"WebSite","@id":"https:\/\/portaltela.pt\/#website","url":"https:\/\/portaltela.pt\/","name":"Portal Tela Portugal","description":"","potentialAction":[{"@type":"SearchAction","target":{"@type":"EntryPoint","urlTemplate":"https:\/\/portaltela.pt\/?s={search_term_string}"},"query-input":{"@type":"PropertyValueSpecification","valueRequired":true,"valueName":"search_term_string"}}],"inLanguage":"pt-PT"},{"@type":"Person","@id":"https:\/\/portaltela.pt\/#\/schema\/person\/c4278d4a6028830caff9ee44b42d32ed","name":"Telinha","image":{"@type":"ImageObject","inLanguage":"pt-PT","@id":"https:\/\/portaltela.pt\/s.01k8rhncp4jt1\/2025\/11\/talking-bot-125x125.png","url":"https:\/\/portaltela.pt\/s.01k8rhncp4jt1\/2025\/11\/talking-bot-125x125.png","contentUrl":"https:\/\/portaltela.pt\/s.01k8rhncp4jt1\/2025\/11\/talking-bot-125x125.png","caption":"Telinha"},"sameAs":["https:\/\/portaltela.pt\/"],"url":"https:\/\/portaltela.pt\/por\/367410592786\/"}]}},"_links":{"self":[{"href":"https:\/\/portaltela.pt\/api\/wp\/v2\/posts\/423144","targetHints":{"allow":["GET"]}}],"collection":[{"href":"https:\/\/portaltela.pt\/api\/wp\/v2\/posts"}],"about":[{"href":"https:\/\/portaltela.pt\/api\/wp\/v2\/types\/post"}],"author":[{"embeddable":true,"href":"https:\/\/portaltela.pt\/api\/wp\/v2\/users\/2"}],"replies":[{"embeddable":true,"href":"https:\/\/portaltela.pt\/api\/wp\/v2\/comments?post=423144"}],"version-history":[{"count":0,"href":"https:\/\/portaltela.pt\/api\/wp\/v2\/posts\/423144\/revisions"}],"wp:featuredmedia":[{"embeddable":true,"href":"https:\/\/portaltela.pt\/api\/wp\/v2\/media\/423145"}],"wp:attachment":[{"href":"https:\/\/portaltela.pt\/api\/wp\/v2\/media?parent=423144"}],"wp:term":[{"taxonomy":"category","embeddable":true,"href":"https:\/\/portaltela.pt\/api\/wp\/v2\/categories?post=423144"},{"taxonomy":"post_tag","embeddable":true,"href":"https:\/\/portaltela.pt\/api\/wp\/v2\/tags?post=423144"}],"curies":[{"name":"wp","href":"https:\/\/api.w.org\/{rel}","templated":true}]}}