{"id":423142,"date":"2026-03-26T22:51:00","date_gmt":"2026-03-27T01:51:00","guid":{"rendered":"https:\/\/portaltela.pt\/noticias\/2026\/03\/26\/entraremos-no-horario-de-verao-domingo-tera-dia-mais-curto\/"},"modified":"2026-03-26T22:51:00","modified_gmt":"2026-03-27T01:51:00","slug":"entraremos-no-horario-de-verao-domingo-tera-dia-mais-curto","status":"publish","type":"post","link":"https:\/\/portaltela.pt\/tempo\/2026\/03\/26\/entraremos-no-horario-de-verao-domingo-tera-dia-mais-curto\/","title":{"rendered":"Entraremos no Hor\u00e1rio de Ver\u00e3o: domingo ter\u00e1 dia mais curto"},"content":{"rendered":"<p>A mudan\u00e7a do rel\u00f3gio para o hor\u00e1rio de ver\u00e3o deve arrancar no pr\u00f3ximo fim de semana, quando muitos rel\u00f3gios v\u00e3o adiantar uma hora. Espanha pediu \u00e0 Uni\u00e3o Europeia o fim definitivo desta pr\u00e1tica. O objetivo \u00e9 colocar fim \u00e0s altera\u00e7\u00f5es sazonais no continente.<\/p>\n<p>Na UE, a Comiss\u00e3o e o Parlamento Europeia j\u00e1 apelaram aos Estados-membros para encerrarem a mudan\u00e7a hor\u00e1ria. Em outubro, durante um debate no Parlamento Europeu, todos os grupos pol\u00edticos defenderam o fim da pr\u00e1tica.<\/p>\n<p>A discuss\u00e3o tamb\u00e9m aborda impactos na sa\u00fade. Cientistas apontam que a transi\u00e7\u00e3o pode afetar pessoas vulner\u00e1veis, como crian\u00e7as e idosos, prejudicando o sono e aumentando dores de cabe\u00e7a, irritabilidade e queda de concentra\u00e7\u00e3o.<\/p>\n<h3>Proposta e posi\u00e7\u00e3o europeia<\/h3>\n<p>A Comiss\u00e3o Europeia anunciou que dever\u00e1 apresentar, ainda este ano, um estudo que analise os efeitos da hora \u00fanica. Com base nesses resultados, poder\u00e1 ser definida uma boa pr\u00e1tica comum para a UE.<\/p>\n<p>O apelo \u00e0 elimina\u00e7\u00e3o da mudan\u00e7a hor\u00e1ria surge numa linha de continuidade de propostas anteriores. Em 2019, o Parlamento Europeu j\u00e1 votou favoravelmente, ap\u00f3s uma consulta em que 84% dos 4,6 milh\u00f5es de inquiridos apoiaram o fim.<\/p>\n<h3>Hist\u00f3rico do tema<\/h3>\n<p>A decis\u00e3o n\u00e3o foi implementada em fun\u00e7\u00e3o da pandemia de covid-19, que surgiu em 2020. Desde ent\u00e3o, o debate manteve-se ativo entre autoridades europeias e Estados-membros, com avan\u00e7os intermitentes e consultas p\u00fablicas.<\/p>\n","protected":false},"excerpt":{"rendered":"<ul>\n<li>Vamos entrar no hor\u00e1rio de ver\u00e3o, tornando o domingo um dia \u201cmais curto\u201d.<\/li>\n<li>Espanha prop\u00f4s \u00e0 Uni\u00e3o Europeia o fim definitivo da mudan\u00e7a de hora na Europa, com apelo de Comiss\u00e3o e Parlamento para terminar com o hor\u00e1rio sazonal.<\/li>\n<li>Debate em outubro no Parlamento Europeu mostrou apoio de todos os grupo pol\u00edticos ao fim da mudan\u00e7a de hora.<\/li>\n<li>A sa\u00fade \u00e9 apontada como motivo, especialmente para crian\u00e7as e idosos, por afetar sono, dores de cabe\u00e7a, irritabilidade e concentra\u00e7\u00e3o.<\/li>\n<li>A Comiss\u00e3o Europeia anunciou que vai apresentar este ano um estudo para terminar com a mudan\u00e7a de hora; em 2019 o Parlamento j\u00e1 tinha votado a favor do fim, com 84% de apoio na consulta p\u00fablica, mas a pandemia de covid-19 adiou a medida.<\/li>\n<\/ul>\n","protected":false},"author":2,"featured_media":423143,"comment_status":"closed","ping_status":"closed","sticky":false,"template":"","format":"standard","meta":{"footnotes":""},"categories":[6745,7365],"tags":[1638,2487,1920,7153,172,2055],"class_list":["post-423142","post","type-post","status-publish","format-standard","has-post-thumbnail","hentry","category-saude","category-tempo","tag-comissao-europeia","tag-europa","tag-mudanca-de-hora","tag-parlamento-europeu","tag-saude","tag-uniao-europeia"],"yoast_head":"<!-- This site is optimized with the Yoast SEO plugin v27.2 - https:\/\/yoast.com\/product\/yoast-seo-wordpress\/ -->\n<title>Entraremos no Hor\u00e1rio de Ver\u00e3o: domingo ter\u00e1 dia mais curto - Portal Tela Portugal<\/title>\n<meta name=\"robots\" content=\"index, follow, max-snippet:-1, max-image-preview:large, max-video-preview:-1\" \/>\n<meta property=\"og:locale\" content=\"pt_PT\" \/>\n<meta property=\"og:type\" content=\"article\" \/>\n<meta property=\"og:title\" content=\"Entraremos no Hor\u00e1rio de Ver\u00e3o: domingo ter\u00e1 dia mais curto - Portal Tela Portugal\" \/>\n<meta property=\"og:description\" content=\"Vamos entrar no hor\u00e1rio de ver\u00e3o, tornando o domingo um dia \u201cmais curto\u201d. Espanha prop\u00f4s \u00e0 Uni\u00e3o Europeia o fim definitivo da mudan\u00e7a de hora na Europa, com apelo de Comiss\u00e3o e Parlamento para terminar com o hor\u00e1rio sazonal. Debate em outubro no Parlamento Europeu mostrou apoio de todos os grupo pol\u00edticos ao fim da mudan\u00e7a de hora. A sa\u00fade \u00e9 apontada como motivo, especialmente para crian\u00e7as e idosos, por afetar sono, dores de cabe\u00e7a, irritabilidade e concentra\u00e7\u00e3o. A Comiss\u00e3o Europeia anunciou que vai apresentar este ano um estudo para terminar com a mudan\u00e7a de hora; em 2019 o Parlamento j\u00e1 tinha votado a favor do fim, com 84% de apoio na consulta p\u00fablica, mas a pandemia de covid-19 adiou a medida.\" \/>\n<meta property=\"og:url\" content=\"https:\/\/portaltela.pt\/noticias\/2026\/03\/26\/entraremos-no-horario-de-verao-domingo-tera-dia-mais-curto\/\" \/>\n<meta property=\"og:site_name\" content=\"Portal Tela Portugal\" \/>\n<meta property=\"article:published_time\" content=\"2026-03-27T01:51:00+00:00\" \/>\n<meta name=\"author\" content=\"Telinha\" \/>\n<meta name=\"twitter:card\" content=\"summary_large_image\" \/>\n<meta name=\"twitter:label1\" content=\"Escrito por\" \/>\n\t<meta name=\"twitter:data1\" content=\"Telinha\" \/>\n\t<meta name=\"twitter:label2\" content=\"Tempo estimado de leitura\" \/>\n\t<meta name=\"twitter:data2\" content=\"1 minuto\" \/>\n<script type=\"application\/ld+json\" class=\"yoast-schema-graph\">{\"@context\":\"https:\/\/schema.org\",\"@graph\":[{\"@type\":\"Article\",\"@id\":\"https:\/\/portaltela.pt\/noticias\/2026\/03\/26\/entraremos-no-horario-de-verao-domingo-tera-dia-mais-curto\/#article\",\"isPartOf\":{\"@id\":\"https:\/\/portaltela.pt\/noticias\/2026\/03\/26\/entraremos-no-horario-de-verao-domingo-tera-dia-mais-curto\/\"},\"author\":{\"name\":\"Telinha\",\"@id\":\"https:\/\/portaltela.pt\/#\/schema\/person\/c4278d4a6028830caff9ee44b42d32ed\"},\"headline\":\"Entraremos no Hor\u00e1rio de Ver\u00e3o: domingo ter\u00e1 dia mais curto\",\"datePublished\":\"2026-03-27T01:51:00+00:00\",\"mainEntityOfPage\":{\"@id\":\"https:\/\/portaltela.pt\/noticias\/2026\/03\/26\/entraremos-no-horario-de-verao-domingo-tera-dia-mais-curto\/\"},\"wordCount\":262,\"image\":{\"@id\":\"https:\/\/portaltela.pt\/noticias\/2026\/03\/26\/entraremos-no-horario-de-verao-domingo-tera-dia-mais-curto\/#primaryimage\"},\"thumbnailUrl\":\"https:\/\/portaltela.pt\/s.01k8rhncp4jt1\/2026\/03\/image-1572.jpg\",\"keywords\":[\"Comiss\u00e3o Europeia\",\"Europa\",\"Mudan\u00e7a de hora\",\"Parlamento Europeu\",\"sa\u00fade\",\"Uni\u00e3o Europeia\"],\"articleSection\":[\"Sa\u00fade\",\"Tempo\"],\"inLanguage\":\"pt-PT\"},{\"@type\":\"WebPage\",\"@id\":\"https:\/\/portaltela.pt\/noticias\/2026\/03\/26\/entraremos-no-horario-de-verao-domingo-tera-dia-mais-curto\/\",\"url\":\"https:\/\/portaltela.pt\/noticias\/2026\/03\/26\/entraremos-no-horario-de-verao-domingo-tera-dia-mais-curto\/\",\"name\":\"Entraremos no Hor\u00e1rio de Ver\u00e3o: domingo ter\u00e1 dia mais curto - Portal Tela Portugal\",\"isPartOf\":{\"@id\":\"https:\/\/portaltela.pt\/#website\"},\"primaryImageOfPage\":{\"@id\":\"https:\/\/portaltela.pt\/noticias\/2026\/03\/26\/entraremos-no-horario-de-verao-domingo-tera-dia-mais-curto\/#primaryimage\"},\"image\":{\"@id\":\"https:\/\/portaltela.pt\/noticias\/2026\/03\/26\/entraremos-no-horario-de-verao-domingo-tera-dia-mais-curto\/#primaryimage\"},\"thumbnailUrl\":\"https:\/\/portaltela.pt\/s.01k8rhncp4jt1\/2026\/03\/image-1572.jpg\",\"datePublished\":\"2026-03-27T01:51:00+00:00\",\"author\":{\"@id\":\"https:\/\/portaltela.pt\/#\/schema\/person\/c4278d4a6028830caff9ee44b42d32ed\"},\"breadcrumb\":{\"@id\":\"https:\/\/portaltela.pt\/noticias\/2026\/03\/26\/entraremos-no-horario-de-verao-domingo-tera-dia-mais-curto\/#breadcrumb\"},\"inLanguage\":\"pt-PT\",\"potentialAction\":[{\"@type\":\"ReadAction\",\"target\":[\"https:\/\/portaltela.pt\/noticias\/2026\/03\/26\/entraremos-no-horario-de-verao-domingo-tera-dia-mais-curto\/\"]}]},{\"@type\":\"ImageObject\",\"inLanguage\":\"pt-PT\",\"@id\":\"https:\/\/portaltela.pt\/noticias\/2026\/03\/26\/entraremos-no-horario-de-verao-domingo-tera-dia-mais-curto\/#primaryimage\",\"url\":\"https:\/\/portaltela.pt\/s.01k8rhncp4jt1\/2026\/03\/image-1572.jpg\",\"contentUrl\":\"https:\/\/portaltela.pt\/s.01k8rhncp4jt1\/2026\/03\/image-1572.jpg\",\"width\":796,\"height\":448,\"caption\":\"Os rel\u00f3gios adiantam 60 minutos na madrugada de 29 de mar\u00e7o\"},{\"@type\":\"BreadcrumbList\",\"@id\":\"https:\/\/portaltela.pt\/noticias\/2026\/03\/26\/entraremos-no-horario-de-verao-domingo-tera-dia-mais-curto\/#breadcrumb\",\"itemListElement\":[{\"@type\":\"ListItem\",\"position\":1,\"name\":\"In\u00edcio\",\"item\":\"https:\/\/portaltela.pt\/\"},{\"@type\":\"ListItem\",\"position\":2,\"name\":\"Entraremos no Hor\u00e1rio de Ver\u00e3o: domingo ter\u00e1 dia mais curto\"}]},{\"@type\":\"WebSite\",\"@id\":\"https:\/\/portaltela.pt\/#website\",\"url\":\"https:\/\/portaltela.pt\/\",\"name\":\"Portal Tela Portugal\",\"description\":\"\",\"potentialAction\":[{\"@type\":\"SearchAction\",\"target\":{\"@type\":\"EntryPoint\",\"urlTemplate\":\"https:\/\/portaltela.pt\/?s={search_term_string}\"},\"query-input\":{\"@type\":\"PropertyValueSpecification\",\"valueRequired\":true,\"valueName\":\"search_term_string\"}}],\"inLanguage\":\"pt-PT\"},{\"@type\":\"Person\",\"@id\":\"https:\/\/portaltela.pt\/#\/schema\/person\/c4278d4a6028830caff9ee44b42d32ed\",\"name\":\"Telinha\",\"image\":{\"@type\":\"ImageObject\",\"inLanguage\":\"pt-PT\",\"@id\":\"https:\/\/portaltela.pt\/s.01k8rhncp4jt1\/2025\/11\/talking-bot-125x125.png\",\"url\":\"https:\/\/portaltela.pt\/s.01k8rhncp4jt1\/2025\/11\/talking-bot-125x125.png\",\"contentUrl\":\"https:\/\/portaltela.pt\/s.01k8rhncp4jt1\/2025\/11\/talking-bot-125x125.png\",\"caption\":\"Telinha\"},\"sameAs\":[\"https:\/\/portaltela.pt\/\"],\"url\":\"https:\/\/portaltela.pt\/por\/367410592786\/\"}]}<\/script>\n<!-- \/ Yoast SEO plugin. -->","yoast_head_json":{"title":"Entraremos no Hor\u00e1rio de Ver\u00e3o: domingo ter\u00e1 dia mais curto - Portal Tela Portugal","robots":{"index":"index","follow":"follow","max-snippet":"max-snippet:-1","max-image-preview":"max-image-preview:large","max-video-preview":"max-video-preview:-1"},"og_locale":"pt_PT","og_type":"article","og_title":"Entraremos no Hor\u00e1rio de Ver\u00e3o: domingo ter\u00e1 dia mais curto - Portal Tela Portugal","og_description":"Vamos entrar no hor\u00e1rio de ver\u00e3o, tornando o domingo um dia \u201cmais curto\u201d. Espanha prop\u00f4s \u00e0 Uni\u00e3o Europeia o fim definitivo da mudan\u00e7a de hora na Europa, com apelo de Comiss\u00e3o e Parlamento para terminar com o hor\u00e1rio sazonal. Debate em outubro no Parlamento Europeu mostrou apoio de todos os grupo pol\u00edticos ao fim da mudan\u00e7a de hora. A sa\u00fade \u00e9 apontada como motivo, especialmente para crian\u00e7as e idosos, por afetar sono, dores de cabe\u00e7a, irritabilidade e concentra\u00e7\u00e3o. A Comiss\u00e3o Europeia anunciou que vai apresentar este ano um estudo para terminar com a mudan\u00e7a de hora; em 2019 o Parlamento j\u00e1 tinha votado a favor do fim, com 84% de apoio na consulta p\u00fablica, mas a pandemia de covid-19 adiou a medida.","og_url":"https:\/\/portaltela.pt\/noticias\/2026\/03\/26\/entraremos-no-horario-de-verao-domingo-tera-dia-mais-curto\/","og_site_name":"Portal Tela Portugal","article_published_time":"2026-03-27T01:51:00+00:00","author":"Telinha","twitter_card":"summary_large_image","twitter_misc":{"Escrito por":"Telinha","Tempo estimado de leitura":"1 minuto"},"schema":{"@context":"https:\/\/schema.org","@graph":[{"@type":"Article","@id":"https:\/\/portaltela.pt\/noticias\/2026\/03\/26\/entraremos-no-horario-de-verao-domingo-tera-dia-mais-curto\/#article","isPartOf":{"@id":"https:\/\/portaltela.pt\/noticias\/2026\/03\/26\/entraremos-no-horario-de-verao-domingo-tera-dia-mais-curto\/"},"author":{"name":"Telinha","@id":"https:\/\/portaltela.pt\/#\/schema\/person\/c4278d4a6028830caff9ee44b42d32ed"},"headline":"Entraremos no Hor\u00e1rio de Ver\u00e3o: domingo ter\u00e1 dia mais curto","datePublished":"2026-03-27T01:51:00+00:00","mainEntityOfPage":{"@id":"https:\/\/portaltela.pt\/noticias\/2026\/03\/26\/entraremos-no-horario-de-verao-domingo-tera-dia-mais-curto\/"},"wordCount":262,"image":{"@id":"https:\/\/portaltela.pt\/noticias\/2026\/03\/26\/entraremos-no-horario-de-verao-domingo-tera-dia-mais-curto\/#primaryimage"},"thumbnailUrl":"https:\/\/portaltela.pt\/s.01k8rhncp4jt1\/2026\/03\/image-1572.jpg","keywords":["Comiss\u00e3o Europeia","Europa","Mudan\u00e7a de hora","Parlamento Europeu","sa\u00fade","Uni\u00e3o Europeia"],"articleSection":["Sa\u00fade","Tempo"],"inLanguage":"pt-PT"},{"@type":"WebPage","@id":"https:\/\/portaltela.pt\/noticias\/2026\/03\/26\/entraremos-no-horario-de-verao-domingo-tera-dia-mais-curto\/","url":"https:\/\/portaltela.pt\/noticias\/2026\/03\/26\/entraremos-no-horario-de-verao-domingo-tera-dia-mais-curto\/","name":"Entraremos no Hor\u00e1rio de Ver\u00e3o: domingo ter\u00e1 dia mais curto - Portal Tela Portugal","isPartOf":{"@id":"https:\/\/portaltela.pt\/#website"},"primaryImageOfPage":{"@id":"https:\/\/portaltela.pt\/noticias\/2026\/03\/26\/entraremos-no-horario-de-verao-domingo-tera-dia-mais-curto\/#primaryimage"},"image":{"@id":"https:\/\/portaltela.pt\/noticias\/2026\/03\/26\/entraremos-no-horario-de-verao-domingo-tera-dia-mais-curto\/#primaryimage"},"thumbnailUrl":"https:\/\/portaltela.pt\/s.01k8rhncp4jt1\/2026\/03\/image-1572.jpg","datePublished":"2026-03-27T01:51:00+00:00","author":{"@id":"https:\/\/portaltela.pt\/#\/schema\/person\/c4278d4a6028830caff9ee44b42d32ed"},"breadcrumb":{"@id":"https:\/\/portaltela.pt\/noticias\/2026\/03\/26\/entraremos-no-horario-de-verao-domingo-tera-dia-mais-curto\/#breadcrumb"},"inLanguage":"pt-PT","potentialAction":[{"@type":"ReadAction","target":["https:\/\/portaltela.pt\/noticias\/2026\/03\/26\/entraremos-no-horario-de-verao-domingo-tera-dia-mais-curto\/"]}]},{"@type":"ImageObject","inLanguage":"pt-PT","@id":"https:\/\/portaltela.pt\/noticias\/2026\/03\/26\/entraremos-no-horario-de-verao-domingo-tera-dia-mais-curto\/#primaryimage","url":"https:\/\/portaltela.pt\/s.01k8rhncp4jt1\/2026\/03\/image-1572.jpg","contentUrl":"https:\/\/portaltela.pt\/s.01k8rhncp4jt1\/2026\/03\/image-1572.jpg","width":796,"height":448,"caption":"Os rel\u00f3gios adiantam 60 minutos na madrugada de 29 de mar\u00e7o"},{"@type":"BreadcrumbList","@id":"https:\/\/portaltela.pt\/noticias\/2026\/03\/26\/entraremos-no-horario-de-verao-domingo-tera-dia-mais-curto\/#breadcrumb","itemListElement":[{"@type":"ListItem","position":1,"name":"In\u00edcio","item":"https:\/\/portaltela.pt\/"},{"@type":"ListItem","position":2,"name":"Entraremos no Hor\u00e1rio de Ver\u00e3o: domingo ter\u00e1 dia mais curto"}]},{"@type":"WebSite","@id":"https:\/\/portaltela.pt\/#website","url":"https:\/\/portaltela.pt\/","name":"Portal Tela Portugal","description":"","potentialAction":[{"@type":"SearchAction","target":{"@type":"EntryPoint","urlTemplate":"https:\/\/portaltela.pt\/?s={search_term_string}"},"query-input":{"@type":"PropertyValueSpecification","valueRequired":true,"valueName":"search_term_string"}}],"inLanguage":"pt-PT"},{"@type":"Person","@id":"https:\/\/portaltela.pt\/#\/schema\/person\/c4278d4a6028830caff9ee44b42d32ed","name":"Telinha","image":{"@type":"ImageObject","inLanguage":"pt-PT","@id":"https:\/\/portaltela.pt\/s.01k8rhncp4jt1\/2025\/11\/talking-bot-125x125.png","url":"https:\/\/portaltela.pt\/s.01k8rhncp4jt1\/2025\/11\/talking-bot-125x125.png","contentUrl":"https:\/\/portaltela.pt\/s.01k8rhncp4jt1\/2025\/11\/talking-bot-125x125.png","caption":"Telinha"},"sameAs":["https:\/\/portaltela.pt\/"],"url":"https:\/\/portaltela.pt\/por\/367410592786\/"}]}},"_links":{"self":[{"href":"https:\/\/portaltela.pt\/api\/wp\/v2\/posts\/423142","targetHints":{"allow":["GET"]}}],"collection":[{"href":"https:\/\/portaltela.pt\/api\/wp\/v2\/posts"}],"about":[{"href":"https:\/\/portaltela.pt\/api\/wp\/v2\/types\/post"}],"author":[{"embeddable":true,"href":"https:\/\/portaltela.pt\/api\/wp\/v2\/users\/2"}],"replies":[{"embeddable":true,"href":"https:\/\/portaltela.pt\/api\/wp\/v2\/comments?post=423142"}],"version-history":[{"count":0,"href":"https:\/\/portaltela.pt\/api\/wp\/v2\/posts\/423142\/revisions"}],"wp:featuredmedia":[{"embeddable":true,"href":"https:\/\/portaltela.pt\/api\/wp\/v2\/media\/423143"}],"wp:attachment":[{"href":"https:\/\/portaltela.pt\/api\/wp\/v2\/media?parent=423142"}],"wp:term":[{"taxonomy":"category","embeddable":true,"href":"https:\/\/portaltela.pt\/api\/wp\/v2\/categories?post=423142"},{"taxonomy":"post_tag","embeddable":true,"href":"https:\/\/portaltela.pt\/api\/wp\/v2\/tags?post=423142"}],"curies":[{"name":"wp","href":"https:\/\/api.w.org\/{rel}","templated":true}]}}