{"id":423116,"date":"2026-03-26T22:30:00","date_gmt":"2026-03-27T01:30:00","guid":{"rendered":"https:\/\/portaltela.pt\/noticias\/2026\/03\/26\/alta-velocidade-danifica-vinhas-em-palmela\/"},"modified":"2026-03-26T22:30:00","modified_gmt":"2026-03-27T01:30:00","slug":"alta-velocidade-danifica-vinhas-em-palmela","status":"publish","type":"post","link":"https:\/\/portaltela.pt\/noticias\/economia\/2026\/03\/26\/alta-velocidade-danifica-vinhas-em-palmela\/","title":{"rendered":"Alta velocidade danifica vinhas em Palmela"},"content":{"rendered":"<p>O Governo identificou 70 parcelas de terrenos, r\u00fasticos e urbanos, para expropria\u00e7\u00e3o com car\u00e1ter de urg\u00eancia. A medida integra o plano de moderniza\u00e7\u00e3o da Linha do Alentejo, entre Poceir\u00e3o e Bombel, que cruza a regi\u00e3o de Palmela.<\/p>\n<p>Entre os afetados est\u00e1 uma parcela da Casa Ermelinda de Freitas, produtora de vinhos conceituados na regi\u00e3o. O objetivo \u00e9 facilitar a futura liga\u00e7\u00e3o ferrovi\u00e1ria de alta velocidade entre Lisboa e Madrid.<\/p>\n<p>A \u00e1rea a expropriar corresponde a uma extens\u00e3o equivalente a 30 campos de futebol, segundo o Despacho publicado no Di\u00e1rio da Rep\u00fablica no in\u00edcio de mar\u00e7o. A decis\u00e3o acompanha o projeto de terceira linha f\u00e9rrea do corredor ib\u00e9rico.<\/p>\n<h3>Expropria\u00e7\u00f5es e \u00e1rea afetada<\/h3>\n<p>O arquivo p\u00fablico detalha as parcelas a expropriar, incluindo terrenos com atividade agr\u00edcola j\u00e1 existente em palmela. As expropria\u00e7\u00f5es visam permitir obras de infra-estrutura e a constru\u00e7\u00e3o de infraestruturas de apoio ao tramo de alta velocidade.<\/p>\n","protected":false},"excerpt":{"rendered":"<ul>\n<li>O Governo identificou 70 parcelas de terrenos r\u00fasticos e urbanos para expropria\u00e7\u00e3o com car\u00e1ter de urg\u00eancia, no \u00e2mbito da moderniza\u00e7\u00e3o da Linha do Alentejo.<\/li>\n<li>Uma parcela da Casa Ermelinda de Freitas est\u00e1 identificada no plano de expropria\u00e7\u00f5es para a futura liga\u00e7\u00e3o ferrovi\u00e1ria de alta velocidade entre Lisboa e Madrid.<\/li>\n<li>A \u00e1rea total a expropriar \u00e9 equivalente a 30 campos de futebol, segundo o jornal Neg\u00f3cios, com base num despacho publicado no in\u00edcio de mar\u00e7o no Di\u00e1rio da Rep\u00fablica.<\/li>\n<li>A expropria\u00e7\u00e3o visa permitir a liga\u00e7\u00e3o entre Poceir\u00e3o e Bombel, no tra\u00e7ado da linha de alta velocidade.<\/li>\n<li>A informa\u00e7\u00e3o foi veiculada pela imprensa com base no despacho oficial publicado no Di\u00e1rio da Rep\u00fablica.<\/li>\n<\/ul>\n","protected":false},"author":2,"featured_media":423131,"comment_status":"closed","ping_status":"closed","sticky":false,"template":"","format":"standard","meta":{"footnotes":""},"categories":[2,6735],"tags":[883,4254,1615,258,994,5586],"class_list":["post-423116","post","type-post","status-publish","format-standard","has-post-thumbnail","hentry","category-economia","category-negocios","tag-alentejo","tag-expropriacoes","tag-infraestrutura","tag-infraestruturas","tag-setubal","tag-vinho"],"yoast_head":"<!-- This site is optimized with the Yoast SEO plugin v27.2 - https:\/\/yoast.com\/product\/yoast-seo-wordpress\/ -->\n<title>Alta velocidade danifica vinhas em Palmela - Portal Tela Portugal<\/title>\n<meta name=\"robots\" content=\"index, follow, max-snippet:-1, max-image-preview:large, max-video-preview:-1\" \/>\n<meta property=\"og:locale\" content=\"pt_PT\" \/>\n<meta property=\"og:type\" content=\"article\" \/>\n<meta property=\"og:title\" content=\"Alta velocidade danifica vinhas em Palmela - Portal Tela Portugal\" \/>\n<meta property=\"og:description\" content=\"O Governo identificou 70 parcelas de terrenos r\u00fasticos e urbanos para expropria\u00e7\u00e3o com car\u00e1ter de urg\u00eancia, no \u00e2mbito da moderniza\u00e7\u00e3o da Linha do Alentejo. Uma parcela da Casa Ermelinda de Freitas est\u00e1 identificada no plano de expropria\u00e7\u00f5es para a futura liga\u00e7\u00e3o ferrovi\u00e1ria de alta velocidade entre Lisboa e Madrid. A \u00e1rea total a expropriar \u00e9 equivalente a 30 campos de futebol, segundo o jornal Neg\u00f3cios, com base num despacho publicado no in\u00edcio de mar\u00e7o no Di\u00e1rio da Rep\u00fablica. A expropria\u00e7\u00e3o visa permitir a liga\u00e7\u00e3o entre Poceir\u00e3o e Bombel, no tra\u00e7ado da linha de alta velocidade. A informa\u00e7\u00e3o foi veiculada pela imprensa com base no despacho oficial publicado no Di\u00e1rio da Rep\u00fablica.\" \/>\n<meta property=\"og:url\" content=\"https:\/\/portaltela.pt\/noticias\/2026\/03\/26\/alta-velocidade-danifica-vinhas-em-palmela\/\" \/>\n<meta property=\"og:site_name\" content=\"Portal Tela Portugal\" \/>\n<meta property=\"article:published_time\" content=\"2026-03-27T01:30:00+00:00\" \/>\n<meta name=\"author\" content=\"Telinha\" \/>\n<meta name=\"twitter:card\" content=\"summary_large_image\" \/>\n<meta name=\"twitter:label1\" content=\"Escrito por\" \/>\n\t<meta name=\"twitter:data1\" content=\"Telinha\" \/>\n\t<meta name=\"twitter:label2\" content=\"Tempo estimado de leitura\" \/>\n\t<meta name=\"twitter:data2\" content=\"1 minuto\" \/>\n<script type=\"application\/ld+json\" class=\"yoast-schema-graph\">{\"@context\":\"https:\/\/schema.org\",\"@graph\":[{\"@type\":\"Article\",\"@id\":\"https:\/\/portaltela.pt\/noticias\/2026\/03\/26\/alta-velocidade-danifica-vinhas-em-palmela\/#article\",\"isPartOf\":{\"@id\":\"https:\/\/portaltela.pt\/noticias\/2026\/03\/26\/alta-velocidade-danifica-vinhas-em-palmela\/\"},\"author\":{\"name\":\"Telinha\",\"@id\":\"https:\/\/portaltela.pt\/#\/schema\/person\/c4278d4a6028830caff9ee44b42d32ed\"},\"headline\":\"Alta velocidade danifica vinhas em Palmela\",\"datePublished\":\"2026-03-27T01:30:00+00:00\",\"mainEntityOfPage\":{\"@id\":\"https:\/\/portaltela.pt\/noticias\/2026\/03\/26\/alta-velocidade-danifica-vinhas-em-palmela\/\"},\"wordCount\":173,\"image\":{\"@id\":\"https:\/\/portaltela.pt\/noticias\/2026\/03\/26\/alta-velocidade-danifica-vinhas-em-palmela\/#primaryimage\"},\"thumbnailUrl\":\"https:\/\/portaltela.pt\/s.01k8rhncp4jt1\/2026\/03\/img_1500x1000uu2023-10-06-16-27-33-1460180.jpg\",\"keywords\":[\"Alentejo\",\"expropria\u00e7\u00f5es\",\"infraestrutura\",\"infraestruturas\",\"Set\u00fabal\",\"vinho\"],\"articleSection\":[\"Economia\",\"Neg\u00f3cios\"],\"inLanguage\":\"pt-PT\"},{\"@type\":\"WebPage\",\"@id\":\"https:\/\/portaltela.pt\/noticias\/2026\/03\/26\/alta-velocidade-danifica-vinhas-em-palmela\/\",\"url\":\"https:\/\/portaltela.pt\/noticias\/2026\/03\/26\/alta-velocidade-danifica-vinhas-em-palmela\/\",\"name\":\"Alta velocidade danifica vinhas em Palmela - Portal Tela Portugal\",\"isPartOf\":{\"@id\":\"https:\/\/portaltela.pt\/#website\"},\"primaryImageOfPage\":{\"@id\":\"https:\/\/portaltela.pt\/noticias\/2026\/03\/26\/alta-velocidade-danifica-vinhas-em-palmela\/#primaryimage\"},\"image\":{\"@id\":\"https:\/\/portaltela.pt\/noticias\/2026\/03\/26\/alta-velocidade-danifica-vinhas-em-palmela\/#primaryimage\"},\"thumbnailUrl\":\"https:\/\/portaltela.pt\/s.01k8rhncp4jt1\/2026\/03\/img_1500x1000uu2023-10-06-16-27-33-1460180.jpg\",\"datePublished\":\"2026-03-27T01:30:00+00:00\",\"author\":{\"@id\":\"https:\/\/portaltela.pt\/#\/schema\/person\/c4278d4a6028830caff9ee44b42d32ed\"},\"breadcrumb\":{\"@id\":\"https:\/\/portaltela.pt\/noticias\/2026\/03\/26\/alta-velocidade-danifica-vinhas-em-palmela\/#breadcrumb\"},\"inLanguage\":\"pt-PT\",\"potentialAction\":[{\"@type\":\"ReadAction\",\"target\":[\"https:\/\/portaltela.pt\/noticias\/2026\/03\/26\/alta-velocidade-danifica-vinhas-em-palmela\/\"]}]},{\"@type\":\"ImageObject\",\"inLanguage\":\"pt-PT\",\"@id\":\"https:\/\/portaltela.pt\/noticias\/2026\/03\/26\/alta-velocidade-danifica-vinhas-em-palmela\/#primaryimage\",\"url\":\"https:\/\/portaltela.pt\/s.01k8rhncp4jt1\/2026\/03\/img_1500x1000uu2023-10-06-16-27-33-1460180.jpg\",\"contentUrl\":\"https:\/\/portaltela.pt\/s.01k8rhncp4jt1\/2026\/03\/img_1500x1000uu2023-10-06-16-27-33-1460180.jpg\",\"width\":796,\"height\":448,\"caption\":\"Casa Ermelinda Freitas\"},{\"@type\":\"BreadcrumbList\",\"@id\":\"https:\/\/portaltela.pt\/noticias\/2026\/03\/26\/alta-velocidade-danifica-vinhas-em-palmela\/#breadcrumb\",\"itemListElement\":[{\"@type\":\"ListItem\",\"position\":1,\"name\":\"In\u00edcio\",\"item\":\"https:\/\/portaltela.pt\/\"},{\"@type\":\"ListItem\",\"position\":2,\"name\":\"Alta velocidade danifica vinhas em Palmela\"}]},{\"@type\":\"WebSite\",\"@id\":\"https:\/\/portaltela.pt\/#website\",\"url\":\"https:\/\/portaltela.pt\/\",\"name\":\"Portal Tela Portugal\",\"description\":\"\",\"potentialAction\":[{\"@type\":\"SearchAction\",\"target\":{\"@type\":\"EntryPoint\",\"urlTemplate\":\"https:\/\/portaltela.pt\/?s={search_term_string}\"},\"query-input\":{\"@type\":\"PropertyValueSpecification\",\"valueRequired\":true,\"valueName\":\"search_term_string\"}}],\"inLanguage\":\"pt-PT\"},{\"@type\":\"Person\",\"@id\":\"https:\/\/portaltela.pt\/#\/schema\/person\/c4278d4a6028830caff9ee44b42d32ed\",\"name\":\"Telinha\",\"image\":{\"@type\":\"ImageObject\",\"inLanguage\":\"pt-PT\",\"@id\":\"https:\/\/portaltela.pt\/s.01k8rhncp4jt1\/2025\/11\/talking-bot-125x125.png\",\"url\":\"https:\/\/portaltela.pt\/s.01k8rhncp4jt1\/2025\/11\/talking-bot-125x125.png\",\"contentUrl\":\"https:\/\/portaltela.pt\/s.01k8rhncp4jt1\/2025\/11\/talking-bot-125x125.png\",\"caption\":\"Telinha\"},\"sameAs\":[\"https:\/\/portaltela.pt\/\"],\"url\":\"https:\/\/portaltela.pt\/por\/367410592786\/\"}]}<\/script>\n<!-- \/ Yoast SEO plugin. -->","yoast_head_json":{"title":"Alta velocidade danifica vinhas em Palmela - Portal Tela Portugal","robots":{"index":"index","follow":"follow","max-snippet":"max-snippet:-1","max-image-preview":"max-image-preview:large","max-video-preview":"max-video-preview:-1"},"og_locale":"pt_PT","og_type":"article","og_title":"Alta velocidade danifica vinhas em Palmela - Portal Tela Portugal","og_description":"O Governo identificou 70 parcelas de terrenos r\u00fasticos e urbanos para expropria\u00e7\u00e3o com car\u00e1ter de urg\u00eancia, no \u00e2mbito da moderniza\u00e7\u00e3o da Linha do Alentejo. Uma parcela da Casa Ermelinda de Freitas est\u00e1 identificada no plano de expropria\u00e7\u00f5es para a futura liga\u00e7\u00e3o ferrovi\u00e1ria de alta velocidade entre Lisboa e Madrid. A \u00e1rea total a expropriar \u00e9 equivalente a 30 campos de futebol, segundo o jornal Neg\u00f3cios, com base num despacho publicado no in\u00edcio de mar\u00e7o no Di\u00e1rio da Rep\u00fablica. A expropria\u00e7\u00e3o visa permitir a liga\u00e7\u00e3o entre Poceir\u00e3o e Bombel, no tra\u00e7ado da linha de alta velocidade. A informa\u00e7\u00e3o foi veiculada pela imprensa com base no despacho oficial publicado no Di\u00e1rio da Rep\u00fablica.","og_url":"https:\/\/portaltela.pt\/noticias\/2026\/03\/26\/alta-velocidade-danifica-vinhas-em-palmela\/","og_site_name":"Portal Tela Portugal","article_published_time":"2026-03-27T01:30:00+00:00","author":"Telinha","twitter_card":"summary_large_image","twitter_misc":{"Escrito por":"Telinha","Tempo estimado de leitura":"1 minuto"},"schema":{"@context":"https:\/\/schema.org","@graph":[{"@type":"Article","@id":"https:\/\/portaltela.pt\/noticias\/2026\/03\/26\/alta-velocidade-danifica-vinhas-em-palmela\/#article","isPartOf":{"@id":"https:\/\/portaltela.pt\/noticias\/2026\/03\/26\/alta-velocidade-danifica-vinhas-em-palmela\/"},"author":{"name":"Telinha","@id":"https:\/\/portaltela.pt\/#\/schema\/person\/c4278d4a6028830caff9ee44b42d32ed"},"headline":"Alta velocidade danifica vinhas em Palmela","datePublished":"2026-03-27T01:30:00+00:00","mainEntityOfPage":{"@id":"https:\/\/portaltela.pt\/noticias\/2026\/03\/26\/alta-velocidade-danifica-vinhas-em-palmela\/"},"wordCount":173,"image":{"@id":"https:\/\/portaltela.pt\/noticias\/2026\/03\/26\/alta-velocidade-danifica-vinhas-em-palmela\/#primaryimage"},"thumbnailUrl":"https:\/\/portaltela.pt\/s.01k8rhncp4jt1\/2026\/03\/img_1500x1000uu2023-10-06-16-27-33-1460180.jpg","keywords":["Alentejo","expropria\u00e7\u00f5es","infraestrutura","infraestruturas","Set\u00fabal","vinho"],"articleSection":["Economia","Neg\u00f3cios"],"inLanguage":"pt-PT"},{"@type":"WebPage","@id":"https:\/\/portaltela.pt\/noticias\/2026\/03\/26\/alta-velocidade-danifica-vinhas-em-palmela\/","url":"https:\/\/portaltela.pt\/noticias\/2026\/03\/26\/alta-velocidade-danifica-vinhas-em-palmela\/","name":"Alta velocidade danifica vinhas em Palmela - Portal Tela Portugal","isPartOf":{"@id":"https:\/\/portaltela.pt\/#website"},"primaryImageOfPage":{"@id":"https:\/\/portaltela.pt\/noticias\/2026\/03\/26\/alta-velocidade-danifica-vinhas-em-palmela\/#primaryimage"},"image":{"@id":"https:\/\/portaltela.pt\/noticias\/2026\/03\/26\/alta-velocidade-danifica-vinhas-em-palmela\/#primaryimage"},"thumbnailUrl":"https:\/\/portaltela.pt\/s.01k8rhncp4jt1\/2026\/03\/img_1500x1000uu2023-10-06-16-27-33-1460180.jpg","datePublished":"2026-03-27T01:30:00+00:00","author":{"@id":"https:\/\/portaltela.pt\/#\/schema\/person\/c4278d4a6028830caff9ee44b42d32ed"},"breadcrumb":{"@id":"https:\/\/portaltela.pt\/noticias\/2026\/03\/26\/alta-velocidade-danifica-vinhas-em-palmela\/#breadcrumb"},"inLanguage":"pt-PT","potentialAction":[{"@type":"ReadAction","target":["https:\/\/portaltela.pt\/noticias\/2026\/03\/26\/alta-velocidade-danifica-vinhas-em-palmela\/"]}]},{"@type":"ImageObject","inLanguage":"pt-PT","@id":"https:\/\/portaltela.pt\/noticias\/2026\/03\/26\/alta-velocidade-danifica-vinhas-em-palmela\/#primaryimage","url":"https:\/\/portaltela.pt\/s.01k8rhncp4jt1\/2026\/03\/img_1500x1000uu2023-10-06-16-27-33-1460180.jpg","contentUrl":"https:\/\/portaltela.pt\/s.01k8rhncp4jt1\/2026\/03\/img_1500x1000uu2023-10-06-16-27-33-1460180.jpg","width":796,"height":448,"caption":"Casa Ermelinda Freitas"},{"@type":"BreadcrumbList","@id":"https:\/\/portaltela.pt\/noticias\/2026\/03\/26\/alta-velocidade-danifica-vinhas-em-palmela\/#breadcrumb","itemListElement":[{"@type":"ListItem","position":1,"name":"In\u00edcio","item":"https:\/\/portaltela.pt\/"},{"@type":"ListItem","position":2,"name":"Alta velocidade danifica vinhas em Palmela"}]},{"@type":"WebSite","@id":"https:\/\/portaltela.pt\/#website","url":"https:\/\/portaltela.pt\/","name":"Portal Tela Portugal","description":"","potentialAction":[{"@type":"SearchAction","target":{"@type":"EntryPoint","urlTemplate":"https:\/\/portaltela.pt\/?s={search_term_string}"},"query-input":{"@type":"PropertyValueSpecification","valueRequired":true,"valueName":"search_term_string"}}],"inLanguage":"pt-PT"},{"@type":"Person","@id":"https:\/\/portaltela.pt\/#\/schema\/person\/c4278d4a6028830caff9ee44b42d32ed","name":"Telinha","image":{"@type":"ImageObject","inLanguage":"pt-PT","@id":"https:\/\/portaltela.pt\/s.01k8rhncp4jt1\/2025\/11\/talking-bot-125x125.png","url":"https:\/\/portaltela.pt\/s.01k8rhncp4jt1\/2025\/11\/talking-bot-125x125.png","contentUrl":"https:\/\/portaltela.pt\/s.01k8rhncp4jt1\/2025\/11\/talking-bot-125x125.png","caption":"Telinha"},"sameAs":["https:\/\/portaltela.pt\/"],"url":"https:\/\/portaltela.pt\/por\/367410592786\/"}]}},"_links":{"self":[{"href":"https:\/\/portaltela.pt\/api\/wp\/v2\/posts\/423116","targetHints":{"allow":["GET"]}}],"collection":[{"href":"https:\/\/portaltela.pt\/api\/wp\/v2\/posts"}],"about":[{"href":"https:\/\/portaltela.pt\/api\/wp\/v2\/types\/post"}],"author":[{"embeddable":true,"href":"https:\/\/portaltela.pt\/api\/wp\/v2\/users\/2"}],"replies":[{"embeddable":true,"href":"https:\/\/portaltela.pt\/api\/wp\/v2\/comments?post=423116"}],"version-history":[{"count":0,"href":"https:\/\/portaltela.pt\/api\/wp\/v2\/posts\/423116\/revisions"}],"wp:featuredmedia":[{"embeddable":true,"href":"https:\/\/portaltela.pt\/api\/wp\/v2\/media\/423131"}],"wp:attachment":[{"href":"https:\/\/portaltela.pt\/api\/wp\/v2\/media?parent=423116"}],"wp:term":[{"taxonomy":"category","embeddable":true,"href":"https:\/\/portaltela.pt\/api\/wp\/v2\/categories?post=423116"},{"taxonomy":"post_tag","embeddable":true,"href":"https:\/\/portaltela.pt\/api\/wp\/v2\/tags?post=423116"}],"curies":[{"name":"wp","href":"https:\/\/api.w.org\/{rel}","templated":true}]}}