{"id":423108,"date":"2026-03-26T22:30:00","date_gmt":"2026-03-27T01:30:00","guid":{"rendered":"https:\/\/portaltela.pt\/noticias\/2026\/03\/26\/claudio-ramos-comenta-afastamento-dos-reality-shows-da-tvi\/"},"modified":"2026-03-26T22:30:00","modified_gmt":"2026-03-27T01:30:00","slug":"claudio-ramos-comenta-afastamento-dos-reality-shows-da-tvi","status":"publish","type":"post","link":"https:\/\/portaltela.pt\/entretenimento\/2026\/03\/26\/claudio-ramos-comenta-afastamento-dos-reality-shows-da-tvi\/","title":{"rendered":"Cl\u00e1udio Ramos comenta afastamento dos reality shows da TVI"},"content":{"rendered":"<p>Numa entrevista ao programa Boa Onda, Cl\u00e1udio Ramos esclareceu a situa\u00e7\u00e3o atual da sua carreira. O apresentador falou sobre o afastamento dos reality shows da TVI e sobre as suas ambi\u00e7\u00f5es na televis\u00e3o, assim como sobre o seu novo livro.<\/p>\n<p>Quase um ano depois de ter conduzido o Big Brother, Ramos continua afastado dos formatos de maior audi\u00eancia desde o ver\u00e3o de 2025. Enquadrou a pausa como um per\u00edodo de tranquilidade, satisfa\u00e7\u00e3o pessoal e maior disponibilidade de tempo.<\/p>\n<p>Apesar da pausa, o apresentador n\u00e3o descartou colabora\u00e7\u00f5es com a TVI. Refere manter-se aberto a propostas da esta\u00e7\u00e3o, sem se definir de forma definitiva como soldado da carreira da casa.<\/p>\n<p>No di\u00e1logo com o p\u00fablico, transmitiu ainda que pretende continuar ativo no meio televisivo atrav\u00e9s de novos projetos. N\u00e3o especificou datas, apenas apontou que as oportunidades surgem conforme surgem, sem pressa para voltar a uma presen\u00e7a constante em reality shows.<\/p>\n","protected":false},"excerpt":{"rendered":"<ul>\n<li>Cl\u00e1udio Ramos, afastado dos reality shows da TVI desde o ver\u00e3o de 2025, mant\u00e9m-se tranquilo, feliz e com mais tempo.<\/li>\n<li>Em entrevista \u00e0 Boa Onda, o apresentador falou sobre as suas ambi\u00e7\u00f5es na televis\u00e3o e sobre o seu novo livro.<\/li>\n<li>Quase um ano ap\u00f3s apresentar o Big Brother, ele continua dispon\u00edvel para responder a chamadas da TVI.<\/li>\n<li>O Galaxy dele n\u00e3o se assume como um \u201csoldado da esta\u00e7\u00e3o\u201d.<\/li>\n<li>O conte\u00fado menciona ainda o seu afastamento e as perspetivas futuras no meio televisivo.<\/li>\n<\/ul>\n","protected":false},"author":2,"featured_media":423126,"comment_status":"closed","ping_status":"closed","sticky":false,"template":"","format":"standard","meta":{"footnotes":""},"categories":[6675,12],"tags":[5957,6101,78,130,5661,7096],"class_list":["post-423108","post","type-post","status-publish","format-standard","has-post-thumbnail","hentry","category-celebridades","category-entretenimento","tag-apresentadores","tag-entrevistas","tag-famosos","tag-livros","tag-pessoas-publicas","tag-projetos"],"yoast_head":"<!-- This site is optimized with the Yoast SEO plugin v27.2 - https:\/\/yoast.com\/product\/yoast-seo-wordpress\/ -->\n<title>Cl\u00e1udio Ramos comenta afastamento dos reality shows da TVI - Portal Tela Portugal<\/title>\n<meta name=\"robots\" content=\"index, follow, max-snippet:-1, max-image-preview:large, max-video-preview:-1\" \/>\n<meta property=\"og:locale\" content=\"pt_PT\" \/>\n<meta property=\"og:type\" content=\"article\" \/>\n<meta property=\"og:title\" content=\"Cl\u00e1udio Ramos comenta afastamento dos reality shows da TVI - Portal Tela Portugal\" \/>\n<meta property=\"og:description\" content=\"Cl\u00e1udio Ramos, afastado dos reality shows da TVI desde o ver\u00e3o de 2025, mant\u00e9m-se tranquilo, feliz e com mais tempo. Em entrevista \u00e0 Boa Onda, o apresentador falou sobre as suas ambi\u00e7\u00f5es na televis\u00e3o e sobre o seu novo livro. Quase um ano ap\u00f3s apresentar o Big Brother, ele continua dispon\u00edvel para responder a chamadas da TVI. O Galaxy dele n\u00e3o se assume como um \u201csoldado da esta\u00e7\u00e3o\u201d. O conte\u00fado menciona ainda o seu afastamento e as perspetivas futuras no meio televisivo.\" \/>\n<meta property=\"og:url\" content=\"https:\/\/portaltela.pt\/noticias\/2026\/03\/26\/claudio-ramos-comenta-afastamento-dos-reality-shows-da-tvi\/\" \/>\n<meta property=\"og:site_name\" content=\"Portal Tela Portugal\" \/>\n<meta property=\"article:published_time\" content=\"2026-03-27T01:30:00+00:00\" \/>\n<meta name=\"author\" content=\"Telinha\" \/>\n<meta name=\"twitter:card\" content=\"summary_large_image\" \/>\n<meta name=\"twitter:label1\" content=\"Escrito por\" \/>\n\t<meta name=\"twitter:data1\" content=\"Telinha\" \/>\n\t<meta name=\"twitter:label2\" content=\"Tempo estimado de leitura\" \/>\n\t<meta name=\"twitter:data2\" content=\"1 minuto\" \/>\n<script type=\"application\/ld+json\" class=\"yoast-schema-graph\">{\"@context\":\"https:\/\/schema.org\",\"@graph\":[{\"@type\":\"Article\",\"@id\":\"https:\/\/portaltela.pt\/noticias\/2026\/03\/26\/claudio-ramos-comenta-afastamento-dos-reality-shows-da-tvi\/#article\",\"isPartOf\":{\"@id\":\"https:\/\/portaltela.pt\/noticias\/2026\/03\/26\/claudio-ramos-comenta-afastamento-dos-reality-shows-da-tvi\/\"},\"author\":{\"name\":\"Telinha\",\"@id\":\"https:\/\/portaltela.pt\/#\/schema\/person\/c4278d4a6028830caff9ee44b42d32ed\"},\"headline\":\"Cl\u00e1udio Ramos comenta afastamento dos reality shows da TVI\",\"datePublished\":\"2026-03-27T01:30:00+00:00\",\"mainEntityOfPage\":{\"@id\":\"https:\/\/portaltela.pt\/noticias\/2026\/03\/26\/claudio-ramos-comenta-afastamento-dos-reality-shows-da-tvi\/\"},\"wordCount\":173,\"image\":{\"@id\":\"https:\/\/portaltela.pt\/noticias\/2026\/03\/26\/claudio-ramos-comenta-afastamento-dos-reality-shows-da-tvi\/#primaryimage\"},\"thumbnailUrl\":\"https:\/\/portaltela.pt\/s.01k8rhncp4jt1\/2026\/03\/img_1500x1000uu2026-03-04-13-19-56-2270341-im-639100727333706426.jpg\",\"keywords\":[\"apresentadores\",\"entrevistas\",\"famosos\",\"livros\",\"pessoas p\u00fablicas\",\"projetos\"],\"articleSection\":[\"Celebridades\",\"Entretenimento\"],\"inLanguage\":\"pt-PT\"},{\"@type\":\"WebPage\",\"@id\":\"https:\/\/portaltela.pt\/noticias\/2026\/03\/26\/claudio-ramos-comenta-afastamento-dos-reality-shows-da-tvi\/\",\"url\":\"https:\/\/portaltela.pt\/noticias\/2026\/03\/26\/claudio-ramos-comenta-afastamento-dos-reality-shows-da-tvi\/\",\"name\":\"Cl\u00e1udio Ramos comenta afastamento dos reality shows da TVI - Portal Tela Portugal\",\"isPartOf\":{\"@id\":\"https:\/\/portaltela.pt\/#website\"},\"primaryImageOfPage\":{\"@id\":\"https:\/\/portaltela.pt\/noticias\/2026\/03\/26\/claudio-ramos-comenta-afastamento-dos-reality-shows-da-tvi\/#primaryimage\"},\"image\":{\"@id\":\"https:\/\/portaltela.pt\/noticias\/2026\/03\/26\/claudio-ramos-comenta-afastamento-dos-reality-shows-da-tvi\/#primaryimage\"},\"thumbnailUrl\":\"https:\/\/portaltela.pt\/s.01k8rhncp4jt1\/2026\/03\/img_1500x1000uu2026-03-04-13-19-56-2270341-im-639100727333706426.jpg\",\"datePublished\":\"2026-03-27T01:30:00+00:00\",\"author\":{\"@id\":\"https:\/\/portaltela.pt\/#\/schema\/person\/c4278d4a6028830caff9ee44b42d32ed\"},\"breadcrumb\":{\"@id\":\"https:\/\/portaltela.pt\/noticias\/2026\/03\/26\/claudio-ramos-comenta-afastamento-dos-reality-shows-da-tvi\/#breadcrumb\"},\"inLanguage\":\"pt-PT\",\"potentialAction\":[{\"@type\":\"ReadAction\",\"target\":[\"https:\/\/portaltela.pt\/noticias\/2026\/03\/26\/claudio-ramos-comenta-afastamento-dos-reality-shows-da-tvi\/\"]}]},{\"@type\":\"ImageObject\",\"inLanguage\":\"pt-PT\",\"@id\":\"https:\/\/portaltela.pt\/noticias\/2026\/03\/26\/claudio-ramos-comenta-afastamento-dos-reality-shows-da-tvi\/#primaryimage\",\"url\":\"https:\/\/portaltela.pt\/s.01k8rhncp4jt1\/2026\/03\/img_1500x1000uu2026-03-04-13-19-56-2270341-im-639100727333706426.jpg\",\"contentUrl\":\"https:\/\/portaltela.pt\/s.01k8rhncp4jt1\/2026\/03\/img_1500x1000uu2026-03-04-13-19-56-2270341-im-639100727333706426.jpg\",\"width\":796,\"height\":448,\"caption\":\"Cl\u00e1udio Ramos\"},{\"@type\":\"BreadcrumbList\",\"@id\":\"https:\/\/portaltela.pt\/noticias\/2026\/03\/26\/claudio-ramos-comenta-afastamento-dos-reality-shows-da-tvi\/#breadcrumb\",\"itemListElement\":[{\"@type\":\"ListItem\",\"position\":1,\"name\":\"In\u00edcio\",\"item\":\"https:\/\/portaltela.pt\/\"},{\"@type\":\"ListItem\",\"position\":2,\"name\":\"Cl\u00e1udio Ramos comenta afastamento dos reality shows da TVI\"}]},{\"@type\":\"WebSite\",\"@id\":\"https:\/\/portaltela.pt\/#website\",\"url\":\"https:\/\/portaltela.pt\/\",\"name\":\"Portal Tela Portugal\",\"description\":\"\",\"potentialAction\":[{\"@type\":\"SearchAction\",\"target\":{\"@type\":\"EntryPoint\",\"urlTemplate\":\"https:\/\/portaltela.pt\/?s={search_term_string}\"},\"query-input\":{\"@type\":\"PropertyValueSpecification\",\"valueRequired\":true,\"valueName\":\"search_term_string\"}}],\"inLanguage\":\"pt-PT\"},{\"@type\":\"Person\",\"@id\":\"https:\/\/portaltela.pt\/#\/schema\/person\/c4278d4a6028830caff9ee44b42d32ed\",\"name\":\"Telinha\",\"image\":{\"@type\":\"ImageObject\",\"inLanguage\":\"pt-PT\",\"@id\":\"https:\/\/portaltela.pt\/s.01k8rhncp4jt1\/2025\/11\/talking-bot-125x125.png\",\"url\":\"https:\/\/portaltela.pt\/s.01k8rhncp4jt1\/2025\/11\/talking-bot-125x125.png\",\"contentUrl\":\"https:\/\/portaltela.pt\/s.01k8rhncp4jt1\/2025\/11\/talking-bot-125x125.png\",\"caption\":\"Telinha\"},\"sameAs\":[\"https:\/\/portaltela.pt\/\"],\"url\":\"https:\/\/portaltela.pt\/por\/367410592786\/\"}]}<\/script>\n<!-- \/ Yoast SEO plugin. -->","yoast_head_json":{"title":"Cl\u00e1udio Ramos comenta afastamento dos reality shows da TVI - Portal Tela Portugal","robots":{"index":"index","follow":"follow","max-snippet":"max-snippet:-1","max-image-preview":"max-image-preview:large","max-video-preview":"max-video-preview:-1"},"og_locale":"pt_PT","og_type":"article","og_title":"Cl\u00e1udio Ramos comenta afastamento dos reality shows da TVI - Portal Tela Portugal","og_description":"Cl\u00e1udio Ramos, afastado dos reality shows da TVI desde o ver\u00e3o de 2025, mant\u00e9m-se tranquilo, feliz e com mais tempo. Em entrevista \u00e0 Boa Onda, o apresentador falou sobre as suas ambi\u00e7\u00f5es na televis\u00e3o e sobre o seu novo livro. Quase um ano ap\u00f3s apresentar o Big Brother, ele continua dispon\u00edvel para responder a chamadas da TVI. O Galaxy dele n\u00e3o se assume como um \u201csoldado da esta\u00e7\u00e3o\u201d. O conte\u00fado menciona ainda o seu afastamento e as perspetivas futuras no meio televisivo.","og_url":"https:\/\/portaltela.pt\/noticias\/2026\/03\/26\/claudio-ramos-comenta-afastamento-dos-reality-shows-da-tvi\/","og_site_name":"Portal Tela Portugal","article_published_time":"2026-03-27T01:30:00+00:00","author":"Telinha","twitter_card":"summary_large_image","twitter_misc":{"Escrito por":"Telinha","Tempo estimado de leitura":"1 minuto"},"schema":{"@context":"https:\/\/schema.org","@graph":[{"@type":"Article","@id":"https:\/\/portaltela.pt\/noticias\/2026\/03\/26\/claudio-ramos-comenta-afastamento-dos-reality-shows-da-tvi\/#article","isPartOf":{"@id":"https:\/\/portaltela.pt\/noticias\/2026\/03\/26\/claudio-ramos-comenta-afastamento-dos-reality-shows-da-tvi\/"},"author":{"name":"Telinha","@id":"https:\/\/portaltela.pt\/#\/schema\/person\/c4278d4a6028830caff9ee44b42d32ed"},"headline":"Cl\u00e1udio Ramos comenta afastamento dos reality shows da TVI","datePublished":"2026-03-27T01:30:00+00:00","mainEntityOfPage":{"@id":"https:\/\/portaltela.pt\/noticias\/2026\/03\/26\/claudio-ramos-comenta-afastamento-dos-reality-shows-da-tvi\/"},"wordCount":173,"image":{"@id":"https:\/\/portaltela.pt\/noticias\/2026\/03\/26\/claudio-ramos-comenta-afastamento-dos-reality-shows-da-tvi\/#primaryimage"},"thumbnailUrl":"https:\/\/portaltela.pt\/s.01k8rhncp4jt1\/2026\/03\/img_1500x1000uu2026-03-04-13-19-56-2270341-im-639100727333706426.jpg","keywords":["apresentadores","entrevistas","famosos","livros","pessoas p\u00fablicas","projetos"],"articleSection":["Celebridades","Entretenimento"],"inLanguage":"pt-PT"},{"@type":"WebPage","@id":"https:\/\/portaltela.pt\/noticias\/2026\/03\/26\/claudio-ramos-comenta-afastamento-dos-reality-shows-da-tvi\/","url":"https:\/\/portaltela.pt\/noticias\/2026\/03\/26\/claudio-ramos-comenta-afastamento-dos-reality-shows-da-tvi\/","name":"Cl\u00e1udio Ramos comenta afastamento dos reality shows da TVI - Portal Tela Portugal","isPartOf":{"@id":"https:\/\/portaltela.pt\/#website"},"primaryImageOfPage":{"@id":"https:\/\/portaltela.pt\/noticias\/2026\/03\/26\/claudio-ramos-comenta-afastamento-dos-reality-shows-da-tvi\/#primaryimage"},"image":{"@id":"https:\/\/portaltela.pt\/noticias\/2026\/03\/26\/claudio-ramos-comenta-afastamento-dos-reality-shows-da-tvi\/#primaryimage"},"thumbnailUrl":"https:\/\/portaltela.pt\/s.01k8rhncp4jt1\/2026\/03\/img_1500x1000uu2026-03-04-13-19-56-2270341-im-639100727333706426.jpg","datePublished":"2026-03-27T01:30:00+00:00","author":{"@id":"https:\/\/portaltela.pt\/#\/schema\/person\/c4278d4a6028830caff9ee44b42d32ed"},"breadcrumb":{"@id":"https:\/\/portaltela.pt\/noticias\/2026\/03\/26\/claudio-ramos-comenta-afastamento-dos-reality-shows-da-tvi\/#breadcrumb"},"inLanguage":"pt-PT","potentialAction":[{"@type":"ReadAction","target":["https:\/\/portaltela.pt\/noticias\/2026\/03\/26\/claudio-ramos-comenta-afastamento-dos-reality-shows-da-tvi\/"]}]},{"@type":"ImageObject","inLanguage":"pt-PT","@id":"https:\/\/portaltela.pt\/noticias\/2026\/03\/26\/claudio-ramos-comenta-afastamento-dos-reality-shows-da-tvi\/#primaryimage","url":"https:\/\/portaltela.pt\/s.01k8rhncp4jt1\/2026\/03\/img_1500x1000uu2026-03-04-13-19-56-2270341-im-639100727333706426.jpg","contentUrl":"https:\/\/portaltela.pt\/s.01k8rhncp4jt1\/2026\/03\/img_1500x1000uu2026-03-04-13-19-56-2270341-im-639100727333706426.jpg","width":796,"height":448,"caption":"Cl\u00e1udio Ramos"},{"@type":"BreadcrumbList","@id":"https:\/\/portaltela.pt\/noticias\/2026\/03\/26\/claudio-ramos-comenta-afastamento-dos-reality-shows-da-tvi\/#breadcrumb","itemListElement":[{"@type":"ListItem","position":1,"name":"In\u00edcio","item":"https:\/\/portaltela.pt\/"},{"@type":"ListItem","position":2,"name":"Cl\u00e1udio Ramos comenta afastamento dos reality shows da TVI"}]},{"@type":"WebSite","@id":"https:\/\/portaltela.pt\/#website","url":"https:\/\/portaltela.pt\/","name":"Portal Tela Portugal","description":"","potentialAction":[{"@type":"SearchAction","target":{"@type":"EntryPoint","urlTemplate":"https:\/\/portaltela.pt\/?s={search_term_string}"},"query-input":{"@type":"PropertyValueSpecification","valueRequired":true,"valueName":"search_term_string"}}],"inLanguage":"pt-PT"},{"@type":"Person","@id":"https:\/\/portaltela.pt\/#\/schema\/person\/c4278d4a6028830caff9ee44b42d32ed","name":"Telinha","image":{"@type":"ImageObject","inLanguage":"pt-PT","@id":"https:\/\/portaltela.pt\/s.01k8rhncp4jt1\/2025\/11\/talking-bot-125x125.png","url":"https:\/\/portaltela.pt\/s.01k8rhncp4jt1\/2025\/11\/talking-bot-125x125.png","contentUrl":"https:\/\/portaltela.pt\/s.01k8rhncp4jt1\/2025\/11\/talking-bot-125x125.png","caption":"Telinha"},"sameAs":["https:\/\/portaltela.pt\/"],"url":"https:\/\/portaltela.pt\/por\/367410592786\/"}]}},"_links":{"self":[{"href":"https:\/\/portaltela.pt\/api\/wp\/v2\/posts\/423108","targetHints":{"allow":["GET"]}}],"collection":[{"href":"https:\/\/portaltela.pt\/api\/wp\/v2\/posts"}],"about":[{"href":"https:\/\/portaltela.pt\/api\/wp\/v2\/types\/post"}],"author":[{"embeddable":true,"href":"https:\/\/portaltela.pt\/api\/wp\/v2\/users\/2"}],"replies":[{"embeddable":true,"href":"https:\/\/portaltela.pt\/api\/wp\/v2\/comments?post=423108"}],"version-history":[{"count":0,"href":"https:\/\/portaltela.pt\/api\/wp\/v2\/posts\/423108\/revisions"}],"wp:featuredmedia":[{"embeddable":true,"href":"https:\/\/portaltela.pt\/api\/wp\/v2\/media\/423126"}],"wp:attachment":[{"href":"https:\/\/portaltela.pt\/api\/wp\/v2\/media?parent=423108"}],"wp:term":[{"taxonomy":"category","embeddable":true,"href":"https:\/\/portaltela.pt\/api\/wp\/v2\/categories?post=423108"},{"taxonomy":"post_tag","embeddable":true,"href":"https:\/\/portaltela.pt\/api\/wp\/v2\/tags?post=423108"}],"curies":[{"name":"wp","href":"https:\/\/api.w.org\/{rel}","templated":true}]}}