{"id":423085,"date":"2026-03-26T21:15:00","date_gmt":"2026-03-27T00:15:00","guid":{"rendered":"https:\/\/portaltela.pt\/noticias\/2026\/03\/26\/dia-mundial-do-teatro-2026-celebracao-e-mensagem-de-willem-dafoe\/"},"modified":"2026-03-26T21:15:00","modified_gmt":"2026-03-27T00:15:00","slug":"dia-mundial-do-teatro-2026-celebracao-e-mensagem-de-willem-dafoe","status":"publish","type":"post","link":"https:\/\/portaltela.pt\/lazer\/2026\/03\/26\/dia-mundial-do-teatro-2026-celebracao-e-mensagem-de-willem-dafoe\/","title":{"rendered":"Dia Mundial do Teatro 2026: celebra\u00e7\u00e3o e mensagem de Willem Dafoe"},"content":{"rendered":"<p>O Dia Mundial do Teatro 2026 assinala a produ\u00e7\u00e3o de palco a 27 de mar\u00e7o, em todo o mundo. A data celebra a arte que transforma hist\u00f3rias em experi\u00eancias para o p\u00fablico, com v\u00e1rias iniciativas e espet\u00e1culos.<\/p>\n<p>Desde tempos remotos, o teatro acompanha a evolu\u00e7\u00e3o humana. Da Gr\u00e9cia Antiga \u00e0s encena\u00e7\u00f5es contempor\u00e2neas, a arte de representar continua a explorar a condi\u00e7\u00e3o humana e a criar espa\u00e7os de reflex\u00e3o.<\/p>\n<p>O Dia Mundial do Teatro foi institu\u00eddo em 1962 pelo Instituto Internacional de Teatro (ITI). A data tornou-se uma celebra\u00e7\u00e3o global com espet\u00e1culos, muitas vezes gratuitos, e iniciativas de reconhecimento da arte teatral.<\/p>\n<h3>A mensagem de 2026<\/h3>\n<p>Este ano, Willem Dafoe escreve a reflex\u00e3o oficial do Dia Mundial do Teatro. O texto destaca a import\u00e2ncia do teatro para entender a identidade individual e o mundo, especialmente num tempo de isolamento digital e polariza\u00e7\u00e3o social.<\/p>\n<h3>Celebra\u00e7\u00e3o em Portugal<\/h3>\n<p>Em Portugal, a data \u00e9 marcada por v\u00e1rias iniciativas e espet\u00e1culos de norte a sul. O p\u00fablico \u00e9 convidado a participar, seja na plateia, seja nos bastidores, para valorizar o teatro local.<\/p>\n","protected":false},"excerpt":{"rendered":"<ul>\n<li>O Dia Mundial do Teatro celebra-se a 27 de mar\u00e7o e destaca o papel do teatro na reflex\u00e3o, na partilha e na presen\u00e7a do p\u00fablico.<\/li>\n<li>O ITI (Instituto Internacional de Teatro) criou a data em 1962, que desde ent\u00e3o \u00e9 assinalada mundialmente com espet\u00e1culos e iniciativas gratuitas em muitas salas.<\/li>\n<li>A mensagem de 2026 foi escrita pelo ator e encenador Willem Dafoe, convidado pelo ITI para partilhar uma reflex\u00e3o sobre o papel do teatro.<\/li>\n<li>Dafoe salienta a relev\u00e2ncia do teatro para compreender a n\u00f3s pr\u00f3prios e o mundo, num contexto de isolamento mediado por ecr\u00e3s e redes sociais e de polariza\u00e7\u00e3o social e pol\u00edtica.<\/li>\n<li>Em Portugal h\u00e1 diversas iniciativas e espet\u00e1culos para celebrar a data, de norte a sul, convidando o p\u00fablico a entrar em hist\u00f3rias que induzam pensamento.<\/li>\n<\/ul>\n","protected":false},"author":2,"featured_media":423086,"comment_status":"closed","ping_status":"closed","sticky":false,"template":"","format":"standard","meta":{"footnotes":""},"categories":[7375,7381],"tags":[145,2116,3731,4366,1014,119],"class_list":["post-423085","post","type-post","status-publish","format-standard","has-post-thumbnail","hentry","category-cultura","category-lazer","tag-cultura","tag-espetaculos","tag-eventos","tag-personalidades-internacionais","tag-portugal","tag-teatro"],"yoast_head":"<!-- This site is optimized with the Yoast SEO plugin v27.2 - https:\/\/yoast.com\/product\/yoast-seo-wordpress\/ -->\n<title>Dia Mundial do Teatro 2026: celebra\u00e7\u00e3o e mensagem de Willem Dafoe - Portal Tela Portugal<\/title>\n<meta name=\"robots\" content=\"index, follow, max-snippet:-1, max-image-preview:large, max-video-preview:-1\" \/>\n<meta property=\"og:locale\" content=\"pt_PT\" \/>\n<meta property=\"og:type\" content=\"article\" \/>\n<meta property=\"og:title\" content=\"Dia Mundial do Teatro 2026: celebra\u00e7\u00e3o e mensagem de Willem Dafoe - Portal Tela Portugal\" \/>\n<meta property=\"og:description\" content=\"O Dia Mundial do Teatro celebra-se a 27 de mar\u00e7o e destaca o papel do teatro na reflex\u00e3o, na partilha e na presen\u00e7a do p\u00fablico. O ITI (Instituto Internacional de Teatro) criou a data em 1962, que desde ent\u00e3o \u00e9 assinalada mundialmente com espet\u00e1culos e iniciativas gratuitas em muitas salas. A mensagem de 2026 foi escrita pelo ator e encenador Willem Dafoe, convidado pelo ITI para partilhar uma reflex\u00e3o sobre o papel do teatro. Dafoe salienta a relev\u00e2ncia do teatro para compreender a n\u00f3s pr\u00f3prios e o mundo, num contexto de isolamento mediado por ecr\u00e3s e redes sociais e de polariza\u00e7\u00e3o social e pol\u00edtica. Em Portugal h\u00e1 diversas iniciativas e espet\u00e1culos para celebrar a data, de norte a sul, convidando o p\u00fablico a entrar em hist\u00f3rias que induzam pensamento.\" \/>\n<meta property=\"og:url\" content=\"https:\/\/portaltela.pt\/noticias\/2026\/03\/26\/dia-mundial-do-teatro-2026-celebracao-e-mensagem-de-willem-dafoe\/\" \/>\n<meta property=\"og:site_name\" content=\"Portal Tela Portugal\" \/>\n<meta property=\"article:published_time\" content=\"2026-03-27T00:15:00+00:00\" \/>\n<meta name=\"author\" content=\"Telinha\" \/>\n<meta name=\"twitter:card\" content=\"summary_large_image\" \/>\n<meta name=\"twitter:label1\" content=\"Escrito por\" \/>\n\t<meta name=\"twitter:data1\" content=\"Telinha\" \/>\n\t<meta name=\"twitter:label2\" content=\"Tempo estimado de leitura\" \/>\n\t<meta name=\"twitter:data2\" content=\"1 minuto\" \/>\n<script type=\"application\/ld+json\" class=\"yoast-schema-graph\">{\"@context\":\"https:\/\/schema.org\",\"@graph\":[{\"@type\":\"Article\",\"@id\":\"https:\/\/portaltela.pt\/noticias\/2026\/03\/26\/dia-mundial-do-teatro-2026-celebracao-e-mensagem-de-willem-dafoe\/#article\",\"isPartOf\":{\"@id\":\"https:\/\/portaltela.pt\/noticias\/2026\/03\/26\/dia-mundial-do-teatro-2026-celebracao-e-mensagem-de-willem-dafoe\/\"},\"author\":{\"name\":\"Telinha\",\"@id\":\"https:\/\/portaltela.pt\/#\/schema\/person\/c4278d4a6028830caff9ee44b42d32ed\"},\"headline\":\"Dia Mundial do Teatro 2026: celebra\u00e7\u00e3o e mensagem de Willem Dafoe\",\"datePublished\":\"2026-03-27T00:15:00+00:00\",\"mainEntityOfPage\":{\"@id\":\"https:\/\/portaltela.pt\/noticias\/2026\/03\/26\/dia-mundial-do-teatro-2026-celebracao-e-mensagem-de-willem-dafoe\/\"},\"wordCount\":206,\"image\":{\"@id\":\"https:\/\/portaltela.pt\/noticias\/2026\/03\/26\/dia-mundial-do-teatro-2026-celebracao-e-mensagem-de-willem-dafoe\/#primaryimage\"},\"thumbnailUrl\":\"https:\/\/portaltela.pt\/s.01k8rhncp4jt1\/2026\/03\/2077022.jpg\",\"keywords\":[\"cultura\",\"espet\u00e1culos\",\"eventos\",\"personalidades internacionais\",\"Portugal\",\"teatro\"],\"articleSection\":[\"Cultura\",\"Lazer\"],\"inLanguage\":\"pt-PT\"},{\"@type\":\"WebPage\",\"@id\":\"https:\/\/portaltela.pt\/noticias\/2026\/03\/26\/dia-mundial-do-teatro-2026-celebracao-e-mensagem-de-willem-dafoe\/\",\"url\":\"https:\/\/portaltela.pt\/noticias\/2026\/03\/26\/dia-mundial-do-teatro-2026-celebracao-e-mensagem-de-willem-dafoe\/\",\"name\":\"Dia Mundial do Teatro 2026: celebra\u00e7\u00e3o e mensagem de Willem Dafoe - Portal Tela Portugal\",\"isPartOf\":{\"@id\":\"https:\/\/portaltela.pt\/#website\"},\"primaryImageOfPage\":{\"@id\":\"https:\/\/portaltela.pt\/noticias\/2026\/03\/26\/dia-mundial-do-teatro-2026-celebracao-e-mensagem-de-willem-dafoe\/#primaryimage\"},\"image\":{\"@id\":\"https:\/\/portaltela.pt\/noticias\/2026\/03\/26\/dia-mundial-do-teatro-2026-celebracao-e-mensagem-de-willem-dafoe\/#primaryimage\"},\"thumbnailUrl\":\"https:\/\/portaltela.pt\/s.01k8rhncp4jt1\/2026\/03\/2077022.jpg\",\"datePublished\":\"2026-03-27T00:15:00+00:00\",\"author\":{\"@id\":\"https:\/\/portaltela.pt\/#\/schema\/person\/c4278d4a6028830caff9ee44b42d32ed\"},\"breadcrumb\":{\"@id\":\"https:\/\/portaltela.pt\/noticias\/2026\/03\/26\/dia-mundial-do-teatro-2026-celebracao-e-mensagem-de-willem-dafoe\/#breadcrumb\"},\"inLanguage\":\"pt-PT\",\"potentialAction\":[{\"@type\":\"ReadAction\",\"target\":[\"https:\/\/portaltela.pt\/noticias\/2026\/03\/26\/dia-mundial-do-teatro-2026-celebracao-e-mensagem-de-willem-dafoe\/\"]}]},{\"@type\":\"ImageObject\",\"inLanguage\":\"pt-PT\",\"@id\":\"https:\/\/portaltela.pt\/noticias\/2026\/03\/26\/dia-mundial-do-teatro-2026-celebracao-e-mensagem-de-willem-dafoe\/#primaryimage\",\"url\":\"https:\/\/portaltela.pt\/s.01k8rhncp4jt1\/2026\/03\/2077022.jpg\",\"contentUrl\":\"https:\/\/portaltela.pt\/s.01k8rhncp4jt1\/2026\/03\/2077022.jpg\",\"width\":796,\"height\":448,\"caption\":\"Photo\"},{\"@type\":\"BreadcrumbList\",\"@id\":\"https:\/\/portaltela.pt\/noticias\/2026\/03\/26\/dia-mundial-do-teatro-2026-celebracao-e-mensagem-de-willem-dafoe\/#breadcrumb\",\"itemListElement\":[{\"@type\":\"ListItem\",\"position\":1,\"name\":\"In\u00edcio\",\"item\":\"https:\/\/portaltela.pt\/\"},{\"@type\":\"ListItem\",\"position\":2,\"name\":\"Dia Mundial do Teatro 2026: celebra\u00e7\u00e3o e mensagem de Willem Dafoe\"}]},{\"@type\":\"WebSite\",\"@id\":\"https:\/\/portaltela.pt\/#website\",\"url\":\"https:\/\/portaltela.pt\/\",\"name\":\"Portal Tela Portugal\",\"description\":\"\",\"potentialAction\":[{\"@type\":\"SearchAction\",\"target\":{\"@type\":\"EntryPoint\",\"urlTemplate\":\"https:\/\/portaltela.pt\/?s={search_term_string}\"},\"query-input\":{\"@type\":\"PropertyValueSpecification\",\"valueRequired\":true,\"valueName\":\"search_term_string\"}}],\"inLanguage\":\"pt-PT\"},{\"@type\":\"Person\",\"@id\":\"https:\/\/portaltela.pt\/#\/schema\/person\/c4278d4a6028830caff9ee44b42d32ed\",\"name\":\"Telinha\",\"image\":{\"@type\":\"ImageObject\",\"inLanguage\":\"pt-PT\",\"@id\":\"https:\/\/portaltela.pt\/s.01k8rhncp4jt1\/2025\/11\/talking-bot-125x125.png\",\"url\":\"https:\/\/portaltela.pt\/s.01k8rhncp4jt1\/2025\/11\/talking-bot-125x125.png\",\"contentUrl\":\"https:\/\/portaltela.pt\/s.01k8rhncp4jt1\/2025\/11\/talking-bot-125x125.png\",\"caption\":\"Telinha\"},\"sameAs\":[\"https:\/\/portaltela.pt\/\"],\"url\":\"https:\/\/portaltela.pt\/por\/367410592786\/\"}]}<\/script>\n<!-- \/ Yoast SEO plugin. -->","yoast_head_json":{"title":"Dia Mundial do Teatro 2026: celebra\u00e7\u00e3o e mensagem de Willem Dafoe - Portal Tela Portugal","robots":{"index":"index","follow":"follow","max-snippet":"max-snippet:-1","max-image-preview":"max-image-preview:large","max-video-preview":"max-video-preview:-1"},"og_locale":"pt_PT","og_type":"article","og_title":"Dia Mundial do Teatro 2026: celebra\u00e7\u00e3o e mensagem de Willem Dafoe - Portal Tela Portugal","og_description":"O Dia Mundial do Teatro celebra-se a 27 de mar\u00e7o e destaca o papel do teatro na reflex\u00e3o, na partilha e na presen\u00e7a do p\u00fablico. O ITI (Instituto Internacional de Teatro) criou a data em 1962, que desde ent\u00e3o \u00e9 assinalada mundialmente com espet\u00e1culos e iniciativas gratuitas em muitas salas. A mensagem de 2026 foi escrita pelo ator e encenador Willem Dafoe, convidado pelo ITI para partilhar uma reflex\u00e3o sobre o papel do teatro. Dafoe salienta a relev\u00e2ncia do teatro para compreender a n\u00f3s pr\u00f3prios e o mundo, num contexto de isolamento mediado por ecr\u00e3s e redes sociais e de polariza\u00e7\u00e3o social e pol\u00edtica. Em Portugal h\u00e1 diversas iniciativas e espet\u00e1culos para celebrar a data, de norte a sul, convidando o p\u00fablico a entrar em hist\u00f3rias que induzam pensamento.","og_url":"https:\/\/portaltela.pt\/noticias\/2026\/03\/26\/dia-mundial-do-teatro-2026-celebracao-e-mensagem-de-willem-dafoe\/","og_site_name":"Portal Tela Portugal","article_published_time":"2026-03-27T00:15:00+00:00","author":"Telinha","twitter_card":"summary_large_image","twitter_misc":{"Escrito por":"Telinha","Tempo estimado de leitura":"1 minuto"},"schema":{"@context":"https:\/\/schema.org","@graph":[{"@type":"Article","@id":"https:\/\/portaltela.pt\/noticias\/2026\/03\/26\/dia-mundial-do-teatro-2026-celebracao-e-mensagem-de-willem-dafoe\/#article","isPartOf":{"@id":"https:\/\/portaltela.pt\/noticias\/2026\/03\/26\/dia-mundial-do-teatro-2026-celebracao-e-mensagem-de-willem-dafoe\/"},"author":{"name":"Telinha","@id":"https:\/\/portaltela.pt\/#\/schema\/person\/c4278d4a6028830caff9ee44b42d32ed"},"headline":"Dia Mundial do Teatro 2026: celebra\u00e7\u00e3o e mensagem de Willem Dafoe","datePublished":"2026-03-27T00:15:00+00:00","mainEntityOfPage":{"@id":"https:\/\/portaltela.pt\/noticias\/2026\/03\/26\/dia-mundial-do-teatro-2026-celebracao-e-mensagem-de-willem-dafoe\/"},"wordCount":206,"image":{"@id":"https:\/\/portaltela.pt\/noticias\/2026\/03\/26\/dia-mundial-do-teatro-2026-celebracao-e-mensagem-de-willem-dafoe\/#primaryimage"},"thumbnailUrl":"https:\/\/portaltela.pt\/s.01k8rhncp4jt1\/2026\/03\/2077022.jpg","keywords":["cultura","espet\u00e1culos","eventos","personalidades internacionais","Portugal","teatro"],"articleSection":["Cultura","Lazer"],"inLanguage":"pt-PT"},{"@type":"WebPage","@id":"https:\/\/portaltela.pt\/noticias\/2026\/03\/26\/dia-mundial-do-teatro-2026-celebracao-e-mensagem-de-willem-dafoe\/","url":"https:\/\/portaltela.pt\/noticias\/2026\/03\/26\/dia-mundial-do-teatro-2026-celebracao-e-mensagem-de-willem-dafoe\/","name":"Dia Mundial do Teatro 2026: celebra\u00e7\u00e3o e mensagem de Willem Dafoe - Portal Tela Portugal","isPartOf":{"@id":"https:\/\/portaltela.pt\/#website"},"primaryImageOfPage":{"@id":"https:\/\/portaltela.pt\/noticias\/2026\/03\/26\/dia-mundial-do-teatro-2026-celebracao-e-mensagem-de-willem-dafoe\/#primaryimage"},"image":{"@id":"https:\/\/portaltela.pt\/noticias\/2026\/03\/26\/dia-mundial-do-teatro-2026-celebracao-e-mensagem-de-willem-dafoe\/#primaryimage"},"thumbnailUrl":"https:\/\/portaltela.pt\/s.01k8rhncp4jt1\/2026\/03\/2077022.jpg","datePublished":"2026-03-27T00:15:00+00:00","author":{"@id":"https:\/\/portaltela.pt\/#\/schema\/person\/c4278d4a6028830caff9ee44b42d32ed"},"breadcrumb":{"@id":"https:\/\/portaltela.pt\/noticias\/2026\/03\/26\/dia-mundial-do-teatro-2026-celebracao-e-mensagem-de-willem-dafoe\/#breadcrumb"},"inLanguage":"pt-PT","potentialAction":[{"@type":"ReadAction","target":["https:\/\/portaltela.pt\/noticias\/2026\/03\/26\/dia-mundial-do-teatro-2026-celebracao-e-mensagem-de-willem-dafoe\/"]}]},{"@type":"ImageObject","inLanguage":"pt-PT","@id":"https:\/\/portaltela.pt\/noticias\/2026\/03\/26\/dia-mundial-do-teatro-2026-celebracao-e-mensagem-de-willem-dafoe\/#primaryimage","url":"https:\/\/portaltela.pt\/s.01k8rhncp4jt1\/2026\/03\/2077022.jpg","contentUrl":"https:\/\/portaltela.pt\/s.01k8rhncp4jt1\/2026\/03\/2077022.jpg","width":796,"height":448,"caption":"Photo"},{"@type":"BreadcrumbList","@id":"https:\/\/portaltela.pt\/noticias\/2026\/03\/26\/dia-mundial-do-teatro-2026-celebracao-e-mensagem-de-willem-dafoe\/#breadcrumb","itemListElement":[{"@type":"ListItem","position":1,"name":"In\u00edcio","item":"https:\/\/portaltela.pt\/"},{"@type":"ListItem","position":2,"name":"Dia Mundial do Teatro 2026: celebra\u00e7\u00e3o e mensagem de Willem Dafoe"}]},{"@type":"WebSite","@id":"https:\/\/portaltela.pt\/#website","url":"https:\/\/portaltela.pt\/","name":"Portal Tela Portugal","description":"","potentialAction":[{"@type":"SearchAction","target":{"@type":"EntryPoint","urlTemplate":"https:\/\/portaltela.pt\/?s={search_term_string}"},"query-input":{"@type":"PropertyValueSpecification","valueRequired":true,"valueName":"search_term_string"}}],"inLanguage":"pt-PT"},{"@type":"Person","@id":"https:\/\/portaltela.pt\/#\/schema\/person\/c4278d4a6028830caff9ee44b42d32ed","name":"Telinha","image":{"@type":"ImageObject","inLanguage":"pt-PT","@id":"https:\/\/portaltela.pt\/s.01k8rhncp4jt1\/2025\/11\/talking-bot-125x125.png","url":"https:\/\/portaltela.pt\/s.01k8rhncp4jt1\/2025\/11\/talking-bot-125x125.png","contentUrl":"https:\/\/portaltela.pt\/s.01k8rhncp4jt1\/2025\/11\/talking-bot-125x125.png","caption":"Telinha"},"sameAs":["https:\/\/portaltela.pt\/"],"url":"https:\/\/portaltela.pt\/por\/367410592786\/"}]}},"_links":{"self":[{"href":"https:\/\/portaltela.pt\/api\/wp\/v2\/posts\/423085","targetHints":{"allow":["GET"]}}],"collection":[{"href":"https:\/\/portaltela.pt\/api\/wp\/v2\/posts"}],"about":[{"href":"https:\/\/portaltela.pt\/api\/wp\/v2\/types\/post"}],"author":[{"embeddable":true,"href":"https:\/\/portaltela.pt\/api\/wp\/v2\/users\/2"}],"replies":[{"embeddable":true,"href":"https:\/\/portaltela.pt\/api\/wp\/v2\/comments?post=423085"}],"version-history":[{"count":0,"href":"https:\/\/portaltela.pt\/api\/wp\/v2\/posts\/423085\/revisions"}],"wp:featuredmedia":[{"embeddable":true,"href":"https:\/\/portaltela.pt\/api\/wp\/v2\/media\/423086"}],"wp:attachment":[{"href":"https:\/\/portaltela.pt\/api\/wp\/v2\/media?parent=423085"}],"wp:term":[{"taxonomy":"category","embeddable":true,"href":"https:\/\/portaltela.pt\/api\/wp\/v2\/categories?post=423085"},{"taxonomy":"post_tag","embeddable":true,"href":"https:\/\/portaltela.pt\/api\/wp\/v2\/tags?post=423085"}],"curies":[{"name":"wp","href":"https:\/\/api.w.org\/{rel}","templated":true}]}}