{"id":423077,"date":"2026-03-26T21:03:00","date_gmt":"2026-03-27T00:03:00","guid":{"rendered":"https:\/\/portaltela.pt\/noticias\/2026\/03\/26\/luxo-regenerativo-impulsiona-o-textil-portugues\/"},"modified":"2026-03-26T21:03:00","modified_gmt":"2026-03-27T00:03:00","slug":"luxo-regenerativo-impulsiona-o-textil-portugues","status":"publish","type":"post","link":"https:\/\/portaltela.pt\/noticias\/economia\/2026\/03\/26\/luxo-regenerativo-impulsiona-o-textil-portugues\/","title":{"rendered":"Luxo regenerativo impulsiona o t\u00eaxtil portugu\u00eas"},"content":{"rendered":"<p>O setor t\u00eaxtil portugu\u00eas est\u00e1 a atravessar uma viragem rumo ao luxo regenerativo, incorporando sustentabilidade como c\u00f3digo gen\u00e9tico do mercado. O projeto be@t &#8211; bioeconomy at textiles &#8211; visa n\u00e3o apenas reduzir impactos, mas criar uma rutura conceitual na ind\u00fastria.<\/p>\n<p>A transi\u00e7\u00e3o envolve transformar res\u00edduos agroindustriais e florestais em materiais de alto desempenho, capazes de contar uma hist\u00f3ria ambiental. Um casaco pode nascer da biomassa das florestas ou do desperd\u00edcio das vindimas, em vez de depender de recursos f\u00f3sseis.<\/p>\n<p>Portugal j\u00e1 pede menos polui\u00e7\u00e3o e mais valor acrescentado. O programa be@t, liderado pelo CITEVE e apoiado por fundos PRR e NextGenerationEU, demonstra que \u00e9 poss\u00edvel avan\u00e7ar com processos biol\u00f3gicos e circulares. O objetivo \u00e9 posicionar o pa\u00eds como refer\u00eancia em inova\u00e7\u00e3o t\u00eaxtil sustent\u00e1vel.<\/p>\n<h3>Be@t: a revolu\u00e7\u00e3o da bioeconomia no t\u00eaxtil<\/h3>\n<p>A iniciativa refor\u00e7a a ideia de que o Made in Portugal evolui para o Grown in Portugal, com uma alma que privilegia sustentabilidade e rastreabilidade. Este caminho permite reduzir depend\u00eancia de pre\u00e7o baixo, buscando valor superior no mercado global.<\/p>\n<p>A proposta combina tecnologia de ponta com respeito pela natureza. Consumidores modernos solicitam n\u00e3o apenas qualidade est\u00e9tica, mas tamb\u00e9m impacto positivo na regenera\u00e7\u00e3o de solos, carbono e biodiversidade local.<\/p>\n<h3>Impacto e financiamento<\/h3>\n<p>A iniciativa est\u00e1 integrada numa rede de coopera\u00e7\u00e3o entre entidades do setor e a administra\u00e7\u00e3o p\u00fablica. Os apoios europeus visam acelerar investiga\u00e7\u00e3o, desenvolvimento e implanta\u00e7\u00e3o de solu\u00e7\u00f5es circulares.<\/p>\n<p>Portugal posiciona-se para transformar desperd\u00edcios em luxo, consolidando pr\u00e1ticas que valorizam o territ\u00f3rio, a inova\u00e7\u00e3o e a competitividade sustent\u00e1vel do t\u00eaxtil nacional.<\/p>\n","protected":false},"excerpt":{"rendered":"<ul>\n<li>O setor t\u00eaxtil portugu\u00eas aposta no luxo regenerativo atrav\u00e9s do projeto be@t (bioeconomy at textiles), liderado pelo Centro Tecnol\u00f3gico de T\u00eaxtil e Vestu\u00e1rio (CITEVE) com apoio de PRR e NextGenerationEU.<\/li>\n<li>A estrat\u00e9gia \u00e9 transformar res\u00edduos agroindustriais e florestais em materiais de alta performance, dando origem a pe\u00e7as cuja hist\u00f3ria nasce da biomassa local.<\/li>\n<li>A transi\u00e7\u00e3o passa de uma produ\u00e7\u00e3o orientada pelo pre\u00e7o baixo para uma proposta de maior valor, com o lema \u201cGrown in Portugal\u201d.<\/li>\n<li>A combina\u00e7\u00e3o de tecnologia de ponta e respeito pela natureza pretende responder a consumidores conscientes que valorizam regenera\u00e7\u00e3o ambiental, carbono e biodiversidade.<\/li>\n<li>Portugal pretende tornar-se no \u201cjardim tecnol\u00f3gico\u201d da Europa, comunicando com clareza esta mudan\u00e7a e convertendo desperd\u00edcio em luxo.<\/li>\n<\/ul>\n","protected":false},"author":2,"featured_media":423078,"comment_status":"closed","ping_status":"closed","sticky":false,"template":"","format":"standard","meta":{"footnotes":""},"categories":[2,6735],"tags":[6115,755,1540,33,1033,1014],"class_list":["post-423077","post","type-post","status-publish","format-standard","has-post-thumbnail","hentry","category-economia","category-negocios","tag-_economia","tag-desenvolvimento-sustentavel","tag-economia-circular","tag-inovacao","tag-made-in-portugal","tag-portugal"],"yoast_head":"<!-- This site is optimized with the Yoast SEO plugin v27.2 - https:\/\/yoast.com\/product\/yoast-seo-wordpress\/ -->\n<title>Luxo regenerativo impulsiona o t\u00eaxtil portugu\u00eas - Portal Tela Portugal<\/title>\n<meta name=\"robots\" content=\"index, follow, max-snippet:-1, max-image-preview:large, max-video-preview:-1\" \/>\n<meta property=\"og:locale\" content=\"pt_PT\" \/>\n<meta property=\"og:type\" content=\"article\" \/>\n<meta property=\"og:title\" content=\"Luxo regenerativo impulsiona o t\u00eaxtil portugu\u00eas - Portal Tela Portugal\" \/>\n<meta property=\"og:description\" content=\"O setor t\u00eaxtil portugu\u00eas aposta no luxo regenerativo atrav\u00e9s do projeto be@t (bioeconomy at textiles), liderado pelo Centro Tecnol\u00f3gico de T\u00eaxtil e Vestu\u00e1rio (CITEVE) com apoio de PRR e NextGenerationEU. A estrat\u00e9gia \u00e9 transformar res\u00edduos agroindustriais e florestais em materiais de alta performance, dando origem a pe\u00e7as cuja hist\u00f3ria nasce da biomassa local. A transi\u00e7\u00e3o passa de uma produ\u00e7\u00e3o orientada pelo pre\u00e7o baixo para uma proposta de maior valor, com o lema \u201cGrown in Portugal\u201d. A combina\u00e7\u00e3o de tecnologia de ponta e respeito pela natureza pretende responder a consumidores conscientes que valorizam regenera\u00e7\u00e3o ambiental, carbono e biodiversidade. Portugal pretende tornar-se no \u201cjardim tecnol\u00f3gico\u201d da Europa, comunicando com clareza esta mudan\u00e7a e convertendo desperd\u00edcio em luxo.\" \/>\n<meta property=\"og:url\" content=\"https:\/\/portaltela.pt\/noticias\/2026\/03\/26\/luxo-regenerativo-impulsiona-o-textil-portugues\/\" \/>\n<meta property=\"og:site_name\" content=\"Portal Tela Portugal\" \/>\n<meta property=\"article:published_time\" content=\"2026-03-27T00:03:00+00:00\" \/>\n<meta name=\"author\" content=\"Telinha\" \/>\n<meta name=\"twitter:card\" content=\"summary_large_image\" \/>\n<meta name=\"twitter:label1\" content=\"Escrito por\" \/>\n\t<meta name=\"twitter:data1\" content=\"Telinha\" \/>\n\t<meta name=\"twitter:label2\" content=\"Tempo estimado de leitura\" \/>\n\t<meta name=\"twitter:data2\" content=\"1 minuto\" \/>\n<script type=\"application\/ld+json\" class=\"yoast-schema-graph\">{\"@context\":\"https:\/\/schema.org\",\"@graph\":[{\"@type\":\"Article\",\"@id\":\"https:\/\/portaltela.pt\/noticias\/2026\/03\/26\/luxo-regenerativo-impulsiona-o-textil-portugues\/#article\",\"isPartOf\":{\"@id\":\"https:\/\/portaltela.pt\/noticias\/2026\/03\/26\/luxo-regenerativo-impulsiona-o-textil-portugues\/\"},\"author\":{\"name\":\"Telinha\",\"@id\":\"https:\/\/portaltela.pt\/#\/schema\/person\/c4278d4a6028830caff9ee44b42d32ed\"},\"headline\":\"Luxo regenerativo impulsiona o t\u00eaxtil portugu\u00eas\",\"datePublished\":\"2026-03-27T00:03:00+00:00\",\"mainEntityOfPage\":{\"@id\":\"https:\/\/portaltela.pt\/noticias\/2026\/03\/26\/luxo-regenerativo-impulsiona-o-textil-portugues\/\"},\"wordCount\":301,\"image\":{\"@id\":\"https:\/\/portaltela.pt\/noticias\/2026\/03\/26\/luxo-regenerativo-impulsiona-o-textil-portugues\/#primaryimage\"},\"thumbnailUrl\":\"https:\/\/portaltela.pt\/s.01k8rhncp4jt1\/2026\/03\/8bb78738-d419-4d12-97a6-90fed68182f9_1200x675.jpg\",\"keywords\":[\"_economia\",\"desenvolvimento sustent\u00e1vel\",\"economia circular\",\"inova\u00e7\u00e3o\",\"Made in Portugal\",\"Portugal\"],\"articleSection\":[\"Economia\",\"Neg\u00f3cios\"],\"inLanguage\":\"pt-PT\"},{\"@type\":\"WebPage\",\"@id\":\"https:\/\/portaltela.pt\/noticias\/2026\/03\/26\/luxo-regenerativo-impulsiona-o-textil-portugues\/\",\"url\":\"https:\/\/portaltela.pt\/noticias\/2026\/03\/26\/luxo-regenerativo-impulsiona-o-textil-portugues\/\",\"name\":\"Luxo regenerativo impulsiona o t\u00eaxtil portugu\u00eas - Portal Tela Portugal\",\"isPartOf\":{\"@id\":\"https:\/\/portaltela.pt\/#website\"},\"primaryImageOfPage\":{\"@id\":\"https:\/\/portaltela.pt\/noticias\/2026\/03\/26\/luxo-regenerativo-impulsiona-o-textil-portugues\/#primaryimage\"},\"image\":{\"@id\":\"https:\/\/portaltela.pt\/noticias\/2026\/03\/26\/luxo-regenerativo-impulsiona-o-textil-portugues\/#primaryimage\"},\"thumbnailUrl\":\"https:\/\/portaltela.pt\/s.01k8rhncp4jt1\/2026\/03\/8bb78738-d419-4d12-97a6-90fed68182f9_1200x675.jpg\",\"datePublished\":\"2026-03-27T00:03:00+00:00\",\"author\":{\"@id\":\"https:\/\/portaltela.pt\/#\/schema\/person\/c4278d4a6028830caff9ee44b42d32ed\"},\"breadcrumb\":{\"@id\":\"https:\/\/portaltela.pt\/noticias\/2026\/03\/26\/luxo-regenerativo-impulsiona-o-textil-portugues\/#breadcrumb\"},\"inLanguage\":\"pt-PT\",\"potentialAction\":[{\"@type\":\"ReadAction\",\"target\":[\"https:\/\/portaltela.pt\/noticias\/2026\/03\/26\/luxo-regenerativo-impulsiona-o-textil-portugues\/\"]}]},{\"@type\":\"ImageObject\",\"inLanguage\":\"pt-PT\",\"@id\":\"https:\/\/portaltela.pt\/noticias\/2026\/03\/26\/luxo-regenerativo-impulsiona-o-textil-portugues\/#primaryimage\",\"url\":\"https:\/\/portaltela.pt\/s.01k8rhncp4jt1\/2026\/03\/8bb78738-d419-4d12-97a6-90fed68182f9_1200x675.jpg\",\"contentUrl\":\"https:\/\/portaltela.pt\/s.01k8rhncp4jt1\/2026\/03\/8bb78738-d419-4d12-97a6-90fed68182f9_1200x675.jpg\",\"width\":796,\"height\":448,\"caption\":\"Photo\"},{\"@type\":\"BreadcrumbList\",\"@id\":\"https:\/\/portaltela.pt\/noticias\/2026\/03\/26\/luxo-regenerativo-impulsiona-o-textil-portugues\/#breadcrumb\",\"itemListElement\":[{\"@type\":\"ListItem\",\"position\":1,\"name\":\"In\u00edcio\",\"item\":\"https:\/\/portaltela.pt\/\"},{\"@type\":\"ListItem\",\"position\":2,\"name\":\"Luxo regenerativo impulsiona o t\u00eaxtil portugu\u00eas\"}]},{\"@type\":\"WebSite\",\"@id\":\"https:\/\/portaltela.pt\/#website\",\"url\":\"https:\/\/portaltela.pt\/\",\"name\":\"Portal Tela Portugal\",\"description\":\"\",\"potentialAction\":[{\"@type\":\"SearchAction\",\"target\":{\"@type\":\"EntryPoint\",\"urlTemplate\":\"https:\/\/portaltela.pt\/?s={search_term_string}\"},\"query-input\":{\"@type\":\"PropertyValueSpecification\",\"valueRequired\":true,\"valueName\":\"search_term_string\"}}],\"inLanguage\":\"pt-PT\"},{\"@type\":\"Person\",\"@id\":\"https:\/\/portaltela.pt\/#\/schema\/person\/c4278d4a6028830caff9ee44b42d32ed\",\"name\":\"Telinha\",\"image\":{\"@type\":\"ImageObject\",\"inLanguage\":\"pt-PT\",\"@id\":\"https:\/\/portaltela.pt\/s.01k8rhncp4jt1\/2025\/11\/talking-bot-125x125.png\",\"url\":\"https:\/\/portaltela.pt\/s.01k8rhncp4jt1\/2025\/11\/talking-bot-125x125.png\",\"contentUrl\":\"https:\/\/portaltela.pt\/s.01k8rhncp4jt1\/2025\/11\/talking-bot-125x125.png\",\"caption\":\"Telinha\"},\"sameAs\":[\"https:\/\/portaltela.pt\/\"],\"url\":\"https:\/\/portaltela.pt\/por\/367410592786\/\"}]}<\/script>\n<!-- \/ Yoast SEO plugin. -->","yoast_head_json":{"title":"Luxo regenerativo impulsiona o t\u00eaxtil portugu\u00eas - Portal Tela Portugal","robots":{"index":"index","follow":"follow","max-snippet":"max-snippet:-1","max-image-preview":"max-image-preview:large","max-video-preview":"max-video-preview:-1"},"og_locale":"pt_PT","og_type":"article","og_title":"Luxo regenerativo impulsiona o t\u00eaxtil portugu\u00eas - Portal Tela Portugal","og_description":"O setor t\u00eaxtil portugu\u00eas aposta no luxo regenerativo atrav\u00e9s do projeto be@t (bioeconomy at textiles), liderado pelo Centro Tecnol\u00f3gico de T\u00eaxtil e Vestu\u00e1rio (CITEVE) com apoio de PRR e NextGenerationEU. A estrat\u00e9gia \u00e9 transformar res\u00edduos agroindustriais e florestais em materiais de alta performance, dando origem a pe\u00e7as cuja hist\u00f3ria nasce da biomassa local. A transi\u00e7\u00e3o passa de uma produ\u00e7\u00e3o orientada pelo pre\u00e7o baixo para uma proposta de maior valor, com o lema \u201cGrown in Portugal\u201d. A combina\u00e7\u00e3o de tecnologia de ponta e respeito pela natureza pretende responder a consumidores conscientes que valorizam regenera\u00e7\u00e3o ambiental, carbono e biodiversidade. Portugal pretende tornar-se no \u201cjardim tecnol\u00f3gico\u201d da Europa, comunicando com clareza esta mudan\u00e7a e convertendo desperd\u00edcio em luxo.","og_url":"https:\/\/portaltela.pt\/noticias\/2026\/03\/26\/luxo-regenerativo-impulsiona-o-textil-portugues\/","og_site_name":"Portal Tela Portugal","article_published_time":"2026-03-27T00:03:00+00:00","author":"Telinha","twitter_card":"summary_large_image","twitter_misc":{"Escrito por":"Telinha","Tempo estimado de leitura":"1 minuto"},"schema":{"@context":"https:\/\/schema.org","@graph":[{"@type":"Article","@id":"https:\/\/portaltela.pt\/noticias\/2026\/03\/26\/luxo-regenerativo-impulsiona-o-textil-portugues\/#article","isPartOf":{"@id":"https:\/\/portaltela.pt\/noticias\/2026\/03\/26\/luxo-regenerativo-impulsiona-o-textil-portugues\/"},"author":{"name":"Telinha","@id":"https:\/\/portaltela.pt\/#\/schema\/person\/c4278d4a6028830caff9ee44b42d32ed"},"headline":"Luxo regenerativo impulsiona o t\u00eaxtil portugu\u00eas","datePublished":"2026-03-27T00:03:00+00:00","mainEntityOfPage":{"@id":"https:\/\/portaltela.pt\/noticias\/2026\/03\/26\/luxo-regenerativo-impulsiona-o-textil-portugues\/"},"wordCount":301,"image":{"@id":"https:\/\/portaltela.pt\/noticias\/2026\/03\/26\/luxo-regenerativo-impulsiona-o-textil-portugues\/#primaryimage"},"thumbnailUrl":"https:\/\/portaltela.pt\/s.01k8rhncp4jt1\/2026\/03\/8bb78738-d419-4d12-97a6-90fed68182f9_1200x675.jpg","keywords":["_economia","desenvolvimento sustent\u00e1vel","economia circular","inova\u00e7\u00e3o","Made in Portugal","Portugal"],"articleSection":["Economia","Neg\u00f3cios"],"inLanguage":"pt-PT"},{"@type":"WebPage","@id":"https:\/\/portaltela.pt\/noticias\/2026\/03\/26\/luxo-regenerativo-impulsiona-o-textil-portugues\/","url":"https:\/\/portaltela.pt\/noticias\/2026\/03\/26\/luxo-regenerativo-impulsiona-o-textil-portugues\/","name":"Luxo regenerativo impulsiona o t\u00eaxtil portugu\u00eas - Portal Tela Portugal","isPartOf":{"@id":"https:\/\/portaltela.pt\/#website"},"primaryImageOfPage":{"@id":"https:\/\/portaltela.pt\/noticias\/2026\/03\/26\/luxo-regenerativo-impulsiona-o-textil-portugues\/#primaryimage"},"image":{"@id":"https:\/\/portaltela.pt\/noticias\/2026\/03\/26\/luxo-regenerativo-impulsiona-o-textil-portugues\/#primaryimage"},"thumbnailUrl":"https:\/\/portaltela.pt\/s.01k8rhncp4jt1\/2026\/03\/8bb78738-d419-4d12-97a6-90fed68182f9_1200x675.jpg","datePublished":"2026-03-27T00:03:00+00:00","author":{"@id":"https:\/\/portaltela.pt\/#\/schema\/person\/c4278d4a6028830caff9ee44b42d32ed"},"breadcrumb":{"@id":"https:\/\/portaltela.pt\/noticias\/2026\/03\/26\/luxo-regenerativo-impulsiona-o-textil-portugues\/#breadcrumb"},"inLanguage":"pt-PT","potentialAction":[{"@type":"ReadAction","target":["https:\/\/portaltela.pt\/noticias\/2026\/03\/26\/luxo-regenerativo-impulsiona-o-textil-portugues\/"]}]},{"@type":"ImageObject","inLanguage":"pt-PT","@id":"https:\/\/portaltela.pt\/noticias\/2026\/03\/26\/luxo-regenerativo-impulsiona-o-textil-portugues\/#primaryimage","url":"https:\/\/portaltela.pt\/s.01k8rhncp4jt1\/2026\/03\/8bb78738-d419-4d12-97a6-90fed68182f9_1200x675.jpg","contentUrl":"https:\/\/portaltela.pt\/s.01k8rhncp4jt1\/2026\/03\/8bb78738-d419-4d12-97a6-90fed68182f9_1200x675.jpg","width":796,"height":448,"caption":"Photo"},{"@type":"BreadcrumbList","@id":"https:\/\/portaltela.pt\/noticias\/2026\/03\/26\/luxo-regenerativo-impulsiona-o-textil-portugues\/#breadcrumb","itemListElement":[{"@type":"ListItem","position":1,"name":"In\u00edcio","item":"https:\/\/portaltela.pt\/"},{"@type":"ListItem","position":2,"name":"Luxo regenerativo impulsiona o t\u00eaxtil portugu\u00eas"}]},{"@type":"WebSite","@id":"https:\/\/portaltela.pt\/#website","url":"https:\/\/portaltela.pt\/","name":"Portal Tela Portugal","description":"","potentialAction":[{"@type":"SearchAction","target":{"@type":"EntryPoint","urlTemplate":"https:\/\/portaltela.pt\/?s={search_term_string}"},"query-input":{"@type":"PropertyValueSpecification","valueRequired":true,"valueName":"search_term_string"}}],"inLanguage":"pt-PT"},{"@type":"Person","@id":"https:\/\/portaltela.pt\/#\/schema\/person\/c4278d4a6028830caff9ee44b42d32ed","name":"Telinha","image":{"@type":"ImageObject","inLanguage":"pt-PT","@id":"https:\/\/portaltela.pt\/s.01k8rhncp4jt1\/2025\/11\/talking-bot-125x125.png","url":"https:\/\/portaltela.pt\/s.01k8rhncp4jt1\/2025\/11\/talking-bot-125x125.png","contentUrl":"https:\/\/portaltela.pt\/s.01k8rhncp4jt1\/2025\/11\/talking-bot-125x125.png","caption":"Telinha"},"sameAs":["https:\/\/portaltela.pt\/"],"url":"https:\/\/portaltela.pt\/por\/367410592786\/"}]}},"_links":{"self":[{"href":"https:\/\/portaltela.pt\/api\/wp\/v2\/posts\/423077","targetHints":{"allow":["GET"]}}],"collection":[{"href":"https:\/\/portaltela.pt\/api\/wp\/v2\/posts"}],"about":[{"href":"https:\/\/portaltela.pt\/api\/wp\/v2\/types\/post"}],"author":[{"embeddable":true,"href":"https:\/\/portaltela.pt\/api\/wp\/v2\/users\/2"}],"replies":[{"embeddable":true,"href":"https:\/\/portaltela.pt\/api\/wp\/v2\/comments?post=423077"}],"version-history":[{"count":0,"href":"https:\/\/portaltela.pt\/api\/wp\/v2\/posts\/423077\/revisions"}],"wp:featuredmedia":[{"embeddable":true,"href":"https:\/\/portaltela.pt\/api\/wp\/v2\/media\/423078"}],"wp:attachment":[{"href":"https:\/\/portaltela.pt\/api\/wp\/v2\/media?parent=423077"}],"wp:term":[{"taxonomy":"category","embeddable":true,"href":"https:\/\/portaltela.pt\/api\/wp\/v2\/categories?post=423077"},{"taxonomy":"post_tag","embeddable":true,"href":"https:\/\/portaltela.pt\/api\/wp\/v2\/tags?post=423077"}],"curies":[{"name":"wp","href":"https:\/\/api.w.org\/{rel}","templated":true}]}}