{"id":423055,"date":"2026-03-26T19:48:00","date_gmt":"2026-03-26T22:48:00","guid":{"rendered":"https:\/\/portaltela.pt\/noticias\/2026\/03\/26\/ex-policia-frances-suspeito-de-matar-ex-parceira-e-atual-companheira-em-prisao-preventiva\/"},"modified":"2026-03-26T19:48:00","modified_gmt":"2026-03-26T22:48:00","slug":"ex-policia-frances-suspeito-de-matar-ex-parceira-e-atual-companheira-em-prisao-preventiva","status":"publish","type":"post","link":"https:\/\/portaltela.pt\/noticias\/2026\/03\/26\/ex-policia-frances-suspeito-de-matar-ex-parceira-e-atual-companheira-em-prisao-preventiva\/","title":{"rendered":"Ex-pol\u00edcia franc\u00eas suspeito de matar ex-parceira e atual companheira em pris\u00e3o preventiva"},"content":{"rendered":"<p>C\u00e9dric Prizzon, ex-pol\u00edcia franc\u00eas, permanece detido em pris\u00e3o preventiva ap\u00f3s a morte de duas mulheres \u2014 a ex-mulher Audry Cavalier e a atual companheira \u2014 cujos corpos foram enterrados na serra da Nogueira, em Bragan\u00e7a. O an\u00fancio ocorreu ap\u00f3s o interrogat\u00f3rio no Tribunal de Vila Nova de Foz C\u00f4a.<\/p>\n<p>A deten\u00e7\u00e3o ocorreu depois do confronto policial no sul de Fran\u00e7a que permitiu o transporte dos filhos do casal, Elio e Guiulya Prizzon, que foram recolhidos pela GNR. Prizzon aguardar\u00e1 o desenrolar da investiga\u00e7\u00e3o em pris\u00e3o preventiva.<\/p>\n<p>No interrogat\u00f3rio, o juiz imputou-lhe sequestro, homic\u00eddio e profana\u00e7\u00e3o de cad\u00e1ver no caso da ex-mulher, Audry Cavalier. Em rela\u00e7\u00e3o \u00e0 atual companheira, o ex-pol\u00edcia \u00e9 suspeito de homic\u00eddio e profana\u00e7\u00e3o de cad\u00e1ver, sem acusa\u00e7\u00e3o de sequestro.<\/p>\n<h3>Medidas de coa\u00e7\u00e3o e situa\u00e7\u00e3o processual<\/h3>\n<p>A nota oficial indica que o antigo militar da Gendarmerie Nacional fica suspenso de responsabilidades parentais relativamente a Elio e Guiulya, sem contacto com os filhos por telefone, redes sociais, email ou intermedi\u00e1rios.<\/p>\n<p>A decis\u00e3o de manter a pris\u00e3o preventiva foi conhecida \u00e0s 22h desta quinta-feira e reflete a gravidade das acusa\u00e7\u00f5es e o risco de fuga ou de continuidade de viol\u00eancia. A investiga\u00e7\u00e3o prossegue para confirmar factos e liga\u00e7\u00f5es entre os crimes.<\/p>\n<h3>Contexto e pr\u00f3ximos passos<\/h3>\n<p>A investiga\u00e7\u00e3o envolve autoridades portuguesas e, potencialmente, conselhos jur\u00eddicos de Fran\u00e7a, para esclarecer a motiva\u00e7\u00e3o e a cadeia de acontecimentos que levaram aos homic\u00eddios. As pr\u00f3ximas fases devem esclarecer como ocorreram os crimes e o paradeiro de provas.<\/p>\n","protected":false},"excerpt":{"rendered":"<ul>\n<li>C\u00e9dric Prizzon, ex-pol\u00edcia franc\u00eas, ficou em pris\u00e3o preventiva enquanto aguarda o desenrolar da investiga\u00e7\u00e3o em Bragan\u00e7a, ap\u00f3s interrogat\u00f3rio no Tribunal de Vila Nova de Foz C\u00f4a.<\/li>\n<li>Os corpos da ex-mulher Audry Cavalier e da atual companheira foram encontrados enterrados na serra da Nogueira, em Bragan\u00e7a.<\/li>\n<li>O juiz proibiu o arguido de contactar os filhos Elio Prizzon e Guiulya Prizzon, por telem\u00f3vel, redes sociais, email, mensagens ou interposta pessoa, e suspendeu as responsabilidades parentais sobre eles.<\/li>\n<li>No interrogat\u00f3rio, Prizzon ficou indiciado de sequestro, homic\u00eddio e profana\u00e7\u00e3o de cad\u00e1ver relativamente \u00e0 ex-mulher; quanto \u00e0 atual companheira, \u00e9 suspeito de homic\u00eddio e profana\u00e7\u00e3o de cad\u00e1ver, sem acusa\u00e7\u00e3o de sequestro.<\/li>\n<\/ul>\n","protected":false},"author":2,"featured_media":423056,"comment_status":"closed","ping_status":"closed","sticky":false,"template":"","format":"standard","meta":{"footnotes":""},"categories":[6907,1],"tags":[906,147,1856,1345,1096,1170],"class_list":["post-423055","post","type-post","status-publish","format-standard","has-post-thumbnail","hentry","category-crime","category-noticias","tag-braganca","tag-crime","tag-franca","tag-homicidio","tag-profanacao-de-cadaver","tag-sequestro"],"yoast_head":"<!-- This site is optimized with the Yoast SEO plugin v27.2 - https:\/\/yoast.com\/product\/yoast-seo-wordpress\/ -->\n<title>Ex-pol\u00edcia franc\u00eas suspeito de matar ex-parceira e atual companheira em pris\u00e3o preventiva - Portal Tela Portugal<\/title>\n<meta name=\"robots\" content=\"index, follow, max-snippet:-1, max-image-preview:large, max-video-preview:-1\" \/>\n<meta property=\"og:locale\" content=\"pt_PT\" \/>\n<meta property=\"og:type\" content=\"article\" \/>\n<meta property=\"og:title\" content=\"Ex-pol\u00edcia franc\u00eas suspeito de matar ex-parceira e atual companheira em pris\u00e3o preventiva - Portal Tela Portugal\" \/>\n<meta property=\"og:description\" content=\"C\u00e9dric Prizzon, ex-pol\u00edcia franc\u00eas, ficou em pris\u00e3o preventiva enquanto aguarda o desenrolar da investiga\u00e7\u00e3o em Bragan\u00e7a, ap\u00f3s interrogat\u00f3rio no Tribunal de Vila Nova de Foz C\u00f4a. Os corpos da ex-mulher Audry Cavalier e da atual companheira foram encontrados enterrados na serra da Nogueira, em Bragan\u00e7a. O juiz proibiu o arguido de contactar os filhos Elio Prizzon e Guiulya Prizzon, por telem\u00f3vel, redes sociais, email, mensagens ou interposta pessoa, e suspendeu as responsabilidades parentais sobre eles. No interrogat\u00f3rio, Prizzon ficou indiciado de sequestro, homic\u00eddio e profana\u00e7\u00e3o de cad\u00e1ver relativamente \u00e0 ex-mulher; quanto \u00e0 atual companheira, \u00e9 suspeito de homic\u00eddio e profana\u00e7\u00e3o de cad\u00e1ver, sem acusa\u00e7\u00e3o de sequestro.\" \/>\n<meta property=\"og:url\" content=\"https:\/\/portaltela.pt\/noticias\/2026\/03\/26\/ex-policia-frances-suspeito-de-matar-ex-parceira-e-atual-companheira-em-prisao-preventiva\/\" \/>\n<meta property=\"og:site_name\" content=\"Portal Tela Portugal\" \/>\n<meta property=\"article:published_time\" content=\"2026-03-26T22:48:00+00:00\" \/>\n<meta name=\"author\" content=\"Telinha\" \/>\n<meta name=\"twitter:card\" content=\"summary_large_image\" \/>\n<meta name=\"twitter:label1\" content=\"Escrito por\" \/>\n\t<meta name=\"twitter:data1\" content=\"Telinha\" \/>\n\t<meta name=\"twitter:label2\" content=\"Tempo estimado de leitura\" \/>\n\t<meta name=\"twitter:data2\" content=\"1 minuto\" \/>\n<script type=\"application\/ld+json\" class=\"yoast-schema-graph\">{\"@context\":\"https:\/\/schema.org\",\"@graph\":[{\"@type\":\"Article\",\"@id\":\"https:\/\/portaltela.pt\/noticias\/2026\/03\/26\/ex-policia-frances-suspeito-de-matar-ex-parceira-e-atual-companheira-em-prisao-preventiva\/#article\",\"isPartOf\":{\"@id\":\"https:\/\/portaltela.pt\/noticias\/2026\/03\/26\/ex-policia-frances-suspeito-de-matar-ex-parceira-e-atual-companheira-em-prisao-preventiva\/\"},\"author\":{\"name\":\"Telinha\",\"@id\":\"https:\/\/portaltela.pt\/#\/schema\/person\/c4278d4a6028830caff9ee44b42d32ed\"},\"headline\":\"Ex-pol\u00edcia franc\u00eas suspeito de matar ex-parceira e atual companheira em pris\u00e3o preventiva\",\"datePublished\":\"2026-03-26T22:48:00+00:00\",\"mainEntityOfPage\":{\"@id\":\"https:\/\/portaltela.pt\/noticias\/2026\/03\/26\/ex-policia-frances-suspeito-de-matar-ex-parceira-e-atual-companheira-em-prisao-preventiva\/\"},\"wordCount\":294,\"image\":{\"@id\":\"https:\/\/portaltela.pt\/noticias\/2026\/03\/26\/ex-policia-frances-suspeito-de-matar-ex-parceira-e-atual-companheira-em-prisao-preventiva\/#primaryimage\"},\"thumbnailUrl\":\"https:\/\/portaltela.pt\/s.01k8rhncp4jt1\/2026\/03\/image-1567.jpg\",\"keywords\":[\"Bragan\u00e7a\",\"crime\",\"Fran\u00e7a\",\"homic\u00eddio\",\"profana\u00e7\u00e3o de cad\u00e1ver\",\"sequestro\"],\"articleSection\":[\"Crime\",\"Not\u00edcias\"],\"inLanguage\":\"pt-PT\"},{\"@type\":\"WebPage\",\"@id\":\"https:\/\/portaltela.pt\/noticias\/2026\/03\/26\/ex-policia-frances-suspeito-de-matar-ex-parceira-e-atual-companheira-em-prisao-preventiva\/\",\"url\":\"https:\/\/portaltela.pt\/noticias\/2026\/03\/26\/ex-policia-frances-suspeito-de-matar-ex-parceira-e-atual-companheira-em-prisao-preventiva\/\",\"name\":\"Ex-pol\u00edcia franc\u00eas suspeito de matar ex-parceira e atual companheira em pris\u00e3o preventiva - Portal Tela Portugal\",\"isPartOf\":{\"@id\":\"https:\/\/portaltela.pt\/#website\"},\"primaryImageOfPage\":{\"@id\":\"https:\/\/portaltela.pt\/noticias\/2026\/03\/26\/ex-policia-frances-suspeito-de-matar-ex-parceira-e-atual-companheira-em-prisao-preventiva\/#primaryimage\"},\"image\":{\"@id\":\"https:\/\/portaltela.pt\/noticias\/2026\/03\/26\/ex-policia-frances-suspeito-de-matar-ex-parceira-e-atual-companheira-em-prisao-preventiva\/#primaryimage\"},\"thumbnailUrl\":\"https:\/\/portaltela.pt\/s.01k8rhncp4jt1\/2026\/03\/image-1567.jpg\",\"datePublished\":\"2026-03-26T22:48:00+00:00\",\"author\":{\"@id\":\"https:\/\/portaltela.pt\/#\/schema\/person\/c4278d4a6028830caff9ee44b42d32ed\"},\"breadcrumb\":{\"@id\":\"https:\/\/portaltela.pt\/noticias\/2026\/03\/26\/ex-policia-frances-suspeito-de-matar-ex-parceira-e-atual-companheira-em-prisao-preventiva\/#breadcrumb\"},\"inLanguage\":\"pt-PT\",\"potentialAction\":[{\"@type\":\"ReadAction\",\"target\":[\"https:\/\/portaltela.pt\/noticias\/2026\/03\/26\/ex-policia-frances-suspeito-de-matar-ex-parceira-e-atual-companheira-em-prisao-preventiva\/\"]}]},{\"@type\":\"ImageObject\",\"inLanguage\":\"pt-PT\",\"@id\":\"https:\/\/portaltela.pt\/noticias\/2026\/03\/26\/ex-policia-frances-suspeito-de-matar-ex-parceira-e-atual-companheira-em-prisao-preventiva\/#primaryimage\",\"url\":\"https:\/\/portaltela.pt\/s.01k8rhncp4jt1\/2026\/03\/image-1567.jpg\",\"contentUrl\":\"https:\/\/portaltela.pt\/s.01k8rhncp4jt1\/2026\/03\/image-1567.jpg\",\"width\":796,\"height\":448,\"caption\":\"C\u00e9dric Prizzon saiu do Tribunal de Vila Nova de Foz C\u00f4a j\u00e1 depois das 22 horas desta quinta-feira\"},{\"@type\":\"BreadcrumbList\",\"@id\":\"https:\/\/portaltela.pt\/noticias\/2026\/03\/26\/ex-policia-frances-suspeito-de-matar-ex-parceira-e-atual-companheira-em-prisao-preventiva\/#breadcrumb\",\"itemListElement\":[{\"@type\":\"ListItem\",\"position\":1,\"name\":\"In\u00edcio\",\"item\":\"https:\/\/portaltela.pt\/\"},{\"@type\":\"ListItem\",\"position\":2,\"name\":\"Ex-pol\u00edcia franc\u00eas suspeito de matar ex-parceira e atual companheira em pris\u00e3o preventiva\"}]},{\"@type\":\"WebSite\",\"@id\":\"https:\/\/portaltela.pt\/#website\",\"url\":\"https:\/\/portaltela.pt\/\",\"name\":\"Portal Tela Portugal\",\"description\":\"\",\"potentialAction\":[{\"@type\":\"SearchAction\",\"target\":{\"@type\":\"EntryPoint\",\"urlTemplate\":\"https:\/\/portaltela.pt\/?s={search_term_string}\"},\"query-input\":{\"@type\":\"PropertyValueSpecification\",\"valueRequired\":true,\"valueName\":\"search_term_string\"}}],\"inLanguage\":\"pt-PT\"},{\"@type\":\"Person\",\"@id\":\"https:\/\/portaltela.pt\/#\/schema\/person\/c4278d4a6028830caff9ee44b42d32ed\",\"name\":\"Telinha\",\"image\":{\"@type\":\"ImageObject\",\"inLanguage\":\"pt-PT\",\"@id\":\"https:\/\/portaltela.pt\/s.01k8rhncp4jt1\/2025\/11\/talking-bot-125x125.png\",\"url\":\"https:\/\/portaltela.pt\/s.01k8rhncp4jt1\/2025\/11\/talking-bot-125x125.png\",\"contentUrl\":\"https:\/\/portaltela.pt\/s.01k8rhncp4jt1\/2025\/11\/talking-bot-125x125.png\",\"caption\":\"Telinha\"},\"sameAs\":[\"https:\/\/portaltela.pt\/\"],\"url\":\"https:\/\/portaltela.pt\/por\/367410592786\/\"}]}<\/script>\n<!-- \/ Yoast SEO plugin. -->","yoast_head_json":{"title":"Ex-pol\u00edcia franc\u00eas suspeito de matar ex-parceira e atual companheira em pris\u00e3o preventiva - Portal Tela Portugal","robots":{"index":"index","follow":"follow","max-snippet":"max-snippet:-1","max-image-preview":"max-image-preview:large","max-video-preview":"max-video-preview:-1"},"og_locale":"pt_PT","og_type":"article","og_title":"Ex-pol\u00edcia franc\u00eas suspeito de matar ex-parceira e atual companheira em pris\u00e3o preventiva - Portal Tela Portugal","og_description":"C\u00e9dric Prizzon, ex-pol\u00edcia franc\u00eas, ficou em pris\u00e3o preventiva enquanto aguarda o desenrolar da investiga\u00e7\u00e3o em Bragan\u00e7a, ap\u00f3s interrogat\u00f3rio no Tribunal de Vila Nova de Foz C\u00f4a. Os corpos da ex-mulher Audry Cavalier e da atual companheira foram encontrados enterrados na serra da Nogueira, em Bragan\u00e7a. O juiz proibiu o arguido de contactar os filhos Elio Prizzon e Guiulya Prizzon, por telem\u00f3vel, redes sociais, email, mensagens ou interposta pessoa, e suspendeu as responsabilidades parentais sobre eles. No interrogat\u00f3rio, Prizzon ficou indiciado de sequestro, homic\u00eddio e profana\u00e7\u00e3o de cad\u00e1ver relativamente \u00e0 ex-mulher; quanto \u00e0 atual companheira, \u00e9 suspeito de homic\u00eddio e profana\u00e7\u00e3o de cad\u00e1ver, sem acusa\u00e7\u00e3o de sequestro.","og_url":"https:\/\/portaltela.pt\/noticias\/2026\/03\/26\/ex-policia-frances-suspeito-de-matar-ex-parceira-e-atual-companheira-em-prisao-preventiva\/","og_site_name":"Portal Tela Portugal","article_published_time":"2026-03-26T22:48:00+00:00","author":"Telinha","twitter_card":"summary_large_image","twitter_misc":{"Escrito por":"Telinha","Tempo estimado de leitura":"1 minuto"},"schema":{"@context":"https:\/\/schema.org","@graph":[{"@type":"Article","@id":"https:\/\/portaltela.pt\/noticias\/2026\/03\/26\/ex-policia-frances-suspeito-de-matar-ex-parceira-e-atual-companheira-em-prisao-preventiva\/#article","isPartOf":{"@id":"https:\/\/portaltela.pt\/noticias\/2026\/03\/26\/ex-policia-frances-suspeito-de-matar-ex-parceira-e-atual-companheira-em-prisao-preventiva\/"},"author":{"name":"Telinha","@id":"https:\/\/portaltela.pt\/#\/schema\/person\/c4278d4a6028830caff9ee44b42d32ed"},"headline":"Ex-pol\u00edcia franc\u00eas suspeito de matar ex-parceira e atual companheira em pris\u00e3o preventiva","datePublished":"2026-03-26T22:48:00+00:00","mainEntityOfPage":{"@id":"https:\/\/portaltela.pt\/noticias\/2026\/03\/26\/ex-policia-frances-suspeito-de-matar-ex-parceira-e-atual-companheira-em-prisao-preventiva\/"},"wordCount":294,"image":{"@id":"https:\/\/portaltela.pt\/noticias\/2026\/03\/26\/ex-policia-frances-suspeito-de-matar-ex-parceira-e-atual-companheira-em-prisao-preventiva\/#primaryimage"},"thumbnailUrl":"https:\/\/portaltela.pt\/s.01k8rhncp4jt1\/2026\/03\/image-1567.jpg","keywords":["Bragan\u00e7a","crime","Fran\u00e7a","homic\u00eddio","profana\u00e7\u00e3o de cad\u00e1ver","sequestro"],"articleSection":["Crime","Not\u00edcias"],"inLanguage":"pt-PT"},{"@type":"WebPage","@id":"https:\/\/portaltela.pt\/noticias\/2026\/03\/26\/ex-policia-frances-suspeito-de-matar-ex-parceira-e-atual-companheira-em-prisao-preventiva\/","url":"https:\/\/portaltela.pt\/noticias\/2026\/03\/26\/ex-policia-frances-suspeito-de-matar-ex-parceira-e-atual-companheira-em-prisao-preventiva\/","name":"Ex-pol\u00edcia franc\u00eas suspeito de matar ex-parceira e atual companheira em pris\u00e3o preventiva - Portal Tela Portugal","isPartOf":{"@id":"https:\/\/portaltela.pt\/#website"},"primaryImageOfPage":{"@id":"https:\/\/portaltela.pt\/noticias\/2026\/03\/26\/ex-policia-frances-suspeito-de-matar-ex-parceira-e-atual-companheira-em-prisao-preventiva\/#primaryimage"},"image":{"@id":"https:\/\/portaltela.pt\/noticias\/2026\/03\/26\/ex-policia-frances-suspeito-de-matar-ex-parceira-e-atual-companheira-em-prisao-preventiva\/#primaryimage"},"thumbnailUrl":"https:\/\/portaltela.pt\/s.01k8rhncp4jt1\/2026\/03\/image-1567.jpg","datePublished":"2026-03-26T22:48:00+00:00","author":{"@id":"https:\/\/portaltela.pt\/#\/schema\/person\/c4278d4a6028830caff9ee44b42d32ed"},"breadcrumb":{"@id":"https:\/\/portaltela.pt\/noticias\/2026\/03\/26\/ex-policia-frances-suspeito-de-matar-ex-parceira-e-atual-companheira-em-prisao-preventiva\/#breadcrumb"},"inLanguage":"pt-PT","potentialAction":[{"@type":"ReadAction","target":["https:\/\/portaltela.pt\/noticias\/2026\/03\/26\/ex-policia-frances-suspeito-de-matar-ex-parceira-e-atual-companheira-em-prisao-preventiva\/"]}]},{"@type":"ImageObject","inLanguage":"pt-PT","@id":"https:\/\/portaltela.pt\/noticias\/2026\/03\/26\/ex-policia-frances-suspeito-de-matar-ex-parceira-e-atual-companheira-em-prisao-preventiva\/#primaryimage","url":"https:\/\/portaltela.pt\/s.01k8rhncp4jt1\/2026\/03\/image-1567.jpg","contentUrl":"https:\/\/portaltela.pt\/s.01k8rhncp4jt1\/2026\/03\/image-1567.jpg","width":796,"height":448,"caption":"C\u00e9dric Prizzon saiu do Tribunal de Vila Nova de Foz C\u00f4a j\u00e1 depois das 22 horas desta quinta-feira"},{"@type":"BreadcrumbList","@id":"https:\/\/portaltela.pt\/noticias\/2026\/03\/26\/ex-policia-frances-suspeito-de-matar-ex-parceira-e-atual-companheira-em-prisao-preventiva\/#breadcrumb","itemListElement":[{"@type":"ListItem","position":1,"name":"In\u00edcio","item":"https:\/\/portaltela.pt\/"},{"@type":"ListItem","position":2,"name":"Ex-pol\u00edcia franc\u00eas suspeito de matar ex-parceira e atual companheira em pris\u00e3o preventiva"}]},{"@type":"WebSite","@id":"https:\/\/portaltela.pt\/#website","url":"https:\/\/portaltela.pt\/","name":"Portal Tela Portugal","description":"","potentialAction":[{"@type":"SearchAction","target":{"@type":"EntryPoint","urlTemplate":"https:\/\/portaltela.pt\/?s={search_term_string}"},"query-input":{"@type":"PropertyValueSpecification","valueRequired":true,"valueName":"search_term_string"}}],"inLanguage":"pt-PT"},{"@type":"Person","@id":"https:\/\/portaltela.pt\/#\/schema\/person\/c4278d4a6028830caff9ee44b42d32ed","name":"Telinha","image":{"@type":"ImageObject","inLanguage":"pt-PT","@id":"https:\/\/portaltela.pt\/s.01k8rhncp4jt1\/2025\/11\/talking-bot-125x125.png","url":"https:\/\/portaltela.pt\/s.01k8rhncp4jt1\/2025\/11\/talking-bot-125x125.png","contentUrl":"https:\/\/portaltela.pt\/s.01k8rhncp4jt1\/2025\/11\/talking-bot-125x125.png","caption":"Telinha"},"sameAs":["https:\/\/portaltela.pt\/"],"url":"https:\/\/portaltela.pt\/por\/367410592786\/"}]}},"_links":{"self":[{"href":"https:\/\/portaltela.pt\/api\/wp\/v2\/posts\/423055","targetHints":{"allow":["GET"]}}],"collection":[{"href":"https:\/\/portaltela.pt\/api\/wp\/v2\/posts"}],"about":[{"href":"https:\/\/portaltela.pt\/api\/wp\/v2\/types\/post"}],"author":[{"embeddable":true,"href":"https:\/\/portaltela.pt\/api\/wp\/v2\/users\/2"}],"replies":[{"embeddable":true,"href":"https:\/\/portaltela.pt\/api\/wp\/v2\/comments?post=423055"}],"version-history":[{"count":0,"href":"https:\/\/portaltela.pt\/api\/wp\/v2\/posts\/423055\/revisions"}],"wp:featuredmedia":[{"embeddable":true,"href":"https:\/\/portaltela.pt\/api\/wp\/v2\/media\/423056"}],"wp:attachment":[{"href":"https:\/\/portaltela.pt\/api\/wp\/v2\/media?parent=423055"}],"wp:term":[{"taxonomy":"category","embeddable":true,"href":"https:\/\/portaltela.pt\/api\/wp\/v2\/categories?post=423055"},{"taxonomy":"post_tag","embeddable":true,"href":"https:\/\/portaltela.pt\/api\/wp\/v2\/tags?post=423055"}],"curies":[{"name":"wp","href":"https:\/\/api.w.org\/{rel}","templated":true}]}}