{"id":423050,"date":"2026-03-26T19:51:00","date_gmt":"2026-03-26T22:51:00","guid":{"rendered":"https:\/\/portaltela.pt\/noticias\/2026\/03\/26\/plantel-do-marinhense-reclama-dois-meses-de-salarios-em-atraso\/"},"modified":"2026-03-26T19:51:00","modified_gmt":"2026-03-26T22:51:00","slug":"plantel-do-marinhense-reclama-dois-meses-de-salarios-em-atraso","status":"publish","type":"post","link":"https:\/\/portaltela.pt\/desporto\/futebol\/2026\/03\/26\/plantel-do-marinhense-reclama-dois-meses-de-salarios-em-atraso\/","title":{"rendered":"Plantel do Marinhense reclama dois meses de sal\u00e1rios em atraso"},"content":{"rendered":"<p>O plantel do Marinhense realizou greve e n\u00e3o treinaram nesta quinta-feira, reclamando dois meses de sal\u00e1rios em atraso. A indefini\u00e7\u00e3o coloca em risco a presen\u00e7a da equipa no jogo de domingo, referente \u00e0 23.\u00aa jornada do Campeonato de Portugal.<\/p>\n<p>A Data limite de pagamento, 25 de mar\u00e7o, foi ultrapassada. N\u00e3o houve presen\u00e7a na sess\u00e3o, nem da dire\u00e7\u00e3o t\u00e9cnica, nem do staff, incluindo o treinador da equipa t\u00e9cnica. O cen\u00e1rio pode complicar a continuidade de alguns elementos no plantel.<\/p>\n<p>Al\u00e9m disso, a situa\u00e7\u00e3o envolve o t\u00e9cnico principal Wilson Teixeira e o diretor desportivo, que tamb\u00e9m n\u00e3o marcaram presen\u00e7a. O Marinhense ocupa o 11.\u00ba lugar, a tr\u00eas pontos da zona de salva\u00e7\u00e3o da S\u00e9rie C.<\/p>\n<h3>Situa\u00e7\u00e3o financeira<\/h3>\n<p>O Marinhense, cuja gest\u00e3o da sec\u00e7\u00e3o de futebol est\u00e1 ligada a um investidor externo, enfrenta um processo disciplinar da Federa\u00e7\u00e3o Portuguesa de Futebol por aus\u00eancia de documenta\u00e7\u00e3o relativa a obriga\u00e7\u00f5es de mar\u00e7o.<\/p>\n<p>O treino de amanh\u00e3 e o jogo de domingo frente ao Mort\u00e1gua, da 23.\u00aa jornada, continuam incertos at\u00e9 receberem garantias de regulariza\u00e7\u00e3o. O clube mant\u00e9m o posicionamento de que a situa\u00e7\u00e3o ser\u00e1 resolvida.<\/p>\n<p>O investidor da SAD confirmou os atrasos, mas garantiu que os valores de fevereiro e mar\u00e7o ser\u00e3o liquidados at\u00e9 s\u00e1bado. A dire\u00e7\u00e3o assegura que as medidas cab\u00edveis ser\u00e3o cumpridas para\u6b63\u5e38izar as folhas.<\/p>\n","protected":false},"excerpt":{"rendered":"<ul>\n<li>O plantel do Marinhense realizou greve e n\u00e3o treinou, reclamando dois meses de sal\u00e1rios em atraso, sem garantia de presen\u00e7a na partida de domingo frente ao Mort\u00e1gua.<\/li>\n<li>A data limite de pagamento, 25 de mar\u00e7o, foi ultrapassada, afectando n\u00e3o apenas jogadores, mas tamb\u00e9m equipa t\u00e9cnica, diretor desportivo, fisioterapeuta e t\u00e9cnico de equipamentos.<\/li>\n<li>O treino de amanh\u00e3 e o jogo de domingo permanecem incertos, com a possibilidade de sa\u00edda de alguns elementos, incluindo o treinador principal, Wilson Teixeira.<\/li>\n<li>O Marinhense ocupa atualmente o 11.\u00ba lugar, a tr\u00eas pontos da zona de salva\u00e7\u00e3o da S\u00e9rie C do Campeonato de Portugal.<\/li>\n<li>A Federa\u00e7\u00e3o Portuguesa de Futebol instaurou um processo disciplinar pelo incumprimento de obriga\u00e7\u00f5es relativas a mar\u00e7o; o investidor da SAD confirmou os atrasos, assegurando pagamento de fevereiro e mar\u00e7o at\u00e9 s\u00e1bado.<\/li>\n<\/ul>\n","protected":false},"author":2,"featured_media":423053,"comment_status":"closed","ping_status":"closed","sticky":false,"template":"","format":"standard","meta":{"footnotes":""},"categories":[21,24],"tags":[1268,6331,152,32,2097,6645],"class_list":["post-423050","post","type-post","status-publish","format-standard","has-post-thumbnail","hentry","category-desporto","category-futebol","tag-campeonato-de-portugal","tag-condicoes-de-trabalho","tag-desporto","tag-futebol","tag-mortagua","tag-salarios"],"yoast_head":"<!-- This site is optimized with the Yoast SEO plugin v27.2 - https:\/\/yoast.com\/product\/yoast-seo-wordpress\/ -->\n<title>Plantel do Marinhense reclama dois meses de sal\u00e1rios em atraso - Portal Tela Portugal<\/title>\n<meta name=\"robots\" content=\"index, follow, max-snippet:-1, max-image-preview:large, max-video-preview:-1\" \/>\n<meta property=\"og:locale\" content=\"pt_PT\" \/>\n<meta property=\"og:type\" content=\"article\" \/>\n<meta property=\"og:title\" content=\"Plantel do Marinhense reclama dois meses de sal\u00e1rios em atraso - Portal Tela Portugal\" \/>\n<meta property=\"og:description\" content=\"O plantel do Marinhense realizou greve e n\u00e3o treinou, reclamando dois meses de sal\u00e1rios em atraso, sem garantia de presen\u00e7a na partida de domingo frente ao Mort\u00e1gua. A data limite de pagamento, 25 de mar\u00e7o, foi ultrapassada, afectando n\u00e3o apenas jogadores, mas tamb\u00e9m equipa t\u00e9cnica, diretor desportivo, fisioterapeuta e t\u00e9cnico de equipamentos. O treino de amanh\u00e3 e o jogo de domingo permanecem incertos, com a possibilidade de sa\u00edda de alguns elementos, incluindo o treinador principal, Wilson Teixeira. O Marinhense ocupa atualmente o 11.\u00ba lugar, a tr\u00eas pontos da zona de salva\u00e7\u00e3o da S\u00e9rie C do Campeonato de Portugal. A Federa\u00e7\u00e3o Portuguesa de Futebol instaurou um processo disciplinar pelo incumprimento de obriga\u00e7\u00f5es relativas a mar\u00e7o; o investidor da SAD confirmou os atrasos, assegurando pagamento de fevereiro e mar\u00e7o at\u00e9 s\u00e1bado.\" \/>\n<meta property=\"og:url\" content=\"https:\/\/portaltela.pt\/noticias\/2026\/03\/26\/plantel-do-marinhense-reclama-dois-meses-de-salarios-em-atraso\/\" \/>\n<meta property=\"og:site_name\" content=\"Portal Tela Portugal\" \/>\n<meta property=\"article:published_time\" content=\"2026-03-26T22:51:00+00:00\" \/>\n<meta name=\"author\" content=\"Telinha\" \/>\n<meta name=\"twitter:card\" content=\"summary_large_image\" \/>\n<meta name=\"twitter:label1\" content=\"Escrito por\" \/>\n\t<meta name=\"twitter:data1\" content=\"Telinha\" \/>\n\t<meta name=\"twitter:label2\" content=\"Tempo estimado de leitura\" \/>\n\t<meta name=\"twitter:data2\" content=\"1 minuto\" \/>\n<script type=\"application\/ld+json\" class=\"yoast-schema-graph\">{\"@context\":\"https:\/\/schema.org\",\"@graph\":[{\"@type\":\"Article\",\"@id\":\"https:\/\/portaltela.pt\/noticias\/2026\/03\/26\/plantel-do-marinhense-reclama-dois-meses-de-salarios-em-atraso\/#article\",\"isPartOf\":{\"@id\":\"https:\/\/portaltela.pt\/noticias\/2026\/03\/26\/plantel-do-marinhense-reclama-dois-meses-de-salarios-em-atraso\/\"},\"author\":{\"name\":\"Telinha\",\"@id\":\"https:\/\/portaltela.pt\/#\/schema\/person\/c4278d4a6028830caff9ee44b42d32ed\"},\"headline\":\"Plantel do Marinhense reclama dois meses de sal\u00e1rios em atraso\",\"datePublished\":\"2026-03-26T22:51:00+00:00\",\"mainEntityOfPage\":{\"@id\":\"https:\/\/portaltela.pt\/noticias\/2026\/03\/26\/plantel-do-marinhense-reclama-dois-meses-de-salarios-em-atraso\/\"},\"wordCount\":258,\"image\":{\"@id\":\"https:\/\/portaltela.pt\/noticias\/2026\/03\/26\/plantel-do-marinhense-reclama-dois-meses-de-salarios-em-atraso\/#primaryimage\"},\"thumbnailUrl\":\"https:\/\/portaltela.pt\/s.01k8rhncp4jt1\/2026\/03\/img_920x518uu2026-03-26-22-51-05-2429602.jpg\",\"keywords\":[\"Campeonato de Portugal\",\"condi\u00e7\u00f5es de trabalho\",\"desporto\",\"futebol\",\"Mort\u00e1gua\",\"sal\u00e1rios\"],\"articleSection\":[\"Desporto\",\"Futebol\"],\"inLanguage\":\"pt-PT\"},{\"@type\":\"WebPage\",\"@id\":\"https:\/\/portaltela.pt\/noticias\/2026\/03\/26\/plantel-do-marinhense-reclama-dois-meses-de-salarios-em-atraso\/\",\"url\":\"https:\/\/portaltela.pt\/noticias\/2026\/03\/26\/plantel-do-marinhense-reclama-dois-meses-de-salarios-em-atraso\/\",\"name\":\"Plantel do Marinhense reclama dois meses de sal\u00e1rios em atraso - Portal Tela Portugal\",\"isPartOf\":{\"@id\":\"https:\/\/portaltela.pt\/#website\"},\"primaryImageOfPage\":{\"@id\":\"https:\/\/portaltela.pt\/noticias\/2026\/03\/26\/plantel-do-marinhense-reclama-dois-meses-de-salarios-em-atraso\/#primaryimage\"},\"image\":{\"@id\":\"https:\/\/portaltela.pt\/noticias\/2026\/03\/26\/plantel-do-marinhense-reclama-dois-meses-de-salarios-em-atraso\/#primaryimage\"},\"thumbnailUrl\":\"https:\/\/portaltela.pt\/s.01k8rhncp4jt1\/2026\/03\/img_920x518uu2026-03-26-22-51-05-2429602.jpg\",\"datePublished\":\"2026-03-26T22:51:00+00:00\",\"author\":{\"@id\":\"https:\/\/portaltela.pt\/#\/schema\/person\/c4278d4a6028830caff9ee44b42d32ed\"},\"breadcrumb\":{\"@id\":\"https:\/\/portaltela.pt\/noticias\/2026\/03\/26\/plantel-do-marinhense-reclama-dois-meses-de-salarios-em-atraso\/#breadcrumb\"},\"inLanguage\":\"pt-PT\",\"potentialAction\":[{\"@type\":\"ReadAction\",\"target\":[\"https:\/\/portaltela.pt\/noticias\/2026\/03\/26\/plantel-do-marinhense-reclama-dois-meses-de-salarios-em-atraso\/\"]}]},{\"@type\":\"ImageObject\",\"inLanguage\":\"pt-PT\",\"@id\":\"https:\/\/portaltela.pt\/noticias\/2026\/03\/26\/plantel-do-marinhense-reclama-dois-meses-de-salarios-em-atraso\/#primaryimage\",\"url\":\"https:\/\/portaltela.pt\/s.01k8rhncp4jt1\/2026\/03\/img_920x518uu2026-03-26-22-51-05-2429602.jpg\",\"contentUrl\":\"https:\/\/portaltela.pt\/s.01k8rhncp4jt1\/2026\/03\/img_920x518uu2026-03-26-22-51-05-2429602.jpg\",\"width\":796,\"height\":448,\"caption\":\"Plantel do Marinhense fez greve\"},{\"@type\":\"BreadcrumbList\",\"@id\":\"https:\/\/portaltela.pt\/noticias\/2026\/03\/26\/plantel-do-marinhense-reclama-dois-meses-de-salarios-em-atraso\/#breadcrumb\",\"itemListElement\":[{\"@type\":\"ListItem\",\"position\":1,\"name\":\"In\u00edcio\",\"item\":\"https:\/\/portaltela.pt\/\"},{\"@type\":\"ListItem\",\"position\":2,\"name\":\"Plantel do Marinhense reclama dois meses de sal\u00e1rios em atraso\"}]},{\"@type\":\"WebSite\",\"@id\":\"https:\/\/portaltela.pt\/#website\",\"url\":\"https:\/\/portaltela.pt\/\",\"name\":\"Portal Tela Portugal\",\"description\":\"\",\"potentialAction\":[{\"@type\":\"SearchAction\",\"target\":{\"@type\":\"EntryPoint\",\"urlTemplate\":\"https:\/\/portaltela.pt\/?s={search_term_string}\"},\"query-input\":{\"@type\":\"PropertyValueSpecification\",\"valueRequired\":true,\"valueName\":\"search_term_string\"}}],\"inLanguage\":\"pt-PT\"},{\"@type\":\"Person\",\"@id\":\"https:\/\/portaltela.pt\/#\/schema\/person\/c4278d4a6028830caff9ee44b42d32ed\",\"name\":\"Telinha\",\"image\":{\"@type\":\"ImageObject\",\"inLanguage\":\"pt-PT\",\"@id\":\"https:\/\/portaltela.pt\/s.01k8rhncp4jt1\/2025\/11\/talking-bot-125x125.png\",\"url\":\"https:\/\/portaltela.pt\/s.01k8rhncp4jt1\/2025\/11\/talking-bot-125x125.png\",\"contentUrl\":\"https:\/\/portaltela.pt\/s.01k8rhncp4jt1\/2025\/11\/talking-bot-125x125.png\",\"caption\":\"Telinha\"},\"sameAs\":[\"https:\/\/portaltela.pt\/\"],\"url\":\"https:\/\/portaltela.pt\/por\/367410592786\/\"}]}<\/script>\n<!-- \/ Yoast SEO plugin. -->","yoast_head_json":{"title":"Plantel do Marinhense reclama dois meses de sal\u00e1rios em atraso - Portal Tela Portugal","robots":{"index":"index","follow":"follow","max-snippet":"max-snippet:-1","max-image-preview":"max-image-preview:large","max-video-preview":"max-video-preview:-1"},"og_locale":"pt_PT","og_type":"article","og_title":"Plantel do Marinhense reclama dois meses de sal\u00e1rios em atraso - Portal Tela Portugal","og_description":"O plantel do Marinhense realizou greve e n\u00e3o treinou, reclamando dois meses de sal\u00e1rios em atraso, sem garantia de presen\u00e7a na partida de domingo frente ao Mort\u00e1gua. A data limite de pagamento, 25 de mar\u00e7o, foi ultrapassada, afectando n\u00e3o apenas jogadores, mas tamb\u00e9m equipa t\u00e9cnica, diretor desportivo, fisioterapeuta e t\u00e9cnico de equipamentos. O treino de amanh\u00e3 e o jogo de domingo permanecem incertos, com a possibilidade de sa\u00edda de alguns elementos, incluindo o treinador principal, Wilson Teixeira. O Marinhense ocupa atualmente o 11.\u00ba lugar, a tr\u00eas pontos da zona de salva\u00e7\u00e3o da S\u00e9rie C do Campeonato de Portugal. A Federa\u00e7\u00e3o Portuguesa de Futebol instaurou um processo disciplinar pelo incumprimento de obriga\u00e7\u00f5es relativas a mar\u00e7o; o investidor da SAD confirmou os atrasos, assegurando pagamento de fevereiro e mar\u00e7o at\u00e9 s\u00e1bado.","og_url":"https:\/\/portaltela.pt\/noticias\/2026\/03\/26\/plantel-do-marinhense-reclama-dois-meses-de-salarios-em-atraso\/","og_site_name":"Portal Tela Portugal","article_published_time":"2026-03-26T22:51:00+00:00","author":"Telinha","twitter_card":"summary_large_image","twitter_misc":{"Escrito por":"Telinha","Tempo estimado de leitura":"1 minuto"},"schema":{"@context":"https:\/\/schema.org","@graph":[{"@type":"Article","@id":"https:\/\/portaltela.pt\/noticias\/2026\/03\/26\/plantel-do-marinhense-reclama-dois-meses-de-salarios-em-atraso\/#article","isPartOf":{"@id":"https:\/\/portaltela.pt\/noticias\/2026\/03\/26\/plantel-do-marinhense-reclama-dois-meses-de-salarios-em-atraso\/"},"author":{"name":"Telinha","@id":"https:\/\/portaltela.pt\/#\/schema\/person\/c4278d4a6028830caff9ee44b42d32ed"},"headline":"Plantel do Marinhense reclama dois meses de sal\u00e1rios em atraso","datePublished":"2026-03-26T22:51:00+00:00","mainEntityOfPage":{"@id":"https:\/\/portaltela.pt\/noticias\/2026\/03\/26\/plantel-do-marinhense-reclama-dois-meses-de-salarios-em-atraso\/"},"wordCount":258,"image":{"@id":"https:\/\/portaltela.pt\/noticias\/2026\/03\/26\/plantel-do-marinhense-reclama-dois-meses-de-salarios-em-atraso\/#primaryimage"},"thumbnailUrl":"https:\/\/portaltela.pt\/s.01k8rhncp4jt1\/2026\/03\/img_920x518uu2026-03-26-22-51-05-2429602.jpg","keywords":["Campeonato de Portugal","condi\u00e7\u00f5es de trabalho","desporto","futebol","Mort\u00e1gua","sal\u00e1rios"],"articleSection":["Desporto","Futebol"],"inLanguage":"pt-PT"},{"@type":"WebPage","@id":"https:\/\/portaltela.pt\/noticias\/2026\/03\/26\/plantel-do-marinhense-reclama-dois-meses-de-salarios-em-atraso\/","url":"https:\/\/portaltela.pt\/noticias\/2026\/03\/26\/plantel-do-marinhense-reclama-dois-meses-de-salarios-em-atraso\/","name":"Plantel do Marinhense reclama dois meses de sal\u00e1rios em atraso - Portal Tela Portugal","isPartOf":{"@id":"https:\/\/portaltela.pt\/#website"},"primaryImageOfPage":{"@id":"https:\/\/portaltela.pt\/noticias\/2026\/03\/26\/plantel-do-marinhense-reclama-dois-meses-de-salarios-em-atraso\/#primaryimage"},"image":{"@id":"https:\/\/portaltela.pt\/noticias\/2026\/03\/26\/plantel-do-marinhense-reclama-dois-meses-de-salarios-em-atraso\/#primaryimage"},"thumbnailUrl":"https:\/\/portaltela.pt\/s.01k8rhncp4jt1\/2026\/03\/img_920x518uu2026-03-26-22-51-05-2429602.jpg","datePublished":"2026-03-26T22:51:00+00:00","author":{"@id":"https:\/\/portaltela.pt\/#\/schema\/person\/c4278d4a6028830caff9ee44b42d32ed"},"breadcrumb":{"@id":"https:\/\/portaltela.pt\/noticias\/2026\/03\/26\/plantel-do-marinhense-reclama-dois-meses-de-salarios-em-atraso\/#breadcrumb"},"inLanguage":"pt-PT","potentialAction":[{"@type":"ReadAction","target":["https:\/\/portaltela.pt\/noticias\/2026\/03\/26\/plantel-do-marinhense-reclama-dois-meses-de-salarios-em-atraso\/"]}]},{"@type":"ImageObject","inLanguage":"pt-PT","@id":"https:\/\/portaltela.pt\/noticias\/2026\/03\/26\/plantel-do-marinhense-reclama-dois-meses-de-salarios-em-atraso\/#primaryimage","url":"https:\/\/portaltela.pt\/s.01k8rhncp4jt1\/2026\/03\/img_920x518uu2026-03-26-22-51-05-2429602.jpg","contentUrl":"https:\/\/portaltela.pt\/s.01k8rhncp4jt1\/2026\/03\/img_920x518uu2026-03-26-22-51-05-2429602.jpg","width":796,"height":448,"caption":"Plantel do Marinhense fez greve"},{"@type":"BreadcrumbList","@id":"https:\/\/portaltela.pt\/noticias\/2026\/03\/26\/plantel-do-marinhense-reclama-dois-meses-de-salarios-em-atraso\/#breadcrumb","itemListElement":[{"@type":"ListItem","position":1,"name":"In\u00edcio","item":"https:\/\/portaltela.pt\/"},{"@type":"ListItem","position":2,"name":"Plantel do Marinhense reclama dois meses de sal\u00e1rios em atraso"}]},{"@type":"WebSite","@id":"https:\/\/portaltela.pt\/#website","url":"https:\/\/portaltela.pt\/","name":"Portal Tela Portugal","description":"","potentialAction":[{"@type":"SearchAction","target":{"@type":"EntryPoint","urlTemplate":"https:\/\/portaltela.pt\/?s={search_term_string}"},"query-input":{"@type":"PropertyValueSpecification","valueRequired":true,"valueName":"search_term_string"}}],"inLanguage":"pt-PT"},{"@type":"Person","@id":"https:\/\/portaltela.pt\/#\/schema\/person\/c4278d4a6028830caff9ee44b42d32ed","name":"Telinha","image":{"@type":"ImageObject","inLanguage":"pt-PT","@id":"https:\/\/portaltela.pt\/s.01k8rhncp4jt1\/2025\/11\/talking-bot-125x125.png","url":"https:\/\/portaltela.pt\/s.01k8rhncp4jt1\/2025\/11\/talking-bot-125x125.png","contentUrl":"https:\/\/portaltela.pt\/s.01k8rhncp4jt1\/2025\/11\/talking-bot-125x125.png","caption":"Telinha"},"sameAs":["https:\/\/portaltela.pt\/"],"url":"https:\/\/portaltela.pt\/por\/367410592786\/"}]}},"_links":{"self":[{"href":"https:\/\/portaltela.pt\/api\/wp\/v2\/posts\/423050","targetHints":{"allow":["GET"]}}],"collection":[{"href":"https:\/\/portaltela.pt\/api\/wp\/v2\/posts"}],"about":[{"href":"https:\/\/portaltela.pt\/api\/wp\/v2\/types\/post"}],"author":[{"embeddable":true,"href":"https:\/\/portaltela.pt\/api\/wp\/v2\/users\/2"}],"replies":[{"embeddable":true,"href":"https:\/\/portaltela.pt\/api\/wp\/v2\/comments?post=423050"}],"version-history":[{"count":0,"href":"https:\/\/portaltela.pt\/api\/wp\/v2\/posts\/423050\/revisions"}],"wp:featuredmedia":[{"embeddable":true,"href":"https:\/\/portaltela.pt\/api\/wp\/v2\/media\/423053"}],"wp:attachment":[{"href":"https:\/\/portaltela.pt\/api\/wp\/v2\/media?parent=423050"}],"wp:term":[{"taxonomy":"category","embeddable":true,"href":"https:\/\/portaltela.pt\/api\/wp\/v2\/categories?post=423050"},{"taxonomy":"post_tag","embeddable":true,"href":"https:\/\/portaltela.pt\/api\/wp\/v2\/tags?post=423050"}],"curies":[{"name":"wp","href":"https:\/\/api.w.org\/{rel}","templated":true}]}}