{"id":423033,"date":"2026-03-26T19:15:31","date_gmt":"2026-03-26T22:15:31","guid":{"rendered":"https:\/\/portaltela.pt\/noticias\/2026\/03\/26\/pedro-dias-sobre-o-europeu-2028-portugal-pretende-um-bom-campeonato\/"},"modified":"2026-03-26T19:15:31","modified_gmt":"2026-03-26T22:15:31","slug":"pedro-dias-sobre-o-europeu-2028-portugal-pretende-um-bom-campeonato","status":"publish","type":"post","link":"https:\/\/portaltela.pt\/desporto\/copa-do-mundo\/2026\/03\/26\/pedro-dias-sobre-o-europeu-2028-portugal-pretende-um-bom-campeonato\/","title":{"rendered":"Pedro Dias sobre o Europeu 2028: Portugal pretende um bom campeonato"},"content":{"rendered":"<p>Pedro Dias, secret\u00e1rio de Estado do Desporto, participou no sorteio da fase de qualifica\u00e7\u00e3o do Europeu 2028, coorganizado por Portugal, Espanha e Su\u00ed\u00e7a. O evento decorreu entre 13 e 30 de janeiro do pr\u00f3ximo ano, em locais ainda por confirmar.<\/p>\n<p>O respons\u00e1vel pelo Desporto mostrou-se satisfeito com a organiza\u00e7\u00e3o e com a perspetiva do torneio em Portugal. O Europeu \u00e9 apresentado como o evento mais importante do calend\u00e1rio europeu de andebol, com formato renovado e aumento de equipas na fase final.<\/p>\n<p>Dias destacou que a Sele\u00e7\u00e3o Nacional tem mantido consist\u00eancia recente, com boas exibi\u00e7\u00f5es em mundiais e europeus. Afirmou que o objetivo \u00e9 disputar um bom Europeu, seguindo o rendimento positivo observado nos anos anteriores.<\/p>\n<h3>Declara\u00e7\u00f5es de Pedro Dias<\/h3>\n<p>O secret\u00e1rio de Estado lembrou que Portugal recebe dois grupos na fase de qualifica\u00e7\u00e3o e um grupo da Main Round, o que refor\u00e7a as aspira\u00e7\u00f5es do pa\u00eds. Refor\u00e7ou a aposta na continuidade do desempenho das camadas jovens.<\/p>\n<h3>Coment\u00e1rios da EHF<\/h3>\n<p>O presidente da Federa\u00e7\u00e3o Europeia de Andebol (EHF), Michael Wiederer, concorda com o impacto de ter Portugal como organizador. Acredita que a qualidade da sele\u00e7\u00e3o pode influenciar o sucesso do Euro 2028, desde que se mantenha a boa aflu\u00eancia e a cobertura televisiva.<\/p>\n<p>Wiederer relembrou ainda que desde 1994, quando o Europeu passou a ocorrer em Portugal, o panorama do desporto evoluiu bastante. A aposta atual visa manter o n\u00edvel elevado, com competi\u00e7\u00e3o de alto padr\u00e3o no sul da Europa.<\/p>\n","protected":false},"excerpt":{"rendered":"<ul>\n<li>Pedro Dias, secret\u00e1rio de Estado do Desporto, participou no sorteio da fase de qualifica\u00e7\u00e3o do Europeu de andebol de 2028, coorganizado por Portugal, Espanha e Su\u00ed\u00e7a, entre 13 e 30 de janeiro de 2028.<\/li>\n<li>O governante afirmou ter satisfa\u00e7\u00e3o com a din\u00e2mica em Portugal e que o pa\u00eds tem aspira\u00e7\u00f5es a fazer um bom campeonato, com dois grupos na fase preliminar e um grupo na Main Round.<\/li>\n<li>A Sele\u00e7\u00e3o Nacional tem demonstrado consist\u00eancia, referindo-se aos resultados recentes: Mundial com meia-final e Europeu anterior em quinto lugar.<\/li>\n<li>O presidente da Federa\u00e7\u00e3o Europeia de Andebol, Michael Wiederer, mostrou-se satisfeito com a atribui\u00e7\u00e3o a Portugal e destacou que o sucesso do Europeu depende do desempenho da sele\u00e7\u00e3o anfitri\u00e3.<\/li>\n<li>Wiederer lembrou que, desde 1994, o Europeu evoluiu para padr\u00f5es mais elevados e maior interesse, elogiando a realiza\u00e7\u00e3o do evento no sul da Europa, em Espanha e Portugal.<\/li>\n<\/ul>\n","protected":false},"author":2,"featured_media":423034,"comment_status":"closed","ping_status":"closed","sticky":false,"template":"","format":"standard","meta":{"footnotes":""},"categories":[6695,21],"tags":[180,2463,2487,6653,1014,2057],"class_list":["post-423033","post","type-post","status-publish","format-standard","has-post-thumbnail","hentry","category-copa-do-mundo","category-desporto","tag-andebol","tag-competicao-internacional","tag-europa","tag-organizacao","tag-portugal","tag-selecao-nacional"],"yoast_head":"<!-- This site is optimized with the Yoast SEO plugin v27.2 - https:\/\/yoast.com\/product\/yoast-seo-wordpress\/ -->\n<title>Pedro Dias sobre o Europeu 2028: Portugal pretende um bom campeonato - Portal Tela Portugal<\/title>\n<meta name=\"robots\" content=\"index, follow, max-snippet:-1, max-image-preview:large, max-video-preview:-1\" \/>\n<meta property=\"og:locale\" content=\"pt_PT\" \/>\n<meta property=\"og:type\" content=\"article\" \/>\n<meta property=\"og:title\" content=\"Pedro Dias sobre o Europeu 2028: Portugal pretende um bom campeonato - Portal Tela Portugal\" \/>\n<meta property=\"og:description\" content=\"Pedro Dias, secret\u00e1rio de Estado do Desporto, participou no sorteio da fase de qualifica\u00e7\u00e3o do Europeu de andebol de 2028, coorganizado por Portugal, Espanha e Su\u00ed\u00e7a, entre 13 e 30 de janeiro de 2028. O governante afirmou ter satisfa\u00e7\u00e3o com a din\u00e2mica em Portugal e que o pa\u00eds tem aspira\u00e7\u00f5es a fazer um bom campeonato, com dois grupos na fase preliminar e um grupo na Main Round. A Sele\u00e7\u00e3o Nacional tem demonstrado consist\u00eancia, referindo-se aos resultados recentes: Mundial com meia-final e Europeu anterior em quinto lugar. O presidente da Federa\u00e7\u00e3o Europeia de Andebol, Michael Wiederer, mostrou-se satisfeito com a atribui\u00e7\u00e3o a Portugal e destacou que o sucesso do Europeu depende do desempenho da sele\u00e7\u00e3o anfitri\u00e3. Wiederer lembrou que, desde 1994, o Europeu evoluiu para padr\u00f5es mais elevados e maior interesse, elogiando a realiza\u00e7\u00e3o do evento no sul da Europa, em Espanha e Portugal.\" \/>\n<meta property=\"og:url\" content=\"https:\/\/portaltela.pt\/noticias\/2026\/03\/26\/pedro-dias-sobre-o-europeu-2028-portugal-pretende-um-bom-campeonato\/\" \/>\n<meta property=\"og:site_name\" content=\"Portal Tela Portugal\" \/>\n<meta property=\"article:published_time\" content=\"2026-03-26T22:15:31+00:00\" \/>\n<meta name=\"author\" content=\"Telinha\" \/>\n<meta name=\"twitter:card\" content=\"summary_large_image\" \/>\n<meta name=\"twitter:label1\" content=\"Escrito por\" \/>\n\t<meta name=\"twitter:data1\" content=\"Telinha\" \/>\n\t<meta name=\"twitter:label2\" content=\"Tempo estimado de leitura\" \/>\n\t<meta name=\"twitter:data2\" content=\"1 minuto\" \/>\n<script type=\"application\/ld+json\" class=\"yoast-schema-graph\">{\"@context\":\"https:\/\/schema.org\",\"@graph\":[{\"@type\":\"Article\",\"@id\":\"https:\/\/portaltela.pt\/noticias\/2026\/03\/26\/pedro-dias-sobre-o-europeu-2028-portugal-pretende-um-bom-campeonato\/#article\",\"isPartOf\":{\"@id\":\"https:\/\/portaltela.pt\/noticias\/2026\/03\/26\/pedro-dias-sobre-o-europeu-2028-portugal-pretende-um-bom-campeonato\/\"},\"author\":{\"name\":\"Telinha\",\"@id\":\"https:\/\/portaltela.pt\/#\/schema\/person\/c4278d4a6028830caff9ee44b42d32ed\"},\"headline\":\"Pedro Dias sobre o Europeu 2028: Portugal pretende um bom campeonato\",\"datePublished\":\"2026-03-26T22:15:31+00:00\",\"mainEntityOfPage\":{\"@id\":\"https:\/\/portaltela.pt\/noticias\/2026\/03\/26\/pedro-dias-sobre-o-europeu-2028-portugal-pretende-um-bom-campeonato\/\"},\"wordCount\":266,\"image\":{\"@id\":\"https:\/\/portaltela.pt\/noticias\/2026\/03\/26\/pedro-dias-sobre-o-europeu-2028-portugal-pretende-um-bom-campeonato\/#primaryimage\"},\"thumbnailUrl\":\"https:\/\/portaltela.pt\/s.01k8rhncp4jt1\/2026\/03\/img_920x518uu2026-03-26-22-14-23-2429590-im-639101600867271890.jpg\",\"keywords\":[\"andebol\",\"competi\u00e7\u00e3o internacional\",\"Europa\",\"organiza\u00e7\u00e3o\",\"Portugal\",\"Sele\u00e7\u00e3o Nacional\"],\"articleSection\":[\"Copa do Mundo\",\"Desporto\"],\"inLanguage\":\"pt-PT\"},{\"@type\":\"WebPage\",\"@id\":\"https:\/\/portaltela.pt\/noticias\/2026\/03\/26\/pedro-dias-sobre-o-europeu-2028-portugal-pretende-um-bom-campeonato\/\",\"url\":\"https:\/\/portaltela.pt\/noticias\/2026\/03\/26\/pedro-dias-sobre-o-europeu-2028-portugal-pretende-um-bom-campeonato\/\",\"name\":\"Pedro Dias sobre o Europeu 2028: Portugal pretende um bom campeonato - Portal Tela Portugal\",\"isPartOf\":{\"@id\":\"https:\/\/portaltela.pt\/#website\"},\"primaryImageOfPage\":{\"@id\":\"https:\/\/portaltela.pt\/noticias\/2026\/03\/26\/pedro-dias-sobre-o-europeu-2028-portugal-pretende-um-bom-campeonato\/#primaryimage\"},\"image\":{\"@id\":\"https:\/\/portaltela.pt\/noticias\/2026\/03\/26\/pedro-dias-sobre-o-europeu-2028-portugal-pretende-um-bom-campeonato\/#primaryimage\"},\"thumbnailUrl\":\"https:\/\/portaltela.pt\/s.01k8rhncp4jt1\/2026\/03\/img_920x518uu2026-03-26-22-14-23-2429590-im-639101600867271890.jpg\",\"datePublished\":\"2026-03-26T22:15:31+00:00\",\"author\":{\"@id\":\"https:\/\/portaltela.pt\/#\/schema\/person\/c4278d4a6028830caff9ee44b42d32ed\"},\"breadcrumb\":{\"@id\":\"https:\/\/portaltela.pt\/noticias\/2026\/03\/26\/pedro-dias-sobre-o-europeu-2028-portugal-pretende-um-bom-campeonato\/#breadcrumb\"},\"inLanguage\":\"pt-PT\",\"potentialAction\":[{\"@type\":\"ReadAction\",\"target\":[\"https:\/\/portaltela.pt\/noticias\/2026\/03\/26\/pedro-dias-sobre-o-europeu-2028-portugal-pretende-um-bom-campeonato\/\"]}]},{\"@type\":\"ImageObject\",\"inLanguage\":\"pt-PT\",\"@id\":\"https:\/\/portaltela.pt\/noticias\/2026\/03\/26\/pedro-dias-sobre-o-europeu-2028-portugal-pretende-um-bom-campeonato\/#primaryimage\",\"url\":\"https:\/\/portaltela.pt\/s.01k8rhncp4jt1\/2026\/03\/img_920x518uu2026-03-26-22-14-23-2429590-im-639101600867271890.jpg\",\"contentUrl\":\"https:\/\/portaltela.pt\/s.01k8rhncp4jt1\/2026\/03\/img_920x518uu2026-03-26-22-14-23-2429590-im-639101600867271890.jpg\",\"width\":920,\"height\":518,\"caption\":\"Pedro Dias otimista com o Euro'28 em Portugal\"},{\"@type\":\"BreadcrumbList\",\"@id\":\"https:\/\/portaltela.pt\/noticias\/2026\/03\/26\/pedro-dias-sobre-o-europeu-2028-portugal-pretende-um-bom-campeonato\/#breadcrumb\",\"itemListElement\":[{\"@type\":\"ListItem\",\"position\":1,\"name\":\"In\u00edcio\",\"item\":\"https:\/\/portaltela.pt\/\"},{\"@type\":\"ListItem\",\"position\":2,\"name\":\"Pedro Dias sobre o Europeu 2028: Portugal pretende um bom campeonato\"}]},{\"@type\":\"WebSite\",\"@id\":\"https:\/\/portaltela.pt\/#website\",\"url\":\"https:\/\/portaltela.pt\/\",\"name\":\"Portal Tela Portugal\",\"description\":\"\",\"potentialAction\":[{\"@type\":\"SearchAction\",\"target\":{\"@type\":\"EntryPoint\",\"urlTemplate\":\"https:\/\/portaltela.pt\/?s={search_term_string}\"},\"query-input\":{\"@type\":\"PropertyValueSpecification\",\"valueRequired\":true,\"valueName\":\"search_term_string\"}}],\"inLanguage\":\"pt-PT\"},{\"@type\":\"Person\",\"@id\":\"https:\/\/portaltela.pt\/#\/schema\/person\/c4278d4a6028830caff9ee44b42d32ed\",\"name\":\"Telinha\",\"image\":{\"@type\":\"ImageObject\",\"inLanguage\":\"pt-PT\",\"@id\":\"https:\/\/portaltela.pt\/s.01k8rhncp4jt1\/2025\/11\/talking-bot-125x125.png\",\"url\":\"https:\/\/portaltela.pt\/s.01k8rhncp4jt1\/2025\/11\/talking-bot-125x125.png\",\"contentUrl\":\"https:\/\/portaltela.pt\/s.01k8rhncp4jt1\/2025\/11\/talking-bot-125x125.png\",\"caption\":\"Telinha\"},\"sameAs\":[\"https:\/\/portaltela.pt\/\"],\"url\":\"https:\/\/portaltela.pt\/por\/367410592786\/\"}]}<\/script>\n<!-- \/ Yoast SEO plugin. -->","yoast_head_json":{"title":"Pedro Dias sobre o Europeu 2028: Portugal pretende um bom campeonato - Portal Tela Portugal","robots":{"index":"index","follow":"follow","max-snippet":"max-snippet:-1","max-image-preview":"max-image-preview:large","max-video-preview":"max-video-preview:-1"},"og_locale":"pt_PT","og_type":"article","og_title":"Pedro Dias sobre o Europeu 2028: Portugal pretende um bom campeonato - Portal Tela Portugal","og_description":"Pedro Dias, secret\u00e1rio de Estado do Desporto, participou no sorteio da fase de qualifica\u00e7\u00e3o do Europeu de andebol de 2028, coorganizado por Portugal, Espanha e Su\u00ed\u00e7a, entre 13 e 30 de janeiro de 2028. O governante afirmou ter satisfa\u00e7\u00e3o com a din\u00e2mica em Portugal e que o pa\u00eds tem aspira\u00e7\u00f5es a fazer um bom campeonato, com dois grupos na fase preliminar e um grupo na Main Round. A Sele\u00e7\u00e3o Nacional tem demonstrado consist\u00eancia, referindo-se aos resultados recentes: Mundial com meia-final e Europeu anterior em quinto lugar. O presidente da Federa\u00e7\u00e3o Europeia de Andebol, Michael Wiederer, mostrou-se satisfeito com a atribui\u00e7\u00e3o a Portugal e destacou que o sucesso do Europeu depende do desempenho da sele\u00e7\u00e3o anfitri\u00e3. Wiederer lembrou que, desde 1994, o Europeu evoluiu para padr\u00f5es mais elevados e maior interesse, elogiando a realiza\u00e7\u00e3o do evento no sul da Europa, em Espanha e Portugal.","og_url":"https:\/\/portaltela.pt\/noticias\/2026\/03\/26\/pedro-dias-sobre-o-europeu-2028-portugal-pretende-um-bom-campeonato\/","og_site_name":"Portal Tela Portugal","article_published_time":"2026-03-26T22:15:31+00:00","author":"Telinha","twitter_card":"summary_large_image","twitter_misc":{"Escrito por":"Telinha","Tempo estimado de leitura":"1 minuto"},"schema":{"@context":"https:\/\/schema.org","@graph":[{"@type":"Article","@id":"https:\/\/portaltela.pt\/noticias\/2026\/03\/26\/pedro-dias-sobre-o-europeu-2028-portugal-pretende-um-bom-campeonato\/#article","isPartOf":{"@id":"https:\/\/portaltela.pt\/noticias\/2026\/03\/26\/pedro-dias-sobre-o-europeu-2028-portugal-pretende-um-bom-campeonato\/"},"author":{"name":"Telinha","@id":"https:\/\/portaltela.pt\/#\/schema\/person\/c4278d4a6028830caff9ee44b42d32ed"},"headline":"Pedro Dias sobre o Europeu 2028: Portugal pretende um bom campeonato","datePublished":"2026-03-26T22:15:31+00:00","mainEntityOfPage":{"@id":"https:\/\/portaltela.pt\/noticias\/2026\/03\/26\/pedro-dias-sobre-o-europeu-2028-portugal-pretende-um-bom-campeonato\/"},"wordCount":266,"image":{"@id":"https:\/\/portaltela.pt\/noticias\/2026\/03\/26\/pedro-dias-sobre-o-europeu-2028-portugal-pretende-um-bom-campeonato\/#primaryimage"},"thumbnailUrl":"https:\/\/portaltela.pt\/s.01k8rhncp4jt1\/2026\/03\/img_920x518uu2026-03-26-22-14-23-2429590-im-639101600867271890.jpg","keywords":["andebol","competi\u00e7\u00e3o internacional","Europa","organiza\u00e7\u00e3o","Portugal","Sele\u00e7\u00e3o Nacional"],"articleSection":["Copa do Mundo","Desporto"],"inLanguage":"pt-PT"},{"@type":"WebPage","@id":"https:\/\/portaltela.pt\/noticias\/2026\/03\/26\/pedro-dias-sobre-o-europeu-2028-portugal-pretende-um-bom-campeonato\/","url":"https:\/\/portaltela.pt\/noticias\/2026\/03\/26\/pedro-dias-sobre-o-europeu-2028-portugal-pretende-um-bom-campeonato\/","name":"Pedro Dias sobre o Europeu 2028: Portugal pretende um bom campeonato - Portal Tela Portugal","isPartOf":{"@id":"https:\/\/portaltela.pt\/#website"},"primaryImageOfPage":{"@id":"https:\/\/portaltela.pt\/noticias\/2026\/03\/26\/pedro-dias-sobre-o-europeu-2028-portugal-pretende-um-bom-campeonato\/#primaryimage"},"image":{"@id":"https:\/\/portaltela.pt\/noticias\/2026\/03\/26\/pedro-dias-sobre-o-europeu-2028-portugal-pretende-um-bom-campeonato\/#primaryimage"},"thumbnailUrl":"https:\/\/portaltela.pt\/s.01k8rhncp4jt1\/2026\/03\/img_920x518uu2026-03-26-22-14-23-2429590-im-639101600867271890.jpg","datePublished":"2026-03-26T22:15:31+00:00","author":{"@id":"https:\/\/portaltela.pt\/#\/schema\/person\/c4278d4a6028830caff9ee44b42d32ed"},"breadcrumb":{"@id":"https:\/\/portaltela.pt\/noticias\/2026\/03\/26\/pedro-dias-sobre-o-europeu-2028-portugal-pretende-um-bom-campeonato\/#breadcrumb"},"inLanguage":"pt-PT","potentialAction":[{"@type":"ReadAction","target":["https:\/\/portaltela.pt\/noticias\/2026\/03\/26\/pedro-dias-sobre-o-europeu-2028-portugal-pretende-um-bom-campeonato\/"]}]},{"@type":"ImageObject","inLanguage":"pt-PT","@id":"https:\/\/portaltela.pt\/noticias\/2026\/03\/26\/pedro-dias-sobre-o-europeu-2028-portugal-pretende-um-bom-campeonato\/#primaryimage","url":"https:\/\/portaltela.pt\/s.01k8rhncp4jt1\/2026\/03\/img_920x518uu2026-03-26-22-14-23-2429590-im-639101600867271890.jpg","contentUrl":"https:\/\/portaltela.pt\/s.01k8rhncp4jt1\/2026\/03\/img_920x518uu2026-03-26-22-14-23-2429590-im-639101600867271890.jpg","width":920,"height":518,"caption":"Pedro Dias otimista com o Euro'28 em Portugal"},{"@type":"BreadcrumbList","@id":"https:\/\/portaltela.pt\/noticias\/2026\/03\/26\/pedro-dias-sobre-o-europeu-2028-portugal-pretende-um-bom-campeonato\/#breadcrumb","itemListElement":[{"@type":"ListItem","position":1,"name":"In\u00edcio","item":"https:\/\/portaltela.pt\/"},{"@type":"ListItem","position":2,"name":"Pedro Dias sobre o Europeu 2028: Portugal pretende um bom campeonato"}]},{"@type":"WebSite","@id":"https:\/\/portaltela.pt\/#website","url":"https:\/\/portaltela.pt\/","name":"Portal Tela Portugal","description":"","potentialAction":[{"@type":"SearchAction","target":{"@type":"EntryPoint","urlTemplate":"https:\/\/portaltela.pt\/?s={search_term_string}"},"query-input":{"@type":"PropertyValueSpecification","valueRequired":true,"valueName":"search_term_string"}}],"inLanguage":"pt-PT"},{"@type":"Person","@id":"https:\/\/portaltela.pt\/#\/schema\/person\/c4278d4a6028830caff9ee44b42d32ed","name":"Telinha","image":{"@type":"ImageObject","inLanguage":"pt-PT","@id":"https:\/\/portaltela.pt\/s.01k8rhncp4jt1\/2025\/11\/talking-bot-125x125.png","url":"https:\/\/portaltela.pt\/s.01k8rhncp4jt1\/2025\/11\/talking-bot-125x125.png","contentUrl":"https:\/\/portaltela.pt\/s.01k8rhncp4jt1\/2025\/11\/talking-bot-125x125.png","caption":"Telinha"},"sameAs":["https:\/\/portaltela.pt\/"],"url":"https:\/\/portaltela.pt\/por\/367410592786\/"}]}},"_links":{"self":[{"href":"https:\/\/portaltela.pt\/api\/wp\/v2\/posts\/423033","targetHints":{"allow":["GET"]}}],"collection":[{"href":"https:\/\/portaltela.pt\/api\/wp\/v2\/posts"}],"about":[{"href":"https:\/\/portaltela.pt\/api\/wp\/v2\/types\/post"}],"author":[{"embeddable":true,"href":"https:\/\/portaltela.pt\/api\/wp\/v2\/users\/2"}],"replies":[{"embeddable":true,"href":"https:\/\/portaltela.pt\/api\/wp\/v2\/comments?post=423033"}],"version-history":[{"count":0,"href":"https:\/\/portaltela.pt\/api\/wp\/v2\/posts\/423033\/revisions"}],"wp:featuredmedia":[{"embeddable":true,"href":"https:\/\/portaltela.pt\/api\/wp\/v2\/media\/423034"}],"wp:attachment":[{"href":"https:\/\/portaltela.pt\/api\/wp\/v2\/media?parent=423033"}],"wp:term":[{"taxonomy":"category","embeddable":true,"href":"https:\/\/portaltela.pt\/api\/wp\/v2\/categories?post=423033"},{"taxonomy":"post_tag","embeddable":true,"href":"https:\/\/portaltela.pt\/api\/wp\/v2\/tags?post=423033"}],"curies":[{"name":"wp","href":"https:\/\/api.w.org\/{rel}","templated":true}]}}