{"id":423022,"date":"2026-03-26T19:13:23","date_gmt":"2026-03-26T22:13:23","guid":{"rendered":"https:\/\/portaltela.pt\/noticias\/2026\/03\/26\/tomas-ribeiro-e-bicampeao-no-open-de-portugal-de-pitch-putt\/"},"modified":"2026-03-26T19:13:23","modified_gmt":"2026-03-26T22:13:23","slug":"tomas-ribeiro-e-bicampeao-no-open-de-portugal-de-pitch-putt","status":"publish","type":"post","link":"https:\/\/portaltela.pt\/desporto\/futebol\/2026\/03\/26\/tomas-ribeiro-e-bicampeao-no-open-de-portugal-de-pitch-putt\/","title":{"rendered":"Tom\u00e1s Ribeiro \u00e9 bicampe\u00e3o no Open de Portugal de Pitch &amp; Putt"},"content":{"rendered":"<p>Tom\u00e1s Ribeiro revalidou o t\u00edtulo no Open de Portugal de Pitch &amp; Putt, prova organizada pela Federa\u00e7\u00e3o Portuguesa de Golfe (FPG) e pelo Amendoeira Clube de Golfe, no Amendoeira Academy Course, do Amendoeira Golf Resort, em Silves. O torneio decorreu ao longo de tr\u00eas voltas, envolvendo 60 jogadores.<\/p>\n<p>O jogador e treinador do Paredes Golfe Clube, de 23 anos, fechou com 149 pancadas, 13 abaixo do Par, em voltas de 48, 49 e 52. A diferen\u00e7a final sobre Hugo Esp\u00edrito Santo e Matteo Balzer foi de 4 shots, com estes dois emparelhados no segundo posto.<\/p>\n<p>Hugo Esp\u00edrito Santo, quatro vezes campe\u00e3o, terminou como vice-campe\u00e3o no desempate com Balzer, o melhor sub-18 do torneio. Ribeiro tornou-se no segundo atleta a revalidar o Open de Portugal na modalidade, repetindo o feito de 2025.<\/p>\n<p>Segundo o press officer da FPG, Rodrigo Cordoeiro, o evento contou com a participa\u00e7\u00e3o de 60 jogadores, incluindo alguns membros da sele\u00e7\u00e3o nacional espanhola. Na abertura, jogaram-se 36 buracos; ap\u00f3s o corte, avan\u00e7aram 40 atletas para a ronda final.<\/p>\n<p>Entre os highlights, tr\u00eas jogadores ficaram empatados no 4.\u00ba lugar com 159 (\u22123): Jo\u00e3o Filipe Monteiro, Rui Vaz de Castro (ambos da Quinta das L\u00e1grimas) e Ian Orbu (Mold\u00e1via). Ant\u00f3nio Tendeiro foi o melhor nos seniores, ao 5.\u00ba lugar geral (\u22123). A melhor jogadora foi a espanhola Maria Jos\u00e9 Martinez Oriola (+16).<\/p>\n<p>Uma semana antes, Ribeiro e Esp\u00edrito Santo j\u00e1 tinham vencido o Campeonato Nacional de Pares da variante, disputado na Quinta da Barca\/Clube de Golfe de Braga. O campe\u00e3o falou em p\u00fablico sobre o bom momento de forma, destacando o apoio de um advers\u00e1rio de refer\u00eancia.<\/p>\n<p>Sobre o hist\u00f3rico da prova, o Open de Portugal de PP teve in\u00edcio em 2015. Entre os campe\u00f5es destacam-se Hugo Esp\u00edrito Santo (Portugal) em 2015, 2017, 2018 e 2022, e Tom\u00e1s Ribeiro em 2025 e 2026, agora no Amendoeira.<\/p>\n","protected":false},"excerpt":{"rendered":"<ul>\n<li>Tom\u00e1s Ribeiro tornou-se bicampe\u00e3o do Open de Portugal de Pitch &amp; Putt, com 149 pancadas (-13), no Amendoeira Academy Course, em Silves.<\/li>\n<li>O torneio contou com 60 jogadores e ocorreu em tr\u00eas voltas, com um cut ap\u00f3s 36 buracos para os 40 primeiros classificados.<\/li>\n<li>Hugo Esp\u00edrito Santo ficou em segundo, empatando no desempate com Matteo Balzer, que terminou em terceiro.<\/li>\n<li>Ribeiro, de 23 anos, \u00e9 jogador e treinador do Paredes Golfe Clube e tornou-se apenas o segundo a revalidar o t\u00edtulo na hist\u00f3ria da prova.<\/li>\n<li>O evento sucede a vit\u00f3ria de Ribeiro em 2025 (Citygolf) e \u00e0 \u00e9poca de Hugo Esp\u00edrito Santo como vencedor nos anos anteriores.<\/li>\n<\/ul>\n","protected":false},"author":2,"featured_media":423024,"comment_status":"closed","ping_status":"closed","sticky":false,"template":"","format":"standard","meta":{"footnotes":""},"categories":[21,24],"tags":[7548,152,60,1014,4588],"class_list":["post-423022","post","type-post","status-publish","format-standard","has-post-thumbnail","hentry","category-desporto","category-futebol","tag-amendoeira","tag-desporto","tag-esportes","tag-portugal","tag-silves"],"yoast_head":"<!-- This site is optimized with the Yoast SEO plugin v27.2 - https:\/\/yoast.com\/product\/yoast-seo-wordpress\/ -->\n<title>Tom\u00e1s Ribeiro \u00e9 bicampe\u00e3o no Open de Portugal de Pitch &amp; Putt - Portal Tela Portugal<\/title>\n<meta name=\"robots\" content=\"index, follow, max-snippet:-1, max-image-preview:large, max-video-preview:-1\" \/>\n<meta property=\"og:locale\" content=\"pt_PT\" \/>\n<meta property=\"og:type\" content=\"article\" \/>\n<meta property=\"og:title\" content=\"Tom\u00e1s Ribeiro \u00e9 bicampe\u00e3o no Open de Portugal de Pitch &amp; Putt - Portal Tela Portugal\" \/>\n<meta property=\"og:description\" content=\"Tom\u00e1s Ribeiro tornou-se bicampe\u00e3o do Open de Portugal de Pitch &amp; Putt, com 149 pancadas (-13), no Amendoeira Academy Course, em Silves. O torneio contou com 60 jogadores e ocorreu em tr\u00eas voltas, com um cut ap\u00f3s 36 buracos para os 40 primeiros classificados. Hugo Esp\u00edrito Santo ficou em segundo, empatando no desempate com Matteo Balzer, que terminou em terceiro. Ribeiro, de 23 anos, \u00e9 jogador e treinador do Paredes Golfe Clube e tornou-se apenas o segundo a revalidar o t\u00edtulo na hist\u00f3ria da prova. O evento sucede a vit\u00f3ria de Ribeiro em 2025 (Citygolf) e \u00e0 \u00e9poca de Hugo Esp\u00edrito Santo como vencedor nos anos anteriores.\" \/>\n<meta property=\"og:url\" content=\"https:\/\/portaltela.pt\/noticias\/2026\/03\/26\/tomas-ribeiro-e-bicampeao-no-open-de-portugal-de-pitch-putt\/\" \/>\n<meta property=\"og:site_name\" content=\"Portal Tela Portugal\" \/>\n<meta property=\"article:published_time\" content=\"2026-03-26T22:13:23+00:00\" \/>\n<meta name=\"author\" content=\"Telinha\" \/>\n<meta name=\"twitter:card\" content=\"summary_large_image\" \/>\n<meta name=\"twitter:label1\" content=\"Escrito por\" \/>\n\t<meta name=\"twitter:data1\" content=\"Telinha\" \/>\n\t<meta name=\"twitter:label2\" content=\"Tempo estimado de leitura\" \/>\n\t<meta name=\"twitter:data2\" content=\"2 minutos\" \/>\n<script type=\"application\/ld+json\" class=\"yoast-schema-graph\">{\"@context\":\"https:\/\/schema.org\",\"@graph\":[{\"@type\":\"Article\",\"@id\":\"https:\/\/portaltela.pt\/noticias\/2026\/03\/26\/tomas-ribeiro-e-bicampeao-no-open-de-portugal-de-pitch-putt\/#article\",\"isPartOf\":{\"@id\":\"https:\/\/portaltela.pt\/noticias\/2026\/03\/26\/tomas-ribeiro-e-bicampeao-no-open-de-portugal-de-pitch-putt\/\"},\"author\":{\"name\":\"Telinha\",\"@id\":\"https:\/\/portaltela.pt\/#\/schema\/person\/c4278d4a6028830caff9ee44b42d32ed\"},\"headline\":\"Tom\u00e1s Ribeiro \u00e9 bicampe\u00e3o no Open de Portugal de Pitch &amp; Putt\",\"datePublished\":\"2026-03-26T22:13:23+00:00\",\"mainEntityOfPage\":{\"@id\":\"https:\/\/portaltela.pt\/noticias\/2026\/03\/26\/tomas-ribeiro-e-bicampeao-no-open-de-portugal-de-pitch-putt\/\"},\"wordCount\":323,\"image\":{\"@id\":\"https:\/\/portaltela.pt\/noticias\/2026\/03\/26\/tomas-ribeiro-e-bicampeao-no-open-de-portugal-de-pitch-putt\/#primaryimage\"},\"thumbnailUrl\":\"https:\/\/portaltela.pt\/s.01k8rhncp4jt1\/2026\/03\/img_920x518uu2026-03-26-22-13-15-2429589.jpg\",\"keywords\":[\"Amendoeira\",\"desporto\",\"esportes\",\"Portugal\",\"Silves\"],\"articleSection\":[\"Desporto\",\"Futebol\"],\"inLanguage\":\"pt-PT\"},{\"@type\":\"WebPage\",\"@id\":\"https:\/\/portaltela.pt\/noticias\/2026\/03\/26\/tomas-ribeiro-e-bicampeao-no-open-de-portugal-de-pitch-putt\/\",\"url\":\"https:\/\/portaltela.pt\/noticias\/2026\/03\/26\/tomas-ribeiro-e-bicampeao-no-open-de-portugal-de-pitch-putt\/\",\"name\":\"Tom\u00e1s Ribeiro \u00e9 bicampe\u00e3o no Open de Portugal de Pitch &amp; Putt - Portal Tela Portugal\",\"isPartOf\":{\"@id\":\"https:\/\/portaltela.pt\/#website\"},\"primaryImageOfPage\":{\"@id\":\"https:\/\/portaltela.pt\/noticias\/2026\/03\/26\/tomas-ribeiro-e-bicampeao-no-open-de-portugal-de-pitch-putt\/#primaryimage\"},\"image\":{\"@id\":\"https:\/\/portaltela.pt\/noticias\/2026\/03\/26\/tomas-ribeiro-e-bicampeao-no-open-de-portugal-de-pitch-putt\/#primaryimage\"},\"thumbnailUrl\":\"https:\/\/portaltela.pt\/s.01k8rhncp4jt1\/2026\/03\/img_920x518uu2026-03-26-22-13-15-2429589.jpg\",\"datePublished\":\"2026-03-26T22:13:23+00:00\",\"author\":{\"@id\":\"https:\/\/portaltela.pt\/#\/schema\/person\/c4278d4a6028830caff9ee44b42d32ed\"},\"breadcrumb\":{\"@id\":\"https:\/\/portaltela.pt\/noticias\/2026\/03\/26\/tomas-ribeiro-e-bicampeao-no-open-de-portugal-de-pitch-putt\/#breadcrumb\"},\"inLanguage\":\"pt-PT\",\"potentialAction\":[{\"@type\":\"ReadAction\",\"target\":[\"https:\/\/portaltela.pt\/noticias\/2026\/03\/26\/tomas-ribeiro-e-bicampeao-no-open-de-portugal-de-pitch-putt\/\"]}]},{\"@type\":\"ImageObject\",\"inLanguage\":\"pt-PT\",\"@id\":\"https:\/\/portaltela.pt\/noticias\/2026\/03\/26\/tomas-ribeiro-e-bicampeao-no-open-de-portugal-de-pitch-putt\/#primaryimage\",\"url\":\"https:\/\/portaltela.pt\/s.01k8rhncp4jt1\/2026\/03\/img_920x518uu2026-03-26-22-13-15-2429589.jpg\",\"contentUrl\":\"https:\/\/portaltela.pt\/s.01k8rhncp4jt1\/2026\/03\/img_920x518uu2026-03-26-22-13-15-2429589.jpg\",\"width\":796,\"height\":448,\"caption\":\"Os principais premiados com o campe\u00e3o em segundo a contar da esquerda\"},{\"@type\":\"BreadcrumbList\",\"@id\":\"https:\/\/portaltela.pt\/noticias\/2026\/03\/26\/tomas-ribeiro-e-bicampeao-no-open-de-portugal-de-pitch-putt\/#breadcrumb\",\"itemListElement\":[{\"@type\":\"ListItem\",\"position\":1,\"name\":\"In\u00edcio\",\"item\":\"https:\/\/portaltela.pt\/\"},{\"@type\":\"ListItem\",\"position\":2,\"name\":\"Tom\u00e1s Ribeiro \u00e9 bicampe\u00e3o no Open de Portugal de Pitch &amp; Putt\"}]},{\"@type\":\"WebSite\",\"@id\":\"https:\/\/portaltela.pt\/#website\",\"url\":\"https:\/\/portaltela.pt\/\",\"name\":\"Portal Tela Portugal\",\"description\":\"\",\"potentialAction\":[{\"@type\":\"SearchAction\",\"target\":{\"@type\":\"EntryPoint\",\"urlTemplate\":\"https:\/\/portaltela.pt\/?s={search_term_string}\"},\"query-input\":{\"@type\":\"PropertyValueSpecification\",\"valueRequired\":true,\"valueName\":\"search_term_string\"}}],\"inLanguage\":\"pt-PT\"},{\"@type\":\"Person\",\"@id\":\"https:\/\/portaltela.pt\/#\/schema\/person\/c4278d4a6028830caff9ee44b42d32ed\",\"name\":\"Telinha\",\"image\":{\"@type\":\"ImageObject\",\"inLanguage\":\"pt-PT\",\"@id\":\"https:\/\/portaltela.pt\/s.01k8rhncp4jt1\/2025\/11\/talking-bot-125x125.png\",\"url\":\"https:\/\/portaltela.pt\/s.01k8rhncp4jt1\/2025\/11\/talking-bot-125x125.png\",\"contentUrl\":\"https:\/\/portaltela.pt\/s.01k8rhncp4jt1\/2025\/11\/talking-bot-125x125.png\",\"caption\":\"Telinha\"},\"sameAs\":[\"https:\/\/portaltela.pt\/\"],\"url\":\"https:\/\/portaltela.pt\/por\/367410592786\/\"}]}<\/script>\n<!-- \/ Yoast SEO plugin. -->","yoast_head_json":{"title":"Tom\u00e1s Ribeiro \u00e9 bicampe\u00e3o no Open de Portugal de Pitch &amp; Putt - Portal Tela Portugal","robots":{"index":"index","follow":"follow","max-snippet":"max-snippet:-1","max-image-preview":"max-image-preview:large","max-video-preview":"max-video-preview:-1"},"og_locale":"pt_PT","og_type":"article","og_title":"Tom\u00e1s Ribeiro \u00e9 bicampe\u00e3o no Open de Portugal de Pitch &amp; Putt - Portal Tela Portugal","og_description":"Tom\u00e1s Ribeiro tornou-se bicampe\u00e3o do Open de Portugal de Pitch &amp; Putt, com 149 pancadas (-13), no Amendoeira Academy Course, em Silves. O torneio contou com 60 jogadores e ocorreu em tr\u00eas voltas, com um cut ap\u00f3s 36 buracos para os 40 primeiros classificados. Hugo Esp\u00edrito Santo ficou em segundo, empatando no desempate com Matteo Balzer, que terminou em terceiro. Ribeiro, de 23 anos, \u00e9 jogador e treinador do Paredes Golfe Clube e tornou-se apenas o segundo a revalidar o t\u00edtulo na hist\u00f3ria da prova. O evento sucede a vit\u00f3ria de Ribeiro em 2025 (Citygolf) e \u00e0 \u00e9poca de Hugo Esp\u00edrito Santo como vencedor nos anos anteriores.","og_url":"https:\/\/portaltela.pt\/noticias\/2026\/03\/26\/tomas-ribeiro-e-bicampeao-no-open-de-portugal-de-pitch-putt\/","og_site_name":"Portal Tela Portugal","article_published_time":"2026-03-26T22:13:23+00:00","author":"Telinha","twitter_card":"summary_large_image","twitter_misc":{"Escrito por":"Telinha","Tempo estimado de leitura":"2 minutos"},"schema":{"@context":"https:\/\/schema.org","@graph":[{"@type":"Article","@id":"https:\/\/portaltela.pt\/noticias\/2026\/03\/26\/tomas-ribeiro-e-bicampeao-no-open-de-portugal-de-pitch-putt\/#article","isPartOf":{"@id":"https:\/\/portaltela.pt\/noticias\/2026\/03\/26\/tomas-ribeiro-e-bicampeao-no-open-de-portugal-de-pitch-putt\/"},"author":{"name":"Telinha","@id":"https:\/\/portaltela.pt\/#\/schema\/person\/c4278d4a6028830caff9ee44b42d32ed"},"headline":"Tom\u00e1s Ribeiro \u00e9 bicampe\u00e3o no Open de Portugal de Pitch &amp; Putt","datePublished":"2026-03-26T22:13:23+00:00","mainEntityOfPage":{"@id":"https:\/\/portaltela.pt\/noticias\/2026\/03\/26\/tomas-ribeiro-e-bicampeao-no-open-de-portugal-de-pitch-putt\/"},"wordCount":323,"image":{"@id":"https:\/\/portaltela.pt\/noticias\/2026\/03\/26\/tomas-ribeiro-e-bicampeao-no-open-de-portugal-de-pitch-putt\/#primaryimage"},"thumbnailUrl":"https:\/\/portaltela.pt\/s.01k8rhncp4jt1\/2026\/03\/img_920x518uu2026-03-26-22-13-15-2429589.jpg","keywords":["Amendoeira","desporto","esportes","Portugal","Silves"],"articleSection":["Desporto","Futebol"],"inLanguage":"pt-PT"},{"@type":"WebPage","@id":"https:\/\/portaltela.pt\/noticias\/2026\/03\/26\/tomas-ribeiro-e-bicampeao-no-open-de-portugal-de-pitch-putt\/","url":"https:\/\/portaltela.pt\/noticias\/2026\/03\/26\/tomas-ribeiro-e-bicampeao-no-open-de-portugal-de-pitch-putt\/","name":"Tom\u00e1s Ribeiro \u00e9 bicampe\u00e3o no Open de Portugal de Pitch &amp; Putt - Portal Tela Portugal","isPartOf":{"@id":"https:\/\/portaltela.pt\/#website"},"primaryImageOfPage":{"@id":"https:\/\/portaltela.pt\/noticias\/2026\/03\/26\/tomas-ribeiro-e-bicampeao-no-open-de-portugal-de-pitch-putt\/#primaryimage"},"image":{"@id":"https:\/\/portaltela.pt\/noticias\/2026\/03\/26\/tomas-ribeiro-e-bicampeao-no-open-de-portugal-de-pitch-putt\/#primaryimage"},"thumbnailUrl":"https:\/\/portaltela.pt\/s.01k8rhncp4jt1\/2026\/03\/img_920x518uu2026-03-26-22-13-15-2429589.jpg","datePublished":"2026-03-26T22:13:23+00:00","author":{"@id":"https:\/\/portaltela.pt\/#\/schema\/person\/c4278d4a6028830caff9ee44b42d32ed"},"breadcrumb":{"@id":"https:\/\/portaltela.pt\/noticias\/2026\/03\/26\/tomas-ribeiro-e-bicampeao-no-open-de-portugal-de-pitch-putt\/#breadcrumb"},"inLanguage":"pt-PT","potentialAction":[{"@type":"ReadAction","target":["https:\/\/portaltela.pt\/noticias\/2026\/03\/26\/tomas-ribeiro-e-bicampeao-no-open-de-portugal-de-pitch-putt\/"]}]},{"@type":"ImageObject","inLanguage":"pt-PT","@id":"https:\/\/portaltela.pt\/noticias\/2026\/03\/26\/tomas-ribeiro-e-bicampeao-no-open-de-portugal-de-pitch-putt\/#primaryimage","url":"https:\/\/portaltela.pt\/s.01k8rhncp4jt1\/2026\/03\/img_920x518uu2026-03-26-22-13-15-2429589.jpg","contentUrl":"https:\/\/portaltela.pt\/s.01k8rhncp4jt1\/2026\/03\/img_920x518uu2026-03-26-22-13-15-2429589.jpg","width":796,"height":448,"caption":"Os principais premiados com o campe\u00e3o em segundo a contar da esquerda"},{"@type":"BreadcrumbList","@id":"https:\/\/portaltela.pt\/noticias\/2026\/03\/26\/tomas-ribeiro-e-bicampeao-no-open-de-portugal-de-pitch-putt\/#breadcrumb","itemListElement":[{"@type":"ListItem","position":1,"name":"In\u00edcio","item":"https:\/\/portaltela.pt\/"},{"@type":"ListItem","position":2,"name":"Tom\u00e1s Ribeiro \u00e9 bicampe\u00e3o no Open de Portugal de Pitch &amp; Putt"}]},{"@type":"WebSite","@id":"https:\/\/portaltela.pt\/#website","url":"https:\/\/portaltela.pt\/","name":"Portal Tela Portugal","description":"","potentialAction":[{"@type":"SearchAction","target":{"@type":"EntryPoint","urlTemplate":"https:\/\/portaltela.pt\/?s={search_term_string}"},"query-input":{"@type":"PropertyValueSpecification","valueRequired":true,"valueName":"search_term_string"}}],"inLanguage":"pt-PT"},{"@type":"Person","@id":"https:\/\/portaltela.pt\/#\/schema\/person\/c4278d4a6028830caff9ee44b42d32ed","name":"Telinha","image":{"@type":"ImageObject","inLanguage":"pt-PT","@id":"https:\/\/portaltela.pt\/s.01k8rhncp4jt1\/2025\/11\/talking-bot-125x125.png","url":"https:\/\/portaltela.pt\/s.01k8rhncp4jt1\/2025\/11\/talking-bot-125x125.png","contentUrl":"https:\/\/portaltela.pt\/s.01k8rhncp4jt1\/2025\/11\/talking-bot-125x125.png","caption":"Telinha"},"sameAs":["https:\/\/portaltela.pt\/"],"url":"https:\/\/portaltela.pt\/por\/367410592786\/"}]}},"_links":{"self":[{"href":"https:\/\/portaltela.pt\/api\/wp\/v2\/posts\/423022","targetHints":{"allow":["GET"]}}],"collection":[{"href":"https:\/\/portaltela.pt\/api\/wp\/v2\/posts"}],"about":[{"href":"https:\/\/portaltela.pt\/api\/wp\/v2\/types\/post"}],"author":[{"embeddable":true,"href":"https:\/\/portaltela.pt\/api\/wp\/v2\/users\/2"}],"replies":[{"embeddable":true,"href":"https:\/\/portaltela.pt\/api\/wp\/v2\/comments?post=423022"}],"version-history":[{"count":0,"href":"https:\/\/portaltela.pt\/api\/wp\/v2\/posts\/423022\/revisions"}],"wp:featuredmedia":[{"embeddable":true,"href":"https:\/\/portaltela.pt\/api\/wp\/v2\/media\/423024"}],"wp:attachment":[{"href":"https:\/\/portaltela.pt\/api\/wp\/v2\/media?parent=423022"}],"wp:term":[{"taxonomy":"category","embeddable":true,"href":"https:\/\/portaltela.pt\/api\/wp\/v2\/categories?post=423022"},{"taxonomy":"post_tag","embeddable":true,"href":"https:\/\/portaltela.pt\/api\/wp\/v2\/tags?post=423022"}],"curies":[{"name":"wp","href":"https:\/\/api.w.org\/{rel}","templated":true}]}}