{"id":423020,"date":"2026-03-26T19:13:00","date_gmt":"2026-03-26T22:13:00","guid":{"rendered":"https:\/\/portaltela.pt\/noticias\/2026\/03\/26\/vitimas-de-abuso-na-igreja-veem-compensacoes-como-afronta\/"},"modified":"2026-03-26T19:13:00","modified_gmt":"2026-03-26T22:13:00","slug":"vitimas-de-abuso-na-igreja-veem-compensacoes-como-afronta","status":"publish","type":"post","link":"https:\/\/portaltela.pt\/sociedade\/2026\/03\/26\/vitimas-de-abuso-na-igreja-veem-compensacoes-como-afronta\/","title":{"rendered":"V\u00edtimas de abuso na Igreja veem compensa\u00e7\u00f5es como afronta"},"content":{"rendered":"<p>A Confer\u00eancia Episcopal Portuguesa (CEP) aprovou compensa\u00e7\u00f5es para 57 v\u00edtimas de abuso sexual, num montante total superior a 1,6 milh\u00f5es de euros. Cada queixoso receber\u00e1 entre 9 mil e 45 mil euros, ap\u00f3s uma assembleia plen\u00e1ria extraordin\u00e1ria realizada a 27 de fevereiro.<\/p>\n<p>A decis\u00e3o foi descrita pela CEP como resultante de uma an\u00e1lise individual dos casos, considerando factos apurados, gravidade dos abusos, dano sofrido e nexo de causalidade com as ocorr\u00eancias na vida da v\u00edtima. O objetivo \u00e9 reconhecer o sofrimento e entregar uma repara\u00e7\u00e3o financeira.<\/p>\n<p>A Associa\u00e7\u00e3o Cora\u00e7\u00e3o Silenciado reagiu, qualificando a tabela de valores de afronta e questionando o m\u00e9todo de c\u00e1lculo utilizado. A entidade aponta a aus\u00eancia de escalonamento claro e questiona como mede o trauma ao longo de d\u00e9cadas, defendendo maior transpar\u00eancia no processo.<\/p>\n<h3>Rea\u00e7\u00e3o e enquadramento do processo<\/h3>\n<p>Segundo a CEP, foram recebidos 95 pedidos de compensa\u00e7\u00e3o, dos quais 78 foram considerados eleg\u00edveis e 17 arquivados. Entre os eleg\u00edveis, 11 foram indeferidos e 57 est\u00e3o autorizados, com o valor global de 1 609 650 euros.<\/p>\n<p>Entre os pedidos indeferidos, a CEP indicou situa\u00e7\u00f5es em que a denunciante tinha idade adulta na data dos factos ou em que a pessoa acusada n\u00e3o pertencia ao clero, n\u00e3o exercia fun\u00e7\u00f5es na Igreja ou n\u00e3o houve viol\u00eancia sexual comprovada. As notifica\u00e7\u00f5es j\u00e1 est\u00e3o a ser enviadas por escrito aos afetados.<\/p>\n","protected":false},"excerpt":{"rendered":"<ul>\n<li>A Confer\u00eancia Episcopal Portuguesa aprovou compensa\u00e7\u00f5es para 57 v\u00edtimas de abuso sexual, variando entre nove mil e 45 mil euros por caso, totalizando mais de 1,5 milh\u00e3o de euros.<\/li>\n<li>A associa\u00e7\u00e3o Cora\u00e7\u00e3o Silenciado considera a \u201ctabela de pre\u00e7os\u201d uma afronta e questiona o m\u00e9todo de avalia\u00e7\u00e3o do trauma, sem escal\u00f5es definidos.<\/li>\n<li>Do total de 95 pedidos recebidos, 78 foram considerados eleg\u00edveis, 17 arquivados; 57 receberam luz verde, 11 foram indeferidos, 9 est\u00e3o em fase final de an\u00e1lise e 1 aguarda decis\u00e3o da Santa S\u00e9.<\/li>\n<li>A CEP diz que os valores Reflectem a gravidade dos factos, o dano e o nexo de causalidade; a associa\u00e7\u00e3o lembra a cita\u00e7\u00e3o do Papa Francisco de que o m\u00ednimo deveria ser 50 mil euros.<\/li>\n<li>A associa\u00e7\u00e3o critica ainda a falta de participa\u00e7\u00e3o das v\u00edtimas no processo e afirma que o parecer n\u00e3o foi divulgado, com as notifica\u00e7\u00f5es j\u00e1 enviadas aos pedidos indeferidos e aprovados.<\/li>\n<\/ul>\n","protected":false},"author":2,"featured_media":423023,"comment_status":"closed","ping_status":"closed","sticky":false,"template":"","format":"standard","meta":{"footnotes":""},"categories":[6871],"tags":[6090,208,199,2633,2745,104],"class_list":["post-423020","post","type-post","status-publish","format-standard","has-post-thumbnail","hentry","category-sociedade","tag-a-igreja","tag-abuso-de-menores-dependentes","tag-abuso-sexual-de-menor-dependente-ou-em-situacao-vulneravel","tag-direitos-humanos","tag-indenizacoes","tag-religiao"],"yoast_head":"<!-- This site is optimized with the Yoast SEO plugin v27.2 - https:\/\/yoast.com\/product\/yoast-seo-wordpress\/ -->\n<title>V\u00edtimas de abuso na Igreja veem compensa\u00e7\u00f5es como afronta - Portal Tela Portugal<\/title>\n<meta name=\"robots\" content=\"index, follow, max-snippet:-1, max-image-preview:large, max-video-preview:-1\" \/>\n<meta property=\"og:locale\" content=\"pt_PT\" \/>\n<meta property=\"og:type\" content=\"article\" \/>\n<meta property=\"og:title\" content=\"V\u00edtimas de abuso na Igreja veem compensa\u00e7\u00f5es como afronta - Portal Tela Portugal\" \/>\n<meta property=\"og:description\" content=\"A Confer\u00eancia Episcopal Portuguesa aprovou compensa\u00e7\u00f5es para 57 v\u00edtimas de abuso sexual, variando entre nove mil e 45 mil euros por caso, totalizando mais de 1,5 milh\u00e3o de euros. A associa\u00e7\u00e3o Cora\u00e7\u00e3o Silenciado considera a \u201ctabela de pre\u00e7os\u201d uma afronta e questiona o m\u00e9todo de avalia\u00e7\u00e3o do trauma, sem escal\u00f5es definidos. Do total de 95 pedidos recebidos, 78 foram considerados eleg\u00edveis, 17 arquivados; 57 receberam luz verde, 11 foram indeferidos, 9 est\u00e3o em fase final de an\u00e1lise e 1 aguarda decis\u00e3o da Santa S\u00e9. A CEP diz que os valores Reflectem a gravidade dos factos, o dano e o nexo de causalidade; a associa\u00e7\u00e3o lembra a cita\u00e7\u00e3o do Papa Francisco de que o m\u00ednimo deveria ser 50 mil euros. A associa\u00e7\u00e3o critica ainda a falta de participa\u00e7\u00e3o das v\u00edtimas no processo e afirma que o parecer n\u00e3o foi divulgado, com as notifica\u00e7\u00f5es j\u00e1 enviadas aos pedidos indeferidos e aprovados.\" \/>\n<meta property=\"og:url\" content=\"https:\/\/portaltela.pt\/noticias\/2026\/03\/26\/vitimas-de-abuso-na-igreja-veem-compensacoes-como-afronta\/\" \/>\n<meta property=\"og:site_name\" content=\"Portal Tela Portugal\" \/>\n<meta property=\"article:published_time\" content=\"2026-03-26T22:13:00+00:00\" \/>\n<meta name=\"author\" content=\"Telinha\" \/>\n<meta name=\"twitter:card\" content=\"summary_large_image\" \/>\n<meta name=\"twitter:label1\" content=\"Escrito por\" \/>\n\t<meta name=\"twitter:data1\" content=\"Telinha\" \/>\n\t<meta name=\"twitter:label2\" content=\"Tempo estimado de leitura\" \/>\n\t<meta name=\"twitter:data2\" content=\"1 minuto\" \/>\n<script type=\"application\/ld+json\" class=\"yoast-schema-graph\">{\"@context\":\"https:\/\/schema.org\",\"@graph\":[{\"@type\":\"Article\",\"@id\":\"https:\/\/portaltela.pt\/noticias\/2026\/03\/26\/vitimas-de-abuso-na-igreja-veem-compensacoes-como-afronta\/#article\",\"isPartOf\":{\"@id\":\"https:\/\/portaltela.pt\/noticias\/2026\/03\/26\/vitimas-de-abuso-na-igreja-veem-compensacoes-como-afronta\/\"},\"author\":{\"name\":\"Telinha\",\"@id\":\"https:\/\/portaltela.pt\/#\/schema\/person\/c4278d4a6028830caff9ee44b42d32ed\"},\"headline\":\"V\u00edtimas de abuso na Igreja veem compensa\u00e7\u00f5es como afronta\",\"datePublished\":\"2026-03-26T22:13:00+00:00\",\"mainEntityOfPage\":{\"@id\":\"https:\/\/portaltela.pt\/noticias\/2026\/03\/26\/vitimas-de-abuso-na-igreja-veem-compensacoes-como-afronta\/\"},\"wordCount\":250,\"image\":{\"@id\":\"https:\/\/portaltela.pt\/noticias\/2026\/03\/26\/vitimas-de-abuso-na-igreja-veem-compensacoes-como-afronta\/#primaryimage\"},\"thumbnailUrl\":\"https:\/\/portaltela.pt\/s.01k8rhncp4jt1\/2026\/03\/image-1566.jpg\",\"keywords\":[\"a igreja\",\"abuso de menores dependentes\",\"abuso sexual de menor dependente ou em situa\u00e7\u00e3o vulner\u00e1vel\",\"direitos humanos\",\"indeniza\u00e7\u00f5es\",\"religi\u00e3o\"],\"articleSection\":[\"Sociedade\"],\"inLanguage\":\"pt-PT\"},{\"@type\":\"WebPage\",\"@id\":\"https:\/\/portaltela.pt\/noticias\/2026\/03\/26\/vitimas-de-abuso-na-igreja-veem-compensacoes-como-afronta\/\",\"url\":\"https:\/\/portaltela.pt\/noticias\/2026\/03\/26\/vitimas-de-abuso-na-igreja-veem-compensacoes-como-afronta\/\",\"name\":\"V\u00edtimas de abuso na Igreja veem compensa\u00e7\u00f5es como afronta - Portal Tela Portugal\",\"isPartOf\":{\"@id\":\"https:\/\/portaltela.pt\/#website\"},\"primaryImageOfPage\":{\"@id\":\"https:\/\/portaltela.pt\/noticias\/2026\/03\/26\/vitimas-de-abuso-na-igreja-veem-compensacoes-como-afronta\/#primaryimage\"},\"image\":{\"@id\":\"https:\/\/portaltela.pt\/noticias\/2026\/03\/26\/vitimas-de-abuso-na-igreja-veem-compensacoes-como-afronta\/#primaryimage\"},\"thumbnailUrl\":\"https:\/\/portaltela.pt\/s.01k8rhncp4jt1\/2026\/03\/image-1566.jpg\",\"datePublished\":\"2026-03-26T22:13:00+00:00\",\"author\":{\"@id\":\"https:\/\/portaltela.pt\/#\/schema\/person\/c4278d4a6028830caff9ee44b42d32ed\"},\"breadcrumb\":{\"@id\":\"https:\/\/portaltela.pt\/noticias\/2026\/03\/26\/vitimas-de-abuso-na-igreja-veem-compensacoes-como-afronta\/#breadcrumb\"},\"inLanguage\":\"pt-PT\",\"potentialAction\":[{\"@type\":\"ReadAction\",\"target\":[\"https:\/\/portaltela.pt\/noticias\/2026\/03\/26\/vitimas-de-abuso-na-igreja-veem-compensacoes-como-afronta\/\"]}]},{\"@type\":\"ImageObject\",\"inLanguage\":\"pt-PT\",\"@id\":\"https:\/\/portaltela.pt\/noticias\/2026\/03\/26\/vitimas-de-abuso-na-igreja-veem-compensacoes-como-afronta\/#primaryimage\",\"url\":\"https:\/\/portaltela.pt\/s.01k8rhncp4jt1\/2026\/03\/image-1566.jpg\",\"contentUrl\":\"https:\/\/portaltela.pt\/s.01k8rhncp4jt1\/2026\/03\/image-1566.jpg\",\"width\":796,\"height\":448,\"caption\":\"Valores das compensa\u00e7\u00f5es aprovadas variam entre nove mil e 45 mil euros para cada queixoso\"},{\"@type\":\"BreadcrumbList\",\"@id\":\"https:\/\/portaltela.pt\/noticias\/2026\/03\/26\/vitimas-de-abuso-na-igreja-veem-compensacoes-como-afronta\/#breadcrumb\",\"itemListElement\":[{\"@type\":\"ListItem\",\"position\":1,\"name\":\"In\u00edcio\",\"item\":\"https:\/\/portaltela.pt\/\"},{\"@type\":\"ListItem\",\"position\":2,\"name\":\"V\u00edtimas de abuso na Igreja veem compensa\u00e7\u00f5es como afronta\"}]},{\"@type\":\"WebSite\",\"@id\":\"https:\/\/portaltela.pt\/#website\",\"url\":\"https:\/\/portaltela.pt\/\",\"name\":\"Portal Tela Portugal\",\"description\":\"\",\"potentialAction\":[{\"@type\":\"SearchAction\",\"target\":{\"@type\":\"EntryPoint\",\"urlTemplate\":\"https:\/\/portaltela.pt\/?s={search_term_string}\"},\"query-input\":{\"@type\":\"PropertyValueSpecification\",\"valueRequired\":true,\"valueName\":\"search_term_string\"}}],\"inLanguage\":\"pt-PT\"},{\"@type\":\"Person\",\"@id\":\"https:\/\/portaltela.pt\/#\/schema\/person\/c4278d4a6028830caff9ee44b42d32ed\",\"name\":\"Telinha\",\"image\":{\"@type\":\"ImageObject\",\"inLanguage\":\"pt-PT\",\"@id\":\"https:\/\/portaltela.pt\/s.01k8rhncp4jt1\/2025\/11\/talking-bot-125x125.png\",\"url\":\"https:\/\/portaltela.pt\/s.01k8rhncp4jt1\/2025\/11\/talking-bot-125x125.png\",\"contentUrl\":\"https:\/\/portaltela.pt\/s.01k8rhncp4jt1\/2025\/11\/talking-bot-125x125.png\",\"caption\":\"Telinha\"},\"sameAs\":[\"https:\/\/portaltela.pt\/\"],\"url\":\"https:\/\/portaltela.pt\/por\/367410592786\/\"}]}<\/script>\n<!-- \/ Yoast SEO plugin. -->","yoast_head_json":{"title":"V\u00edtimas de abuso na Igreja veem compensa\u00e7\u00f5es como afronta - Portal Tela Portugal","robots":{"index":"index","follow":"follow","max-snippet":"max-snippet:-1","max-image-preview":"max-image-preview:large","max-video-preview":"max-video-preview:-1"},"og_locale":"pt_PT","og_type":"article","og_title":"V\u00edtimas de abuso na Igreja veem compensa\u00e7\u00f5es como afronta - Portal Tela Portugal","og_description":"A Confer\u00eancia Episcopal Portuguesa aprovou compensa\u00e7\u00f5es para 57 v\u00edtimas de abuso sexual, variando entre nove mil e 45 mil euros por caso, totalizando mais de 1,5 milh\u00e3o de euros. A associa\u00e7\u00e3o Cora\u00e7\u00e3o Silenciado considera a \u201ctabela de pre\u00e7os\u201d uma afronta e questiona o m\u00e9todo de avalia\u00e7\u00e3o do trauma, sem escal\u00f5es definidos. Do total de 95 pedidos recebidos, 78 foram considerados eleg\u00edveis, 17 arquivados; 57 receberam luz verde, 11 foram indeferidos, 9 est\u00e3o em fase final de an\u00e1lise e 1 aguarda decis\u00e3o da Santa S\u00e9. A CEP diz que os valores Reflectem a gravidade dos factos, o dano e o nexo de causalidade; a associa\u00e7\u00e3o lembra a cita\u00e7\u00e3o do Papa Francisco de que o m\u00ednimo deveria ser 50 mil euros. A associa\u00e7\u00e3o critica ainda a falta de participa\u00e7\u00e3o das v\u00edtimas no processo e afirma que o parecer n\u00e3o foi divulgado, com as notifica\u00e7\u00f5es j\u00e1 enviadas aos pedidos indeferidos e aprovados.","og_url":"https:\/\/portaltela.pt\/noticias\/2026\/03\/26\/vitimas-de-abuso-na-igreja-veem-compensacoes-como-afronta\/","og_site_name":"Portal Tela Portugal","article_published_time":"2026-03-26T22:13:00+00:00","author":"Telinha","twitter_card":"summary_large_image","twitter_misc":{"Escrito por":"Telinha","Tempo estimado de leitura":"1 minuto"},"schema":{"@context":"https:\/\/schema.org","@graph":[{"@type":"Article","@id":"https:\/\/portaltela.pt\/noticias\/2026\/03\/26\/vitimas-de-abuso-na-igreja-veem-compensacoes-como-afronta\/#article","isPartOf":{"@id":"https:\/\/portaltela.pt\/noticias\/2026\/03\/26\/vitimas-de-abuso-na-igreja-veem-compensacoes-como-afronta\/"},"author":{"name":"Telinha","@id":"https:\/\/portaltela.pt\/#\/schema\/person\/c4278d4a6028830caff9ee44b42d32ed"},"headline":"V\u00edtimas de abuso na Igreja veem compensa\u00e7\u00f5es como afronta","datePublished":"2026-03-26T22:13:00+00:00","mainEntityOfPage":{"@id":"https:\/\/portaltela.pt\/noticias\/2026\/03\/26\/vitimas-de-abuso-na-igreja-veem-compensacoes-como-afronta\/"},"wordCount":250,"image":{"@id":"https:\/\/portaltela.pt\/noticias\/2026\/03\/26\/vitimas-de-abuso-na-igreja-veem-compensacoes-como-afronta\/#primaryimage"},"thumbnailUrl":"https:\/\/portaltela.pt\/s.01k8rhncp4jt1\/2026\/03\/image-1566.jpg","keywords":["a igreja","abuso de menores dependentes","abuso sexual de menor dependente ou em situa\u00e7\u00e3o vulner\u00e1vel","direitos humanos","indeniza\u00e7\u00f5es","religi\u00e3o"],"articleSection":["Sociedade"],"inLanguage":"pt-PT"},{"@type":"WebPage","@id":"https:\/\/portaltela.pt\/noticias\/2026\/03\/26\/vitimas-de-abuso-na-igreja-veem-compensacoes-como-afronta\/","url":"https:\/\/portaltela.pt\/noticias\/2026\/03\/26\/vitimas-de-abuso-na-igreja-veem-compensacoes-como-afronta\/","name":"V\u00edtimas de abuso na Igreja veem compensa\u00e7\u00f5es como afronta - Portal Tela Portugal","isPartOf":{"@id":"https:\/\/portaltela.pt\/#website"},"primaryImageOfPage":{"@id":"https:\/\/portaltela.pt\/noticias\/2026\/03\/26\/vitimas-de-abuso-na-igreja-veem-compensacoes-como-afronta\/#primaryimage"},"image":{"@id":"https:\/\/portaltela.pt\/noticias\/2026\/03\/26\/vitimas-de-abuso-na-igreja-veem-compensacoes-como-afronta\/#primaryimage"},"thumbnailUrl":"https:\/\/portaltela.pt\/s.01k8rhncp4jt1\/2026\/03\/image-1566.jpg","datePublished":"2026-03-26T22:13:00+00:00","author":{"@id":"https:\/\/portaltela.pt\/#\/schema\/person\/c4278d4a6028830caff9ee44b42d32ed"},"breadcrumb":{"@id":"https:\/\/portaltela.pt\/noticias\/2026\/03\/26\/vitimas-de-abuso-na-igreja-veem-compensacoes-como-afronta\/#breadcrumb"},"inLanguage":"pt-PT","potentialAction":[{"@type":"ReadAction","target":["https:\/\/portaltela.pt\/noticias\/2026\/03\/26\/vitimas-de-abuso-na-igreja-veem-compensacoes-como-afronta\/"]}]},{"@type":"ImageObject","inLanguage":"pt-PT","@id":"https:\/\/portaltela.pt\/noticias\/2026\/03\/26\/vitimas-de-abuso-na-igreja-veem-compensacoes-como-afronta\/#primaryimage","url":"https:\/\/portaltela.pt\/s.01k8rhncp4jt1\/2026\/03\/image-1566.jpg","contentUrl":"https:\/\/portaltela.pt\/s.01k8rhncp4jt1\/2026\/03\/image-1566.jpg","width":796,"height":448,"caption":"Valores das compensa\u00e7\u00f5es aprovadas variam entre nove mil e 45 mil euros para cada queixoso"},{"@type":"BreadcrumbList","@id":"https:\/\/portaltela.pt\/noticias\/2026\/03\/26\/vitimas-de-abuso-na-igreja-veem-compensacoes-como-afronta\/#breadcrumb","itemListElement":[{"@type":"ListItem","position":1,"name":"In\u00edcio","item":"https:\/\/portaltela.pt\/"},{"@type":"ListItem","position":2,"name":"V\u00edtimas de abuso na Igreja veem compensa\u00e7\u00f5es como afronta"}]},{"@type":"WebSite","@id":"https:\/\/portaltela.pt\/#website","url":"https:\/\/portaltela.pt\/","name":"Portal Tela Portugal","description":"","potentialAction":[{"@type":"SearchAction","target":{"@type":"EntryPoint","urlTemplate":"https:\/\/portaltela.pt\/?s={search_term_string}"},"query-input":{"@type":"PropertyValueSpecification","valueRequired":true,"valueName":"search_term_string"}}],"inLanguage":"pt-PT"},{"@type":"Person","@id":"https:\/\/portaltela.pt\/#\/schema\/person\/c4278d4a6028830caff9ee44b42d32ed","name":"Telinha","image":{"@type":"ImageObject","inLanguage":"pt-PT","@id":"https:\/\/portaltela.pt\/s.01k8rhncp4jt1\/2025\/11\/talking-bot-125x125.png","url":"https:\/\/portaltela.pt\/s.01k8rhncp4jt1\/2025\/11\/talking-bot-125x125.png","contentUrl":"https:\/\/portaltela.pt\/s.01k8rhncp4jt1\/2025\/11\/talking-bot-125x125.png","caption":"Telinha"},"sameAs":["https:\/\/portaltela.pt\/"],"url":"https:\/\/portaltela.pt\/por\/367410592786\/"}]}},"_links":{"self":[{"href":"https:\/\/portaltela.pt\/api\/wp\/v2\/posts\/423020","targetHints":{"allow":["GET"]}}],"collection":[{"href":"https:\/\/portaltela.pt\/api\/wp\/v2\/posts"}],"about":[{"href":"https:\/\/portaltela.pt\/api\/wp\/v2\/types\/post"}],"author":[{"embeddable":true,"href":"https:\/\/portaltela.pt\/api\/wp\/v2\/users\/2"}],"replies":[{"embeddable":true,"href":"https:\/\/portaltela.pt\/api\/wp\/v2\/comments?post=423020"}],"version-history":[{"count":0,"href":"https:\/\/portaltela.pt\/api\/wp\/v2\/posts\/423020\/revisions"}],"wp:featuredmedia":[{"embeddable":true,"href":"https:\/\/portaltela.pt\/api\/wp\/v2\/media\/423023"}],"wp:attachment":[{"href":"https:\/\/portaltela.pt\/api\/wp\/v2\/media?parent=423020"}],"wp:term":[{"taxonomy":"category","embeddable":true,"href":"https:\/\/portaltela.pt\/api\/wp\/v2\/categories?post=423020"},{"taxonomy":"post_tag","embeddable":true,"href":"https:\/\/portaltela.pt\/api\/wp\/v2\/tags?post=423020"}],"curies":[{"name":"wp","href":"https:\/\/api.w.org\/{rel}","templated":true}]}}