{"id":423015,"date":"2026-03-26T18:48:16","date_gmt":"2026-03-26T21:48:16","guid":{"rendered":"https:\/\/portaltela.pt\/noticias\/2026\/03\/26\/lagarde-alerta-para-excesso-de-otimismo-dos-mercados-diante-da-guerra\/"},"modified":"2026-03-26T18:48:16","modified_gmt":"2026-03-26T21:48:16","slug":"lagarde-alerta-para-excesso-de-otimismo-dos-mercados-diante-da-guerra","status":"publish","type":"post","link":"https:\/\/portaltela.pt\/noticias\/economia\/2026\/03\/26\/lagarde-alerta-para-excesso-de-otimismo-dos-mercados-diante-da-guerra\/","title":{"rendered":"Lagarde alerta para excesso de otimismo dos mercados diante da guerra"},"content":{"rendered":"<p>Os avisos da presidente do Banco Central Europeu sobre a evolu\u00e7\u00e3o do conflito no M\u00e9dio Oriente ganham relevo \u00e0 medida que surgem sinais de maior volatilidade nos mercados. Christine Lagarde alertou para um poss\u00edvel excesso de otimismo na rea\u00e7\u00e3o financeira \u00e0 guerra e descreveu um impacto energ\u00e9tico de \u201cverdadeiro choque\u201d.<\/p>\n<p>Em entrevista ao The Economist, Lagarde explicou que a recupera\u00e7\u00e3o dos danos causados pela guerra pode demorar v\u00e1rios anos. A presidente do BCE destacou ainda que a crise permite observar quais ser\u00e3o as consequ\u00eancias reais, quais pa\u00edses ser\u00e3o mais afetados e quais as commodities com maior procura.<\/p>\n<h3>Contexto internacional e implica\u00e7\u00f5es energ\u00e9ticas<\/h3>\n<p>A ofensiva entre Estados Unidos e Israel contra o Ir\u00e3o, ocorrida a 28 de fevereiro, foi respondida por Teer\u00e3 com ataques a alvos israelitas, bases norte-americanas e infraestruturas civis na regi\u00e3o. Al\u00e9m disso, o Ir\u00e3o bloqueou o estreito de Ormuz, via mar\u00edtima cr\u00edtica para o escoamento de petr\u00f3leo e g\u00e1s natural na regi\u00e3o.<\/p>\n<p>A combina\u00e7\u00e3o de a\u00e7\u00f5es militares e interrup\u00e7\u00f5es no com\u00e9rcio mar\u00edtimo eleva a incerteza sobre o pre\u00e7o da energia e a seguran\u00e7a de abastecimentos. Analistas anteveem impactos diferenciados por pa\u00eds e setor, com poss\u00edvel repercuss\u00e3o em mercados financeiros e na infla\u00e7\u00e3o.<\/p>\n","protected":false},"excerpt":{"rendered":"<ul>\n<li>A presidente do Banco Central Europeu, Christine Lagarde, alertou para um poss\u00edvel excesso de otimismo dos mercados face \u00e0 rea\u00e7\u00e3o \u00e0 guerra no M\u00e9dio Oriente.<\/li>\n<li>Lagarde descreveu a situa\u00e7\u00e3o energ\u00e9tica como um &#8220;verdadeiro choque&#8221; devido \u00e0 destrui\u00e7\u00e3o da infraestrutura energ\u00e9tica.<\/li>\n<li>Em entrevista ao The Economist, disse que a recupera\u00e7\u00e3o dos estragos pode levar v\u00e1rios anos.<\/li>\n<li>Acrescentou que, nesta crise, se est\u00e1 a aprender quase diariamente quais ser\u00e3o as consequ\u00eancias reais, quais pa\u00edses ser\u00e3o mais afetados e quais commodities ter\u00e3o maior procura.<\/li>\n<li>O contexto envolve ataque dos Estados Unidos e de Israel ao Ir\u00e3o a 28 de fevereiro, com resposta iraniana que incluiu ataques a alvos israelitas, bases norte-americanas e bloqueio do estreito de Ormuz.<\/li>\n<\/ul>\n","protected":false},"author":2,"featured_media":423018,"comment_status":"closed","ping_status":"closed","sticky":false,"template":"","format":"standard","meta":{"footnotes":""},"categories":[2,6735],"tags":[6115,5961,244,2198,28,2729],"class_list":["post-423015","post","type-post","status-publish","format-standard","has-post-thumbnail","hentry","category-economia","category-negocios","tag-_economia","tag-a-energia","tag-comercio","tag-conflitos-internacionais","tag-economia","tag-energia-renovavel"],"yoast_head":"<!-- This site is optimized with the Yoast SEO plugin v27.2 - https:\/\/yoast.com\/product\/yoast-seo-wordpress\/ -->\n<title>Lagarde alerta para excesso de otimismo dos mercados diante da guerra - Portal Tela Portugal<\/title>\n<meta name=\"robots\" content=\"index, follow, max-snippet:-1, max-image-preview:large, max-video-preview:-1\" \/>\n<meta property=\"og:locale\" content=\"pt_PT\" \/>\n<meta property=\"og:type\" content=\"article\" \/>\n<meta property=\"og:title\" content=\"Lagarde alerta para excesso de otimismo dos mercados diante da guerra - Portal Tela Portugal\" \/>\n<meta property=\"og:description\" content=\"A presidente do Banco Central Europeu, Christine Lagarde, alertou para um poss\u00edvel excesso de otimismo dos mercados face \u00e0 rea\u00e7\u00e3o \u00e0 guerra no M\u00e9dio Oriente. Lagarde descreveu a situa\u00e7\u00e3o energ\u00e9tica como um &quot;verdadeiro choque&quot; devido \u00e0 destrui\u00e7\u00e3o da infraestrutura energ\u00e9tica. Em entrevista ao The Economist, disse que a recupera\u00e7\u00e3o dos estragos pode levar v\u00e1rios anos. Acrescentou que, nesta crise, se est\u00e1 a aprender quase diariamente quais ser\u00e3o as consequ\u00eancias reais, quais pa\u00edses ser\u00e3o mais afetados e quais commodities ter\u00e3o maior procura. O contexto envolve ataque dos Estados Unidos e de Israel ao Ir\u00e3o a 28 de fevereiro, com resposta iraniana que incluiu ataques a alvos israelitas, bases norte-americanas e bloqueio do estreito de Ormuz.\" \/>\n<meta property=\"og:url\" content=\"https:\/\/portaltela.pt\/noticias\/2026\/03\/26\/lagarde-alerta-para-excesso-de-otimismo-dos-mercados-diante-da-guerra\/\" \/>\n<meta property=\"og:site_name\" content=\"Portal Tela Portugal\" \/>\n<meta property=\"article:published_time\" content=\"2026-03-26T21:48:16+00:00\" \/>\n<meta name=\"author\" content=\"Telinha\" \/>\n<meta name=\"twitter:card\" content=\"summary_large_image\" \/>\n<meta name=\"twitter:label1\" content=\"Escrito por\" \/>\n\t<meta name=\"twitter:data1\" content=\"Telinha\" \/>\n\t<meta name=\"twitter:label2\" content=\"Tempo estimado de leitura\" \/>\n\t<meta name=\"twitter:data2\" content=\"1 minuto\" \/>\n<script type=\"application\/ld+json\" class=\"yoast-schema-graph\">{\"@context\":\"https:\/\/schema.org\",\"@graph\":[{\"@type\":\"Article\",\"@id\":\"https:\/\/portaltela.pt\/noticias\/2026\/03\/26\/lagarde-alerta-para-excesso-de-otimismo-dos-mercados-diante-da-guerra\/#article\",\"isPartOf\":{\"@id\":\"https:\/\/portaltela.pt\/noticias\/2026\/03\/26\/lagarde-alerta-para-excesso-de-otimismo-dos-mercados-diante-da-guerra\/\"},\"author\":{\"name\":\"Telinha\",\"@id\":\"https:\/\/portaltela.pt\/#\/schema\/person\/c4278d4a6028830caff9ee44b42d32ed\"},\"headline\":\"Lagarde alerta para excesso de otimismo dos mercados diante da guerra\",\"datePublished\":\"2026-03-26T21:48:16+00:00\",\"mainEntityOfPage\":{\"@id\":\"https:\/\/portaltela.pt\/noticias\/2026\/03\/26\/lagarde-alerta-para-excesso-de-otimismo-dos-mercados-diante-da-guerra\/\"},\"wordCount\":236,\"image\":{\"@id\":\"https:\/\/portaltela.pt\/noticias\/2026\/03\/26\/lagarde-alerta-para-excesso-de-otimismo-dos-mercados-diante-da-guerra\/#primaryimage\"},\"thumbnailUrl\":\"https:\/\/portaltela.pt\/s.01k8rhncp4jt1\/2026\/03\/img_1500x1000uu2025-01-30-22-25-26-2190841.jpg\",\"keywords\":[\"_economia\",\"a energia\",\"com\u00e9rcio\",\"conflitos internacionais\",\"economia\",\"energia renov\u00e1vel\"],\"articleSection\":[\"Economia\",\"Neg\u00f3cios\"],\"inLanguage\":\"pt-PT\"},{\"@type\":\"WebPage\",\"@id\":\"https:\/\/portaltela.pt\/noticias\/2026\/03\/26\/lagarde-alerta-para-excesso-de-otimismo-dos-mercados-diante-da-guerra\/\",\"url\":\"https:\/\/portaltela.pt\/noticias\/2026\/03\/26\/lagarde-alerta-para-excesso-de-otimismo-dos-mercados-diante-da-guerra\/\",\"name\":\"Lagarde alerta para excesso de otimismo dos mercados diante da guerra - Portal Tela Portugal\",\"isPartOf\":{\"@id\":\"https:\/\/portaltela.pt\/#website\"},\"primaryImageOfPage\":{\"@id\":\"https:\/\/portaltela.pt\/noticias\/2026\/03\/26\/lagarde-alerta-para-excesso-de-otimismo-dos-mercados-diante-da-guerra\/#primaryimage\"},\"image\":{\"@id\":\"https:\/\/portaltela.pt\/noticias\/2026\/03\/26\/lagarde-alerta-para-excesso-de-otimismo-dos-mercados-diante-da-guerra\/#primaryimage\"},\"thumbnailUrl\":\"https:\/\/portaltela.pt\/s.01k8rhncp4jt1\/2026\/03\/img_1500x1000uu2025-01-30-22-25-26-2190841.jpg\",\"datePublished\":\"2026-03-26T21:48:16+00:00\",\"author\":{\"@id\":\"https:\/\/portaltela.pt\/#\/schema\/person\/c4278d4a6028830caff9ee44b42d32ed\"},\"breadcrumb\":{\"@id\":\"https:\/\/portaltela.pt\/noticias\/2026\/03\/26\/lagarde-alerta-para-excesso-de-otimismo-dos-mercados-diante-da-guerra\/#breadcrumb\"},\"inLanguage\":\"pt-PT\",\"potentialAction\":[{\"@type\":\"ReadAction\",\"target\":[\"https:\/\/portaltela.pt\/noticias\/2026\/03\/26\/lagarde-alerta-para-excesso-de-otimismo-dos-mercados-diante-da-guerra\/\"]}]},{\"@type\":\"ImageObject\",\"inLanguage\":\"pt-PT\",\"@id\":\"https:\/\/portaltela.pt\/noticias\/2026\/03\/26\/lagarde-alerta-para-excesso-de-otimismo-dos-mercados-diante-da-guerra\/#primaryimage\",\"url\":\"https:\/\/portaltela.pt\/s.01k8rhncp4jt1\/2026\/03\/img_1500x1000uu2025-01-30-22-25-26-2190841.jpg\",\"contentUrl\":\"https:\/\/portaltela.pt\/s.01k8rhncp4jt1\/2026\/03\/img_1500x1000uu2025-01-30-22-25-26-2190841.jpg\",\"width\":1500,\"height\":1000,\"caption\":\"Christine Lagarde, presidente do Banco Central Europeu\"},{\"@type\":\"BreadcrumbList\",\"@id\":\"https:\/\/portaltela.pt\/noticias\/2026\/03\/26\/lagarde-alerta-para-excesso-de-otimismo-dos-mercados-diante-da-guerra\/#breadcrumb\",\"itemListElement\":[{\"@type\":\"ListItem\",\"position\":1,\"name\":\"In\u00edcio\",\"item\":\"https:\/\/portaltela.pt\/\"},{\"@type\":\"ListItem\",\"position\":2,\"name\":\"Lagarde alerta para excesso de otimismo dos mercados diante da guerra\"}]},{\"@type\":\"WebSite\",\"@id\":\"https:\/\/portaltela.pt\/#website\",\"url\":\"https:\/\/portaltela.pt\/\",\"name\":\"Portal Tela Portugal\",\"description\":\"\",\"potentialAction\":[{\"@type\":\"SearchAction\",\"target\":{\"@type\":\"EntryPoint\",\"urlTemplate\":\"https:\/\/portaltela.pt\/?s={search_term_string}\"},\"query-input\":{\"@type\":\"PropertyValueSpecification\",\"valueRequired\":true,\"valueName\":\"search_term_string\"}}],\"inLanguage\":\"pt-PT\"},{\"@type\":\"Person\",\"@id\":\"https:\/\/portaltela.pt\/#\/schema\/person\/c4278d4a6028830caff9ee44b42d32ed\",\"name\":\"Telinha\",\"image\":{\"@type\":\"ImageObject\",\"inLanguage\":\"pt-PT\",\"@id\":\"https:\/\/portaltela.pt\/s.01k8rhncp4jt1\/2025\/11\/talking-bot-125x125.png\",\"url\":\"https:\/\/portaltela.pt\/s.01k8rhncp4jt1\/2025\/11\/talking-bot-125x125.png\",\"contentUrl\":\"https:\/\/portaltela.pt\/s.01k8rhncp4jt1\/2025\/11\/talking-bot-125x125.png\",\"caption\":\"Telinha\"},\"sameAs\":[\"https:\/\/portaltela.pt\/\"],\"url\":\"https:\/\/portaltela.pt\/por\/367410592786\/\"}]}<\/script>\n<!-- \/ Yoast SEO plugin. -->","yoast_head_json":{"title":"Lagarde alerta para excesso de otimismo dos mercados diante da guerra - Portal Tela Portugal","robots":{"index":"index","follow":"follow","max-snippet":"max-snippet:-1","max-image-preview":"max-image-preview:large","max-video-preview":"max-video-preview:-1"},"og_locale":"pt_PT","og_type":"article","og_title":"Lagarde alerta para excesso de otimismo dos mercados diante da guerra - Portal Tela Portugal","og_description":"A presidente do Banco Central Europeu, Christine Lagarde, alertou para um poss\u00edvel excesso de otimismo dos mercados face \u00e0 rea\u00e7\u00e3o \u00e0 guerra no M\u00e9dio Oriente. Lagarde descreveu a situa\u00e7\u00e3o energ\u00e9tica como um \"verdadeiro choque\" devido \u00e0 destrui\u00e7\u00e3o da infraestrutura energ\u00e9tica. Em entrevista ao The Economist, disse que a recupera\u00e7\u00e3o dos estragos pode levar v\u00e1rios anos. Acrescentou que, nesta crise, se est\u00e1 a aprender quase diariamente quais ser\u00e3o as consequ\u00eancias reais, quais pa\u00edses ser\u00e3o mais afetados e quais commodities ter\u00e3o maior procura. O contexto envolve ataque dos Estados Unidos e de Israel ao Ir\u00e3o a 28 de fevereiro, com resposta iraniana que incluiu ataques a alvos israelitas, bases norte-americanas e bloqueio do estreito de Ormuz.","og_url":"https:\/\/portaltela.pt\/noticias\/2026\/03\/26\/lagarde-alerta-para-excesso-de-otimismo-dos-mercados-diante-da-guerra\/","og_site_name":"Portal Tela Portugal","article_published_time":"2026-03-26T21:48:16+00:00","author":"Telinha","twitter_card":"summary_large_image","twitter_misc":{"Escrito por":"Telinha","Tempo estimado de leitura":"1 minuto"},"schema":{"@context":"https:\/\/schema.org","@graph":[{"@type":"Article","@id":"https:\/\/portaltela.pt\/noticias\/2026\/03\/26\/lagarde-alerta-para-excesso-de-otimismo-dos-mercados-diante-da-guerra\/#article","isPartOf":{"@id":"https:\/\/portaltela.pt\/noticias\/2026\/03\/26\/lagarde-alerta-para-excesso-de-otimismo-dos-mercados-diante-da-guerra\/"},"author":{"name":"Telinha","@id":"https:\/\/portaltela.pt\/#\/schema\/person\/c4278d4a6028830caff9ee44b42d32ed"},"headline":"Lagarde alerta para excesso de otimismo dos mercados diante da guerra","datePublished":"2026-03-26T21:48:16+00:00","mainEntityOfPage":{"@id":"https:\/\/portaltela.pt\/noticias\/2026\/03\/26\/lagarde-alerta-para-excesso-de-otimismo-dos-mercados-diante-da-guerra\/"},"wordCount":236,"image":{"@id":"https:\/\/portaltela.pt\/noticias\/2026\/03\/26\/lagarde-alerta-para-excesso-de-otimismo-dos-mercados-diante-da-guerra\/#primaryimage"},"thumbnailUrl":"https:\/\/portaltela.pt\/s.01k8rhncp4jt1\/2026\/03\/img_1500x1000uu2025-01-30-22-25-26-2190841.jpg","keywords":["_economia","a energia","com\u00e9rcio","conflitos internacionais","economia","energia renov\u00e1vel"],"articleSection":["Economia","Neg\u00f3cios"],"inLanguage":"pt-PT"},{"@type":"WebPage","@id":"https:\/\/portaltela.pt\/noticias\/2026\/03\/26\/lagarde-alerta-para-excesso-de-otimismo-dos-mercados-diante-da-guerra\/","url":"https:\/\/portaltela.pt\/noticias\/2026\/03\/26\/lagarde-alerta-para-excesso-de-otimismo-dos-mercados-diante-da-guerra\/","name":"Lagarde alerta para excesso de otimismo dos mercados diante da guerra - Portal Tela Portugal","isPartOf":{"@id":"https:\/\/portaltela.pt\/#website"},"primaryImageOfPage":{"@id":"https:\/\/portaltela.pt\/noticias\/2026\/03\/26\/lagarde-alerta-para-excesso-de-otimismo-dos-mercados-diante-da-guerra\/#primaryimage"},"image":{"@id":"https:\/\/portaltela.pt\/noticias\/2026\/03\/26\/lagarde-alerta-para-excesso-de-otimismo-dos-mercados-diante-da-guerra\/#primaryimage"},"thumbnailUrl":"https:\/\/portaltela.pt\/s.01k8rhncp4jt1\/2026\/03\/img_1500x1000uu2025-01-30-22-25-26-2190841.jpg","datePublished":"2026-03-26T21:48:16+00:00","author":{"@id":"https:\/\/portaltela.pt\/#\/schema\/person\/c4278d4a6028830caff9ee44b42d32ed"},"breadcrumb":{"@id":"https:\/\/portaltela.pt\/noticias\/2026\/03\/26\/lagarde-alerta-para-excesso-de-otimismo-dos-mercados-diante-da-guerra\/#breadcrumb"},"inLanguage":"pt-PT","potentialAction":[{"@type":"ReadAction","target":["https:\/\/portaltela.pt\/noticias\/2026\/03\/26\/lagarde-alerta-para-excesso-de-otimismo-dos-mercados-diante-da-guerra\/"]}]},{"@type":"ImageObject","inLanguage":"pt-PT","@id":"https:\/\/portaltela.pt\/noticias\/2026\/03\/26\/lagarde-alerta-para-excesso-de-otimismo-dos-mercados-diante-da-guerra\/#primaryimage","url":"https:\/\/portaltela.pt\/s.01k8rhncp4jt1\/2026\/03\/img_1500x1000uu2025-01-30-22-25-26-2190841.jpg","contentUrl":"https:\/\/portaltela.pt\/s.01k8rhncp4jt1\/2026\/03\/img_1500x1000uu2025-01-30-22-25-26-2190841.jpg","width":1500,"height":1000,"caption":"Christine Lagarde, presidente do Banco Central Europeu"},{"@type":"BreadcrumbList","@id":"https:\/\/portaltela.pt\/noticias\/2026\/03\/26\/lagarde-alerta-para-excesso-de-otimismo-dos-mercados-diante-da-guerra\/#breadcrumb","itemListElement":[{"@type":"ListItem","position":1,"name":"In\u00edcio","item":"https:\/\/portaltela.pt\/"},{"@type":"ListItem","position":2,"name":"Lagarde alerta para excesso de otimismo dos mercados diante da guerra"}]},{"@type":"WebSite","@id":"https:\/\/portaltela.pt\/#website","url":"https:\/\/portaltela.pt\/","name":"Portal Tela Portugal","description":"","potentialAction":[{"@type":"SearchAction","target":{"@type":"EntryPoint","urlTemplate":"https:\/\/portaltela.pt\/?s={search_term_string}"},"query-input":{"@type":"PropertyValueSpecification","valueRequired":true,"valueName":"search_term_string"}}],"inLanguage":"pt-PT"},{"@type":"Person","@id":"https:\/\/portaltela.pt\/#\/schema\/person\/c4278d4a6028830caff9ee44b42d32ed","name":"Telinha","image":{"@type":"ImageObject","inLanguage":"pt-PT","@id":"https:\/\/portaltela.pt\/s.01k8rhncp4jt1\/2025\/11\/talking-bot-125x125.png","url":"https:\/\/portaltela.pt\/s.01k8rhncp4jt1\/2025\/11\/talking-bot-125x125.png","contentUrl":"https:\/\/portaltela.pt\/s.01k8rhncp4jt1\/2025\/11\/talking-bot-125x125.png","caption":"Telinha"},"sameAs":["https:\/\/portaltela.pt\/"],"url":"https:\/\/portaltela.pt\/por\/367410592786\/"}]}},"_links":{"self":[{"href":"https:\/\/portaltela.pt\/api\/wp\/v2\/posts\/423015","targetHints":{"allow":["GET"]}}],"collection":[{"href":"https:\/\/portaltela.pt\/api\/wp\/v2\/posts"}],"about":[{"href":"https:\/\/portaltela.pt\/api\/wp\/v2\/types\/post"}],"author":[{"embeddable":true,"href":"https:\/\/portaltela.pt\/api\/wp\/v2\/users\/2"}],"replies":[{"embeddable":true,"href":"https:\/\/portaltela.pt\/api\/wp\/v2\/comments?post=423015"}],"version-history":[{"count":0,"href":"https:\/\/portaltela.pt\/api\/wp\/v2\/posts\/423015\/revisions"}],"wp:featuredmedia":[{"embeddable":true,"href":"https:\/\/portaltela.pt\/api\/wp\/v2\/media\/423018"}],"wp:attachment":[{"href":"https:\/\/portaltela.pt\/api\/wp\/v2\/media?parent=423015"}],"wp:term":[{"taxonomy":"category","embeddable":true,"href":"https:\/\/portaltela.pt\/api\/wp\/v2\/categories?post=423015"},{"taxonomy":"post_tag","embeddable":true,"href":"https:\/\/portaltela.pt\/api\/wp\/v2\/tags?post=423015"}],"curies":[{"name":"wp","href":"https:\/\/api.w.org\/{rel}","templated":true}]}}