{"id":422997,"date":"2026-03-26T18:30:00","date_gmt":"2026-03-26T21:30:00","guid":{"rendered":"https:\/\/portaltela.pt\/noticias\/2026\/03\/26\/seguro-promulga-diploma-com-alerta-sobre-reestruturacao-da-seguranca-social\/"},"modified":"2026-03-26T18:30:00","modified_gmt":"2026-03-26T21:30:00","slug":"seguro-promulga-diploma-com-alerta-sobre-reestruturacao-da-seguranca-social","status":"publish","type":"post","link":"https:\/\/portaltela.pt\/sociedade\/2026\/03\/26\/seguro-promulga-diploma-com-alerta-sobre-reestruturacao-da-seguranca-social\/","title":{"rendered":"Seguro promulga diploma com alerta sobre reestrutura\u00e7\u00e3o da Seguran\u00e7a Social"},"content":{"rendered":"<p>O Presidente da Rep\u00fablica promulgou, nesta quinta-feira, um diploma do Governo que cria a Dire\u00e7\u00e3o-Geral da Solidariedade e Seguran\u00e7a Social, e que reestrutura a Dire\u00e7\u00e3o-Geral da Seguran\u00e7a Social. O chefe de Estado alerta para a necessidade de acautelar, em sede de diploma aut\u00f3nomo, o cumprimento das compet\u00eancias no \u00e2mbito da economia social e do cooperativismo exercidas pela CASES \u2014 Cooperativa Ant\u00f3nio S\u00e9rgio para a Economia Social.<\/p>\n<p>O governo retirou-se da CASES em 28 de novembro, num movimento enquadrado na reforma do Minist\u00e9rio do Trabalho, Solidariedade e Seguran\u00e7a Social. A medida prev\u00ea reduzir o n\u00famero de entidades ligadas \u00e0 \u00e1rea de atua\u00e7\u00e3o da coopera\u00e7\u00e3o social, passando de 39 para 19 entidades.<\/p>\n<p>A CASES foi criada em 2009 como cooperativa de interesse p\u00fablico, concebida para aproximar o Estado das organiza\u00e7\u00f5es da Economia Social e articular pol\u00edticas p\u00fablicas nas \u00e1reas do Cooperativismo, da Economia Social e do Voluntariado. A decis\u00e3o de sa\u00edda foi recebida com preocupa\u00e7\u00e3o por parte do presidente da cooperativa e dos seus trabalhadores.<\/p>\n<p>O Estado \u00e9 o principal cooperante da CASES, detendo 60% do capital e transferindo verbas ao Or\u00e7amento do Estado para o funcionamento da organiza\u00e7\u00e3o. O Minist\u00e9rio do Trabalho, Solidariedade e Seguran\u00e7a Social anunciou que continuar\u00e1 a apoiar a cooperativa, apesar da retirada como cooperante, por entender que o setor est\u00e1 consolidado.<\/p>\n<p>Durante uma audi\u00e7\u00e3o parlamentar, a ministra respons\u00e1vel comprometeu-se a desenvolver um plano de transi\u00e7\u00e3o suave que assegure os direitos dos trabalhadores da CASES. O objetivo \u00e9 manter a continuidade das pol\u00edticas p\u00fablicas associadas \u00e0 economia social durante o processo de reorganiza\u00e7\u00e3o.<\/p>\n","protected":false},"excerpt":{"rendered":"<ul>\n<li>O Presidente da Rep\u00fablica promulgou um diploma do Governo que cria a Dire\u00e7\u00e3o-Geral da Solidariedade e Seguran\u00e7a Social, e reestrutura a Seguran\u00e7a Social.<\/li>\n<li>O chefe de Estado alerta para a necessidade de acautelar, em diploma aut\u00f3nomo, o cumprimento das compet\u00eancias j\u00e1 exercidas pela CASES \u2014 Cooperativa Ant\u00f3nio S\u00e9rgio para a Economia Social.<\/li>\n<li>Em novembro, o Governo decidiu sair da CASES, como parte de uma reforma do Minist\u00e9rio do Trabalho, Solidariedade e Seguran\u00e7a Social que reduziu o n\u00famero de entidades de quarenta para dezoito\/menos.<\/li>\n<li>A CASES, criada em 2009, servia de ponte entre o Estado e as organiza\u00e7\u00f5es da Economia Social, articulando pol\u00edticas de cooperativismo, economia social e voluntariado.<\/li>\n<li>O MTSSS garante apoio cont\u00ednuo \u00e0 Cooperativa Ant\u00f3nio S\u00e9rgio e anunciou um plano de transi\u00e7\u00e3o suave para assegurar os direitos dos trabalhadores, apesar da sa\u00edda do Estado como cooperante.<\/li>\n<\/ul>\n","protected":false},"author":2,"featured_media":422999,"comment_status":"closed","ping_status":"closed","sticky":false,"template":"","format":"standard","meta":{"footnotes":""},"categories":[7384,6871],"tags":[6115,168,1180,5927,243,2201],"class_list":["post-422997","post","type-post","status-publish","format-standard","has-post-thumbnail","hentry","category-curiosidades","category-sociedade","tag-_economia","tag-administracao-publica","tag-cooperativas","tag-economia-social","tag-seguranca-social","tag-trabalho"],"yoast_head":"<!-- This site is optimized with the Yoast SEO plugin v27.2 - https:\/\/yoast.com\/product\/yoast-seo-wordpress\/ -->\n<title>Seguro promulga diploma com alerta sobre reestrutura\u00e7\u00e3o da Seguran\u00e7a Social - Portal Tela Portugal<\/title>\n<meta name=\"robots\" content=\"index, follow, max-snippet:-1, max-image-preview:large, max-video-preview:-1\" \/>\n<meta property=\"og:locale\" content=\"pt_PT\" \/>\n<meta property=\"og:type\" content=\"article\" \/>\n<meta property=\"og:title\" content=\"Seguro promulga diploma com alerta sobre reestrutura\u00e7\u00e3o da Seguran\u00e7a Social - Portal Tela Portugal\" \/>\n<meta property=\"og:description\" content=\"O Presidente da Rep\u00fablica promulgou um diploma do Governo que cria a Dire\u00e7\u00e3o-Geral da Solidariedade e Seguran\u00e7a Social, e reestrutura a Seguran\u00e7a Social. O chefe de Estado alerta para a necessidade de acautelar, em diploma aut\u00f3nomo, o cumprimento das compet\u00eancias j\u00e1 exercidas pela CASES \u2014 Cooperativa Ant\u00f3nio S\u00e9rgio para a Economia Social. Em novembro, o Governo decidiu sair da CASES, como parte de uma reforma do Minist\u00e9rio do Trabalho, Solidariedade e Seguran\u00e7a Social que reduziu o n\u00famero de entidades de quarenta para dezoito\/menos. A CASES, criada em 2009, servia de ponte entre o Estado e as organiza\u00e7\u00f5es da Economia Social, articulando pol\u00edticas de cooperativismo, economia social e voluntariado. O MTSSS garante apoio cont\u00ednuo \u00e0 Cooperativa Ant\u00f3nio S\u00e9rgio e anunciou um plano de transi\u00e7\u00e3o suave para assegurar os direitos dos trabalhadores, apesar da sa\u00edda do Estado como cooperante.\" \/>\n<meta property=\"og:url\" content=\"https:\/\/portaltela.pt\/noticias\/2026\/03\/26\/seguro-promulga-diploma-com-alerta-sobre-reestruturacao-da-seguranca-social\/\" \/>\n<meta property=\"og:site_name\" content=\"Portal Tela Portugal\" \/>\n<meta property=\"article:published_time\" content=\"2026-03-26T21:30:00+00:00\" \/>\n<meta name=\"author\" content=\"Telinha\" \/>\n<meta name=\"twitter:card\" content=\"summary_large_image\" \/>\n<meta name=\"twitter:label1\" content=\"Escrito por\" \/>\n\t<meta name=\"twitter:data1\" content=\"Telinha\" \/>\n\t<meta name=\"twitter:label2\" content=\"Tempo estimado de leitura\" \/>\n\t<meta name=\"twitter:data2\" content=\"1 minuto\" \/>\n<script type=\"application\/ld+json\" class=\"yoast-schema-graph\">{\"@context\":\"https:\/\/schema.org\",\"@graph\":[{\"@type\":\"Article\",\"@id\":\"https:\/\/portaltela.pt\/noticias\/2026\/03\/26\/seguro-promulga-diploma-com-alerta-sobre-reestruturacao-da-seguranca-social\/#article\",\"isPartOf\":{\"@id\":\"https:\/\/portaltela.pt\/noticias\/2026\/03\/26\/seguro-promulga-diploma-com-alerta-sobre-reestruturacao-da-seguranca-social\/\"},\"author\":{\"name\":\"Telinha\",\"@id\":\"https:\/\/portaltela.pt\/#\/schema\/person\/c4278d4a6028830caff9ee44b42d32ed\"},\"headline\":\"Seguro promulga diploma com alerta sobre reestrutura\u00e7\u00e3o da Seguran\u00e7a Social\",\"datePublished\":\"2026-03-26T21:30:00+00:00\",\"mainEntityOfPage\":{\"@id\":\"https:\/\/portaltela.pt\/noticias\/2026\/03\/26\/seguro-promulga-diploma-com-alerta-sobre-reestruturacao-da-seguranca-social\/\"},\"wordCount\":288,\"image\":{\"@id\":\"https:\/\/portaltela.pt\/noticias\/2026\/03\/26\/seguro-promulga-diploma-com-alerta-sobre-reestruturacao-da-seguranca-social\/#primaryimage\"},\"thumbnailUrl\":\"https:\/\/portaltela.pt\/s.01k8rhncp4jt1\/2026\/03\/2077251.jpg\",\"keywords\":[\"_economia\",\"administra\u00e7\u00e3o p\u00fablica\",\"cooperativas\",\"Economia Social\",\"seguran\u00e7a social\",\"trabalho\"],\"articleSection\":[\"Curiosidades\",\"Sociedade\"],\"inLanguage\":\"pt-PT\"},{\"@type\":\"WebPage\",\"@id\":\"https:\/\/portaltela.pt\/noticias\/2026\/03\/26\/seguro-promulga-diploma-com-alerta-sobre-reestruturacao-da-seguranca-social\/\",\"url\":\"https:\/\/portaltela.pt\/noticias\/2026\/03\/26\/seguro-promulga-diploma-com-alerta-sobre-reestruturacao-da-seguranca-social\/\",\"name\":\"Seguro promulga diploma com alerta sobre reestrutura\u00e7\u00e3o da Seguran\u00e7a Social - Portal Tela Portugal\",\"isPartOf\":{\"@id\":\"https:\/\/portaltela.pt\/#website\"},\"primaryImageOfPage\":{\"@id\":\"https:\/\/portaltela.pt\/noticias\/2026\/03\/26\/seguro-promulga-diploma-com-alerta-sobre-reestruturacao-da-seguranca-social\/#primaryimage\"},\"image\":{\"@id\":\"https:\/\/portaltela.pt\/noticias\/2026\/03\/26\/seguro-promulga-diploma-com-alerta-sobre-reestruturacao-da-seguranca-social\/#primaryimage\"},\"thumbnailUrl\":\"https:\/\/portaltela.pt\/s.01k8rhncp4jt1\/2026\/03\/2077251.jpg\",\"datePublished\":\"2026-03-26T21:30:00+00:00\",\"author\":{\"@id\":\"https:\/\/portaltela.pt\/#\/schema\/person\/c4278d4a6028830caff9ee44b42d32ed\"},\"breadcrumb\":{\"@id\":\"https:\/\/portaltela.pt\/noticias\/2026\/03\/26\/seguro-promulga-diploma-com-alerta-sobre-reestruturacao-da-seguranca-social\/#breadcrumb\"},\"inLanguage\":\"pt-PT\",\"potentialAction\":[{\"@type\":\"ReadAction\",\"target\":[\"https:\/\/portaltela.pt\/noticias\/2026\/03\/26\/seguro-promulga-diploma-com-alerta-sobre-reestruturacao-da-seguranca-social\/\"]}]},{\"@type\":\"ImageObject\",\"inLanguage\":\"pt-PT\",\"@id\":\"https:\/\/portaltela.pt\/noticias\/2026\/03\/26\/seguro-promulga-diploma-com-alerta-sobre-reestruturacao-da-seguranca-social\/#primaryimage\",\"url\":\"https:\/\/portaltela.pt\/s.01k8rhncp4jt1\/2026\/03\/2077251.jpg\",\"contentUrl\":\"https:\/\/portaltela.pt\/s.01k8rhncp4jt1\/2026\/03\/2077251.jpg\",\"width\":796,\"height\":448,\"caption\":\"A ministra do Trabalho, Solidariedade e Seguran\u00e7a Social comprometeu-se a fazer um \\\"plano de transi\u00e7\u00e3o suave\\\" que assegure os direitos dos trabalhadores da CASES\"},{\"@type\":\"BreadcrumbList\",\"@id\":\"https:\/\/portaltela.pt\/noticias\/2026\/03\/26\/seguro-promulga-diploma-com-alerta-sobre-reestruturacao-da-seguranca-social\/#breadcrumb\",\"itemListElement\":[{\"@type\":\"ListItem\",\"position\":1,\"name\":\"In\u00edcio\",\"item\":\"https:\/\/portaltela.pt\/\"},{\"@type\":\"ListItem\",\"position\":2,\"name\":\"Seguro promulga diploma com alerta sobre reestrutura\u00e7\u00e3o da Seguran\u00e7a Social\"}]},{\"@type\":\"WebSite\",\"@id\":\"https:\/\/portaltela.pt\/#website\",\"url\":\"https:\/\/portaltela.pt\/\",\"name\":\"Portal Tela Portugal\",\"description\":\"\",\"potentialAction\":[{\"@type\":\"SearchAction\",\"target\":{\"@type\":\"EntryPoint\",\"urlTemplate\":\"https:\/\/portaltela.pt\/?s={search_term_string}\"},\"query-input\":{\"@type\":\"PropertyValueSpecification\",\"valueRequired\":true,\"valueName\":\"search_term_string\"}}],\"inLanguage\":\"pt-PT\"},{\"@type\":\"Person\",\"@id\":\"https:\/\/portaltela.pt\/#\/schema\/person\/c4278d4a6028830caff9ee44b42d32ed\",\"name\":\"Telinha\",\"image\":{\"@type\":\"ImageObject\",\"inLanguage\":\"pt-PT\",\"@id\":\"https:\/\/portaltela.pt\/s.01k8rhncp4jt1\/2025\/11\/talking-bot-125x125.png\",\"url\":\"https:\/\/portaltela.pt\/s.01k8rhncp4jt1\/2025\/11\/talking-bot-125x125.png\",\"contentUrl\":\"https:\/\/portaltela.pt\/s.01k8rhncp4jt1\/2025\/11\/talking-bot-125x125.png\",\"caption\":\"Telinha\"},\"sameAs\":[\"https:\/\/portaltela.pt\/\"],\"url\":\"https:\/\/portaltela.pt\/por\/367410592786\/\"}]}<\/script>\n<!-- \/ Yoast SEO plugin. -->","yoast_head_json":{"title":"Seguro promulga diploma com alerta sobre reestrutura\u00e7\u00e3o da Seguran\u00e7a Social - Portal Tela Portugal","robots":{"index":"index","follow":"follow","max-snippet":"max-snippet:-1","max-image-preview":"max-image-preview:large","max-video-preview":"max-video-preview:-1"},"og_locale":"pt_PT","og_type":"article","og_title":"Seguro promulga diploma com alerta sobre reestrutura\u00e7\u00e3o da Seguran\u00e7a Social - Portal Tela Portugal","og_description":"O Presidente da Rep\u00fablica promulgou um diploma do Governo que cria a Dire\u00e7\u00e3o-Geral da Solidariedade e Seguran\u00e7a Social, e reestrutura a Seguran\u00e7a Social. O chefe de Estado alerta para a necessidade de acautelar, em diploma aut\u00f3nomo, o cumprimento das compet\u00eancias j\u00e1 exercidas pela CASES \u2014 Cooperativa Ant\u00f3nio S\u00e9rgio para a Economia Social. Em novembro, o Governo decidiu sair da CASES, como parte de uma reforma do Minist\u00e9rio do Trabalho, Solidariedade e Seguran\u00e7a Social que reduziu o n\u00famero de entidades de quarenta para dezoito\/menos. A CASES, criada em 2009, servia de ponte entre o Estado e as organiza\u00e7\u00f5es da Economia Social, articulando pol\u00edticas de cooperativismo, economia social e voluntariado. O MTSSS garante apoio cont\u00ednuo \u00e0 Cooperativa Ant\u00f3nio S\u00e9rgio e anunciou um plano de transi\u00e7\u00e3o suave para assegurar os direitos dos trabalhadores, apesar da sa\u00edda do Estado como cooperante.","og_url":"https:\/\/portaltela.pt\/noticias\/2026\/03\/26\/seguro-promulga-diploma-com-alerta-sobre-reestruturacao-da-seguranca-social\/","og_site_name":"Portal Tela Portugal","article_published_time":"2026-03-26T21:30:00+00:00","author":"Telinha","twitter_card":"summary_large_image","twitter_misc":{"Escrito por":"Telinha","Tempo estimado de leitura":"1 minuto"},"schema":{"@context":"https:\/\/schema.org","@graph":[{"@type":"Article","@id":"https:\/\/portaltela.pt\/noticias\/2026\/03\/26\/seguro-promulga-diploma-com-alerta-sobre-reestruturacao-da-seguranca-social\/#article","isPartOf":{"@id":"https:\/\/portaltela.pt\/noticias\/2026\/03\/26\/seguro-promulga-diploma-com-alerta-sobre-reestruturacao-da-seguranca-social\/"},"author":{"name":"Telinha","@id":"https:\/\/portaltela.pt\/#\/schema\/person\/c4278d4a6028830caff9ee44b42d32ed"},"headline":"Seguro promulga diploma com alerta sobre reestrutura\u00e7\u00e3o da Seguran\u00e7a Social","datePublished":"2026-03-26T21:30:00+00:00","mainEntityOfPage":{"@id":"https:\/\/portaltela.pt\/noticias\/2026\/03\/26\/seguro-promulga-diploma-com-alerta-sobre-reestruturacao-da-seguranca-social\/"},"wordCount":288,"image":{"@id":"https:\/\/portaltela.pt\/noticias\/2026\/03\/26\/seguro-promulga-diploma-com-alerta-sobre-reestruturacao-da-seguranca-social\/#primaryimage"},"thumbnailUrl":"https:\/\/portaltela.pt\/s.01k8rhncp4jt1\/2026\/03\/2077251.jpg","keywords":["_economia","administra\u00e7\u00e3o p\u00fablica","cooperativas","Economia Social","seguran\u00e7a social","trabalho"],"articleSection":["Curiosidades","Sociedade"],"inLanguage":"pt-PT"},{"@type":"WebPage","@id":"https:\/\/portaltela.pt\/noticias\/2026\/03\/26\/seguro-promulga-diploma-com-alerta-sobre-reestruturacao-da-seguranca-social\/","url":"https:\/\/portaltela.pt\/noticias\/2026\/03\/26\/seguro-promulga-diploma-com-alerta-sobre-reestruturacao-da-seguranca-social\/","name":"Seguro promulga diploma com alerta sobre reestrutura\u00e7\u00e3o da Seguran\u00e7a Social - Portal Tela Portugal","isPartOf":{"@id":"https:\/\/portaltela.pt\/#website"},"primaryImageOfPage":{"@id":"https:\/\/portaltela.pt\/noticias\/2026\/03\/26\/seguro-promulga-diploma-com-alerta-sobre-reestruturacao-da-seguranca-social\/#primaryimage"},"image":{"@id":"https:\/\/portaltela.pt\/noticias\/2026\/03\/26\/seguro-promulga-diploma-com-alerta-sobre-reestruturacao-da-seguranca-social\/#primaryimage"},"thumbnailUrl":"https:\/\/portaltela.pt\/s.01k8rhncp4jt1\/2026\/03\/2077251.jpg","datePublished":"2026-03-26T21:30:00+00:00","author":{"@id":"https:\/\/portaltela.pt\/#\/schema\/person\/c4278d4a6028830caff9ee44b42d32ed"},"breadcrumb":{"@id":"https:\/\/portaltela.pt\/noticias\/2026\/03\/26\/seguro-promulga-diploma-com-alerta-sobre-reestruturacao-da-seguranca-social\/#breadcrumb"},"inLanguage":"pt-PT","potentialAction":[{"@type":"ReadAction","target":["https:\/\/portaltela.pt\/noticias\/2026\/03\/26\/seguro-promulga-diploma-com-alerta-sobre-reestruturacao-da-seguranca-social\/"]}]},{"@type":"ImageObject","inLanguage":"pt-PT","@id":"https:\/\/portaltela.pt\/noticias\/2026\/03\/26\/seguro-promulga-diploma-com-alerta-sobre-reestruturacao-da-seguranca-social\/#primaryimage","url":"https:\/\/portaltela.pt\/s.01k8rhncp4jt1\/2026\/03\/2077251.jpg","contentUrl":"https:\/\/portaltela.pt\/s.01k8rhncp4jt1\/2026\/03\/2077251.jpg","width":796,"height":448,"caption":"A ministra do Trabalho, Solidariedade e Seguran\u00e7a Social comprometeu-se a fazer um \"plano de transi\u00e7\u00e3o suave\" que assegure os direitos dos trabalhadores da CASES"},{"@type":"BreadcrumbList","@id":"https:\/\/portaltela.pt\/noticias\/2026\/03\/26\/seguro-promulga-diploma-com-alerta-sobre-reestruturacao-da-seguranca-social\/#breadcrumb","itemListElement":[{"@type":"ListItem","position":1,"name":"In\u00edcio","item":"https:\/\/portaltela.pt\/"},{"@type":"ListItem","position":2,"name":"Seguro promulga diploma com alerta sobre reestrutura\u00e7\u00e3o da Seguran\u00e7a Social"}]},{"@type":"WebSite","@id":"https:\/\/portaltela.pt\/#website","url":"https:\/\/portaltela.pt\/","name":"Portal Tela Portugal","description":"","potentialAction":[{"@type":"SearchAction","target":{"@type":"EntryPoint","urlTemplate":"https:\/\/portaltela.pt\/?s={search_term_string}"},"query-input":{"@type":"PropertyValueSpecification","valueRequired":true,"valueName":"search_term_string"}}],"inLanguage":"pt-PT"},{"@type":"Person","@id":"https:\/\/portaltela.pt\/#\/schema\/person\/c4278d4a6028830caff9ee44b42d32ed","name":"Telinha","image":{"@type":"ImageObject","inLanguage":"pt-PT","@id":"https:\/\/portaltela.pt\/s.01k8rhncp4jt1\/2025\/11\/talking-bot-125x125.png","url":"https:\/\/portaltela.pt\/s.01k8rhncp4jt1\/2025\/11\/talking-bot-125x125.png","contentUrl":"https:\/\/portaltela.pt\/s.01k8rhncp4jt1\/2025\/11\/talking-bot-125x125.png","caption":"Telinha"},"sameAs":["https:\/\/portaltela.pt\/"],"url":"https:\/\/portaltela.pt\/por\/367410592786\/"}]}},"_links":{"self":[{"href":"https:\/\/portaltela.pt\/api\/wp\/v2\/posts\/422997","targetHints":{"allow":["GET"]}}],"collection":[{"href":"https:\/\/portaltela.pt\/api\/wp\/v2\/posts"}],"about":[{"href":"https:\/\/portaltela.pt\/api\/wp\/v2\/types\/post"}],"author":[{"embeddable":true,"href":"https:\/\/portaltela.pt\/api\/wp\/v2\/users\/2"}],"replies":[{"embeddable":true,"href":"https:\/\/portaltela.pt\/api\/wp\/v2\/comments?post=422997"}],"version-history":[{"count":0,"href":"https:\/\/portaltela.pt\/api\/wp\/v2\/posts\/422997\/revisions"}],"wp:featuredmedia":[{"embeddable":true,"href":"https:\/\/portaltela.pt\/api\/wp\/v2\/media\/422999"}],"wp:attachment":[{"href":"https:\/\/portaltela.pt\/api\/wp\/v2\/media?parent=422997"}],"wp:term":[{"taxonomy":"category","embeddable":true,"href":"https:\/\/portaltela.pt\/api\/wp\/v2\/categories?post=422997"},{"taxonomy":"post_tag","embeddable":true,"href":"https:\/\/portaltela.pt\/api\/wp\/v2\/tags?post=422997"}],"curies":[{"name":"wp","href":"https:\/\/api.w.org\/{rel}","templated":true}]}}