{"id":422994,"date":"2026-03-26T18:45:00","date_gmt":"2026-03-26T21:45:00","guid":{"rendered":"https:\/\/portaltela.pt\/noticias\/2026\/03\/26\/jose-manuel-freitas-aponta-demora-no-caso-prestianni-uefa-nao-sabe-como-agir\/"},"modified":"2026-03-26T18:45:00","modified_gmt":"2026-03-26T21:45:00","slug":"jose-manuel-freitas-aponta-demora-no-caso-prestianni-uefa-nao-sabe-como-agir","status":"publish","type":"post","link":"https:\/\/portaltela.pt\/desporto\/futebol\/2026\/03\/26\/jose-manuel-freitas-aponta-demora-no-caso-prestianni-uefa-nao-sabe-como-agir\/","title":{"rendered":"Jos\u00e9 Manuel Freitas aponta demora no caso Prestianni; UEFA n\u00e3o sabe como agir"},"content":{"rendered":"<p>Jos\u00e9 Manuel Freitas, comentador do Now, mostrou surpresa com a demora da UEFA em apresentar uma posi\u00e7\u00e3o sobre o caso de racismo envolvendo Prestianni e Vin\u00edcius Jr. O jornalista refere que o organismo ainda n\u00e3o tem uma linha clara.<\/p>\n<p>Segundo Freitas, a aus\u00eancia de uma posi\u00e7\u00e3o p\u00fablica da UEFA gera incerteza sobre a leitura oficial do epis\u00f3dio e as medidas a partir da\u00ed. O coment\u00e1rio surge numa altura em que o tema volta a ganhar destaque no futebol europeu.<\/p>\n<p>O caso envolve os jogadores Prestianni, do Tottenham, e Vin\u00edcius Jr., do Real Madrid, com notas de racismo associadas durante jogos recentes. A demora da UEFA tem sido objeto de an\u00e1lise por parte de especialistas e da imprensa desportiva.<\/p>\n<p>A not\u00edcia foi recolhida pela reda\u00e7\u00e3o do Record, que acompanha o tema de perto e refere que a UEFA ainda n\u00e3o revelou datas nem crit\u00e9rios decis\u00f3rios para a situa\u00e7\u00e3o. O desfecho permanece sem confirma\u00e7\u00e3o p\u00fablica at\u00e9 ao momento.<\/p>\n<p>Fonte: Record.<\/p>\n","protected":false},"excerpt":{"rendered":"<ul>\n<li>Jos\u00e9 Manuel Freitas, comentador do Now, critica a demora da UEFA em tomar posi\u00e7\u00e3o no caso de racismo envolvendo Prestianni e Vin\u00edcius Jr.<\/li>\n<li>O comentarista mostra surpresa pela aus\u00eancia de posicionamento oficial da UEFA sobre o incidente.<\/li>\n<li>O caso envolve ataques racistas dirigidos aos jogadores em contexto de futebol internacional.<\/li>\n<li>Freitas sublinha a necessidade de a UEFA apresentar uma posi\u00e7\u00e3o clara e medidas definidas.<\/li>\n<li>A reportagem n\u00e3o inclui avalia\u00e7\u00f5es adicionais, apenas a rea\u00e7\u00e3o do comentador e o estado do processo.<\/li>\n<\/ul>\n","protected":false},"author":2,"featured_media":422996,"comment_status":"closed","ping_status":"closed","sticky":false,"template":"","format":"standard","meta":{"footnotes":""},"categories":[21,24],"tags":[6112,32,3338,3817,6032,2714],"class_list":["post-422994","post","type-post","status-publish","format-standard","has-post-thumbnail","hentry","category-desporto","category-futebol","tag-casos-internacionais","tag-futebol","tag-futebol-internacional","tag-prestianni","tag-racismo","tag-real-madrid"],"yoast_head":"<!-- This site is optimized with the Yoast SEO plugin v27.2 - https:\/\/yoast.com\/product\/yoast-seo-wordpress\/ -->\n<title>Jos\u00e9 Manuel Freitas aponta demora no caso Prestianni; UEFA n\u00e3o sabe como agir - Portal Tela Portugal<\/title>\n<meta name=\"robots\" content=\"index, follow, max-snippet:-1, max-image-preview:large, max-video-preview:-1\" \/>\n<meta property=\"og:locale\" content=\"pt_PT\" \/>\n<meta property=\"og:type\" content=\"article\" \/>\n<meta property=\"og:title\" content=\"Jos\u00e9 Manuel Freitas aponta demora no caso Prestianni; UEFA n\u00e3o sabe como agir - Portal Tela Portugal\" \/>\n<meta property=\"og:description\" content=\"Jos\u00e9 Manuel Freitas, comentador do Now, critica a demora da UEFA em tomar posi\u00e7\u00e3o no caso de racismo envolvendo Prestianni e Vin\u00edcius Jr. O comentarista mostra surpresa pela aus\u00eancia de posicionamento oficial da UEFA sobre o incidente. O caso envolve ataques racistas dirigidos aos jogadores em contexto de futebol internacional. Freitas sublinha a necessidade de a UEFA apresentar uma posi\u00e7\u00e3o clara e medidas definidas. A reportagem n\u00e3o inclui avalia\u00e7\u00f5es adicionais, apenas a rea\u00e7\u00e3o do comentador e o estado do processo.\" \/>\n<meta property=\"og:url\" content=\"https:\/\/portaltela.pt\/noticias\/2026\/03\/26\/jose-manuel-freitas-aponta-demora-no-caso-prestianni-uefa-nao-sabe-como-agir\/\" \/>\n<meta property=\"og:site_name\" content=\"Portal Tela Portugal\" \/>\n<meta property=\"article:published_time\" content=\"2026-03-26T21:45:00+00:00\" \/>\n<meta name=\"author\" content=\"Telinha\" \/>\n<meta name=\"twitter:card\" content=\"summary_large_image\" \/>\n<meta name=\"twitter:label1\" content=\"Escrito por\" \/>\n\t<meta name=\"twitter:data1\" content=\"Telinha\" \/>\n\t<meta name=\"twitter:label2\" content=\"Tempo estimado de leitura\" \/>\n\t<meta name=\"twitter:data2\" content=\"1 minuto\" \/>\n<script type=\"application\/ld+json\" class=\"yoast-schema-graph\">{\"@context\":\"https:\/\/schema.org\",\"@graph\":[{\"@type\":\"Article\",\"@id\":\"https:\/\/portaltela.pt\/noticias\/2026\/03\/26\/jose-manuel-freitas-aponta-demora-no-caso-prestianni-uefa-nao-sabe-como-agir\/#article\",\"isPartOf\":{\"@id\":\"https:\/\/portaltela.pt\/noticias\/2026\/03\/26\/jose-manuel-freitas-aponta-demora-no-caso-prestianni-uefa-nao-sabe-como-agir\/\"},\"author\":{\"name\":\"Telinha\",\"@id\":\"https:\/\/portaltela.pt\/#\/schema\/person\/c4278d4a6028830caff9ee44b42d32ed\"},\"headline\":\"Jos\u00e9 Manuel Freitas aponta demora no caso Prestianni; UEFA n\u00e3o sabe como agir\",\"datePublished\":\"2026-03-26T21:45:00+00:00\",\"mainEntityOfPage\":{\"@id\":\"https:\/\/portaltela.pt\/noticias\/2026\/03\/26\/jose-manuel-freitas-aponta-demora-no-caso-prestianni-uefa-nao-sabe-como-agir\/\"},\"wordCount\":190,\"image\":{\"@id\":\"https:\/\/portaltela.pt\/noticias\/2026\/03\/26\/jose-manuel-freitas-aponta-demora-no-caso-prestianni-uefa-nao-sabe-como-agir\/#primaryimage\"},\"thumbnailUrl\":\"https:\/\/portaltela.pt\/s.01k8rhncp4jt1\/2026\/03\/img_1200x721uu2026-03-26-21-02-20-2429573.jpg\",\"keywords\":[\"casos internacionais\",\"futebol\",\"futebol internacional\",\"Prestianni\",\"racismo\",\"Real Madrid\"],\"articleSection\":[\"Desporto\",\"Futebol\"],\"inLanguage\":\"pt-PT\"},{\"@type\":\"WebPage\",\"@id\":\"https:\/\/portaltela.pt\/noticias\/2026\/03\/26\/jose-manuel-freitas-aponta-demora-no-caso-prestianni-uefa-nao-sabe-como-agir\/\",\"url\":\"https:\/\/portaltela.pt\/noticias\/2026\/03\/26\/jose-manuel-freitas-aponta-demora-no-caso-prestianni-uefa-nao-sabe-como-agir\/\",\"name\":\"Jos\u00e9 Manuel Freitas aponta demora no caso Prestianni; UEFA n\u00e3o sabe como agir - Portal Tela Portugal\",\"isPartOf\":{\"@id\":\"https:\/\/portaltela.pt\/#website\"},\"primaryImageOfPage\":{\"@id\":\"https:\/\/portaltela.pt\/noticias\/2026\/03\/26\/jose-manuel-freitas-aponta-demora-no-caso-prestianni-uefa-nao-sabe-como-agir\/#primaryimage\"},\"image\":{\"@id\":\"https:\/\/portaltela.pt\/noticias\/2026\/03\/26\/jose-manuel-freitas-aponta-demora-no-caso-prestianni-uefa-nao-sabe-como-agir\/#primaryimage\"},\"thumbnailUrl\":\"https:\/\/portaltela.pt\/s.01k8rhncp4jt1\/2026\/03\/img_1200x721uu2026-03-26-21-02-20-2429573.jpg\",\"datePublished\":\"2026-03-26T21:45:00+00:00\",\"author\":{\"@id\":\"https:\/\/portaltela.pt\/#\/schema\/person\/c4278d4a6028830caff9ee44b42d32ed\"},\"breadcrumb\":{\"@id\":\"https:\/\/portaltela.pt\/noticias\/2026\/03\/26\/jose-manuel-freitas-aponta-demora-no-caso-prestianni-uefa-nao-sabe-como-agir\/#breadcrumb\"},\"inLanguage\":\"pt-PT\",\"potentialAction\":[{\"@type\":\"ReadAction\",\"target\":[\"https:\/\/portaltela.pt\/noticias\/2026\/03\/26\/jose-manuel-freitas-aponta-demora-no-caso-prestianni-uefa-nao-sabe-como-agir\/\"]}]},{\"@type\":\"ImageObject\",\"inLanguage\":\"pt-PT\",\"@id\":\"https:\/\/portaltela.pt\/noticias\/2026\/03\/26\/jose-manuel-freitas-aponta-demora-no-caso-prestianni-uefa-nao-sabe-como-agir\/#primaryimage\",\"url\":\"https:\/\/portaltela.pt\/s.01k8rhncp4jt1\/2026\/03\/img_1200x721uu2026-03-26-21-02-20-2429573.jpg\",\"contentUrl\":\"https:\/\/portaltela.pt\/s.01k8rhncp4jt1\/2026\/03\/img_1200x721uu2026-03-26-21-02-20-2429573.jpg\",\"width\":796,\"height\":448,\"caption\":\"Jos\u00e9 Manuel Freitas e a demora no caso Prestianni: \u00abA UEFA n\u00e3o sabe o que h\u00e1 de fazer\u00bb\"},{\"@type\":\"BreadcrumbList\",\"@id\":\"https:\/\/portaltela.pt\/noticias\/2026\/03\/26\/jose-manuel-freitas-aponta-demora-no-caso-prestianni-uefa-nao-sabe-como-agir\/#breadcrumb\",\"itemListElement\":[{\"@type\":\"ListItem\",\"position\":1,\"name\":\"In\u00edcio\",\"item\":\"https:\/\/portaltela.pt\/\"},{\"@type\":\"ListItem\",\"position\":2,\"name\":\"Jos\u00e9 Manuel Freitas aponta demora no caso Prestianni; UEFA n\u00e3o sabe como agir\"}]},{\"@type\":\"WebSite\",\"@id\":\"https:\/\/portaltela.pt\/#website\",\"url\":\"https:\/\/portaltela.pt\/\",\"name\":\"Portal Tela Portugal\",\"description\":\"\",\"potentialAction\":[{\"@type\":\"SearchAction\",\"target\":{\"@type\":\"EntryPoint\",\"urlTemplate\":\"https:\/\/portaltela.pt\/?s={search_term_string}\"},\"query-input\":{\"@type\":\"PropertyValueSpecification\",\"valueRequired\":true,\"valueName\":\"search_term_string\"}}],\"inLanguage\":\"pt-PT\"},{\"@type\":\"Person\",\"@id\":\"https:\/\/portaltela.pt\/#\/schema\/person\/c4278d4a6028830caff9ee44b42d32ed\",\"name\":\"Telinha\",\"image\":{\"@type\":\"ImageObject\",\"inLanguage\":\"pt-PT\",\"@id\":\"https:\/\/portaltela.pt\/s.01k8rhncp4jt1\/2025\/11\/talking-bot-125x125.png\",\"url\":\"https:\/\/portaltela.pt\/s.01k8rhncp4jt1\/2025\/11\/talking-bot-125x125.png\",\"contentUrl\":\"https:\/\/portaltela.pt\/s.01k8rhncp4jt1\/2025\/11\/talking-bot-125x125.png\",\"caption\":\"Telinha\"},\"sameAs\":[\"https:\/\/portaltela.pt\/\"],\"url\":\"https:\/\/portaltela.pt\/por\/367410592786\/\"}]}<\/script>\n<!-- \/ Yoast SEO plugin. -->","yoast_head_json":{"title":"Jos\u00e9 Manuel Freitas aponta demora no caso Prestianni; UEFA n\u00e3o sabe como agir - Portal Tela Portugal","robots":{"index":"index","follow":"follow","max-snippet":"max-snippet:-1","max-image-preview":"max-image-preview:large","max-video-preview":"max-video-preview:-1"},"og_locale":"pt_PT","og_type":"article","og_title":"Jos\u00e9 Manuel Freitas aponta demora no caso Prestianni; UEFA n\u00e3o sabe como agir - Portal Tela Portugal","og_description":"Jos\u00e9 Manuel Freitas, comentador do Now, critica a demora da UEFA em tomar posi\u00e7\u00e3o no caso de racismo envolvendo Prestianni e Vin\u00edcius Jr. O comentarista mostra surpresa pela aus\u00eancia de posicionamento oficial da UEFA sobre o incidente. O caso envolve ataques racistas dirigidos aos jogadores em contexto de futebol internacional. Freitas sublinha a necessidade de a UEFA apresentar uma posi\u00e7\u00e3o clara e medidas definidas. A reportagem n\u00e3o inclui avalia\u00e7\u00f5es adicionais, apenas a rea\u00e7\u00e3o do comentador e o estado do processo.","og_url":"https:\/\/portaltela.pt\/noticias\/2026\/03\/26\/jose-manuel-freitas-aponta-demora-no-caso-prestianni-uefa-nao-sabe-como-agir\/","og_site_name":"Portal Tela Portugal","article_published_time":"2026-03-26T21:45:00+00:00","author":"Telinha","twitter_card":"summary_large_image","twitter_misc":{"Escrito por":"Telinha","Tempo estimado de leitura":"1 minuto"},"schema":{"@context":"https:\/\/schema.org","@graph":[{"@type":"Article","@id":"https:\/\/portaltela.pt\/noticias\/2026\/03\/26\/jose-manuel-freitas-aponta-demora-no-caso-prestianni-uefa-nao-sabe-como-agir\/#article","isPartOf":{"@id":"https:\/\/portaltela.pt\/noticias\/2026\/03\/26\/jose-manuel-freitas-aponta-demora-no-caso-prestianni-uefa-nao-sabe-como-agir\/"},"author":{"name":"Telinha","@id":"https:\/\/portaltela.pt\/#\/schema\/person\/c4278d4a6028830caff9ee44b42d32ed"},"headline":"Jos\u00e9 Manuel Freitas aponta demora no caso Prestianni; UEFA n\u00e3o sabe como agir","datePublished":"2026-03-26T21:45:00+00:00","mainEntityOfPage":{"@id":"https:\/\/portaltela.pt\/noticias\/2026\/03\/26\/jose-manuel-freitas-aponta-demora-no-caso-prestianni-uefa-nao-sabe-como-agir\/"},"wordCount":190,"image":{"@id":"https:\/\/portaltela.pt\/noticias\/2026\/03\/26\/jose-manuel-freitas-aponta-demora-no-caso-prestianni-uefa-nao-sabe-como-agir\/#primaryimage"},"thumbnailUrl":"https:\/\/portaltela.pt\/s.01k8rhncp4jt1\/2026\/03\/img_1200x721uu2026-03-26-21-02-20-2429573.jpg","keywords":["casos internacionais","futebol","futebol internacional","Prestianni","racismo","Real Madrid"],"articleSection":["Desporto","Futebol"],"inLanguage":"pt-PT"},{"@type":"WebPage","@id":"https:\/\/portaltela.pt\/noticias\/2026\/03\/26\/jose-manuel-freitas-aponta-demora-no-caso-prestianni-uefa-nao-sabe-como-agir\/","url":"https:\/\/portaltela.pt\/noticias\/2026\/03\/26\/jose-manuel-freitas-aponta-demora-no-caso-prestianni-uefa-nao-sabe-como-agir\/","name":"Jos\u00e9 Manuel Freitas aponta demora no caso Prestianni; UEFA n\u00e3o sabe como agir - Portal Tela Portugal","isPartOf":{"@id":"https:\/\/portaltela.pt\/#website"},"primaryImageOfPage":{"@id":"https:\/\/portaltela.pt\/noticias\/2026\/03\/26\/jose-manuel-freitas-aponta-demora-no-caso-prestianni-uefa-nao-sabe-como-agir\/#primaryimage"},"image":{"@id":"https:\/\/portaltela.pt\/noticias\/2026\/03\/26\/jose-manuel-freitas-aponta-demora-no-caso-prestianni-uefa-nao-sabe-como-agir\/#primaryimage"},"thumbnailUrl":"https:\/\/portaltela.pt\/s.01k8rhncp4jt1\/2026\/03\/img_1200x721uu2026-03-26-21-02-20-2429573.jpg","datePublished":"2026-03-26T21:45:00+00:00","author":{"@id":"https:\/\/portaltela.pt\/#\/schema\/person\/c4278d4a6028830caff9ee44b42d32ed"},"breadcrumb":{"@id":"https:\/\/portaltela.pt\/noticias\/2026\/03\/26\/jose-manuel-freitas-aponta-demora-no-caso-prestianni-uefa-nao-sabe-como-agir\/#breadcrumb"},"inLanguage":"pt-PT","potentialAction":[{"@type":"ReadAction","target":["https:\/\/portaltela.pt\/noticias\/2026\/03\/26\/jose-manuel-freitas-aponta-demora-no-caso-prestianni-uefa-nao-sabe-como-agir\/"]}]},{"@type":"ImageObject","inLanguage":"pt-PT","@id":"https:\/\/portaltela.pt\/noticias\/2026\/03\/26\/jose-manuel-freitas-aponta-demora-no-caso-prestianni-uefa-nao-sabe-como-agir\/#primaryimage","url":"https:\/\/portaltela.pt\/s.01k8rhncp4jt1\/2026\/03\/img_1200x721uu2026-03-26-21-02-20-2429573.jpg","contentUrl":"https:\/\/portaltela.pt\/s.01k8rhncp4jt1\/2026\/03\/img_1200x721uu2026-03-26-21-02-20-2429573.jpg","width":796,"height":448,"caption":"Jos\u00e9 Manuel Freitas e a demora no caso Prestianni: \u00abA UEFA n\u00e3o sabe o que h\u00e1 de fazer\u00bb"},{"@type":"BreadcrumbList","@id":"https:\/\/portaltela.pt\/noticias\/2026\/03\/26\/jose-manuel-freitas-aponta-demora-no-caso-prestianni-uefa-nao-sabe-como-agir\/#breadcrumb","itemListElement":[{"@type":"ListItem","position":1,"name":"In\u00edcio","item":"https:\/\/portaltela.pt\/"},{"@type":"ListItem","position":2,"name":"Jos\u00e9 Manuel Freitas aponta demora no caso Prestianni; UEFA n\u00e3o sabe como agir"}]},{"@type":"WebSite","@id":"https:\/\/portaltela.pt\/#website","url":"https:\/\/portaltela.pt\/","name":"Portal Tela Portugal","description":"","potentialAction":[{"@type":"SearchAction","target":{"@type":"EntryPoint","urlTemplate":"https:\/\/portaltela.pt\/?s={search_term_string}"},"query-input":{"@type":"PropertyValueSpecification","valueRequired":true,"valueName":"search_term_string"}}],"inLanguage":"pt-PT"},{"@type":"Person","@id":"https:\/\/portaltela.pt\/#\/schema\/person\/c4278d4a6028830caff9ee44b42d32ed","name":"Telinha","image":{"@type":"ImageObject","inLanguage":"pt-PT","@id":"https:\/\/portaltela.pt\/s.01k8rhncp4jt1\/2025\/11\/talking-bot-125x125.png","url":"https:\/\/portaltela.pt\/s.01k8rhncp4jt1\/2025\/11\/talking-bot-125x125.png","contentUrl":"https:\/\/portaltela.pt\/s.01k8rhncp4jt1\/2025\/11\/talking-bot-125x125.png","caption":"Telinha"},"sameAs":["https:\/\/portaltela.pt\/"],"url":"https:\/\/portaltela.pt\/por\/367410592786\/"}]}},"_links":{"self":[{"href":"https:\/\/portaltela.pt\/api\/wp\/v2\/posts\/422994","targetHints":{"allow":["GET"]}}],"collection":[{"href":"https:\/\/portaltela.pt\/api\/wp\/v2\/posts"}],"about":[{"href":"https:\/\/portaltela.pt\/api\/wp\/v2\/types\/post"}],"author":[{"embeddable":true,"href":"https:\/\/portaltela.pt\/api\/wp\/v2\/users\/2"}],"replies":[{"embeddable":true,"href":"https:\/\/portaltela.pt\/api\/wp\/v2\/comments?post=422994"}],"version-history":[{"count":0,"href":"https:\/\/portaltela.pt\/api\/wp\/v2\/posts\/422994\/revisions"}],"wp:featuredmedia":[{"embeddable":true,"href":"https:\/\/portaltela.pt\/api\/wp\/v2\/media\/422996"}],"wp:attachment":[{"href":"https:\/\/portaltela.pt\/api\/wp\/v2\/media?parent=422994"}],"wp:term":[{"taxonomy":"category","embeddable":true,"href":"https:\/\/portaltela.pt\/api\/wp\/v2\/categories?post=422994"},{"taxonomy":"post_tag","embeddable":true,"href":"https:\/\/portaltela.pt\/api\/wp\/v2\/tags?post=422994"}],"curies":[{"name":"wp","href":"https:\/\/api.w.org\/{rel}","templated":true}]}}