{"id":422977,"date":"2026-03-26T18:21:00","date_gmt":"2026-03-26T21:21:00","guid":{"rendered":"https:\/\/portaltela.pt\/noticias\/2026\/03\/26\/hjulmand-ligado-ao-city-pinto-recorda-acordo-de-40m-entre-sporting-e-capitao\/"},"modified":"2026-03-26T18:21:00","modified_gmt":"2026-03-26T21:21:00","slug":"hjulmand-ligado-ao-city-pinto-recorda-acordo-de-40m-entre-sporting-e-capitao","status":"publish","type":"post","link":"https:\/\/portaltela.pt\/desporto\/futebol\/2026\/03\/26\/hjulmand-ligado-ao-city-pinto-recorda-acordo-de-40m-entre-sporting-e-capitao\/","title":{"rendered":"Hjulmand ligado ao City; Pinto recorda acordo de 40M entre Sporting e capit\u00e3o"},"content":{"rendered":"<p>Hjulmand \u00e9 apontado como alvo do Manchester City em relatos da imprensa inglesa. A not\u00edcia envolve Hugo Viana e a poss\u00edvel interven\u00e7\u00e3o do clube brit\u00e2nico no desenvolvimento do jogador.<\/p>\n<p>V\u00edtor Pinto, subdiretor do jornal Record, analisou o tema no programa Record na Hora, emitido no Now. O comentador relembrou uma mat\u00e9ria publicada pelo Record a 4 de fevereiro sobre o assunto.<\/p>\n<p>A discuss\u00e3o centra-se numa suposta negocia\u00e7\u00e3o ou pacto financeiro, de cerca de 40 milh\u00f5es de euros, envolvendo o Sporting e o capit\u00e3o referido. A narrativa sugere interesse do Manchester City no jogador.<\/p>\n<p>Segundo o especialista, h\u00e1 foco nos contactos entre clubes e no que poder\u00e1 representar a eventual transfer\u00eancia. O tema permanece no \u00e2mbito de rumores e an\u00e1lises de mercado.<\/p>\n<p>At\u00e9 ao momento, n\u00e3o h\u00e1 confirma\u00e7\u00e3o oficial de qualquer acordo entre as entidades envolvidas. A atualiza\u00e7\u00e3o do caso depende de informa\u00e7\u00f5es diretas dos clubes e dos agentes.<\/p>\n","protected":false},"excerpt":{"rendered":"<ul>\n<li>A imprensa inglesa aponta Hjulmand como alvo do Manchester City, segunda Hugo Viana.<\/li>\n<li>V\u00edtor Pinto, subdiretor do Record, tratou do tema no programa Record na Hora, no Now.<\/li>\n<li>O jornalista relembrou uma not\u00edcia publicada pelo Record a 4 de fevereiro sobre o assunto.<\/li>\n<li>O tema envolve um alegado pacto de 40 milh\u00f5es de euros entre o Sporting e o capit\u00e3o.<\/li>\n<li>A tem\u00e1tica foi apresentada como an\u00e1lise do debate j\u00e1 existente, sem novas informa\u00e7\u00f5es oficiais.<\/li>\n<\/ul>\n","protected":false},"author":2,"featured_media":422987,"comment_status":"closed","ping_status":"closed","sticky":false,"template":"","format":"standard","meta":{"footnotes":""},"categories":[21,24],"tags":[32,6014,4043,1652,2050,1633],"class_list":["post-422977","post","type-post","status-publish","format-standard","has-post-thumbnail","hentry","category-desporto","category-futebol","tag-futebol","tag-noticias-internacionais","tag-rumores-internacionais","tag-sporting","tag-transferencias","tag-transferencias-internacionais"],"yoast_head":"<!-- This site is optimized with the Yoast SEO plugin v27.2 - https:\/\/yoast.com\/product\/yoast-seo-wordpress\/ -->\n<title>Hjulmand ligado ao City; Pinto recorda acordo de 40M entre Sporting e capit\u00e3o - Portal Tela Portugal<\/title>\n<meta name=\"robots\" content=\"index, follow, max-snippet:-1, max-image-preview:large, max-video-preview:-1\" \/>\n<meta property=\"og:locale\" content=\"pt_PT\" \/>\n<meta property=\"og:type\" content=\"article\" \/>\n<meta property=\"og:title\" content=\"Hjulmand ligado ao City; Pinto recorda acordo de 40M entre Sporting e capit\u00e3o - Portal Tela Portugal\" \/>\n<meta property=\"og:description\" content=\"A imprensa inglesa aponta Hjulmand como alvo do Manchester City, segunda Hugo Viana. V\u00edtor Pinto, subdiretor do Record, tratou do tema no programa Record na Hora, no Now. O jornalista relembrou uma not\u00edcia publicada pelo Record a 4 de fevereiro sobre o assunto. O tema envolve um alegado pacto de 40 milh\u00f5es de euros entre o Sporting e o capit\u00e3o. A tem\u00e1tica foi apresentada como an\u00e1lise do debate j\u00e1 existente, sem novas informa\u00e7\u00f5es oficiais.\" \/>\n<meta property=\"og:url\" content=\"https:\/\/portaltela.pt\/noticias\/2026\/03\/26\/hjulmand-ligado-ao-city-pinto-recorda-acordo-de-40m-entre-sporting-e-capitao\/\" \/>\n<meta property=\"og:site_name\" content=\"Portal Tela Portugal\" \/>\n<meta property=\"article:published_time\" content=\"2026-03-26T21:21:00+00:00\" \/>\n<meta name=\"author\" content=\"Telinha\" \/>\n<meta name=\"twitter:card\" content=\"summary_large_image\" \/>\n<meta name=\"twitter:label1\" content=\"Escrito por\" \/>\n\t<meta name=\"twitter:data1\" content=\"Telinha\" \/>\n\t<meta name=\"twitter:label2\" content=\"Tempo estimado de leitura\" \/>\n\t<meta name=\"twitter:data2\" content=\"1 minuto\" \/>\n<script type=\"application\/ld+json\" class=\"yoast-schema-graph\">{\"@context\":\"https:\/\/schema.org\",\"@graph\":[{\"@type\":\"Article\",\"@id\":\"https:\/\/portaltela.pt\/noticias\/2026\/03\/26\/hjulmand-ligado-ao-city-pinto-recorda-acordo-de-40m-entre-sporting-e-capitao\/#article\",\"isPartOf\":{\"@id\":\"https:\/\/portaltela.pt\/noticias\/2026\/03\/26\/hjulmand-ligado-ao-city-pinto-recorda-acordo-de-40m-entre-sporting-e-capitao\/\"},\"author\":{\"name\":\"Telinha\",\"@id\":\"https:\/\/portaltela.pt\/#\/schema\/person\/c4278d4a6028830caff9ee44b42d32ed\"},\"headline\":\"Hjulmand ligado ao City; Pinto recorda acordo de 40M entre Sporting e capit\u00e3o\",\"datePublished\":\"2026-03-26T21:21:00+00:00\",\"mainEntityOfPage\":{\"@id\":\"https:\/\/portaltela.pt\/noticias\/2026\/03\/26\/hjulmand-ligado-ao-city-pinto-recorda-acordo-de-40m-entre-sporting-e-capitao\/\"},\"wordCount\":175,\"image\":{\"@id\":\"https:\/\/portaltela.pt\/noticias\/2026\/03\/26\/hjulmand-ligado-ao-city-pinto-recorda-acordo-de-40m-entre-sporting-e-capitao\/#primaryimage\"},\"thumbnailUrl\":\"https:\/\/portaltela.pt\/s.01k8rhncp4jt1\/2026\/03\/img_1200x721uu2026-03-26-21-15-37-2429576.jpg\",\"keywords\":[\"futebol\",\"not\u00edcias internacionais\",\"rumores internacionais\",\"Sporting\",\"transfer\u00eancias\",\"transfer\u00eancias internacionais\"],\"articleSection\":[\"Desporto\",\"Futebol\"],\"inLanguage\":\"pt-PT\"},{\"@type\":\"WebPage\",\"@id\":\"https:\/\/portaltela.pt\/noticias\/2026\/03\/26\/hjulmand-ligado-ao-city-pinto-recorda-acordo-de-40m-entre-sporting-e-capitao\/\",\"url\":\"https:\/\/portaltela.pt\/noticias\/2026\/03\/26\/hjulmand-ligado-ao-city-pinto-recorda-acordo-de-40m-entre-sporting-e-capitao\/\",\"name\":\"Hjulmand ligado ao City; Pinto recorda acordo de 40M entre Sporting e capit\u00e3o - Portal Tela Portugal\",\"isPartOf\":{\"@id\":\"https:\/\/portaltela.pt\/#website\"},\"primaryImageOfPage\":{\"@id\":\"https:\/\/portaltela.pt\/noticias\/2026\/03\/26\/hjulmand-ligado-ao-city-pinto-recorda-acordo-de-40m-entre-sporting-e-capitao\/#primaryimage\"},\"image\":{\"@id\":\"https:\/\/portaltela.pt\/noticias\/2026\/03\/26\/hjulmand-ligado-ao-city-pinto-recorda-acordo-de-40m-entre-sporting-e-capitao\/#primaryimage\"},\"thumbnailUrl\":\"https:\/\/portaltela.pt\/s.01k8rhncp4jt1\/2026\/03\/img_1200x721uu2026-03-26-21-15-37-2429576.jpg\",\"datePublished\":\"2026-03-26T21:21:00+00:00\",\"author\":{\"@id\":\"https:\/\/portaltela.pt\/#\/schema\/person\/c4278d4a6028830caff9ee44b42d32ed\"},\"breadcrumb\":{\"@id\":\"https:\/\/portaltela.pt\/noticias\/2026\/03\/26\/hjulmand-ligado-ao-city-pinto-recorda-acordo-de-40m-entre-sporting-e-capitao\/#breadcrumb\"},\"inLanguage\":\"pt-PT\",\"potentialAction\":[{\"@type\":\"ReadAction\",\"target\":[\"https:\/\/portaltela.pt\/noticias\/2026\/03\/26\/hjulmand-ligado-ao-city-pinto-recorda-acordo-de-40m-entre-sporting-e-capitao\/\"]}]},{\"@type\":\"ImageObject\",\"inLanguage\":\"pt-PT\",\"@id\":\"https:\/\/portaltela.pt\/noticias\/2026\/03\/26\/hjulmand-ligado-ao-city-pinto-recorda-acordo-de-40m-entre-sporting-e-capitao\/#primaryimage\",\"url\":\"https:\/\/portaltela.pt\/s.01k8rhncp4jt1\/2026\/03\/img_1200x721uu2026-03-26-21-15-37-2429576.jpg\",\"contentUrl\":\"https:\/\/portaltela.pt\/s.01k8rhncp4jt1\/2026\/03\/img_1200x721uu2026-03-26-21-15-37-2429576.jpg\",\"width\":1200,\"height\":721,\"caption\":\"Hjulmand associado ao Manchester City: V\u00edtor Pinto recorda pacto de 40 milh\u00f5es entre Sporting e o capit\u00e3o\"},{\"@type\":\"BreadcrumbList\",\"@id\":\"https:\/\/portaltela.pt\/noticias\/2026\/03\/26\/hjulmand-ligado-ao-city-pinto-recorda-acordo-de-40m-entre-sporting-e-capitao\/#breadcrumb\",\"itemListElement\":[{\"@type\":\"ListItem\",\"position\":1,\"name\":\"In\u00edcio\",\"item\":\"https:\/\/portaltela.pt\/\"},{\"@type\":\"ListItem\",\"position\":2,\"name\":\"Hjulmand ligado ao City; Pinto recorda acordo de 40M entre Sporting e capit\u00e3o\"}]},{\"@type\":\"WebSite\",\"@id\":\"https:\/\/portaltela.pt\/#website\",\"url\":\"https:\/\/portaltela.pt\/\",\"name\":\"Portal Tela Portugal\",\"description\":\"\",\"potentialAction\":[{\"@type\":\"SearchAction\",\"target\":{\"@type\":\"EntryPoint\",\"urlTemplate\":\"https:\/\/portaltela.pt\/?s={search_term_string}\"},\"query-input\":{\"@type\":\"PropertyValueSpecification\",\"valueRequired\":true,\"valueName\":\"search_term_string\"}}],\"inLanguage\":\"pt-PT\"},{\"@type\":\"Person\",\"@id\":\"https:\/\/portaltela.pt\/#\/schema\/person\/c4278d4a6028830caff9ee44b42d32ed\",\"name\":\"Telinha\",\"image\":{\"@type\":\"ImageObject\",\"inLanguage\":\"pt-PT\",\"@id\":\"https:\/\/portaltela.pt\/s.01k8rhncp4jt1\/2025\/11\/talking-bot-125x125.png\",\"url\":\"https:\/\/portaltela.pt\/s.01k8rhncp4jt1\/2025\/11\/talking-bot-125x125.png\",\"contentUrl\":\"https:\/\/portaltela.pt\/s.01k8rhncp4jt1\/2025\/11\/talking-bot-125x125.png\",\"caption\":\"Telinha\"},\"sameAs\":[\"https:\/\/portaltela.pt\/\"],\"url\":\"https:\/\/portaltela.pt\/por\/367410592786\/\"}]}<\/script>\n<!-- \/ Yoast SEO plugin. -->","yoast_head_json":{"title":"Hjulmand ligado ao City; Pinto recorda acordo de 40M entre Sporting e capit\u00e3o - Portal Tela Portugal","robots":{"index":"index","follow":"follow","max-snippet":"max-snippet:-1","max-image-preview":"max-image-preview:large","max-video-preview":"max-video-preview:-1"},"og_locale":"pt_PT","og_type":"article","og_title":"Hjulmand ligado ao City; Pinto recorda acordo de 40M entre Sporting e capit\u00e3o - Portal Tela Portugal","og_description":"A imprensa inglesa aponta Hjulmand como alvo do Manchester City, segunda Hugo Viana. V\u00edtor Pinto, subdiretor do Record, tratou do tema no programa Record na Hora, no Now. O jornalista relembrou uma not\u00edcia publicada pelo Record a 4 de fevereiro sobre o assunto. O tema envolve um alegado pacto de 40 milh\u00f5es de euros entre o Sporting e o capit\u00e3o. A tem\u00e1tica foi apresentada como an\u00e1lise do debate j\u00e1 existente, sem novas informa\u00e7\u00f5es oficiais.","og_url":"https:\/\/portaltela.pt\/noticias\/2026\/03\/26\/hjulmand-ligado-ao-city-pinto-recorda-acordo-de-40m-entre-sporting-e-capitao\/","og_site_name":"Portal Tela Portugal","article_published_time":"2026-03-26T21:21:00+00:00","author":"Telinha","twitter_card":"summary_large_image","twitter_misc":{"Escrito por":"Telinha","Tempo estimado de leitura":"1 minuto"},"schema":{"@context":"https:\/\/schema.org","@graph":[{"@type":"Article","@id":"https:\/\/portaltela.pt\/noticias\/2026\/03\/26\/hjulmand-ligado-ao-city-pinto-recorda-acordo-de-40m-entre-sporting-e-capitao\/#article","isPartOf":{"@id":"https:\/\/portaltela.pt\/noticias\/2026\/03\/26\/hjulmand-ligado-ao-city-pinto-recorda-acordo-de-40m-entre-sporting-e-capitao\/"},"author":{"name":"Telinha","@id":"https:\/\/portaltela.pt\/#\/schema\/person\/c4278d4a6028830caff9ee44b42d32ed"},"headline":"Hjulmand ligado ao City; Pinto recorda acordo de 40M entre Sporting e capit\u00e3o","datePublished":"2026-03-26T21:21:00+00:00","mainEntityOfPage":{"@id":"https:\/\/portaltela.pt\/noticias\/2026\/03\/26\/hjulmand-ligado-ao-city-pinto-recorda-acordo-de-40m-entre-sporting-e-capitao\/"},"wordCount":175,"image":{"@id":"https:\/\/portaltela.pt\/noticias\/2026\/03\/26\/hjulmand-ligado-ao-city-pinto-recorda-acordo-de-40m-entre-sporting-e-capitao\/#primaryimage"},"thumbnailUrl":"https:\/\/portaltela.pt\/s.01k8rhncp4jt1\/2026\/03\/img_1200x721uu2026-03-26-21-15-37-2429576.jpg","keywords":["futebol","not\u00edcias internacionais","rumores internacionais","Sporting","transfer\u00eancias","transfer\u00eancias internacionais"],"articleSection":["Desporto","Futebol"],"inLanguage":"pt-PT"},{"@type":"WebPage","@id":"https:\/\/portaltela.pt\/noticias\/2026\/03\/26\/hjulmand-ligado-ao-city-pinto-recorda-acordo-de-40m-entre-sporting-e-capitao\/","url":"https:\/\/portaltela.pt\/noticias\/2026\/03\/26\/hjulmand-ligado-ao-city-pinto-recorda-acordo-de-40m-entre-sporting-e-capitao\/","name":"Hjulmand ligado ao City; Pinto recorda acordo de 40M entre Sporting e capit\u00e3o - Portal Tela Portugal","isPartOf":{"@id":"https:\/\/portaltela.pt\/#website"},"primaryImageOfPage":{"@id":"https:\/\/portaltela.pt\/noticias\/2026\/03\/26\/hjulmand-ligado-ao-city-pinto-recorda-acordo-de-40m-entre-sporting-e-capitao\/#primaryimage"},"image":{"@id":"https:\/\/portaltela.pt\/noticias\/2026\/03\/26\/hjulmand-ligado-ao-city-pinto-recorda-acordo-de-40m-entre-sporting-e-capitao\/#primaryimage"},"thumbnailUrl":"https:\/\/portaltela.pt\/s.01k8rhncp4jt1\/2026\/03\/img_1200x721uu2026-03-26-21-15-37-2429576.jpg","datePublished":"2026-03-26T21:21:00+00:00","author":{"@id":"https:\/\/portaltela.pt\/#\/schema\/person\/c4278d4a6028830caff9ee44b42d32ed"},"breadcrumb":{"@id":"https:\/\/portaltela.pt\/noticias\/2026\/03\/26\/hjulmand-ligado-ao-city-pinto-recorda-acordo-de-40m-entre-sporting-e-capitao\/#breadcrumb"},"inLanguage":"pt-PT","potentialAction":[{"@type":"ReadAction","target":["https:\/\/portaltela.pt\/noticias\/2026\/03\/26\/hjulmand-ligado-ao-city-pinto-recorda-acordo-de-40m-entre-sporting-e-capitao\/"]}]},{"@type":"ImageObject","inLanguage":"pt-PT","@id":"https:\/\/portaltela.pt\/noticias\/2026\/03\/26\/hjulmand-ligado-ao-city-pinto-recorda-acordo-de-40m-entre-sporting-e-capitao\/#primaryimage","url":"https:\/\/portaltela.pt\/s.01k8rhncp4jt1\/2026\/03\/img_1200x721uu2026-03-26-21-15-37-2429576.jpg","contentUrl":"https:\/\/portaltela.pt\/s.01k8rhncp4jt1\/2026\/03\/img_1200x721uu2026-03-26-21-15-37-2429576.jpg","width":1200,"height":721,"caption":"Hjulmand associado ao Manchester City: V\u00edtor Pinto recorda pacto de 40 milh\u00f5es entre Sporting e o capit\u00e3o"},{"@type":"BreadcrumbList","@id":"https:\/\/portaltela.pt\/noticias\/2026\/03\/26\/hjulmand-ligado-ao-city-pinto-recorda-acordo-de-40m-entre-sporting-e-capitao\/#breadcrumb","itemListElement":[{"@type":"ListItem","position":1,"name":"In\u00edcio","item":"https:\/\/portaltela.pt\/"},{"@type":"ListItem","position":2,"name":"Hjulmand ligado ao City; Pinto recorda acordo de 40M entre Sporting e capit\u00e3o"}]},{"@type":"WebSite","@id":"https:\/\/portaltela.pt\/#website","url":"https:\/\/portaltela.pt\/","name":"Portal Tela Portugal","description":"","potentialAction":[{"@type":"SearchAction","target":{"@type":"EntryPoint","urlTemplate":"https:\/\/portaltela.pt\/?s={search_term_string}"},"query-input":{"@type":"PropertyValueSpecification","valueRequired":true,"valueName":"search_term_string"}}],"inLanguage":"pt-PT"},{"@type":"Person","@id":"https:\/\/portaltela.pt\/#\/schema\/person\/c4278d4a6028830caff9ee44b42d32ed","name":"Telinha","image":{"@type":"ImageObject","inLanguage":"pt-PT","@id":"https:\/\/portaltela.pt\/s.01k8rhncp4jt1\/2025\/11\/talking-bot-125x125.png","url":"https:\/\/portaltela.pt\/s.01k8rhncp4jt1\/2025\/11\/talking-bot-125x125.png","contentUrl":"https:\/\/portaltela.pt\/s.01k8rhncp4jt1\/2025\/11\/talking-bot-125x125.png","caption":"Telinha"},"sameAs":["https:\/\/portaltela.pt\/"],"url":"https:\/\/portaltela.pt\/por\/367410592786\/"}]}},"_links":{"self":[{"href":"https:\/\/portaltela.pt\/api\/wp\/v2\/posts\/422977","targetHints":{"allow":["GET"]}}],"collection":[{"href":"https:\/\/portaltela.pt\/api\/wp\/v2\/posts"}],"about":[{"href":"https:\/\/portaltela.pt\/api\/wp\/v2\/types\/post"}],"author":[{"embeddable":true,"href":"https:\/\/portaltela.pt\/api\/wp\/v2\/users\/2"}],"replies":[{"embeddable":true,"href":"https:\/\/portaltela.pt\/api\/wp\/v2\/comments?post=422977"}],"version-history":[{"count":0,"href":"https:\/\/portaltela.pt\/api\/wp\/v2\/posts\/422977\/revisions"}],"wp:featuredmedia":[{"embeddable":true,"href":"https:\/\/portaltela.pt\/api\/wp\/v2\/media\/422987"}],"wp:attachment":[{"href":"https:\/\/portaltela.pt\/api\/wp\/v2\/media?parent=422977"}],"wp:term":[{"taxonomy":"category","embeddable":true,"href":"https:\/\/portaltela.pt\/api\/wp\/v2\/categories?post=422977"},{"taxonomy":"post_tag","embeddable":true,"href":"https:\/\/portaltela.pt\/api\/wp\/v2\/tags?post=422977"}],"curies":[{"name":"wp","href":"https:\/\/api.w.org\/{rel}","templated":true}]}}