{"id":422975,"date":"2026-03-26T18:27:00","date_gmt":"2026-03-26T21:27:00","guid":{"rendered":"https:\/\/portaltela.pt\/noticias\/2026\/03\/26\/maria-julia-recorda-passagem-da-tempestade-kristin-por-leiria\/"},"modified":"2026-03-26T18:27:00","modified_gmt":"2026-03-26T21:27:00","slug":"maria-julia-recorda-passagem-da-tempestade-kristin-por-leiria","status":"publish","type":"post","link":"https:\/\/portaltela.pt\/tempo\/2026\/03\/26\/maria-julia-recorda-passagem-da-tempestade-kristin-por-leiria\/","title":{"rendered":"Maria J\u00falia recorda passagem da tempestade Kristin por Leiria"},"content":{"rendered":"<p>Foi uma noite horrorosa para Leiria, descrita pela jornalista Maria J\u00falia, da CMTV, durante a passagem da tempestade Kristin. O epis\u00f3dio, registado no \u00e2mbito do Investiga\u00e7\u00e3o CM de 26 de mar\u00e7o de 2026, deixou danos relevantes na cidade.<\/p>\n<p>A tempestade trouxe ventos fortes e chuva intensa, que derrubaram \u00e1rvores, destru\u00edram telhados e causaram inunda\u00e7\u00f5es. Embora o fen\u00f3meno tenha sido r\u00e1pido, o impacto prolonga-se na vida quotidiana da popula\u00e7\u00e3o.<\/p>\n<p>A jornalista destacou a resposta r\u00e1pida das autoridades e a solidariedade entre moradores. Numerosas pessoas uniram esfor\u00e7os para apoiar quem ficou sem casa ou perten\u00e7as, enquanto se monitorizam as consequ\u00eancias a m\u00e9dio prazo.<\/p>\n<p>Kristin foi uma das tempestades mais intensas a afetar a regi\u00e3o nos \u00faltimos anos, deixando um rasto de destrui\u00e7\u00e3o e a necessidade de apoio cont\u00ednuo \u00e0s fam\u00edlias afetadas.<\/p>\n<h3>A recupera\u00e7\u00e3o de Leiria<\/h3>\n<p>Leiria avan\u00e7a com obras de reconstru\u00e7\u00e3o e apoio \u00e0s fam\u00edlias afetadas. O munic\u00edpio mant\u00e9m planos para retomar a normalidade e fortalecer a resili\u00eancia frente a futuras adversidades.<\/p>\n<p>As autoridades continuam a acompanhar a evolu\u00e7\u00e3o da recupera\u00e7\u00e3o, com interven\u00e7\u00f5es em infraestruturas p\u00fablicas, vias de acesso e servi\u00e7os essenciais. A comunidade permanece mobilizada para reconstruir o que foi destru\u00eddo.<\/p>\n","protected":false},"excerpt":{"rendered":"<ul>\n<li>Maria J\u00falia, jornalista da CMTV, recorda a passagem da tempestade Kristin por Leiria, descrevendo-a como uma noite horrorosa.<\/li>\n<li>O vento forte e a chuva intensa provocaram danos significativos na cidade, com \u00e1rvores derrubadas, telhados destru\u00eddos e ruas inundadas.<\/li>\n<li>A tempestade demorou pouco, mas deixou impacto duradouro na comunidade, que continua a reconstruir.<\/li>\n<li>Houve uni\u00e3o entre autoridades e habitantes, com esfor\u00e7o coletivo para enfrentar os momentos dif\u00edceis.<\/li>\n<li>Leiria est\u00e1 a recuperar, com obras de reconstru\u00e7\u00e3o e apoio \u00e0s fam\u00edlias afetadas, preparando-se para futuras adversidades.<\/li>\n<\/ul>\n","protected":false},"author":2,"featured_media":422984,"comment_status":"closed","ping_status":"closed","sticky":false,"template":"","format":"standard","meta":{"footnotes":""},"categories":[7380,7365],"tags":[4818,5215,2293,215,1385,5031],"class_list":["post-422975","post","type-post","status-publish","format-standard","has-post-thumbnail","hentry","category-clima","category-tempo","tag-apoio-as-catastrofes-naturais","tag-catastrofes-naturais","tag-inundacoes","tag-investigacao","tag-leiria","tag-reconstrucao-urbana"],"yoast_head":"<!-- This site is optimized with the Yoast SEO plugin v27.2 - https:\/\/yoast.com\/product\/yoast-seo-wordpress\/ -->\n<title>Maria J\u00falia recorda passagem da tempestade Kristin por Leiria - Portal Tela Portugal<\/title>\n<meta name=\"robots\" content=\"index, follow, max-snippet:-1, max-image-preview:large, max-video-preview:-1\" \/>\n<meta property=\"og:locale\" content=\"pt_PT\" \/>\n<meta property=\"og:type\" content=\"article\" \/>\n<meta property=\"og:title\" content=\"Maria J\u00falia recorda passagem da tempestade Kristin por Leiria - Portal Tela Portugal\" \/>\n<meta property=\"og:description\" content=\"Maria J\u00falia, jornalista da CMTV, recorda a passagem da tempestade Kristin por Leiria, descrevendo-a como uma noite horrorosa. O vento forte e a chuva intensa provocaram danos significativos na cidade, com \u00e1rvores derrubadas, telhados destru\u00eddos e ruas inundadas. A tempestade demorou pouco, mas deixou impacto duradouro na comunidade, que continua a reconstruir. Houve uni\u00e3o entre autoridades e habitantes, com esfor\u00e7o coletivo para enfrentar os momentos dif\u00edceis. Leiria est\u00e1 a recuperar, com obras de reconstru\u00e7\u00e3o e apoio \u00e0s fam\u00edlias afetadas, preparando-se para futuras adversidades.\" \/>\n<meta property=\"og:url\" content=\"https:\/\/portaltela.pt\/noticias\/2026\/03\/26\/maria-julia-recorda-passagem-da-tempestade-kristin-por-leiria\/\" \/>\n<meta property=\"og:site_name\" content=\"Portal Tela Portugal\" \/>\n<meta property=\"article:published_time\" content=\"2026-03-26T21:27:00+00:00\" \/>\n<meta name=\"author\" content=\"Telinha\" \/>\n<meta name=\"twitter:card\" content=\"summary_large_image\" \/>\n<meta name=\"twitter:label1\" content=\"Escrito por\" \/>\n\t<meta name=\"twitter:data1\" content=\"Telinha\" \/>\n\t<meta name=\"twitter:label2\" content=\"Tempo estimado de leitura\" \/>\n\t<meta name=\"twitter:data2\" content=\"1 minuto\" \/>\n<script type=\"application\/ld+json\" class=\"yoast-schema-graph\">{\"@context\":\"https:\/\/schema.org\",\"@graph\":[{\"@type\":\"Article\",\"@id\":\"https:\/\/portaltela.pt\/noticias\/2026\/03\/26\/maria-julia-recorda-passagem-da-tempestade-kristin-por-leiria\/#article\",\"isPartOf\":{\"@id\":\"https:\/\/portaltela.pt\/noticias\/2026\/03\/26\/maria-julia-recorda-passagem-da-tempestade-kristin-por-leiria\/\"},\"author\":{\"name\":\"Telinha\",\"@id\":\"https:\/\/portaltela.pt\/#\/schema\/person\/c4278d4a6028830caff9ee44b42d32ed\"},\"headline\":\"Maria J\u00falia recorda passagem da tempestade Kristin por Leiria\",\"datePublished\":\"2026-03-26T21:27:00+00:00\",\"mainEntityOfPage\":{\"@id\":\"https:\/\/portaltela.pt\/noticias\/2026\/03\/26\/maria-julia-recorda-passagem-da-tempestade-kristin-por-leiria\/\"},\"wordCount\":229,\"image\":{\"@id\":\"https:\/\/portaltela.pt\/noticias\/2026\/03\/26\/maria-julia-recorda-passagem-da-tempestade-kristin-por-leiria\/#primaryimage\"},\"thumbnailUrl\":\"https:\/\/portaltela.pt\/s.01k8rhncp4jt1\/2026\/03\/img_1280x722uu2026-03-26-19-06-44-2274967.jpg\",\"keywords\":[\"Apoio \u00e0s Cat\u00e1strofes Naturais\",\"cat\u00e1strofes naturais\",\"inunda\u00e7\u00f5es\",\"investiga\u00e7\u00e3o\",\"Leiria\",\"reconstru\u00e7\u00e3o urbana\"],\"articleSection\":[\"Clima\",\"Tempo\"],\"inLanguage\":\"pt-PT\"},{\"@type\":\"WebPage\",\"@id\":\"https:\/\/portaltela.pt\/noticias\/2026\/03\/26\/maria-julia-recorda-passagem-da-tempestade-kristin-por-leiria\/\",\"url\":\"https:\/\/portaltela.pt\/noticias\/2026\/03\/26\/maria-julia-recorda-passagem-da-tempestade-kristin-por-leiria\/\",\"name\":\"Maria J\u00falia recorda passagem da tempestade Kristin por Leiria - Portal Tela Portugal\",\"isPartOf\":{\"@id\":\"https:\/\/portaltela.pt\/#website\"},\"primaryImageOfPage\":{\"@id\":\"https:\/\/portaltela.pt\/noticias\/2026\/03\/26\/maria-julia-recorda-passagem-da-tempestade-kristin-por-leiria\/#primaryimage\"},\"image\":{\"@id\":\"https:\/\/portaltela.pt\/noticias\/2026\/03\/26\/maria-julia-recorda-passagem-da-tempestade-kristin-por-leiria\/#primaryimage\"},\"thumbnailUrl\":\"https:\/\/portaltela.pt\/s.01k8rhncp4jt1\/2026\/03\/img_1280x722uu2026-03-26-19-06-44-2274967.jpg\",\"datePublished\":\"2026-03-26T21:27:00+00:00\",\"author\":{\"@id\":\"https:\/\/portaltela.pt\/#\/schema\/person\/c4278d4a6028830caff9ee44b42d32ed\"},\"breadcrumb\":{\"@id\":\"https:\/\/portaltela.pt\/noticias\/2026\/03\/26\/maria-julia-recorda-passagem-da-tempestade-kristin-por-leiria\/#breadcrumb\"},\"inLanguage\":\"pt-PT\",\"potentialAction\":[{\"@type\":\"ReadAction\",\"target\":[\"https:\/\/portaltela.pt\/noticias\/2026\/03\/26\/maria-julia-recorda-passagem-da-tempestade-kristin-por-leiria\/\"]}]},{\"@type\":\"ImageObject\",\"inLanguage\":\"pt-PT\",\"@id\":\"https:\/\/portaltela.pt\/noticias\/2026\/03\/26\/maria-julia-recorda-passagem-da-tempestade-kristin-por-leiria\/#primaryimage\",\"url\":\"https:\/\/portaltela.pt\/s.01k8rhncp4jt1\/2026\/03\/img_1280x722uu2026-03-26-19-06-44-2274967.jpg\",\"contentUrl\":\"https:\/\/portaltela.pt\/s.01k8rhncp4jt1\/2026\/03\/img_1280x722uu2026-03-26-19-06-44-2274967.jpg\",\"width\":796,\"height\":448,\"caption\":\"Maria J\u00falia recorda a noite da tempestade Kristin\"},{\"@type\":\"BreadcrumbList\",\"@id\":\"https:\/\/portaltela.pt\/noticias\/2026\/03\/26\/maria-julia-recorda-passagem-da-tempestade-kristin-por-leiria\/#breadcrumb\",\"itemListElement\":[{\"@type\":\"ListItem\",\"position\":1,\"name\":\"In\u00edcio\",\"item\":\"https:\/\/portaltela.pt\/\"},{\"@type\":\"ListItem\",\"position\":2,\"name\":\"Maria J\u00falia recorda passagem da tempestade Kristin por Leiria\"}]},{\"@type\":\"WebSite\",\"@id\":\"https:\/\/portaltela.pt\/#website\",\"url\":\"https:\/\/portaltela.pt\/\",\"name\":\"Portal Tela Portugal\",\"description\":\"\",\"potentialAction\":[{\"@type\":\"SearchAction\",\"target\":{\"@type\":\"EntryPoint\",\"urlTemplate\":\"https:\/\/portaltela.pt\/?s={search_term_string}\"},\"query-input\":{\"@type\":\"PropertyValueSpecification\",\"valueRequired\":true,\"valueName\":\"search_term_string\"}}],\"inLanguage\":\"pt-PT\"},{\"@type\":\"Person\",\"@id\":\"https:\/\/portaltela.pt\/#\/schema\/person\/c4278d4a6028830caff9ee44b42d32ed\",\"name\":\"Telinha\",\"image\":{\"@type\":\"ImageObject\",\"inLanguage\":\"pt-PT\",\"@id\":\"https:\/\/portaltela.pt\/s.01k8rhncp4jt1\/2025\/11\/talking-bot-125x125.png\",\"url\":\"https:\/\/portaltela.pt\/s.01k8rhncp4jt1\/2025\/11\/talking-bot-125x125.png\",\"contentUrl\":\"https:\/\/portaltela.pt\/s.01k8rhncp4jt1\/2025\/11\/talking-bot-125x125.png\",\"caption\":\"Telinha\"},\"sameAs\":[\"https:\/\/portaltela.pt\/\"],\"url\":\"https:\/\/portaltela.pt\/por\/367410592786\/\"}]}<\/script>\n<!-- \/ Yoast SEO plugin. -->","yoast_head_json":{"title":"Maria J\u00falia recorda passagem da tempestade Kristin por Leiria - Portal Tela Portugal","robots":{"index":"index","follow":"follow","max-snippet":"max-snippet:-1","max-image-preview":"max-image-preview:large","max-video-preview":"max-video-preview:-1"},"og_locale":"pt_PT","og_type":"article","og_title":"Maria J\u00falia recorda passagem da tempestade Kristin por Leiria - Portal Tela Portugal","og_description":"Maria J\u00falia, jornalista da CMTV, recorda a passagem da tempestade Kristin por Leiria, descrevendo-a como uma noite horrorosa. O vento forte e a chuva intensa provocaram danos significativos na cidade, com \u00e1rvores derrubadas, telhados destru\u00eddos e ruas inundadas. A tempestade demorou pouco, mas deixou impacto duradouro na comunidade, que continua a reconstruir. Houve uni\u00e3o entre autoridades e habitantes, com esfor\u00e7o coletivo para enfrentar os momentos dif\u00edceis. Leiria est\u00e1 a recuperar, com obras de reconstru\u00e7\u00e3o e apoio \u00e0s fam\u00edlias afetadas, preparando-se para futuras adversidades.","og_url":"https:\/\/portaltela.pt\/noticias\/2026\/03\/26\/maria-julia-recorda-passagem-da-tempestade-kristin-por-leiria\/","og_site_name":"Portal Tela Portugal","article_published_time":"2026-03-26T21:27:00+00:00","author":"Telinha","twitter_card":"summary_large_image","twitter_misc":{"Escrito por":"Telinha","Tempo estimado de leitura":"1 minuto"},"schema":{"@context":"https:\/\/schema.org","@graph":[{"@type":"Article","@id":"https:\/\/portaltela.pt\/noticias\/2026\/03\/26\/maria-julia-recorda-passagem-da-tempestade-kristin-por-leiria\/#article","isPartOf":{"@id":"https:\/\/portaltela.pt\/noticias\/2026\/03\/26\/maria-julia-recorda-passagem-da-tempestade-kristin-por-leiria\/"},"author":{"name":"Telinha","@id":"https:\/\/portaltela.pt\/#\/schema\/person\/c4278d4a6028830caff9ee44b42d32ed"},"headline":"Maria J\u00falia recorda passagem da tempestade Kristin por Leiria","datePublished":"2026-03-26T21:27:00+00:00","mainEntityOfPage":{"@id":"https:\/\/portaltela.pt\/noticias\/2026\/03\/26\/maria-julia-recorda-passagem-da-tempestade-kristin-por-leiria\/"},"wordCount":229,"image":{"@id":"https:\/\/portaltela.pt\/noticias\/2026\/03\/26\/maria-julia-recorda-passagem-da-tempestade-kristin-por-leiria\/#primaryimage"},"thumbnailUrl":"https:\/\/portaltela.pt\/s.01k8rhncp4jt1\/2026\/03\/img_1280x722uu2026-03-26-19-06-44-2274967.jpg","keywords":["Apoio \u00e0s Cat\u00e1strofes Naturais","cat\u00e1strofes naturais","inunda\u00e7\u00f5es","investiga\u00e7\u00e3o","Leiria","reconstru\u00e7\u00e3o urbana"],"articleSection":["Clima","Tempo"],"inLanguage":"pt-PT"},{"@type":"WebPage","@id":"https:\/\/portaltela.pt\/noticias\/2026\/03\/26\/maria-julia-recorda-passagem-da-tempestade-kristin-por-leiria\/","url":"https:\/\/portaltela.pt\/noticias\/2026\/03\/26\/maria-julia-recorda-passagem-da-tempestade-kristin-por-leiria\/","name":"Maria J\u00falia recorda passagem da tempestade Kristin por Leiria - Portal Tela Portugal","isPartOf":{"@id":"https:\/\/portaltela.pt\/#website"},"primaryImageOfPage":{"@id":"https:\/\/portaltela.pt\/noticias\/2026\/03\/26\/maria-julia-recorda-passagem-da-tempestade-kristin-por-leiria\/#primaryimage"},"image":{"@id":"https:\/\/portaltela.pt\/noticias\/2026\/03\/26\/maria-julia-recorda-passagem-da-tempestade-kristin-por-leiria\/#primaryimage"},"thumbnailUrl":"https:\/\/portaltela.pt\/s.01k8rhncp4jt1\/2026\/03\/img_1280x722uu2026-03-26-19-06-44-2274967.jpg","datePublished":"2026-03-26T21:27:00+00:00","author":{"@id":"https:\/\/portaltela.pt\/#\/schema\/person\/c4278d4a6028830caff9ee44b42d32ed"},"breadcrumb":{"@id":"https:\/\/portaltela.pt\/noticias\/2026\/03\/26\/maria-julia-recorda-passagem-da-tempestade-kristin-por-leiria\/#breadcrumb"},"inLanguage":"pt-PT","potentialAction":[{"@type":"ReadAction","target":["https:\/\/portaltela.pt\/noticias\/2026\/03\/26\/maria-julia-recorda-passagem-da-tempestade-kristin-por-leiria\/"]}]},{"@type":"ImageObject","inLanguage":"pt-PT","@id":"https:\/\/portaltela.pt\/noticias\/2026\/03\/26\/maria-julia-recorda-passagem-da-tempestade-kristin-por-leiria\/#primaryimage","url":"https:\/\/portaltela.pt\/s.01k8rhncp4jt1\/2026\/03\/img_1280x722uu2026-03-26-19-06-44-2274967.jpg","contentUrl":"https:\/\/portaltela.pt\/s.01k8rhncp4jt1\/2026\/03\/img_1280x722uu2026-03-26-19-06-44-2274967.jpg","width":796,"height":448,"caption":"Maria J\u00falia recorda a noite da tempestade Kristin"},{"@type":"BreadcrumbList","@id":"https:\/\/portaltela.pt\/noticias\/2026\/03\/26\/maria-julia-recorda-passagem-da-tempestade-kristin-por-leiria\/#breadcrumb","itemListElement":[{"@type":"ListItem","position":1,"name":"In\u00edcio","item":"https:\/\/portaltela.pt\/"},{"@type":"ListItem","position":2,"name":"Maria J\u00falia recorda passagem da tempestade Kristin por Leiria"}]},{"@type":"WebSite","@id":"https:\/\/portaltela.pt\/#website","url":"https:\/\/portaltela.pt\/","name":"Portal Tela Portugal","description":"","potentialAction":[{"@type":"SearchAction","target":{"@type":"EntryPoint","urlTemplate":"https:\/\/portaltela.pt\/?s={search_term_string}"},"query-input":{"@type":"PropertyValueSpecification","valueRequired":true,"valueName":"search_term_string"}}],"inLanguage":"pt-PT"},{"@type":"Person","@id":"https:\/\/portaltela.pt\/#\/schema\/person\/c4278d4a6028830caff9ee44b42d32ed","name":"Telinha","image":{"@type":"ImageObject","inLanguage":"pt-PT","@id":"https:\/\/portaltela.pt\/s.01k8rhncp4jt1\/2025\/11\/talking-bot-125x125.png","url":"https:\/\/portaltela.pt\/s.01k8rhncp4jt1\/2025\/11\/talking-bot-125x125.png","contentUrl":"https:\/\/portaltela.pt\/s.01k8rhncp4jt1\/2025\/11\/talking-bot-125x125.png","caption":"Telinha"},"sameAs":["https:\/\/portaltela.pt\/"],"url":"https:\/\/portaltela.pt\/por\/367410592786\/"}]}},"_links":{"self":[{"href":"https:\/\/portaltela.pt\/api\/wp\/v2\/posts\/422975","targetHints":{"allow":["GET"]}}],"collection":[{"href":"https:\/\/portaltela.pt\/api\/wp\/v2\/posts"}],"about":[{"href":"https:\/\/portaltela.pt\/api\/wp\/v2\/types\/post"}],"author":[{"embeddable":true,"href":"https:\/\/portaltela.pt\/api\/wp\/v2\/users\/2"}],"replies":[{"embeddable":true,"href":"https:\/\/portaltela.pt\/api\/wp\/v2\/comments?post=422975"}],"version-history":[{"count":0,"href":"https:\/\/portaltela.pt\/api\/wp\/v2\/posts\/422975\/revisions"}],"wp:featuredmedia":[{"embeddable":true,"href":"https:\/\/portaltela.pt\/api\/wp\/v2\/media\/422984"}],"wp:attachment":[{"href":"https:\/\/portaltela.pt\/api\/wp\/v2\/media?parent=422975"}],"wp:term":[{"taxonomy":"category","embeddable":true,"href":"https:\/\/portaltela.pt\/api\/wp\/v2\/categories?post=422975"},{"taxonomy":"post_tag","embeddable":true,"href":"https:\/\/portaltela.pt\/api\/wp\/v2\/tags?post=422975"}],"curies":[{"name":"wp","href":"https:\/\/api.w.org\/{rel}","templated":true}]}}