{"id":422955,"date":"2026-03-26T17:52:32","date_gmt":"2026-03-26T20:52:32","guid":{"rendered":"https:\/\/portaltela.pt\/noticias\/2026\/03\/26\/vitimas-de-abuso-sexual-na-igreja-classificam-compensacoes-como-afronta\/"},"modified":"2026-03-26T17:52:32","modified_gmt":"2026-03-26T20:52:32","slug":"vitimas-de-abuso-sexual-na-igreja-classificam-compensacoes-como-afronta","status":"publish","type":"post","link":"https:\/\/portaltela.pt\/noticias\/2026\/03\/26\/vitimas-de-abuso-sexual-na-igreja-classificam-compensacoes-como-afronta\/","title":{"rendered":"V\u00edtimas de abuso sexual na Igreja classificam compensa\u00e7\u00f5es como afronta"},"content":{"rendered":"<p>A Confer\u00eancia Episcopal Portuguesa aprovou compensa\u00e7\u00f5es para 57 v\u00edtimas de abuso sexual, variando entre 9 mil e 45 mil euros, totalizando mais de 1,5 milh\u00f5es de euros. A decis\u00e3o foi tomada a 27 de fevereiro, em assembleia plen\u00e1ria extraordin\u00e1ria.<\/p>\n<p>A associa\u00e7\u00e3o das v\u00edtimas, Cora\u00e7\u00e3o Silenciado, qualificou a tabela de valores como uma afronta e questiona o m\u00e9todo de determina\u00e7\u00e3o, alegando n\u00e3o haver escal\u00f5es nem instrumento claro para medir o trauma ao longo de d\u00e9cadas.<\/p>\n<p>A CEP explicou que foram avaliados 95 pedidos. Deles, 78 foram considerados eleg\u00edveis, 17 arquivados, 11 indeferidos e 57 com luz verde para compensa\u00e7\u00e3o, num montante de 1.609.650 euros.<\/p>\n<p>A associa\u00e7\u00e3o critica ainda o facto de n\u00e3o terem sido consultadas, apesar das orienta\u00e7\u00f5es do Vaticano. Questiona a exist\u00eancia de pareceres por v\u00edtima e a possibilidade de omiss\u00f5es ou falhas nesses documentos.<\/p>\n<p>No balc\u00e3o de perguntas, foram indicados nove pedidos em fase final de an\u00e1lise e um pendente de decis\u00e3o da Santa S\u00e9. As notifica\u00e7\u00f5es j\u00e1 come\u00e7aram a ser enviadas aos titulares de pedidos aprovados ou indeferidos.<\/p>\n","protected":false},"excerpt":{"rendered":"<ul>\n<li>A Associa\u00e7\u00e3o Cora\u00e7\u00e3o Silenciado classificou como afronta os valores de compensa\u00e7\u00e3o aprovados pela Confer\u00eancia Episcopal Portuguesa, que v\u00e3o de nove mil a quarenta e cinco mil euros por cada queixoso.<\/li>\n<li>A CEP aprovou compensa\u00e7\u00f5es a cinquenta e sete v\u00edtimas, num total de mais de um milh\u00e3o e meio de euros; foram recebidos noventa e cinco pedidos, com setenta e oito eleg\u00edveis e dezassete arquivados.<\/li>\n<li>Dos eleg\u00edveis, onze pedidos foram indeferidos e cinquenta e sete j\u00e1 tiveram luz verde para pagamento, num montante de 1,609,650 euros; h\u00e1 nove em fase final de an\u00e1lise e um pendente junto da Santa S\u00e9.<\/li>\n<li>A associa\u00e7\u00e3o questiona o m\u00e9todo usado para fixar os valores, perguntando como se mede o trauma e se existem escal\u00f5es, al\u00e9m de afirmar que as v\u00edtimas n\u00e3o foram chamadas a participar do processo, apesar das orienta\u00e7\u00f5es do Vaticano.<\/li>\n<li>O comunicado da CEP detalha as raz\u00f5es para os indeferimentos, incluindo situa\u00e7\u00f5es em que a v\u00edtima era maior de idade na data dos factos, falta de comprova\u00e7\u00e3o de vulnerabilidade de adulto, ou aus\u00eancia de viol\u00eancia sexual. O Papa Francisco j\u00e1 sugeriu que as indemniza\u00e7\u00f5es n\u00e3o devem ser inferiores a 50 mil euros.<\/li>\n<\/ul>\n","protected":false},"author":2,"featured_media":422956,"comment_status":"closed","ping_status":"closed","sticky":false,"template":"","format":"standard","meta":{"footnotes":""},"categories":[6815,1],"tags":[5866,4999,2633,102,104],"class_list":["post-422955","post","type-post","status-publish","format-standard","has-post-thumbnail","hentry","category-justica","category-noticias","tag-abusos","tag-abusos-sexuais","tag-direitos-humanos","tag-igreja","tag-religiao"],"yoast_head":"<!-- This site is optimized with the Yoast SEO plugin v27.2 - https:\/\/yoast.com\/product\/yoast-seo-wordpress\/ -->\n<title>V\u00edtimas de abuso sexual na Igreja classificam compensa\u00e7\u00f5es como afronta - Portal Tela Portugal<\/title>\n<meta name=\"robots\" content=\"index, follow, max-snippet:-1, max-image-preview:large, max-video-preview:-1\" \/>\n<meta property=\"og:locale\" content=\"pt_PT\" \/>\n<meta property=\"og:type\" content=\"article\" \/>\n<meta property=\"og:title\" content=\"V\u00edtimas de abuso sexual na Igreja classificam compensa\u00e7\u00f5es como afronta - Portal Tela Portugal\" \/>\n<meta property=\"og:description\" content=\"A Associa\u00e7\u00e3o Cora\u00e7\u00e3o Silenciado classificou como afronta os valores de compensa\u00e7\u00e3o aprovados pela Confer\u00eancia Episcopal Portuguesa, que v\u00e3o de nove mil a quarenta e cinco mil euros por cada queixoso. A CEP aprovou compensa\u00e7\u00f5es a cinquenta e sete v\u00edtimas, num total de mais de um milh\u00e3o e meio de euros; foram recebidos noventa e cinco pedidos, com setenta e oito eleg\u00edveis e dezassete arquivados. Dos eleg\u00edveis, onze pedidos foram indeferidos e cinquenta e sete j\u00e1 tiveram luz verde para pagamento, num montante de 1,609,650 euros; h\u00e1 nove em fase final de an\u00e1lise e um pendente junto da Santa S\u00e9. A associa\u00e7\u00e3o questiona o m\u00e9todo usado para fixar os valores, perguntando como se mede o trauma e se existem escal\u00f5es, al\u00e9m de afirmar que as v\u00edtimas n\u00e3o foram chamadas a participar do processo, apesar das orienta\u00e7\u00f5es do Vaticano. O comunicado da CEP detalha as raz\u00f5es para os indeferimentos, incluindo situa\u00e7\u00f5es em que a v\u00edtima era maior de idade na data dos factos, falta de comprova\u00e7\u00e3o de vulnerabilidade de adulto, ou aus\u00eancia de viol\u00eancia sexual. O Papa Francisco j\u00e1 sugeriu que as indemniza\u00e7\u00f5es n\u00e3o devem ser inferiores a 50 mil euros.\" \/>\n<meta property=\"og:url\" content=\"https:\/\/portaltela.pt\/noticias\/2026\/03\/26\/vitimas-de-abuso-sexual-na-igreja-classificam-compensacoes-como-afronta\/\" \/>\n<meta property=\"og:site_name\" content=\"Portal Tela Portugal\" \/>\n<meta property=\"article:published_time\" content=\"2026-03-26T20:52:32+00:00\" \/>\n<meta name=\"author\" content=\"Telinha\" \/>\n<meta name=\"twitter:card\" content=\"summary_large_image\" \/>\n<meta name=\"twitter:label1\" content=\"Escrito por\" \/>\n\t<meta name=\"twitter:data1\" content=\"Telinha\" \/>\n\t<meta name=\"twitter:label2\" content=\"Tempo estimado de leitura\" \/>\n\t<meta name=\"twitter:data2\" content=\"1 minuto\" \/>\n<script type=\"application\/ld+json\" class=\"yoast-schema-graph\">{\"@context\":\"https:\/\/schema.org\",\"@graph\":[{\"@type\":\"Article\",\"@id\":\"https:\/\/portaltela.pt\/noticias\/2026\/03\/26\/vitimas-de-abuso-sexual-na-igreja-classificam-compensacoes-como-afronta\/#article\",\"isPartOf\":{\"@id\":\"https:\/\/portaltela.pt\/noticias\/2026\/03\/26\/vitimas-de-abuso-sexual-na-igreja-classificam-compensacoes-como-afronta\/\"},\"author\":{\"name\":\"Telinha\",\"@id\":\"https:\/\/portaltela.pt\/#\/schema\/person\/c4278d4a6028830caff9ee44b42d32ed\"},\"headline\":\"V\u00edtimas de abuso sexual na Igreja classificam compensa\u00e7\u00f5es como afronta\",\"datePublished\":\"2026-03-26T20:52:32+00:00\",\"mainEntityOfPage\":{\"@id\":\"https:\/\/portaltela.pt\/noticias\/2026\/03\/26\/vitimas-de-abuso-sexual-na-igreja-classificam-compensacoes-como-afronta\/\"},\"wordCount\":199,\"image\":{\"@id\":\"https:\/\/portaltela.pt\/noticias\/2026\/03\/26\/vitimas-de-abuso-sexual-na-igreja-classificam-compensacoes-como-afronta\/#primaryimage\"},\"thumbnailUrl\":\"https:\/\/portaltela.pt\/s.01k8rhncp4jt1\/2026\/03\/img_1500x1000uu2026-01-27-07-34-48-2262776-im-639050961404776278.jpg\",\"keywords\":[\"abusos\",\"abusos sexuais\",\"direitos humanos\",\"igreja\",\"religi\u00e3o\"],\"articleSection\":[\"Justi\u00e7a\",\"Not\u00edcias\"],\"inLanguage\":\"pt-PT\"},{\"@type\":\"WebPage\",\"@id\":\"https:\/\/portaltela.pt\/noticias\/2026\/03\/26\/vitimas-de-abuso-sexual-na-igreja-classificam-compensacoes-como-afronta\/\",\"url\":\"https:\/\/portaltela.pt\/noticias\/2026\/03\/26\/vitimas-de-abuso-sexual-na-igreja-classificam-compensacoes-como-afronta\/\",\"name\":\"V\u00edtimas de abuso sexual na Igreja classificam compensa\u00e7\u00f5es como afronta - Portal Tela Portugal\",\"isPartOf\":{\"@id\":\"https:\/\/portaltela.pt\/#website\"},\"primaryImageOfPage\":{\"@id\":\"https:\/\/portaltela.pt\/noticias\/2026\/03\/26\/vitimas-de-abuso-sexual-na-igreja-classificam-compensacoes-como-afronta\/#primaryimage\"},\"image\":{\"@id\":\"https:\/\/portaltela.pt\/noticias\/2026\/03\/26\/vitimas-de-abuso-sexual-na-igreja-classificam-compensacoes-como-afronta\/#primaryimage\"},\"thumbnailUrl\":\"https:\/\/portaltela.pt\/s.01k8rhncp4jt1\/2026\/03\/img_1500x1000uu2026-01-27-07-34-48-2262776-im-639050961404776278.jpg\",\"datePublished\":\"2026-03-26T20:52:32+00:00\",\"author\":{\"@id\":\"https:\/\/portaltela.pt\/#\/schema\/person\/c4278d4a6028830caff9ee44b42d32ed\"},\"breadcrumb\":{\"@id\":\"https:\/\/portaltela.pt\/noticias\/2026\/03\/26\/vitimas-de-abuso-sexual-na-igreja-classificam-compensacoes-como-afronta\/#breadcrumb\"},\"inLanguage\":\"pt-PT\",\"potentialAction\":[{\"@type\":\"ReadAction\",\"target\":[\"https:\/\/portaltela.pt\/noticias\/2026\/03\/26\/vitimas-de-abuso-sexual-na-igreja-classificam-compensacoes-como-afronta\/\"]}]},{\"@type\":\"ImageObject\",\"inLanguage\":\"pt-PT\",\"@id\":\"https:\/\/portaltela.pt\/noticias\/2026\/03\/26\/vitimas-de-abuso-sexual-na-igreja-classificam-compensacoes-como-afronta\/#primaryimage\",\"url\":\"https:\/\/portaltela.pt\/s.01k8rhncp4jt1\/2026\/03\/img_1500x1000uu2026-01-27-07-34-48-2262776-im-639050961404776278.jpg\",\"contentUrl\":\"https:\/\/portaltela.pt\/s.01k8rhncp4jt1\/2026\/03\/img_1500x1000uu2026-01-27-07-34-48-2262776-im-639050961404776278.jpg\",\"width\":796,\"height\":448,\"caption\":\"Igreja\"},{\"@type\":\"BreadcrumbList\",\"@id\":\"https:\/\/portaltela.pt\/noticias\/2026\/03\/26\/vitimas-de-abuso-sexual-na-igreja-classificam-compensacoes-como-afronta\/#breadcrumb\",\"itemListElement\":[{\"@type\":\"ListItem\",\"position\":1,\"name\":\"In\u00edcio\",\"item\":\"https:\/\/portaltela.pt\/\"},{\"@type\":\"ListItem\",\"position\":2,\"name\":\"V\u00edtimas de abuso sexual na Igreja classificam compensa\u00e7\u00f5es como afronta\"}]},{\"@type\":\"WebSite\",\"@id\":\"https:\/\/portaltela.pt\/#website\",\"url\":\"https:\/\/portaltela.pt\/\",\"name\":\"Portal Tela Portugal\",\"description\":\"\",\"potentialAction\":[{\"@type\":\"SearchAction\",\"target\":{\"@type\":\"EntryPoint\",\"urlTemplate\":\"https:\/\/portaltela.pt\/?s={search_term_string}\"},\"query-input\":{\"@type\":\"PropertyValueSpecification\",\"valueRequired\":true,\"valueName\":\"search_term_string\"}}],\"inLanguage\":\"pt-PT\"},{\"@type\":\"Person\",\"@id\":\"https:\/\/portaltela.pt\/#\/schema\/person\/c4278d4a6028830caff9ee44b42d32ed\",\"name\":\"Telinha\",\"image\":{\"@type\":\"ImageObject\",\"inLanguage\":\"pt-PT\",\"@id\":\"https:\/\/portaltela.pt\/s.01k8rhncp4jt1\/2025\/11\/talking-bot-125x125.png\",\"url\":\"https:\/\/portaltela.pt\/s.01k8rhncp4jt1\/2025\/11\/talking-bot-125x125.png\",\"contentUrl\":\"https:\/\/portaltela.pt\/s.01k8rhncp4jt1\/2025\/11\/talking-bot-125x125.png\",\"caption\":\"Telinha\"},\"sameAs\":[\"https:\/\/portaltela.pt\/\"],\"url\":\"https:\/\/portaltela.pt\/por\/367410592786\/\"}]}<\/script>\n<!-- \/ Yoast SEO plugin. -->","yoast_head_json":{"title":"V\u00edtimas de abuso sexual na Igreja classificam compensa\u00e7\u00f5es como afronta - Portal Tela Portugal","robots":{"index":"index","follow":"follow","max-snippet":"max-snippet:-1","max-image-preview":"max-image-preview:large","max-video-preview":"max-video-preview:-1"},"og_locale":"pt_PT","og_type":"article","og_title":"V\u00edtimas de abuso sexual na Igreja classificam compensa\u00e7\u00f5es como afronta - Portal Tela Portugal","og_description":"A Associa\u00e7\u00e3o Cora\u00e7\u00e3o Silenciado classificou como afronta os valores de compensa\u00e7\u00e3o aprovados pela Confer\u00eancia Episcopal Portuguesa, que v\u00e3o de nove mil a quarenta e cinco mil euros por cada queixoso. A CEP aprovou compensa\u00e7\u00f5es a cinquenta e sete v\u00edtimas, num total de mais de um milh\u00e3o e meio de euros; foram recebidos noventa e cinco pedidos, com setenta e oito eleg\u00edveis e dezassete arquivados. Dos eleg\u00edveis, onze pedidos foram indeferidos e cinquenta e sete j\u00e1 tiveram luz verde para pagamento, num montante de 1,609,650 euros; h\u00e1 nove em fase final de an\u00e1lise e um pendente junto da Santa S\u00e9. A associa\u00e7\u00e3o questiona o m\u00e9todo usado para fixar os valores, perguntando como se mede o trauma e se existem escal\u00f5es, al\u00e9m de afirmar que as v\u00edtimas n\u00e3o foram chamadas a participar do processo, apesar das orienta\u00e7\u00f5es do Vaticano. O comunicado da CEP detalha as raz\u00f5es para os indeferimentos, incluindo situa\u00e7\u00f5es em que a v\u00edtima era maior de idade na data dos factos, falta de comprova\u00e7\u00e3o de vulnerabilidade de adulto, ou aus\u00eancia de viol\u00eancia sexual. O Papa Francisco j\u00e1 sugeriu que as indemniza\u00e7\u00f5es n\u00e3o devem ser inferiores a 50 mil euros.","og_url":"https:\/\/portaltela.pt\/noticias\/2026\/03\/26\/vitimas-de-abuso-sexual-na-igreja-classificam-compensacoes-como-afronta\/","og_site_name":"Portal Tela Portugal","article_published_time":"2026-03-26T20:52:32+00:00","author":"Telinha","twitter_card":"summary_large_image","twitter_misc":{"Escrito por":"Telinha","Tempo estimado de leitura":"1 minuto"},"schema":{"@context":"https:\/\/schema.org","@graph":[{"@type":"Article","@id":"https:\/\/portaltela.pt\/noticias\/2026\/03\/26\/vitimas-de-abuso-sexual-na-igreja-classificam-compensacoes-como-afronta\/#article","isPartOf":{"@id":"https:\/\/portaltela.pt\/noticias\/2026\/03\/26\/vitimas-de-abuso-sexual-na-igreja-classificam-compensacoes-como-afronta\/"},"author":{"name":"Telinha","@id":"https:\/\/portaltela.pt\/#\/schema\/person\/c4278d4a6028830caff9ee44b42d32ed"},"headline":"V\u00edtimas de abuso sexual na Igreja classificam compensa\u00e7\u00f5es como afronta","datePublished":"2026-03-26T20:52:32+00:00","mainEntityOfPage":{"@id":"https:\/\/portaltela.pt\/noticias\/2026\/03\/26\/vitimas-de-abuso-sexual-na-igreja-classificam-compensacoes-como-afronta\/"},"wordCount":199,"image":{"@id":"https:\/\/portaltela.pt\/noticias\/2026\/03\/26\/vitimas-de-abuso-sexual-na-igreja-classificam-compensacoes-como-afronta\/#primaryimage"},"thumbnailUrl":"https:\/\/portaltela.pt\/s.01k8rhncp4jt1\/2026\/03\/img_1500x1000uu2026-01-27-07-34-48-2262776-im-639050961404776278.jpg","keywords":["abusos","abusos sexuais","direitos humanos","igreja","religi\u00e3o"],"articleSection":["Justi\u00e7a","Not\u00edcias"],"inLanguage":"pt-PT"},{"@type":"WebPage","@id":"https:\/\/portaltela.pt\/noticias\/2026\/03\/26\/vitimas-de-abuso-sexual-na-igreja-classificam-compensacoes-como-afronta\/","url":"https:\/\/portaltela.pt\/noticias\/2026\/03\/26\/vitimas-de-abuso-sexual-na-igreja-classificam-compensacoes-como-afronta\/","name":"V\u00edtimas de abuso sexual na Igreja classificam compensa\u00e7\u00f5es como afronta - Portal Tela Portugal","isPartOf":{"@id":"https:\/\/portaltela.pt\/#website"},"primaryImageOfPage":{"@id":"https:\/\/portaltela.pt\/noticias\/2026\/03\/26\/vitimas-de-abuso-sexual-na-igreja-classificam-compensacoes-como-afronta\/#primaryimage"},"image":{"@id":"https:\/\/portaltela.pt\/noticias\/2026\/03\/26\/vitimas-de-abuso-sexual-na-igreja-classificam-compensacoes-como-afronta\/#primaryimage"},"thumbnailUrl":"https:\/\/portaltela.pt\/s.01k8rhncp4jt1\/2026\/03\/img_1500x1000uu2026-01-27-07-34-48-2262776-im-639050961404776278.jpg","datePublished":"2026-03-26T20:52:32+00:00","author":{"@id":"https:\/\/portaltela.pt\/#\/schema\/person\/c4278d4a6028830caff9ee44b42d32ed"},"breadcrumb":{"@id":"https:\/\/portaltela.pt\/noticias\/2026\/03\/26\/vitimas-de-abuso-sexual-na-igreja-classificam-compensacoes-como-afronta\/#breadcrumb"},"inLanguage":"pt-PT","potentialAction":[{"@type":"ReadAction","target":["https:\/\/portaltela.pt\/noticias\/2026\/03\/26\/vitimas-de-abuso-sexual-na-igreja-classificam-compensacoes-como-afronta\/"]}]},{"@type":"ImageObject","inLanguage":"pt-PT","@id":"https:\/\/portaltela.pt\/noticias\/2026\/03\/26\/vitimas-de-abuso-sexual-na-igreja-classificam-compensacoes-como-afronta\/#primaryimage","url":"https:\/\/portaltela.pt\/s.01k8rhncp4jt1\/2026\/03\/img_1500x1000uu2026-01-27-07-34-48-2262776-im-639050961404776278.jpg","contentUrl":"https:\/\/portaltela.pt\/s.01k8rhncp4jt1\/2026\/03\/img_1500x1000uu2026-01-27-07-34-48-2262776-im-639050961404776278.jpg","width":796,"height":448,"caption":"Igreja"},{"@type":"BreadcrumbList","@id":"https:\/\/portaltela.pt\/noticias\/2026\/03\/26\/vitimas-de-abuso-sexual-na-igreja-classificam-compensacoes-como-afronta\/#breadcrumb","itemListElement":[{"@type":"ListItem","position":1,"name":"In\u00edcio","item":"https:\/\/portaltela.pt\/"},{"@type":"ListItem","position":2,"name":"V\u00edtimas de abuso sexual na Igreja classificam compensa\u00e7\u00f5es como afronta"}]},{"@type":"WebSite","@id":"https:\/\/portaltela.pt\/#website","url":"https:\/\/portaltela.pt\/","name":"Portal Tela Portugal","description":"","potentialAction":[{"@type":"SearchAction","target":{"@type":"EntryPoint","urlTemplate":"https:\/\/portaltela.pt\/?s={search_term_string}"},"query-input":{"@type":"PropertyValueSpecification","valueRequired":true,"valueName":"search_term_string"}}],"inLanguage":"pt-PT"},{"@type":"Person","@id":"https:\/\/portaltela.pt\/#\/schema\/person\/c4278d4a6028830caff9ee44b42d32ed","name":"Telinha","image":{"@type":"ImageObject","inLanguage":"pt-PT","@id":"https:\/\/portaltela.pt\/s.01k8rhncp4jt1\/2025\/11\/talking-bot-125x125.png","url":"https:\/\/portaltela.pt\/s.01k8rhncp4jt1\/2025\/11\/talking-bot-125x125.png","contentUrl":"https:\/\/portaltela.pt\/s.01k8rhncp4jt1\/2025\/11\/talking-bot-125x125.png","caption":"Telinha"},"sameAs":["https:\/\/portaltela.pt\/"],"url":"https:\/\/portaltela.pt\/por\/367410592786\/"}]}},"_links":{"self":[{"href":"https:\/\/portaltela.pt\/api\/wp\/v2\/posts\/422955","targetHints":{"allow":["GET"]}}],"collection":[{"href":"https:\/\/portaltela.pt\/api\/wp\/v2\/posts"}],"about":[{"href":"https:\/\/portaltela.pt\/api\/wp\/v2\/types\/post"}],"author":[{"embeddable":true,"href":"https:\/\/portaltela.pt\/api\/wp\/v2\/users\/2"}],"replies":[{"embeddable":true,"href":"https:\/\/portaltela.pt\/api\/wp\/v2\/comments?post=422955"}],"version-history":[{"count":0,"href":"https:\/\/portaltela.pt\/api\/wp\/v2\/posts\/422955\/revisions"}],"wp:featuredmedia":[{"embeddable":true,"href":"https:\/\/portaltela.pt\/api\/wp\/v2\/media\/422956"}],"wp:attachment":[{"href":"https:\/\/portaltela.pt\/api\/wp\/v2\/media?parent=422955"}],"wp:term":[{"taxonomy":"category","embeddable":true,"href":"https:\/\/portaltela.pt\/api\/wp\/v2\/categories?post=422955"},{"taxonomy":"post_tag","embeddable":true,"href":"https:\/\/portaltela.pt\/api\/wp\/v2\/tags?post=422955"}],"curies":[{"name":"wp","href":"https:\/\/api.w.org\/{rel}","templated":true}]}}