{"id":422930,"date":"2026-03-26T17:44:07","date_gmt":"2026-03-26T20:44:07","guid":{"rendered":"https:\/\/portaltela.pt\/noticias\/2026\/03\/26\/francisca-jorge-parte-da-eslovenia-de-bicicleta\/"},"modified":"2026-03-26T17:44:07","modified_gmt":"2026-03-26T20:44:07","slug":"francisca-jorge-parte-da-eslovenia-de-bicicleta","status":"publish","type":"post","link":"https:\/\/portaltela.pt\/desporto\/futebol\/2026\/03\/26\/francisca-jorge-parte-da-eslovenia-de-bicicleta\/","title":{"rendered":"Francisca Jorge parte da Eslov\u00e9nia de bicicleta"},"content":{"rendered":"<p>Francisca Jorge falha regresso ao circuito com derrota expressiva na Eslov\u00e9nia. A tenista portuguesa, 190.\u00aa do ranking WTA, foi eliminada na segunda ronda do ITF W75 de Murska Sobota, ao perder frente \u00e0 ucraniana Daria Snigur, 110.\u00aa mundial, por duplo 6-0. O encontro decorreu na Eslov\u00e9nia, num quadro de competi\u00e7\u00e3o ITF.<\/p>\n<p>Jogo resolvido com clareza: Snigur imp\u00f4s o ritmo logo no decorrer do primeiro parcial, repetindo-se no segundo. Tr\u00eas tempos de interrup\u00e7\u00e3o n\u00e3o alteraram o resultado, que ficou definido em apenas dois sets, sem permitir menos de um parcial \u00e0 portuguesa.<\/p>\n<p>Francisca Jorge regressa a Portugal para integrar a equipa nacional na Billie Jean King Cup, group I Europe\/Africa, a come\u00e7ar a partir de 6 de abril, no Jamor. A t\u00e9cnica e a forma de jogo da jogadora s\u00e3o aguardadas para a participa\u00e7\u00e3o da sele\u00e7\u00e3o.<\/p>\n<h3>Resultados de jogadores portugueses no circuito ITF<\/h3>\n<ul>\n<li>Tiago Torres, 651.\u00ba, foi eliminado nos oitavos de final do ITF M15 de Monastir. Perdeu diante de John Echeverria, 695.\u00ba, por duplo 6-1.<\/li>\n<li>Gon\u00e7alo Marques, ainda sem ranking, caiu frente ao franc\u00eas Cyril Vandermeersch, 2.\u00ba cabe\u00e7a de s\u00e9rie e 458.\u00ba, por 6-1 e 7-5, vindo do qualifying.<\/li>\n<\/ul>\n","protected":false},"excerpt":{"rendered":"<ul>\n<li>Francisca Jorge, 190.\u00aa da WTA, foi eliminada na segunda ronda do ITF W75 de Murska Sobota, na Eslov\u00e9nia, ao perder por duplo 6-0 frente \u00e0 ucraniana Daria Snigur, 110.\u00aa do ranking.<\/li>\n<li>Daria Snigur \u00e9 recente campe\u00e3 de um dos dois WTA 125 de Oeiras.<\/li>\n<li>Com a derrota, Francisca Jorge regressa a Portugal para integrar a Sele\u00e7\u00e3o Nacional na Billie Jean King Cup, grupo I Europa\/\u00c1frica, a partir de 6 de abril no Jamor.<\/li>\n<li>Tiago Torres, 651.\u00ba, e Gon\u00e7alo Marques, sem ranking, foram eliminados nos oitavos de final do ITF M15 de Monastir.<\/li>\n<li>Torres perdeu por duplo 6-1 diante de John Echeverria; Marques, vindo do qualifying, caiu diante de Cyril Vandermeersch por 6-1 e 7-5.<\/li>\n<\/ul>\n","protected":false},"author":2,"featured_media":422933,"comment_status":"closed","ping_status":"closed","sticky":false,"template":"","format":"standard","meta":{"footnotes":""},"categories":[21,24],"tags":[152,5356,1014,2057,94,7232],"class_list":["post-422930","post","type-post","status-publish","format-standard","has-post-thumbnail","hentry","category-desporto","category-futebol","tag-desporto","tag-itf","tag-portugal","tag-selecao-nacional","tag-tenis","tag-tenistas-internacionais"],"yoast_head":"<!-- This site is optimized with the Yoast SEO plugin v27.2 - https:\/\/yoast.com\/product\/yoast-seo-wordpress\/ -->\n<title>Francisca Jorge parte da Eslov\u00e9nia de bicicleta - Portal Tela Portugal<\/title>\n<meta name=\"robots\" content=\"index, follow, max-snippet:-1, max-image-preview:large, max-video-preview:-1\" \/>\n<meta property=\"og:locale\" content=\"pt_PT\" \/>\n<meta property=\"og:type\" content=\"article\" \/>\n<meta property=\"og:title\" content=\"Francisca Jorge parte da Eslov\u00e9nia de bicicleta - Portal Tela Portugal\" \/>\n<meta property=\"og:description\" content=\"Francisca Jorge, 190.\u00aa da WTA, foi eliminada na segunda ronda do ITF W75 de Murska Sobota, na Eslov\u00e9nia, ao perder por duplo 6-0 frente \u00e0 ucraniana Daria Snigur, 110.\u00aa do ranking. Daria Snigur \u00e9 recente campe\u00e3 de um dos dois WTA 125 de Oeiras. Com a derrota, Francisca Jorge regressa a Portugal para integrar a Sele\u00e7\u00e3o Nacional na Billie Jean King Cup, grupo I Europa\/\u00c1frica, a partir de 6 de abril no Jamor. Tiago Torres, 651.\u00ba, e Gon\u00e7alo Marques, sem ranking, foram eliminados nos oitavos de final do ITF M15 de Monastir. Torres perdeu por duplo 6-1 diante de John Echeverria; Marques, vindo do qualifying, caiu diante de Cyril Vandermeersch por 6-1 e 7-5.\" \/>\n<meta property=\"og:url\" content=\"https:\/\/portaltela.pt\/noticias\/2026\/03\/26\/francisca-jorge-parte-da-eslovenia-de-bicicleta\/\" \/>\n<meta property=\"og:site_name\" content=\"Portal Tela Portugal\" \/>\n<meta property=\"article:published_time\" content=\"2026-03-26T20:44:07+00:00\" \/>\n<meta name=\"author\" content=\"Telinha\" \/>\n<meta name=\"twitter:card\" content=\"summary_large_image\" \/>\n<meta name=\"twitter:label1\" content=\"Escrito por\" \/>\n\t<meta name=\"twitter:data1\" content=\"Telinha\" \/>\n\t<meta name=\"twitter:label2\" content=\"Tempo estimado de leitura\" \/>\n\t<meta name=\"twitter:data2\" content=\"1 minuto\" \/>\n<script type=\"application\/ld+json\" class=\"yoast-schema-graph\">{\"@context\":\"https:\/\/schema.org\",\"@graph\":[{\"@type\":\"Article\",\"@id\":\"https:\/\/portaltela.pt\/noticias\/2026\/03\/26\/francisca-jorge-parte-da-eslovenia-de-bicicleta\/#article\",\"isPartOf\":{\"@id\":\"https:\/\/portaltela.pt\/noticias\/2026\/03\/26\/francisca-jorge-parte-da-eslovenia-de-bicicleta\/\"},\"author\":{\"name\":\"Telinha\",\"@id\":\"https:\/\/portaltela.pt\/#\/schema\/person\/c4278d4a6028830caff9ee44b42d32ed\"},\"headline\":\"Francisca Jorge parte da Eslov\u00e9nia de bicicleta\",\"datePublished\":\"2026-03-26T20:44:07+00:00\",\"mainEntityOfPage\":{\"@id\":\"https:\/\/portaltela.pt\/noticias\/2026\/03\/26\/francisca-jorge-parte-da-eslovenia-de-bicicleta\/\"},\"wordCount\":205,\"image\":{\"@id\":\"https:\/\/portaltela.pt\/noticias\/2026\/03\/26\/francisca-jorge-parte-da-eslovenia-de-bicicleta\/#primaryimage\"},\"thumbnailUrl\":\"https:\/\/portaltela.pt\/s.01k8rhncp4jt1\/2026\/03\/img_920x518uu2026-03-26-20-43-07-2429567.jpg\",\"keywords\":[\"desporto\",\"ITF\",\"Portugal\",\"Sele\u00e7\u00e3o Nacional\",\"t\u00eanis\",\"tenistas internacionais\"],\"articleSection\":[\"Desporto\",\"Futebol\"],\"inLanguage\":\"pt-PT\"},{\"@type\":\"WebPage\",\"@id\":\"https:\/\/portaltela.pt\/noticias\/2026\/03\/26\/francisca-jorge-parte-da-eslovenia-de-bicicleta\/\",\"url\":\"https:\/\/portaltela.pt\/noticias\/2026\/03\/26\/francisca-jorge-parte-da-eslovenia-de-bicicleta\/\",\"name\":\"Francisca Jorge parte da Eslov\u00e9nia de bicicleta - Portal Tela Portugal\",\"isPartOf\":{\"@id\":\"https:\/\/portaltela.pt\/#website\"},\"primaryImageOfPage\":{\"@id\":\"https:\/\/portaltela.pt\/noticias\/2026\/03\/26\/francisca-jorge-parte-da-eslovenia-de-bicicleta\/#primaryimage\"},\"image\":{\"@id\":\"https:\/\/portaltela.pt\/noticias\/2026\/03\/26\/francisca-jorge-parte-da-eslovenia-de-bicicleta\/#primaryimage\"},\"thumbnailUrl\":\"https:\/\/portaltela.pt\/s.01k8rhncp4jt1\/2026\/03\/img_920x518uu2026-03-26-20-43-07-2429567.jpg\",\"datePublished\":\"2026-03-26T20:44:07+00:00\",\"author\":{\"@id\":\"https:\/\/portaltela.pt\/#\/schema\/person\/c4278d4a6028830caff9ee44b42d32ed\"},\"breadcrumb\":{\"@id\":\"https:\/\/portaltela.pt\/noticias\/2026\/03\/26\/francisca-jorge-parte-da-eslovenia-de-bicicleta\/#breadcrumb\"},\"inLanguage\":\"pt-PT\",\"potentialAction\":[{\"@type\":\"ReadAction\",\"target\":[\"https:\/\/portaltela.pt\/noticias\/2026\/03\/26\/francisca-jorge-parte-da-eslovenia-de-bicicleta\/\"]}]},{\"@type\":\"ImageObject\",\"inLanguage\":\"pt-PT\",\"@id\":\"https:\/\/portaltela.pt\/noticias\/2026\/03\/26\/francisca-jorge-parte-da-eslovenia-de-bicicleta\/#primaryimage\",\"url\":\"https:\/\/portaltela.pt\/s.01k8rhncp4jt1\/2026\/03\/img_920x518uu2026-03-26-20-43-07-2429567.jpg\",\"contentUrl\":\"https:\/\/portaltela.pt\/s.01k8rhncp4jt1\/2026\/03\/img_920x518uu2026-03-26-20-43-07-2429567.jpg\",\"width\":920,\"height\":518,\"caption\":\"Francisca Jorge derrotada na Eslov\u00e9nia\"},{\"@type\":\"BreadcrumbList\",\"@id\":\"https:\/\/portaltela.pt\/noticias\/2026\/03\/26\/francisca-jorge-parte-da-eslovenia-de-bicicleta\/#breadcrumb\",\"itemListElement\":[{\"@type\":\"ListItem\",\"position\":1,\"name\":\"In\u00edcio\",\"item\":\"https:\/\/portaltela.pt\/\"},{\"@type\":\"ListItem\",\"position\":2,\"name\":\"Francisca Jorge parte da Eslov\u00e9nia de bicicleta\"}]},{\"@type\":\"WebSite\",\"@id\":\"https:\/\/portaltela.pt\/#website\",\"url\":\"https:\/\/portaltela.pt\/\",\"name\":\"Portal Tela Portugal\",\"description\":\"\",\"potentialAction\":[{\"@type\":\"SearchAction\",\"target\":{\"@type\":\"EntryPoint\",\"urlTemplate\":\"https:\/\/portaltela.pt\/?s={search_term_string}\"},\"query-input\":{\"@type\":\"PropertyValueSpecification\",\"valueRequired\":true,\"valueName\":\"search_term_string\"}}],\"inLanguage\":\"pt-PT\"},{\"@type\":\"Person\",\"@id\":\"https:\/\/portaltela.pt\/#\/schema\/person\/c4278d4a6028830caff9ee44b42d32ed\",\"name\":\"Telinha\",\"image\":{\"@type\":\"ImageObject\",\"inLanguage\":\"pt-PT\",\"@id\":\"https:\/\/portaltela.pt\/s.01k8rhncp4jt1\/2025\/11\/talking-bot-125x125.png\",\"url\":\"https:\/\/portaltela.pt\/s.01k8rhncp4jt1\/2025\/11\/talking-bot-125x125.png\",\"contentUrl\":\"https:\/\/portaltela.pt\/s.01k8rhncp4jt1\/2025\/11\/talking-bot-125x125.png\",\"caption\":\"Telinha\"},\"sameAs\":[\"https:\/\/portaltela.pt\/\"],\"url\":\"https:\/\/portaltela.pt\/por\/367410592786\/\"}]}<\/script>\n<!-- \/ Yoast SEO plugin. -->","yoast_head_json":{"title":"Francisca Jorge parte da Eslov\u00e9nia de bicicleta - Portal Tela Portugal","robots":{"index":"index","follow":"follow","max-snippet":"max-snippet:-1","max-image-preview":"max-image-preview:large","max-video-preview":"max-video-preview:-1"},"og_locale":"pt_PT","og_type":"article","og_title":"Francisca Jorge parte da Eslov\u00e9nia de bicicleta - Portal Tela Portugal","og_description":"Francisca Jorge, 190.\u00aa da WTA, foi eliminada na segunda ronda do ITF W75 de Murska Sobota, na Eslov\u00e9nia, ao perder por duplo 6-0 frente \u00e0 ucraniana Daria Snigur, 110.\u00aa do ranking. Daria Snigur \u00e9 recente campe\u00e3 de um dos dois WTA 125 de Oeiras. Com a derrota, Francisca Jorge regressa a Portugal para integrar a Sele\u00e7\u00e3o Nacional na Billie Jean King Cup, grupo I Europa\/\u00c1frica, a partir de 6 de abril no Jamor. Tiago Torres, 651.\u00ba, e Gon\u00e7alo Marques, sem ranking, foram eliminados nos oitavos de final do ITF M15 de Monastir. Torres perdeu por duplo 6-1 diante de John Echeverria; Marques, vindo do qualifying, caiu diante de Cyril Vandermeersch por 6-1 e 7-5.","og_url":"https:\/\/portaltela.pt\/noticias\/2026\/03\/26\/francisca-jorge-parte-da-eslovenia-de-bicicleta\/","og_site_name":"Portal Tela Portugal","article_published_time":"2026-03-26T20:44:07+00:00","author":"Telinha","twitter_card":"summary_large_image","twitter_misc":{"Escrito por":"Telinha","Tempo estimado de leitura":"1 minuto"},"schema":{"@context":"https:\/\/schema.org","@graph":[{"@type":"Article","@id":"https:\/\/portaltela.pt\/noticias\/2026\/03\/26\/francisca-jorge-parte-da-eslovenia-de-bicicleta\/#article","isPartOf":{"@id":"https:\/\/portaltela.pt\/noticias\/2026\/03\/26\/francisca-jorge-parte-da-eslovenia-de-bicicleta\/"},"author":{"name":"Telinha","@id":"https:\/\/portaltela.pt\/#\/schema\/person\/c4278d4a6028830caff9ee44b42d32ed"},"headline":"Francisca Jorge parte da Eslov\u00e9nia de bicicleta","datePublished":"2026-03-26T20:44:07+00:00","mainEntityOfPage":{"@id":"https:\/\/portaltela.pt\/noticias\/2026\/03\/26\/francisca-jorge-parte-da-eslovenia-de-bicicleta\/"},"wordCount":205,"image":{"@id":"https:\/\/portaltela.pt\/noticias\/2026\/03\/26\/francisca-jorge-parte-da-eslovenia-de-bicicleta\/#primaryimage"},"thumbnailUrl":"https:\/\/portaltela.pt\/s.01k8rhncp4jt1\/2026\/03\/img_920x518uu2026-03-26-20-43-07-2429567.jpg","keywords":["desporto","ITF","Portugal","Sele\u00e7\u00e3o Nacional","t\u00eanis","tenistas internacionais"],"articleSection":["Desporto","Futebol"],"inLanguage":"pt-PT"},{"@type":"WebPage","@id":"https:\/\/portaltela.pt\/noticias\/2026\/03\/26\/francisca-jorge-parte-da-eslovenia-de-bicicleta\/","url":"https:\/\/portaltela.pt\/noticias\/2026\/03\/26\/francisca-jorge-parte-da-eslovenia-de-bicicleta\/","name":"Francisca Jorge parte da Eslov\u00e9nia de bicicleta - Portal Tela Portugal","isPartOf":{"@id":"https:\/\/portaltela.pt\/#website"},"primaryImageOfPage":{"@id":"https:\/\/portaltela.pt\/noticias\/2026\/03\/26\/francisca-jorge-parte-da-eslovenia-de-bicicleta\/#primaryimage"},"image":{"@id":"https:\/\/portaltela.pt\/noticias\/2026\/03\/26\/francisca-jorge-parte-da-eslovenia-de-bicicleta\/#primaryimage"},"thumbnailUrl":"https:\/\/portaltela.pt\/s.01k8rhncp4jt1\/2026\/03\/img_920x518uu2026-03-26-20-43-07-2429567.jpg","datePublished":"2026-03-26T20:44:07+00:00","author":{"@id":"https:\/\/portaltela.pt\/#\/schema\/person\/c4278d4a6028830caff9ee44b42d32ed"},"breadcrumb":{"@id":"https:\/\/portaltela.pt\/noticias\/2026\/03\/26\/francisca-jorge-parte-da-eslovenia-de-bicicleta\/#breadcrumb"},"inLanguage":"pt-PT","potentialAction":[{"@type":"ReadAction","target":["https:\/\/portaltela.pt\/noticias\/2026\/03\/26\/francisca-jorge-parte-da-eslovenia-de-bicicleta\/"]}]},{"@type":"ImageObject","inLanguage":"pt-PT","@id":"https:\/\/portaltela.pt\/noticias\/2026\/03\/26\/francisca-jorge-parte-da-eslovenia-de-bicicleta\/#primaryimage","url":"https:\/\/portaltela.pt\/s.01k8rhncp4jt1\/2026\/03\/img_920x518uu2026-03-26-20-43-07-2429567.jpg","contentUrl":"https:\/\/portaltela.pt\/s.01k8rhncp4jt1\/2026\/03\/img_920x518uu2026-03-26-20-43-07-2429567.jpg","width":920,"height":518,"caption":"Francisca Jorge derrotada na Eslov\u00e9nia"},{"@type":"BreadcrumbList","@id":"https:\/\/portaltela.pt\/noticias\/2026\/03\/26\/francisca-jorge-parte-da-eslovenia-de-bicicleta\/#breadcrumb","itemListElement":[{"@type":"ListItem","position":1,"name":"In\u00edcio","item":"https:\/\/portaltela.pt\/"},{"@type":"ListItem","position":2,"name":"Francisca Jorge parte da Eslov\u00e9nia de bicicleta"}]},{"@type":"WebSite","@id":"https:\/\/portaltela.pt\/#website","url":"https:\/\/portaltela.pt\/","name":"Portal Tela Portugal","description":"","potentialAction":[{"@type":"SearchAction","target":{"@type":"EntryPoint","urlTemplate":"https:\/\/portaltela.pt\/?s={search_term_string}"},"query-input":{"@type":"PropertyValueSpecification","valueRequired":true,"valueName":"search_term_string"}}],"inLanguage":"pt-PT"},{"@type":"Person","@id":"https:\/\/portaltela.pt\/#\/schema\/person\/c4278d4a6028830caff9ee44b42d32ed","name":"Telinha","image":{"@type":"ImageObject","inLanguage":"pt-PT","@id":"https:\/\/portaltela.pt\/s.01k8rhncp4jt1\/2025\/11\/talking-bot-125x125.png","url":"https:\/\/portaltela.pt\/s.01k8rhncp4jt1\/2025\/11\/talking-bot-125x125.png","contentUrl":"https:\/\/portaltela.pt\/s.01k8rhncp4jt1\/2025\/11\/talking-bot-125x125.png","caption":"Telinha"},"sameAs":["https:\/\/portaltela.pt\/"],"url":"https:\/\/portaltela.pt\/por\/367410592786\/"}]}},"_links":{"self":[{"href":"https:\/\/portaltela.pt\/api\/wp\/v2\/posts\/422930","targetHints":{"allow":["GET"]}}],"collection":[{"href":"https:\/\/portaltela.pt\/api\/wp\/v2\/posts"}],"about":[{"href":"https:\/\/portaltela.pt\/api\/wp\/v2\/types\/post"}],"author":[{"embeddable":true,"href":"https:\/\/portaltela.pt\/api\/wp\/v2\/users\/2"}],"replies":[{"embeddable":true,"href":"https:\/\/portaltela.pt\/api\/wp\/v2\/comments?post=422930"}],"version-history":[{"count":0,"href":"https:\/\/portaltela.pt\/api\/wp\/v2\/posts\/422930\/revisions"}],"wp:featuredmedia":[{"embeddable":true,"href":"https:\/\/portaltela.pt\/api\/wp\/v2\/media\/422933"}],"wp:attachment":[{"href":"https:\/\/portaltela.pt\/api\/wp\/v2\/media?parent=422930"}],"wp:term":[{"taxonomy":"category","embeddable":true,"href":"https:\/\/portaltela.pt\/api\/wp\/v2\/categories?post=422930"},{"taxonomy":"post_tag","embeddable":true,"href":"https:\/\/portaltela.pt\/api\/wp\/v2\/tags?post=422930"}],"curies":[{"name":"wp","href":"https:\/\/api.w.org\/{rel}","templated":true}]}}