{"id":42291,"date":"2025-11-30T18:54:00","date_gmt":"2025-11-30T21:54:00","guid":{"rendered":"https:\/\/portaltela.pt\/noticias\/2025\/11\/30\/fiscalizacao-detecta-infracoes-nas-vendas-da-black-friday-na-madeira\/"},"modified":"2025-11-30T18:54:00","modified_gmt":"2025-11-30T21:54:00","slug":"fiscalizacao-detecta-infracoes-nas-vendas-da-black-friday-na-madeira","status":"publish","type":"post","link":"https:\/\/portaltela.pt\/noticias\/2025\/11\/30\/fiscalizacao-detecta-infracoes-nas-vendas-da-black-friday-na-madeira\/","title":{"rendered":"Fiscaliza\u00e7\u00e3o detecta infra\u00e7\u00f5es nas vendas da Black Friday na Madeira"},"content":{"rendered":"<p>A Autoridade Regional das Atividades Econ\u00f3micas (ARAE) da Madeira detetou cinco infra\u00e7\u00f5es numa fiscaliza\u00e7\u00e3o \u00e0 Black Friday em 74 estabelecimentos. A opera\u00e7\u00e3o decorreu ao longo de tr\u00eas dias, com quatro inspetores, na regi\u00e3o aut\u00f3noma. O objetivo foi assegurar o cumprimento dos requisitos legais em promo\u00e7\u00f5es, afixa\u00e7\u00e3o de pre\u00e7os e prote\u00e7\u00e3o dos direitos dos consumidores.<\/p>\n<p>As irregularidades detetadas incluem utiliza\u00e7\u00e3o de express\u00f5es n\u00e3o previstas legalmente, n\u00e3o envio da declara\u00e7\u00e3o obrigat\u00f3ria relativa \u00e0 realiza\u00e7\u00e3o de saldos, falta de men\u00e7\u00f5es obrigat\u00f3rias (data de in\u00edcio e dura\u00e7\u00e3o da campanha), n\u00e3o envio do original das Folhas de Reclama\u00e7\u00f5es e n\u00e3o disponibiliza\u00e7\u00e3o do Livro de Reclama\u00e7\u00f5es. A ARAE vai manter a monitoriza\u00e7\u00e3o para assegurar o cumprimento da legisla\u00e7\u00e3o relevante.<\/p>\n<p>A Autoridade ressalta que, numa \u00e9poca de maior procura, \u00e9 importante verificar prazos de entrega e pol\u00edticas de trocas e devolu\u00e7\u00f5es. Em regra, a troca de produtos sem defeito depende da pol\u00edtica adotada pelo vendedor. Tamb\u00e9m apela aos consumidores para utilizarem o Livro de Reclama\u00e7\u00f5es sempre que necess\u00e1rio, com responsabilidade.<\/p>\n<h3>Medidas e orienta\u00e7\u00f5es<\/h3>\n<p>A ARAE continuar\u00e1 a acompanhar o cumprimento das regras associadas \u00e0s promo\u00e7\u00f5es, bem como a afixa\u00e7\u00e3o de pre\u00e7os e as pr\u00e1ticas comerciais. A iniciativa ocorreu em v\u00e1rios pontos de venda com redu\u00e7\u00f5es de pre\u00e7o durante a Black Friday, e o monitoramento visa prevenir pr\u00e1ticas antiecon\u00f3micas.<\/p>\n<p>Os agentes lembram aos consumidores que o Livro de Reclama\u00e7\u00f5es est\u00e1 dispon\u00edvel para registar reclama\u00e7\u00f5es leg\u00edtimas. A entidade sublinha ainda a import\u00e2ncia de confirmar a disponibilidade de produtos e prazos de entrega antes de concluir compras.<\/p>\n","protected":false},"excerpt":{"rendered":"<ul>\n<li>A Autoridade Regional das Atividades Econ\u00f3micas (ARAE) da Madeira detetou cinco infra\u00e7\u00f5es na fiscaliza\u00e7\u00e3o a 74 estabelecimentos durante a Black Friday, desenvolvida ao longo de tr\u00eas dias por quatro inspetores.<\/li>\n<li>As irregularidades incluem uso de express\u00f5es n\u00e3o previstas legalmente em campanhas promocionais e n\u00e3o envio da declara\u00e7\u00e3o obrigat\u00f3ria relativa a saldos.<\/li>\n<li>Outros incumprimentos verificados foram a falta de men\u00e7\u00f5es obrigat\u00f3rias (data de in\u00edcio e dura\u00e7\u00e3o da campanha) e o n\u00e3o envio do original das Folhas de Reclama\u00e7\u00f5es, bem como a n\u00e3o disponibiliza\u00e7\u00e3o do Livro de Reclama\u00e7\u00f5es.<\/li>\n<li>A ARAE manter\u00e1 a monitoriza\u00e7\u00e3o necess\u00e1ria para assegurar o cumprimento da legisla\u00e7\u00e3o aplic\u00e1vel a promo\u00e7\u00f5es, afixa\u00e7\u00e3o de pre\u00e7os e pol\u00edticas de trocas e devolu\u00e7\u00f5es.<\/li>\n<li>O governo madeirense aconselha os consumidores a usar o Livro de Reclama\u00e7\u00f5es de forma respons\u00e1vel e a conhecer as pol\u00edticas de entregas e devolu\u00e7\u00f5es dos operadores econ\u00f3micos.<\/li>\n<\/ul>\n","protected":false},"author":2,"featured_media":42296,"comment_status":"closed","ping_status":"closed","sticky":false,"template":"","format":"standard","meta":{"footnotes":""},"categories":[],"tags":[168,244,28,43,582,320],"class_list":["post-42291","post","type-post","status-publish","format-standard","has-post-thumbnail","hentry","tag-administracao-publica","tag-comercio","tag-economia","tag-leis","tag-livro-de-reclamacoes","tag-protecao-civil"],"yoast_head":"<!-- This site is optimized with the Yoast SEO plugin v27.2 - https:\/\/yoast.com\/product\/yoast-seo-wordpress\/ -->\n<title>Fiscaliza\u00e7\u00e3o detecta infra\u00e7\u00f5es nas vendas da Black Friday na Madeira - Portal Tela Portugal<\/title>\n<meta name=\"robots\" content=\"index, follow, max-snippet:-1, max-image-preview:large, max-video-preview:-1\" \/>\n<meta property=\"og:locale\" content=\"pt_PT\" \/>\n<meta property=\"og:type\" content=\"article\" \/>\n<meta property=\"og:title\" content=\"Fiscaliza\u00e7\u00e3o detecta infra\u00e7\u00f5es nas vendas da Black Friday na Madeira - Portal Tela Portugal\" \/>\n<meta property=\"og:description\" content=\"A Autoridade Regional das Atividades Econ\u00f3micas (ARAE) da Madeira detetou cinco infra\u00e7\u00f5es na fiscaliza\u00e7\u00e3o a 74 estabelecimentos durante a Black Friday, desenvolvida ao longo de tr\u00eas dias por quatro inspetores. As irregularidades incluem uso de express\u00f5es n\u00e3o previstas legalmente em campanhas promocionais e n\u00e3o envio da declara\u00e7\u00e3o obrigat\u00f3ria relativa a saldos. Outros incumprimentos verificados foram a falta de men\u00e7\u00f5es obrigat\u00f3rias (data de in\u00edcio e dura\u00e7\u00e3o da campanha) e o n\u00e3o envio do original das Folhas de Reclama\u00e7\u00f5es, bem como a n\u00e3o disponibiliza\u00e7\u00e3o do Livro de Reclama\u00e7\u00f5es. A ARAE manter\u00e1 a monitoriza\u00e7\u00e3o necess\u00e1ria para assegurar o cumprimento da legisla\u00e7\u00e3o aplic\u00e1vel a promo\u00e7\u00f5es, afixa\u00e7\u00e3o de pre\u00e7os e pol\u00edticas de trocas e devolu\u00e7\u00f5es. O governo madeirense aconselha os consumidores a usar o Livro de Reclama\u00e7\u00f5es de forma respons\u00e1vel e a conhecer as pol\u00edticas de entregas e devolu\u00e7\u00f5es dos operadores econ\u00f3micos.\" \/>\n<meta property=\"og:url\" content=\"https:\/\/portaltela.pt\/noticias\/2025\/11\/30\/fiscalizacao-detecta-infracoes-nas-vendas-da-black-friday-na-madeira\/\" \/>\n<meta property=\"og:site_name\" content=\"Portal Tela Portugal\" \/>\n<meta property=\"article:published_time\" content=\"2025-11-30T21:54:00+00:00\" \/>\n<meta name=\"author\" content=\"Telinha\" \/>\n<meta name=\"twitter:card\" content=\"summary_large_image\" \/>\n<meta name=\"twitter:label1\" content=\"Escrito por\" \/>\n\t<meta name=\"twitter:data1\" content=\"Telinha\" \/>\n\t<meta name=\"twitter:label2\" content=\"Tempo estimado de leitura\" \/>\n\t<meta name=\"twitter:data2\" content=\"1 minuto\" \/>\n<script type=\"application\/ld+json\" class=\"yoast-schema-graph\">{\"@context\":\"https:\/\/schema.org\",\"@graph\":[{\"@type\":\"Article\",\"@id\":\"https:\/\/portaltela.pt\/noticias\/2025\/11\/30\/fiscalizacao-detecta-infracoes-nas-vendas-da-black-friday-na-madeira\/#article\",\"isPartOf\":{\"@id\":\"https:\/\/portaltela.pt\/noticias\/2025\/11\/30\/fiscalizacao-detecta-infracoes-nas-vendas-da-black-friday-na-madeira\/\"},\"author\":{\"name\":\"Telinha\",\"@id\":\"https:\/\/portaltela.pt\/#\/schema\/person\/c4278d4a6028830caff9ee44b42d32ed\"},\"headline\":\"Fiscaliza\u00e7\u00e3o detecta infra\u00e7\u00f5es nas vendas da Black Friday na Madeira\",\"datePublished\":\"2025-11-30T21:54:00+00:00\",\"mainEntityOfPage\":{\"@id\":\"https:\/\/portaltela.pt\/noticias\/2025\/11\/30\/fiscalizacao-detecta-infracoes-nas-vendas-da-black-friday-na-madeira\/\"},\"wordCount\":305,\"image\":{\"@id\":\"https:\/\/portaltela.pt\/noticias\/2025\/11\/30\/fiscalizacao-detecta-infracoes-nas-vendas-da-black-friday-na-madeira\/#primaryimage\"},\"thumbnailUrl\":\"https:\/\/portaltela.pt\/s.01k8rhncp4jt1\/2025\/11\/img_1280x721uu2025-11-28-00-09-18-2251064.jpg\",\"keywords\":[\"administra\u00e7\u00e3o p\u00fablica\",\"com\u00e9rcio\",\"economia\",\"leis\",\"Livro de Reclama\u00e7\u00f5es\",\"prote\u00e7\u00e3o civil\"],\"inLanguage\":\"pt-PT\"},{\"@type\":\"WebPage\",\"@id\":\"https:\/\/portaltela.pt\/noticias\/2025\/11\/30\/fiscalizacao-detecta-infracoes-nas-vendas-da-black-friday-na-madeira\/\",\"url\":\"https:\/\/portaltela.pt\/noticias\/2025\/11\/30\/fiscalizacao-detecta-infracoes-nas-vendas-da-black-friday-na-madeira\/\",\"name\":\"Fiscaliza\u00e7\u00e3o detecta infra\u00e7\u00f5es nas vendas da Black Friday na Madeira - Portal Tela Portugal\",\"isPartOf\":{\"@id\":\"https:\/\/portaltela.pt\/#website\"},\"primaryImageOfPage\":{\"@id\":\"https:\/\/portaltela.pt\/noticias\/2025\/11\/30\/fiscalizacao-detecta-infracoes-nas-vendas-da-black-friday-na-madeira\/#primaryimage\"},\"image\":{\"@id\":\"https:\/\/portaltela.pt\/noticias\/2025\/11\/30\/fiscalizacao-detecta-infracoes-nas-vendas-da-black-friday-na-madeira\/#primaryimage\"},\"thumbnailUrl\":\"https:\/\/portaltela.pt\/s.01k8rhncp4jt1\/2025\/11\/img_1280x721uu2025-11-28-00-09-18-2251064.jpg\",\"datePublished\":\"2025-11-30T21:54:00+00:00\",\"author\":{\"@id\":\"https:\/\/portaltela.pt\/#\/schema\/person\/c4278d4a6028830caff9ee44b42d32ed\"},\"breadcrumb\":{\"@id\":\"https:\/\/portaltela.pt\/noticias\/2025\/11\/30\/fiscalizacao-detecta-infracoes-nas-vendas-da-black-friday-na-madeira\/#breadcrumb\"},\"inLanguage\":\"pt-PT\",\"potentialAction\":[{\"@type\":\"ReadAction\",\"target\":[\"https:\/\/portaltela.pt\/noticias\/2025\/11\/30\/fiscalizacao-detecta-infracoes-nas-vendas-da-black-friday-na-madeira\/\"]}]},{\"@type\":\"ImageObject\",\"inLanguage\":\"pt-PT\",\"@id\":\"https:\/\/portaltela.pt\/noticias\/2025\/11\/30\/fiscalizacao-detecta-infracoes-nas-vendas-da-black-friday-na-madeira\/#primaryimage\",\"url\":\"https:\/\/portaltela.pt\/s.01k8rhncp4jt1\/2025\/11\/img_1280x721uu2025-11-28-00-09-18-2251064.jpg\",\"contentUrl\":\"https:\/\/portaltela.pt\/s.01k8rhncp4jt1\/2025\/11\/img_1280x721uu2025-11-28-00-09-18-2251064.jpg\",\"width\":796,\"height\":448,\"caption\":\"Black Friday FOTO: Direitos Reservados\"},{\"@type\":\"BreadcrumbList\",\"@id\":\"https:\/\/portaltela.pt\/noticias\/2025\/11\/30\/fiscalizacao-detecta-infracoes-nas-vendas-da-black-friday-na-madeira\/#breadcrumb\",\"itemListElement\":[{\"@type\":\"ListItem\",\"position\":1,\"name\":\"In\u00edcio\",\"item\":\"https:\/\/portaltela.pt\/\"},{\"@type\":\"ListItem\",\"position\":2,\"name\":\"Fiscaliza\u00e7\u00e3o detecta infra\u00e7\u00f5es nas vendas da Black Friday na Madeira\"}]},{\"@type\":\"WebSite\",\"@id\":\"https:\/\/portaltela.pt\/#website\",\"url\":\"https:\/\/portaltela.pt\/\",\"name\":\"Portal Tela Portugal\",\"description\":\"\",\"potentialAction\":[{\"@type\":\"SearchAction\",\"target\":{\"@type\":\"EntryPoint\",\"urlTemplate\":\"https:\/\/portaltela.pt\/?s={search_term_string}\"},\"query-input\":{\"@type\":\"PropertyValueSpecification\",\"valueRequired\":true,\"valueName\":\"search_term_string\"}}],\"inLanguage\":\"pt-PT\"},{\"@type\":\"Person\",\"@id\":\"https:\/\/portaltela.pt\/#\/schema\/person\/c4278d4a6028830caff9ee44b42d32ed\",\"name\":\"Telinha\",\"image\":{\"@type\":\"ImageObject\",\"inLanguage\":\"pt-PT\",\"@id\":\"https:\/\/portaltela.pt\/s.01k8rhncp4jt1\/2025\/11\/talking-bot-125x125.png\",\"url\":\"https:\/\/portaltela.pt\/s.01k8rhncp4jt1\/2025\/11\/talking-bot-125x125.png\",\"contentUrl\":\"https:\/\/portaltela.pt\/s.01k8rhncp4jt1\/2025\/11\/talking-bot-125x125.png\",\"caption\":\"Telinha\"},\"sameAs\":[\"https:\/\/portaltela.pt\/\"],\"url\":\"https:\/\/portaltela.pt\/por\/367410592786\/\"}]}<\/script>\n<!-- \/ Yoast SEO plugin. -->","yoast_head_json":{"title":"Fiscaliza\u00e7\u00e3o detecta infra\u00e7\u00f5es nas vendas da Black Friday na Madeira - Portal Tela Portugal","robots":{"index":"index","follow":"follow","max-snippet":"max-snippet:-1","max-image-preview":"max-image-preview:large","max-video-preview":"max-video-preview:-1"},"og_locale":"pt_PT","og_type":"article","og_title":"Fiscaliza\u00e7\u00e3o detecta infra\u00e7\u00f5es nas vendas da Black Friday na Madeira - Portal Tela Portugal","og_description":"A Autoridade Regional das Atividades Econ\u00f3micas (ARAE) da Madeira detetou cinco infra\u00e7\u00f5es na fiscaliza\u00e7\u00e3o a 74 estabelecimentos durante a Black Friday, desenvolvida ao longo de tr\u00eas dias por quatro inspetores. As irregularidades incluem uso de express\u00f5es n\u00e3o previstas legalmente em campanhas promocionais e n\u00e3o envio da declara\u00e7\u00e3o obrigat\u00f3ria relativa a saldos. Outros incumprimentos verificados foram a falta de men\u00e7\u00f5es obrigat\u00f3rias (data de in\u00edcio e dura\u00e7\u00e3o da campanha) e o n\u00e3o envio do original das Folhas de Reclama\u00e7\u00f5es, bem como a n\u00e3o disponibiliza\u00e7\u00e3o do Livro de Reclama\u00e7\u00f5es. A ARAE manter\u00e1 a monitoriza\u00e7\u00e3o necess\u00e1ria para assegurar o cumprimento da legisla\u00e7\u00e3o aplic\u00e1vel a promo\u00e7\u00f5es, afixa\u00e7\u00e3o de pre\u00e7os e pol\u00edticas de trocas e devolu\u00e7\u00f5es. O governo madeirense aconselha os consumidores a usar o Livro de Reclama\u00e7\u00f5es de forma respons\u00e1vel e a conhecer as pol\u00edticas de entregas e devolu\u00e7\u00f5es dos operadores econ\u00f3micos.","og_url":"https:\/\/portaltela.pt\/noticias\/2025\/11\/30\/fiscalizacao-detecta-infracoes-nas-vendas-da-black-friday-na-madeira\/","og_site_name":"Portal Tela Portugal","article_published_time":"2025-11-30T21:54:00+00:00","author":"Telinha","twitter_card":"summary_large_image","twitter_misc":{"Escrito por":"Telinha","Tempo estimado de leitura":"1 minuto"},"schema":{"@context":"https:\/\/schema.org","@graph":[{"@type":"Article","@id":"https:\/\/portaltela.pt\/noticias\/2025\/11\/30\/fiscalizacao-detecta-infracoes-nas-vendas-da-black-friday-na-madeira\/#article","isPartOf":{"@id":"https:\/\/portaltela.pt\/noticias\/2025\/11\/30\/fiscalizacao-detecta-infracoes-nas-vendas-da-black-friday-na-madeira\/"},"author":{"name":"Telinha","@id":"https:\/\/portaltela.pt\/#\/schema\/person\/c4278d4a6028830caff9ee44b42d32ed"},"headline":"Fiscaliza\u00e7\u00e3o detecta infra\u00e7\u00f5es nas vendas da Black Friday na Madeira","datePublished":"2025-11-30T21:54:00+00:00","mainEntityOfPage":{"@id":"https:\/\/portaltela.pt\/noticias\/2025\/11\/30\/fiscalizacao-detecta-infracoes-nas-vendas-da-black-friday-na-madeira\/"},"wordCount":305,"image":{"@id":"https:\/\/portaltela.pt\/noticias\/2025\/11\/30\/fiscalizacao-detecta-infracoes-nas-vendas-da-black-friday-na-madeira\/#primaryimage"},"thumbnailUrl":"https:\/\/portaltela.pt\/s.01k8rhncp4jt1\/2025\/11\/img_1280x721uu2025-11-28-00-09-18-2251064.jpg","keywords":["administra\u00e7\u00e3o p\u00fablica","com\u00e9rcio","economia","leis","Livro de Reclama\u00e7\u00f5es","prote\u00e7\u00e3o civil"],"inLanguage":"pt-PT"},{"@type":"WebPage","@id":"https:\/\/portaltela.pt\/noticias\/2025\/11\/30\/fiscalizacao-detecta-infracoes-nas-vendas-da-black-friday-na-madeira\/","url":"https:\/\/portaltela.pt\/noticias\/2025\/11\/30\/fiscalizacao-detecta-infracoes-nas-vendas-da-black-friday-na-madeira\/","name":"Fiscaliza\u00e7\u00e3o detecta infra\u00e7\u00f5es nas vendas da Black Friday na Madeira - Portal Tela Portugal","isPartOf":{"@id":"https:\/\/portaltela.pt\/#website"},"primaryImageOfPage":{"@id":"https:\/\/portaltela.pt\/noticias\/2025\/11\/30\/fiscalizacao-detecta-infracoes-nas-vendas-da-black-friday-na-madeira\/#primaryimage"},"image":{"@id":"https:\/\/portaltela.pt\/noticias\/2025\/11\/30\/fiscalizacao-detecta-infracoes-nas-vendas-da-black-friday-na-madeira\/#primaryimage"},"thumbnailUrl":"https:\/\/portaltela.pt\/s.01k8rhncp4jt1\/2025\/11\/img_1280x721uu2025-11-28-00-09-18-2251064.jpg","datePublished":"2025-11-30T21:54:00+00:00","author":{"@id":"https:\/\/portaltela.pt\/#\/schema\/person\/c4278d4a6028830caff9ee44b42d32ed"},"breadcrumb":{"@id":"https:\/\/portaltela.pt\/noticias\/2025\/11\/30\/fiscalizacao-detecta-infracoes-nas-vendas-da-black-friday-na-madeira\/#breadcrumb"},"inLanguage":"pt-PT","potentialAction":[{"@type":"ReadAction","target":["https:\/\/portaltela.pt\/noticias\/2025\/11\/30\/fiscalizacao-detecta-infracoes-nas-vendas-da-black-friday-na-madeira\/"]}]},{"@type":"ImageObject","inLanguage":"pt-PT","@id":"https:\/\/portaltela.pt\/noticias\/2025\/11\/30\/fiscalizacao-detecta-infracoes-nas-vendas-da-black-friday-na-madeira\/#primaryimage","url":"https:\/\/portaltela.pt\/s.01k8rhncp4jt1\/2025\/11\/img_1280x721uu2025-11-28-00-09-18-2251064.jpg","contentUrl":"https:\/\/portaltela.pt\/s.01k8rhncp4jt1\/2025\/11\/img_1280x721uu2025-11-28-00-09-18-2251064.jpg","width":796,"height":448,"caption":"Black Friday FOTO: Direitos Reservados"},{"@type":"BreadcrumbList","@id":"https:\/\/portaltela.pt\/noticias\/2025\/11\/30\/fiscalizacao-detecta-infracoes-nas-vendas-da-black-friday-na-madeira\/#breadcrumb","itemListElement":[{"@type":"ListItem","position":1,"name":"In\u00edcio","item":"https:\/\/portaltela.pt\/"},{"@type":"ListItem","position":2,"name":"Fiscaliza\u00e7\u00e3o detecta infra\u00e7\u00f5es nas vendas da Black Friday na Madeira"}]},{"@type":"WebSite","@id":"https:\/\/portaltela.pt\/#website","url":"https:\/\/portaltela.pt\/","name":"Portal Tela Portugal","description":"","potentialAction":[{"@type":"SearchAction","target":{"@type":"EntryPoint","urlTemplate":"https:\/\/portaltela.pt\/?s={search_term_string}"},"query-input":{"@type":"PropertyValueSpecification","valueRequired":true,"valueName":"search_term_string"}}],"inLanguage":"pt-PT"},{"@type":"Person","@id":"https:\/\/portaltela.pt\/#\/schema\/person\/c4278d4a6028830caff9ee44b42d32ed","name":"Telinha","image":{"@type":"ImageObject","inLanguage":"pt-PT","@id":"https:\/\/portaltela.pt\/s.01k8rhncp4jt1\/2025\/11\/talking-bot-125x125.png","url":"https:\/\/portaltela.pt\/s.01k8rhncp4jt1\/2025\/11\/talking-bot-125x125.png","contentUrl":"https:\/\/portaltela.pt\/s.01k8rhncp4jt1\/2025\/11\/talking-bot-125x125.png","caption":"Telinha"},"sameAs":["https:\/\/portaltela.pt\/"],"url":"https:\/\/portaltela.pt\/por\/367410592786\/"}]}},"_links":{"self":[{"href":"https:\/\/portaltela.pt\/api\/wp\/v2\/posts\/42291","targetHints":{"allow":["GET"]}}],"collection":[{"href":"https:\/\/portaltela.pt\/api\/wp\/v2\/posts"}],"about":[{"href":"https:\/\/portaltela.pt\/api\/wp\/v2\/types\/post"}],"author":[{"embeddable":true,"href":"https:\/\/portaltela.pt\/api\/wp\/v2\/users\/2"}],"replies":[{"embeddable":true,"href":"https:\/\/portaltela.pt\/api\/wp\/v2\/comments?post=42291"}],"version-history":[{"count":0,"href":"https:\/\/portaltela.pt\/api\/wp\/v2\/posts\/42291\/revisions"}],"wp:featuredmedia":[{"embeddable":true,"href":"https:\/\/portaltela.pt\/api\/wp\/v2\/media\/42296"}],"wp:attachment":[{"href":"https:\/\/portaltela.pt\/api\/wp\/v2\/media?parent=42291"}],"wp:term":[{"taxonomy":"category","embeddable":true,"href":"https:\/\/portaltela.pt\/api\/wp\/v2\/categories?post=42291"},{"taxonomy":"post_tag","embeddable":true,"href":"https:\/\/portaltela.pt\/api\/wp\/v2\/tags?post=42291"}],"curies":[{"name":"wp","href":"https:\/\/api.w.org\/{rel}","templated":true}]}}