{"id":422894,"date":"2026-03-26T17:22:44","date_gmt":"2026-03-26T20:22:44","guid":{"rendered":"https:\/\/portaltela.pt\/noticias\/2026\/03\/26\/diplomata-argentina-virginia-gamba-desiste-da-candidatura-a-secretaria-geral-da-onu\/"},"modified":"2026-03-26T17:22:44","modified_gmt":"2026-03-26T20:22:44","slug":"diplomata-argentina-virginia-gamba-desiste-da-candidatura-a-secretaria-geral-da-onu","status":"publish","type":"post","link":"https:\/\/portaltela.pt\/noticias\/2026\/03\/26\/diplomata-argentina-virginia-gamba-desiste-da-candidatura-a-secretaria-geral-da-onu\/","title":{"rendered":"Diplomata argentina Virginia Gamba desiste da candidatura \u00e0 secret\u00e1ria-geral da ONU"},"content":{"rendered":"<p>As Maldivas retiraram hoje o apoio \u00e0 candidatura de Virginia Gamba para o cargo de secret\u00e1ria-geral da ONU, anunciou a porta-voz da Assembleia-Geral, La Neice Collins. A decis\u00e3o sinaliza um recuo no processo de nomea\u00e7\u00e3o.<\/p>\n<p>A candidatura foi anunciada em meados de mar\u00e7o. Segundo a ONU, a apresenta\u00e7\u00e3o foi feita por apenas um Estado, o que torna a iniciativa automaticamente inv\u00e1lida, impedindo avan\u00e7os na odisse de nomea\u00e7\u00e3o.<\/p>\n<h3>Desdobramentos<\/h3>\n<p>N\u00e3o est\u00e1 claro se surgir\u00e3o novas candidaturas para o cargo. O processo de escolha envolve a Assembleia-Geral e o Conselho de Seguran\u00e7a, que podem abrir espa\u00e7o para outras alternativas.<\/p>\n<p>N\u00e3o houve confirma\u00e7\u00e3o de novos passos oficiais por parte da ONU. A comunica\u00e7\u00e3o p\u00fablica limitou-se a informar a retirada do apoio por parte das Maldivas.<\/p>\n","protected":false},"excerpt":{"rendered":"<ul>\n<li>A diplomata argentina Virginia Gamba viu a sua candidatura a secret\u00e1ria-geral da ONU retirada pelas Maldivas, que deixaram de apoiar a nomea\u00e7\u00e3o.<\/li>\n<li>A candidatura foi anunciada em meados de mar\u00e7o pela antiga representante especial da ONU para a prote\u00e7\u00e3o de crian\u00e7as em conflitos armados.<\/li>\n<li>La Neice Collins, porta-voz da Assembleia-Geral, confirmou a retirada da nomea\u00e7\u00e3o \u00e0 imprensa.<\/li>\n<li>Como a candidatura foi apresentada apenas por um Estado, ficou automaticamente invalidada.<\/li>\n<li>O texto n\u00e3o indica outros candidatos neste momento.<\/li>\n<\/ul>\n","protected":false},"author":2,"featured_media":422899,"comment_status":"closed","ping_status":"closed","sticky":false,"template":"","format":"standard","meta":{"footnotes":""},"categories":[6912,1],"tags":[2937,6542,3462,29,5123,5698],"class_list":["post-422894","post","type-post","status-publish","format-standard","has-post-thumbnail","hentry","category-internacionais","category-noticias","tag-assembleia-geral","tag-candidaturas-internacionais","tag-conselho-de-seguranca","tag-diplomacia","tag-onu","tag-politica-internacional"],"yoast_head":"<!-- This site is optimized with the Yoast SEO plugin v27.2 - https:\/\/yoast.com\/product\/yoast-seo-wordpress\/ -->\n<title>Diplomata argentina Virginia Gamba desiste da candidatura \u00e0 secret\u00e1ria-geral da ONU - Portal Tela Portugal<\/title>\n<meta name=\"robots\" content=\"index, follow, max-snippet:-1, max-image-preview:large, max-video-preview:-1\" \/>\n<meta property=\"og:locale\" content=\"pt_PT\" \/>\n<meta property=\"og:type\" content=\"article\" \/>\n<meta property=\"og:title\" content=\"Diplomata argentina Virginia Gamba desiste da candidatura \u00e0 secret\u00e1ria-geral da ONU - Portal Tela Portugal\" \/>\n<meta property=\"og:description\" content=\"A diplomata argentina Virginia Gamba viu a sua candidatura a secret\u00e1ria-geral da ONU retirada pelas Maldivas, que deixaram de apoiar a nomea\u00e7\u00e3o. A candidatura foi anunciada em meados de mar\u00e7o pela antiga representante especial da ONU para a prote\u00e7\u00e3o de crian\u00e7as em conflitos armados. La Neice Collins, porta-voz da Assembleia-Geral, confirmou a retirada da nomea\u00e7\u00e3o \u00e0 imprensa. Como a candidatura foi apresentada apenas por um Estado, ficou automaticamente invalidada. O texto n\u00e3o indica outros candidatos neste momento.\" \/>\n<meta property=\"og:url\" content=\"https:\/\/portaltela.pt\/noticias\/2026\/03\/26\/diplomata-argentina-virginia-gamba-desiste-da-candidatura-a-secretaria-geral-da-onu\/\" \/>\n<meta property=\"og:site_name\" content=\"Portal Tela Portugal\" \/>\n<meta property=\"article:published_time\" content=\"2026-03-26T20:22:44+00:00\" \/>\n<meta name=\"author\" content=\"Telinha\" \/>\n<meta name=\"twitter:card\" content=\"summary_large_image\" \/>\n<meta name=\"twitter:label1\" content=\"Escrito por\" \/>\n\t<meta name=\"twitter:data1\" content=\"Telinha\" \/>\n\t<meta name=\"twitter:label2\" content=\"Tempo estimado de leitura\" \/>\n\t<meta name=\"twitter:data2\" content=\"1 minuto\" \/>\n<script type=\"application\/ld+json\" class=\"yoast-schema-graph\">{\"@context\":\"https:\/\/schema.org\",\"@graph\":[{\"@type\":\"Article\",\"@id\":\"https:\/\/portaltela.pt\/noticias\/2026\/03\/26\/diplomata-argentina-virginia-gamba-desiste-da-candidatura-a-secretaria-geral-da-onu\/#article\",\"isPartOf\":{\"@id\":\"https:\/\/portaltela.pt\/noticias\/2026\/03\/26\/diplomata-argentina-virginia-gamba-desiste-da-candidatura-a-secretaria-geral-da-onu\/\"},\"author\":{\"name\":\"Telinha\",\"@id\":\"https:\/\/portaltela.pt\/#\/schema\/person\/c4278d4a6028830caff9ee44b42d32ed\"},\"headline\":\"Diplomata argentina Virginia Gamba desiste da candidatura \u00e0 secret\u00e1ria-geral da ONU\",\"datePublished\":\"2026-03-26T20:22:44+00:00\",\"mainEntityOfPage\":{\"@id\":\"https:\/\/portaltela.pt\/noticias\/2026\/03\/26\/diplomata-argentina-virginia-gamba-desiste-da-candidatura-a-secretaria-geral-da-onu\/\"},\"wordCount\":148,\"image\":{\"@id\":\"https:\/\/portaltela.pt\/noticias\/2026\/03\/26\/diplomata-argentina-virginia-gamba-desiste-da-candidatura-a-secretaria-geral-da-onu\/#primaryimage\"},\"thumbnailUrl\":\"https:\/\/portaltela.pt\/s.01k8rhncp4jt1\/2026\/03\/img_1500x1000uu2026-03-26-20-22-12-2274992.jpg\",\"keywords\":[\"Assembleia Geral\",\"candidaturas internacionais\",\"Conselho de Seguran\u00e7a\",\"diplomacia\",\"ONU\",\"pol\u00edtica internacional\"],\"articleSection\":[\"Internacionais\",\"Not\u00edcias\"],\"inLanguage\":\"pt-PT\"},{\"@type\":\"WebPage\",\"@id\":\"https:\/\/portaltela.pt\/noticias\/2026\/03\/26\/diplomata-argentina-virginia-gamba-desiste-da-candidatura-a-secretaria-geral-da-onu\/\",\"url\":\"https:\/\/portaltela.pt\/noticias\/2026\/03\/26\/diplomata-argentina-virginia-gamba-desiste-da-candidatura-a-secretaria-geral-da-onu\/\",\"name\":\"Diplomata argentina Virginia Gamba desiste da candidatura \u00e0 secret\u00e1ria-geral da ONU - Portal Tela Portugal\",\"isPartOf\":{\"@id\":\"https:\/\/portaltela.pt\/#website\"},\"primaryImageOfPage\":{\"@id\":\"https:\/\/portaltela.pt\/noticias\/2026\/03\/26\/diplomata-argentina-virginia-gamba-desiste-da-candidatura-a-secretaria-geral-da-onu\/#primaryimage\"},\"image\":{\"@id\":\"https:\/\/portaltela.pt\/noticias\/2026\/03\/26\/diplomata-argentina-virginia-gamba-desiste-da-candidatura-a-secretaria-geral-da-onu\/#primaryimage\"},\"thumbnailUrl\":\"https:\/\/portaltela.pt\/s.01k8rhncp4jt1\/2026\/03\/img_1500x1000uu2026-03-26-20-22-12-2274992.jpg\",\"datePublished\":\"2026-03-26T20:22:44+00:00\",\"author\":{\"@id\":\"https:\/\/portaltela.pt\/#\/schema\/person\/c4278d4a6028830caff9ee44b42d32ed\"},\"breadcrumb\":{\"@id\":\"https:\/\/portaltela.pt\/noticias\/2026\/03\/26\/diplomata-argentina-virginia-gamba-desiste-da-candidatura-a-secretaria-geral-da-onu\/#breadcrumb\"},\"inLanguage\":\"pt-PT\",\"potentialAction\":[{\"@type\":\"ReadAction\",\"target\":[\"https:\/\/portaltela.pt\/noticias\/2026\/03\/26\/diplomata-argentina-virginia-gamba-desiste-da-candidatura-a-secretaria-geral-da-onu\/\"]}]},{\"@type\":\"ImageObject\",\"inLanguage\":\"pt-PT\",\"@id\":\"https:\/\/portaltela.pt\/noticias\/2026\/03\/26\/diplomata-argentina-virginia-gamba-desiste-da-candidatura-a-secretaria-geral-da-onu\/#primaryimage\",\"url\":\"https:\/\/portaltela.pt\/s.01k8rhncp4jt1\/2026\/03\/img_1500x1000uu2026-03-26-20-22-12-2274992.jpg\",\"contentUrl\":\"https:\/\/portaltela.pt\/s.01k8rhncp4jt1\/2026\/03\/img_1500x1000uu2026-03-26-20-22-12-2274992.jpg\",\"width\":1500,\"height\":1000,\"caption\":\"Virginia Gamba, diplomata argentina\"},{\"@type\":\"BreadcrumbList\",\"@id\":\"https:\/\/portaltela.pt\/noticias\/2026\/03\/26\/diplomata-argentina-virginia-gamba-desiste-da-candidatura-a-secretaria-geral-da-onu\/#breadcrumb\",\"itemListElement\":[{\"@type\":\"ListItem\",\"position\":1,\"name\":\"In\u00edcio\",\"item\":\"https:\/\/portaltela.pt\/\"},{\"@type\":\"ListItem\",\"position\":2,\"name\":\"Diplomata argentina Virginia Gamba desiste da candidatura \u00e0 secret\u00e1ria-geral da ONU\"}]},{\"@type\":\"WebSite\",\"@id\":\"https:\/\/portaltela.pt\/#website\",\"url\":\"https:\/\/portaltela.pt\/\",\"name\":\"Portal Tela Portugal\",\"description\":\"\",\"potentialAction\":[{\"@type\":\"SearchAction\",\"target\":{\"@type\":\"EntryPoint\",\"urlTemplate\":\"https:\/\/portaltela.pt\/?s={search_term_string}\"},\"query-input\":{\"@type\":\"PropertyValueSpecification\",\"valueRequired\":true,\"valueName\":\"search_term_string\"}}],\"inLanguage\":\"pt-PT\"},{\"@type\":\"Person\",\"@id\":\"https:\/\/portaltela.pt\/#\/schema\/person\/c4278d4a6028830caff9ee44b42d32ed\",\"name\":\"Telinha\",\"image\":{\"@type\":\"ImageObject\",\"inLanguage\":\"pt-PT\",\"@id\":\"https:\/\/portaltela.pt\/s.01k8rhncp4jt1\/2025\/11\/talking-bot-125x125.png\",\"url\":\"https:\/\/portaltela.pt\/s.01k8rhncp4jt1\/2025\/11\/talking-bot-125x125.png\",\"contentUrl\":\"https:\/\/portaltela.pt\/s.01k8rhncp4jt1\/2025\/11\/talking-bot-125x125.png\",\"caption\":\"Telinha\"},\"sameAs\":[\"https:\/\/portaltela.pt\/\"],\"url\":\"https:\/\/portaltela.pt\/por\/367410592786\/\"}]}<\/script>\n<!-- \/ Yoast SEO plugin. -->","yoast_head_json":{"title":"Diplomata argentina Virginia Gamba desiste da candidatura \u00e0 secret\u00e1ria-geral da ONU - Portal Tela Portugal","robots":{"index":"index","follow":"follow","max-snippet":"max-snippet:-1","max-image-preview":"max-image-preview:large","max-video-preview":"max-video-preview:-1"},"og_locale":"pt_PT","og_type":"article","og_title":"Diplomata argentina Virginia Gamba desiste da candidatura \u00e0 secret\u00e1ria-geral da ONU - Portal Tela Portugal","og_description":"A diplomata argentina Virginia Gamba viu a sua candidatura a secret\u00e1ria-geral da ONU retirada pelas Maldivas, que deixaram de apoiar a nomea\u00e7\u00e3o. A candidatura foi anunciada em meados de mar\u00e7o pela antiga representante especial da ONU para a prote\u00e7\u00e3o de crian\u00e7as em conflitos armados. La Neice Collins, porta-voz da Assembleia-Geral, confirmou a retirada da nomea\u00e7\u00e3o \u00e0 imprensa. Como a candidatura foi apresentada apenas por um Estado, ficou automaticamente invalidada. O texto n\u00e3o indica outros candidatos neste momento.","og_url":"https:\/\/portaltela.pt\/noticias\/2026\/03\/26\/diplomata-argentina-virginia-gamba-desiste-da-candidatura-a-secretaria-geral-da-onu\/","og_site_name":"Portal Tela Portugal","article_published_time":"2026-03-26T20:22:44+00:00","author":"Telinha","twitter_card":"summary_large_image","twitter_misc":{"Escrito por":"Telinha","Tempo estimado de leitura":"1 minuto"},"schema":{"@context":"https:\/\/schema.org","@graph":[{"@type":"Article","@id":"https:\/\/portaltela.pt\/noticias\/2026\/03\/26\/diplomata-argentina-virginia-gamba-desiste-da-candidatura-a-secretaria-geral-da-onu\/#article","isPartOf":{"@id":"https:\/\/portaltela.pt\/noticias\/2026\/03\/26\/diplomata-argentina-virginia-gamba-desiste-da-candidatura-a-secretaria-geral-da-onu\/"},"author":{"name":"Telinha","@id":"https:\/\/portaltela.pt\/#\/schema\/person\/c4278d4a6028830caff9ee44b42d32ed"},"headline":"Diplomata argentina Virginia Gamba desiste da candidatura \u00e0 secret\u00e1ria-geral da ONU","datePublished":"2026-03-26T20:22:44+00:00","mainEntityOfPage":{"@id":"https:\/\/portaltela.pt\/noticias\/2026\/03\/26\/diplomata-argentina-virginia-gamba-desiste-da-candidatura-a-secretaria-geral-da-onu\/"},"wordCount":148,"image":{"@id":"https:\/\/portaltela.pt\/noticias\/2026\/03\/26\/diplomata-argentina-virginia-gamba-desiste-da-candidatura-a-secretaria-geral-da-onu\/#primaryimage"},"thumbnailUrl":"https:\/\/portaltela.pt\/s.01k8rhncp4jt1\/2026\/03\/img_1500x1000uu2026-03-26-20-22-12-2274992.jpg","keywords":["Assembleia Geral","candidaturas internacionais","Conselho de Seguran\u00e7a","diplomacia","ONU","pol\u00edtica internacional"],"articleSection":["Internacionais","Not\u00edcias"],"inLanguage":"pt-PT"},{"@type":"WebPage","@id":"https:\/\/portaltela.pt\/noticias\/2026\/03\/26\/diplomata-argentina-virginia-gamba-desiste-da-candidatura-a-secretaria-geral-da-onu\/","url":"https:\/\/portaltela.pt\/noticias\/2026\/03\/26\/diplomata-argentina-virginia-gamba-desiste-da-candidatura-a-secretaria-geral-da-onu\/","name":"Diplomata argentina Virginia Gamba desiste da candidatura \u00e0 secret\u00e1ria-geral da ONU - Portal Tela Portugal","isPartOf":{"@id":"https:\/\/portaltela.pt\/#website"},"primaryImageOfPage":{"@id":"https:\/\/portaltela.pt\/noticias\/2026\/03\/26\/diplomata-argentina-virginia-gamba-desiste-da-candidatura-a-secretaria-geral-da-onu\/#primaryimage"},"image":{"@id":"https:\/\/portaltela.pt\/noticias\/2026\/03\/26\/diplomata-argentina-virginia-gamba-desiste-da-candidatura-a-secretaria-geral-da-onu\/#primaryimage"},"thumbnailUrl":"https:\/\/portaltela.pt\/s.01k8rhncp4jt1\/2026\/03\/img_1500x1000uu2026-03-26-20-22-12-2274992.jpg","datePublished":"2026-03-26T20:22:44+00:00","author":{"@id":"https:\/\/portaltela.pt\/#\/schema\/person\/c4278d4a6028830caff9ee44b42d32ed"},"breadcrumb":{"@id":"https:\/\/portaltela.pt\/noticias\/2026\/03\/26\/diplomata-argentina-virginia-gamba-desiste-da-candidatura-a-secretaria-geral-da-onu\/#breadcrumb"},"inLanguage":"pt-PT","potentialAction":[{"@type":"ReadAction","target":["https:\/\/portaltela.pt\/noticias\/2026\/03\/26\/diplomata-argentina-virginia-gamba-desiste-da-candidatura-a-secretaria-geral-da-onu\/"]}]},{"@type":"ImageObject","inLanguage":"pt-PT","@id":"https:\/\/portaltela.pt\/noticias\/2026\/03\/26\/diplomata-argentina-virginia-gamba-desiste-da-candidatura-a-secretaria-geral-da-onu\/#primaryimage","url":"https:\/\/portaltela.pt\/s.01k8rhncp4jt1\/2026\/03\/img_1500x1000uu2026-03-26-20-22-12-2274992.jpg","contentUrl":"https:\/\/portaltela.pt\/s.01k8rhncp4jt1\/2026\/03\/img_1500x1000uu2026-03-26-20-22-12-2274992.jpg","width":1500,"height":1000,"caption":"Virginia Gamba, diplomata argentina"},{"@type":"BreadcrumbList","@id":"https:\/\/portaltela.pt\/noticias\/2026\/03\/26\/diplomata-argentina-virginia-gamba-desiste-da-candidatura-a-secretaria-geral-da-onu\/#breadcrumb","itemListElement":[{"@type":"ListItem","position":1,"name":"In\u00edcio","item":"https:\/\/portaltela.pt\/"},{"@type":"ListItem","position":2,"name":"Diplomata argentina Virginia Gamba desiste da candidatura \u00e0 secret\u00e1ria-geral da ONU"}]},{"@type":"WebSite","@id":"https:\/\/portaltela.pt\/#website","url":"https:\/\/portaltela.pt\/","name":"Portal Tela Portugal","description":"","potentialAction":[{"@type":"SearchAction","target":{"@type":"EntryPoint","urlTemplate":"https:\/\/portaltela.pt\/?s={search_term_string}"},"query-input":{"@type":"PropertyValueSpecification","valueRequired":true,"valueName":"search_term_string"}}],"inLanguage":"pt-PT"},{"@type":"Person","@id":"https:\/\/portaltela.pt\/#\/schema\/person\/c4278d4a6028830caff9ee44b42d32ed","name":"Telinha","image":{"@type":"ImageObject","inLanguage":"pt-PT","@id":"https:\/\/portaltela.pt\/s.01k8rhncp4jt1\/2025\/11\/talking-bot-125x125.png","url":"https:\/\/portaltela.pt\/s.01k8rhncp4jt1\/2025\/11\/talking-bot-125x125.png","contentUrl":"https:\/\/portaltela.pt\/s.01k8rhncp4jt1\/2025\/11\/talking-bot-125x125.png","caption":"Telinha"},"sameAs":["https:\/\/portaltela.pt\/"],"url":"https:\/\/portaltela.pt\/por\/367410592786\/"}]}},"_links":{"self":[{"href":"https:\/\/portaltela.pt\/api\/wp\/v2\/posts\/422894","targetHints":{"allow":["GET"]}}],"collection":[{"href":"https:\/\/portaltela.pt\/api\/wp\/v2\/posts"}],"about":[{"href":"https:\/\/portaltela.pt\/api\/wp\/v2\/types\/post"}],"author":[{"embeddable":true,"href":"https:\/\/portaltela.pt\/api\/wp\/v2\/users\/2"}],"replies":[{"embeddable":true,"href":"https:\/\/portaltela.pt\/api\/wp\/v2\/comments?post=422894"}],"version-history":[{"count":0,"href":"https:\/\/portaltela.pt\/api\/wp\/v2\/posts\/422894\/revisions"}],"wp:featuredmedia":[{"embeddable":true,"href":"https:\/\/portaltela.pt\/api\/wp\/v2\/media\/422899"}],"wp:attachment":[{"href":"https:\/\/portaltela.pt\/api\/wp\/v2\/media?parent=422894"}],"wp:term":[{"taxonomy":"category","embeddable":true,"href":"https:\/\/portaltela.pt\/api\/wp\/v2\/categories?post=422894"},{"taxonomy":"post_tag","embeddable":true,"href":"https:\/\/portaltela.pt\/api\/wp\/v2\/tags?post=422894"}],"curies":[{"name":"wp","href":"https:\/\/api.w.org\/{rel}","templated":true}]}}