{"id":422883,"date":"2026-03-26T17:20:00","date_gmt":"2026-03-26T20:20:00","guid":{"rendered":"https:\/\/portaltela.pt\/noticias\/2026\/03\/26\/hugo-viana-quer-levar-hjulmand-do-sporting-ao-manchester-city-dizem-ingleses\/"},"modified":"2026-03-26T17:20:00","modified_gmt":"2026-03-26T20:20:00","slug":"hugo-viana-quer-levar-hjulmand-do-sporting-ao-manchester-city-dizem-ingleses","status":"publish","type":"post","link":"https:\/\/portaltela.pt\/desporto\/futebol\/2026\/03\/26\/hugo-viana-quer-levar-hjulmand-do-sporting-ao-manchester-city-dizem-ingleses\/","title":{"rendered":"Hugo Viana quer levar Hjulmand do Sporting ao Manchester City, dizem ingleses"},"content":{"rendered":"<p>O que aconteceu: a imprensa inglesa sustenta que Hugo Viana pretende tirar o treinador Hjulmand do Sporting para o Manchester City. A informa\u00e7\u00e3o surge como tema de reportagem, com o foco no programa Record na Hora, emitido no Now.<\/p>\n<p>Quem est\u00e1 envolvido: os nomes em refer\u00eancia s\u00e3o Hugo Viana, Hjulmand, o Sporting Clube de Portugal e o Manchester City. A not\u00edcia coloca Viana como figura-chave nesta poss\u00edvel opera\u00e7\u00e3o, sem confirmar a conclus\u00e3o das negocia\u00e7\u00f5es.<\/p>\n<p>Quando e onde: o conte\u00fado aparece no programa Record na Hora, neste momento em emiss\u00e3o no Now. A divulga\u00e7\u00e3o ocorre num contexto de rumores de transfer\u00eancias entre clubes europeus, sem confirma\u00e7\u00e3o oficial.<\/p>\n<h3>Record na Hora em destaque<\/h3>\n<p>A reportagem, citando a imprensa inglesa, aponta que o interesse do City em Hjulmand pode estar ligado a estrat\u00e9gias da dire\u00e7\u00e3o pu\u00adblica do clube. N\u00e3o h\u00e1 confirma\u00e7\u00e3o por parte dos clubes ou do treinador.<\/p>\n<p>Desdobramentos esperados: at\u00e9 ao momento n\u00e3o h\u00e1 comunicados oficiais. Analistas apontam que opera\u00e7\u00f5es entre treinadores e clubes costumam envolver negocia\u00e7\u00f5es preliminares, prorroga\u00e7\u00f5es de contrato e avalia\u00e7\u00f5es t\u00e9cnicas.<\/p>\n","protected":false},"excerpt":{"rendered":"<ul>\n<li>A imprensa inglesa garante que Hjulmand \u00e9 o alvo de Hugo Viana para o Manchester City.<\/li>\n<li>Hugo Viana pretende levar Hjulmand do Sporting para o Manchester City.<\/li>\n<li>O tema vai destacar-se no programa Record na Hora, que est\u00e1 a decorrer no Now neste momento.<\/li>\n<\/ul>\n","protected":false},"author":2,"featured_media":422885,"comment_status":"closed","ping_status":"closed","sticky":false,"template":"","format":"standard","meta":{"footnotes":""},"categories":[21,24],"tags":[32,1980,4043,1652,1633,2477],"class_list":["post-422883","post","type-post","status-publish","format-standard","has-post-thumbnail","hentry","category-desporto","category-futebol","tag-futebol","tag-manchester-city","tag-rumores-internacionais","tag-sporting","tag-transferencias-internacionais","tag-treinadores"],"yoast_head":"<!-- This site is optimized with the Yoast SEO plugin v27.2 - https:\/\/yoast.com\/product\/yoast-seo-wordpress\/ -->\n<title>Hugo Viana quer levar Hjulmand do Sporting ao Manchester City, dizem ingleses - Portal Tela Portugal<\/title>\n<meta name=\"robots\" content=\"index, follow, max-snippet:-1, max-image-preview:large, max-video-preview:-1\" \/>\n<meta property=\"og:locale\" content=\"pt_PT\" \/>\n<meta property=\"og:type\" content=\"article\" \/>\n<meta property=\"og:title\" content=\"Hugo Viana quer levar Hjulmand do Sporting ao Manchester City, dizem ingleses - Portal Tela Portugal\" \/>\n<meta property=\"og:description\" content=\"A imprensa inglesa garante que Hjulmand \u00e9 o alvo de Hugo Viana para o Manchester City. Hugo Viana pretende levar Hjulmand do Sporting para o Manchester City. O tema vai destacar-se no programa Record na Hora, que est\u00e1 a decorrer no Now neste momento.\" \/>\n<meta property=\"og:url\" content=\"https:\/\/portaltela.pt\/noticias\/2026\/03\/26\/hugo-viana-quer-levar-hjulmand-do-sporting-ao-manchester-city-dizem-ingleses\/\" \/>\n<meta property=\"og:site_name\" content=\"Portal Tela Portugal\" \/>\n<meta property=\"article:published_time\" content=\"2026-03-26T20:20:00+00:00\" \/>\n<meta name=\"author\" content=\"Telinha\" \/>\n<meta name=\"twitter:card\" content=\"summary_large_image\" \/>\n<meta name=\"twitter:label1\" content=\"Escrito por\" \/>\n\t<meta name=\"twitter:data1\" content=\"Telinha\" \/>\n\t<meta name=\"twitter:label2\" content=\"Tempo estimado de leitura\" \/>\n\t<meta name=\"twitter:data2\" content=\"1 minuto\" \/>\n<script type=\"application\/ld+json\" class=\"yoast-schema-graph\">{\"@context\":\"https:\/\/schema.org\",\"@graph\":[{\"@type\":\"Article\",\"@id\":\"https:\/\/portaltela.pt\/noticias\/2026\/03\/26\/hugo-viana-quer-levar-hjulmand-do-sporting-ao-manchester-city-dizem-ingleses\/#article\",\"isPartOf\":{\"@id\":\"https:\/\/portaltela.pt\/noticias\/2026\/03\/26\/hugo-viana-quer-levar-hjulmand-do-sporting-ao-manchester-city-dizem-ingleses\/\"},\"author\":{\"name\":\"Telinha\",\"@id\":\"https:\/\/portaltela.pt\/#\/schema\/person\/c4278d4a6028830caff9ee44b42d32ed\"},\"headline\":\"Hugo Viana quer levar Hjulmand do Sporting ao Manchester City, dizem ingleses\",\"datePublished\":\"2026-03-26T20:20:00+00:00\",\"mainEntityOfPage\":{\"@id\":\"https:\/\/portaltela.pt\/noticias\/2026\/03\/26\/hugo-viana-quer-levar-hjulmand-do-sporting-ao-manchester-city-dizem-ingleses\/\"},\"wordCount\":208,\"image\":{\"@id\":\"https:\/\/portaltela.pt\/noticias\/2026\/03\/26\/hugo-viana-quer-levar-hjulmand-do-sporting-ao-manchester-city-dizem-ingleses\/#primaryimage\"},\"thumbnailUrl\":\"https:\/\/portaltela.pt\/s.01k8rhncp4jt1\/2026\/03\/img_1200x721uu2026-03-26-20-18-14-2429556.jpg\",\"keywords\":[\"futebol\",\"Manchester City\",\"rumores internacionais\",\"Sporting\",\"transfer\u00eancias internacionais\",\"treinadores\"],\"articleSection\":[\"Desporto\",\"Futebol\"],\"inLanguage\":\"pt-PT\"},{\"@type\":\"WebPage\",\"@id\":\"https:\/\/portaltela.pt\/noticias\/2026\/03\/26\/hugo-viana-quer-levar-hjulmand-do-sporting-ao-manchester-city-dizem-ingleses\/\",\"url\":\"https:\/\/portaltela.pt\/noticias\/2026\/03\/26\/hugo-viana-quer-levar-hjulmand-do-sporting-ao-manchester-city-dizem-ingleses\/\",\"name\":\"Hugo Viana quer levar Hjulmand do Sporting ao Manchester City, dizem ingleses - Portal Tela Portugal\",\"isPartOf\":{\"@id\":\"https:\/\/portaltela.pt\/#website\"},\"primaryImageOfPage\":{\"@id\":\"https:\/\/portaltela.pt\/noticias\/2026\/03\/26\/hugo-viana-quer-levar-hjulmand-do-sporting-ao-manchester-city-dizem-ingleses\/#primaryimage\"},\"image\":{\"@id\":\"https:\/\/portaltela.pt\/noticias\/2026\/03\/26\/hugo-viana-quer-levar-hjulmand-do-sporting-ao-manchester-city-dizem-ingleses\/#primaryimage\"},\"thumbnailUrl\":\"https:\/\/portaltela.pt\/s.01k8rhncp4jt1\/2026\/03\/img_1200x721uu2026-03-26-20-18-14-2429556.jpg\",\"datePublished\":\"2026-03-26T20:20:00+00:00\",\"author\":{\"@id\":\"https:\/\/portaltela.pt\/#\/schema\/person\/c4278d4a6028830caff9ee44b42d32ed\"},\"breadcrumb\":{\"@id\":\"https:\/\/portaltela.pt\/noticias\/2026\/03\/26\/hugo-viana-quer-levar-hjulmand-do-sporting-ao-manchester-city-dizem-ingleses\/#breadcrumb\"},\"inLanguage\":\"pt-PT\",\"potentialAction\":[{\"@type\":\"ReadAction\",\"target\":[\"https:\/\/portaltela.pt\/noticias\/2026\/03\/26\/hugo-viana-quer-levar-hjulmand-do-sporting-ao-manchester-city-dizem-ingleses\/\"]}]},{\"@type\":\"ImageObject\",\"inLanguage\":\"pt-PT\",\"@id\":\"https:\/\/portaltela.pt\/noticias\/2026\/03\/26\/hugo-viana-quer-levar-hjulmand-do-sporting-ao-manchester-city-dizem-ingleses\/#primaryimage\",\"url\":\"https:\/\/portaltela.pt\/s.01k8rhncp4jt1\/2026\/03\/img_1200x721uu2026-03-26-20-18-14-2429556.jpg\",\"contentUrl\":\"https:\/\/portaltela.pt\/s.01k8rhncp4jt1\/2026\/03\/img_1200x721uu2026-03-26-20-18-14-2429556.jpg\",\"width\":796,\"height\":448,\"caption\":\"Tema vai estar em grande destaque no programa 'Record na Hora'\"},{\"@type\":\"BreadcrumbList\",\"@id\":\"https:\/\/portaltela.pt\/noticias\/2026\/03\/26\/hugo-viana-quer-levar-hjulmand-do-sporting-ao-manchester-city-dizem-ingleses\/#breadcrumb\",\"itemListElement\":[{\"@type\":\"ListItem\",\"position\":1,\"name\":\"In\u00edcio\",\"item\":\"https:\/\/portaltela.pt\/\"},{\"@type\":\"ListItem\",\"position\":2,\"name\":\"Hugo Viana quer levar Hjulmand do Sporting ao Manchester City, dizem ingleses\"}]},{\"@type\":\"WebSite\",\"@id\":\"https:\/\/portaltela.pt\/#website\",\"url\":\"https:\/\/portaltela.pt\/\",\"name\":\"Portal Tela Portugal\",\"description\":\"\",\"potentialAction\":[{\"@type\":\"SearchAction\",\"target\":{\"@type\":\"EntryPoint\",\"urlTemplate\":\"https:\/\/portaltela.pt\/?s={search_term_string}\"},\"query-input\":{\"@type\":\"PropertyValueSpecification\",\"valueRequired\":true,\"valueName\":\"search_term_string\"}}],\"inLanguage\":\"pt-PT\"},{\"@type\":\"Person\",\"@id\":\"https:\/\/portaltela.pt\/#\/schema\/person\/c4278d4a6028830caff9ee44b42d32ed\",\"name\":\"Telinha\",\"image\":{\"@type\":\"ImageObject\",\"inLanguage\":\"pt-PT\",\"@id\":\"https:\/\/portaltela.pt\/s.01k8rhncp4jt1\/2025\/11\/talking-bot-125x125.png\",\"url\":\"https:\/\/portaltela.pt\/s.01k8rhncp4jt1\/2025\/11\/talking-bot-125x125.png\",\"contentUrl\":\"https:\/\/portaltela.pt\/s.01k8rhncp4jt1\/2025\/11\/talking-bot-125x125.png\",\"caption\":\"Telinha\"},\"sameAs\":[\"https:\/\/portaltela.pt\/\"],\"url\":\"https:\/\/portaltela.pt\/por\/367410592786\/\"}]}<\/script>\n<!-- \/ Yoast SEO plugin. -->","yoast_head_json":{"title":"Hugo Viana quer levar Hjulmand do Sporting ao Manchester City, dizem ingleses - Portal Tela Portugal","robots":{"index":"index","follow":"follow","max-snippet":"max-snippet:-1","max-image-preview":"max-image-preview:large","max-video-preview":"max-video-preview:-1"},"og_locale":"pt_PT","og_type":"article","og_title":"Hugo Viana quer levar Hjulmand do Sporting ao Manchester City, dizem ingleses - Portal Tela Portugal","og_description":"A imprensa inglesa garante que Hjulmand \u00e9 o alvo de Hugo Viana para o Manchester City. Hugo Viana pretende levar Hjulmand do Sporting para o Manchester City. O tema vai destacar-se no programa Record na Hora, que est\u00e1 a decorrer no Now neste momento.","og_url":"https:\/\/portaltela.pt\/noticias\/2026\/03\/26\/hugo-viana-quer-levar-hjulmand-do-sporting-ao-manchester-city-dizem-ingleses\/","og_site_name":"Portal Tela Portugal","article_published_time":"2026-03-26T20:20:00+00:00","author":"Telinha","twitter_card":"summary_large_image","twitter_misc":{"Escrito por":"Telinha","Tempo estimado de leitura":"1 minuto"},"schema":{"@context":"https:\/\/schema.org","@graph":[{"@type":"Article","@id":"https:\/\/portaltela.pt\/noticias\/2026\/03\/26\/hugo-viana-quer-levar-hjulmand-do-sporting-ao-manchester-city-dizem-ingleses\/#article","isPartOf":{"@id":"https:\/\/portaltela.pt\/noticias\/2026\/03\/26\/hugo-viana-quer-levar-hjulmand-do-sporting-ao-manchester-city-dizem-ingleses\/"},"author":{"name":"Telinha","@id":"https:\/\/portaltela.pt\/#\/schema\/person\/c4278d4a6028830caff9ee44b42d32ed"},"headline":"Hugo Viana quer levar Hjulmand do Sporting ao Manchester City, dizem ingleses","datePublished":"2026-03-26T20:20:00+00:00","mainEntityOfPage":{"@id":"https:\/\/portaltela.pt\/noticias\/2026\/03\/26\/hugo-viana-quer-levar-hjulmand-do-sporting-ao-manchester-city-dizem-ingleses\/"},"wordCount":208,"image":{"@id":"https:\/\/portaltela.pt\/noticias\/2026\/03\/26\/hugo-viana-quer-levar-hjulmand-do-sporting-ao-manchester-city-dizem-ingleses\/#primaryimage"},"thumbnailUrl":"https:\/\/portaltela.pt\/s.01k8rhncp4jt1\/2026\/03\/img_1200x721uu2026-03-26-20-18-14-2429556.jpg","keywords":["futebol","Manchester City","rumores internacionais","Sporting","transfer\u00eancias internacionais","treinadores"],"articleSection":["Desporto","Futebol"],"inLanguage":"pt-PT"},{"@type":"WebPage","@id":"https:\/\/portaltela.pt\/noticias\/2026\/03\/26\/hugo-viana-quer-levar-hjulmand-do-sporting-ao-manchester-city-dizem-ingleses\/","url":"https:\/\/portaltela.pt\/noticias\/2026\/03\/26\/hugo-viana-quer-levar-hjulmand-do-sporting-ao-manchester-city-dizem-ingleses\/","name":"Hugo Viana quer levar Hjulmand do Sporting ao Manchester City, dizem ingleses - Portal Tela Portugal","isPartOf":{"@id":"https:\/\/portaltela.pt\/#website"},"primaryImageOfPage":{"@id":"https:\/\/portaltela.pt\/noticias\/2026\/03\/26\/hugo-viana-quer-levar-hjulmand-do-sporting-ao-manchester-city-dizem-ingleses\/#primaryimage"},"image":{"@id":"https:\/\/portaltela.pt\/noticias\/2026\/03\/26\/hugo-viana-quer-levar-hjulmand-do-sporting-ao-manchester-city-dizem-ingleses\/#primaryimage"},"thumbnailUrl":"https:\/\/portaltela.pt\/s.01k8rhncp4jt1\/2026\/03\/img_1200x721uu2026-03-26-20-18-14-2429556.jpg","datePublished":"2026-03-26T20:20:00+00:00","author":{"@id":"https:\/\/portaltela.pt\/#\/schema\/person\/c4278d4a6028830caff9ee44b42d32ed"},"breadcrumb":{"@id":"https:\/\/portaltela.pt\/noticias\/2026\/03\/26\/hugo-viana-quer-levar-hjulmand-do-sporting-ao-manchester-city-dizem-ingleses\/#breadcrumb"},"inLanguage":"pt-PT","potentialAction":[{"@type":"ReadAction","target":["https:\/\/portaltela.pt\/noticias\/2026\/03\/26\/hugo-viana-quer-levar-hjulmand-do-sporting-ao-manchester-city-dizem-ingleses\/"]}]},{"@type":"ImageObject","inLanguage":"pt-PT","@id":"https:\/\/portaltela.pt\/noticias\/2026\/03\/26\/hugo-viana-quer-levar-hjulmand-do-sporting-ao-manchester-city-dizem-ingleses\/#primaryimage","url":"https:\/\/portaltela.pt\/s.01k8rhncp4jt1\/2026\/03\/img_1200x721uu2026-03-26-20-18-14-2429556.jpg","contentUrl":"https:\/\/portaltela.pt\/s.01k8rhncp4jt1\/2026\/03\/img_1200x721uu2026-03-26-20-18-14-2429556.jpg","width":796,"height":448,"caption":"Tema vai estar em grande destaque no programa 'Record na Hora'"},{"@type":"BreadcrumbList","@id":"https:\/\/portaltela.pt\/noticias\/2026\/03\/26\/hugo-viana-quer-levar-hjulmand-do-sporting-ao-manchester-city-dizem-ingleses\/#breadcrumb","itemListElement":[{"@type":"ListItem","position":1,"name":"In\u00edcio","item":"https:\/\/portaltela.pt\/"},{"@type":"ListItem","position":2,"name":"Hugo Viana quer levar Hjulmand do Sporting ao Manchester City, dizem ingleses"}]},{"@type":"WebSite","@id":"https:\/\/portaltela.pt\/#website","url":"https:\/\/portaltela.pt\/","name":"Portal Tela Portugal","description":"","potentialAction":[{"@type":"SearchAction","target":{"@type":"EntryPoint","urlTemplate":"https:\/\/portaltela.pt\/?s={search_term_string}"},"query-input":{"@type":"PropertyValueSpecification","valueRequired":true,"valueName":"search_term_string"}}],"inLanguage":"pt-PT"},{"@type":"Person","@id":"https:\/\/portaltela.pt\/#\/schema\/person\/c4278d4a6028830caff9ee44b42d32ed","name":"Telinha","image":{"@type":"ImageObject","inLanguage":"pt-PT","@id":"https:\/\/portaltela.pt\/s.01k8rhncp4jt1\/2025\/11\/talking-bot-125x125.png","url":"https:\/\/portaltela.pt\/s.01k8rhncp4jt1\/2025\/11\/talking-bot-125x125.png","contentUrl":"https:\/\/portaltela.pt\/s.01k8rhncp4jt1\/2025\/11\/talking-bot-125x125.png","caption":"Telinha"},"sameAs":["https:\/\/portaltela.pt\/"],"url":"https:\/\/portaltela.pt\/por\/367410592786\/"}]}},"_links":{"self":[{"href":"https:\/\/portaltela.pt\/api\/wp\/v2\/posts\/422883","targetHints":{"allow":["GET"]}}],"collection":[{"href":"https:\/\/portaltela.pt\/api\/wp\/v2\/posts"}],"about":[{"href":"https:\/\/portaltela.pt\/api\/wp\/v2\/types\/post"}],"author":[{"embeddable":true,"href":"https:\/\/portaltela.pt\/api\/wp\/v2\/users\/2"}],"replies":[{"embeddable":true,"href":"https:\/\/portaltela.pt\/api\/wp\/v2\/comments?post=422883"}],"version-history":[{"count":0,"href":"https:\/\/portaltela.pt\/api\/wp\/v2\/posts\/422883\/revisions"}],"wp:featuredmedia":[{"embeddable":true,"href":"https:\/\/portaltela.pt\/api\/wp\/v2\/media\/422885"}],"wp:attachment":[{"href":"https:\/\/portaltela.pt\/api\/wp\/v2\/media?parent=422883"}],"wp:term":[{"taxonomy":"category","embeddable":true,"href":"https:\/\/portaltela.pt\/api\/wp\/v2\/categories?post=422883"},{"taxonomy":"post_tag","embeddable":true,"href":"https:\/\/portaltela.pt\/api\/wp\/v2\/tags?post=422883"}],"curies":[{"name":"wp","href":"https:\/\/api.w.org\/{rel}","templated":true}]}}