{"id":422876,"date":"2026-03-26T17:08:51","date_gmt":"2026-03-26T20:08:51","guid":{"rendered":"https:\/\/portaltela.pt\/noticias\/2026\/03\/26\/morre-noelia-castillo-jovem-espanhola-que-esperou-600-dias-pela-eutanasia\/"},"modified":"2026-03-26T17:08:51","modified_gmt":"2026-03-26T20:08:51","slug":"morre-noelia-castillo-jovem-espanhola-que-esperou-600-dias-pela-eutanasia","status":"publish","type":"post","link":"https:\/\/portaltela.pt\/noticias\/politica\/2026\/03\/26\/morre-noelia-castillo-jovem-espanhola-que-esperou-600-dias-pela-eutanasia\/","title":{"rendered":"Morre Noelia Castillo, jovem espanhola que esperou 600 dias pela eutan\u00e1sia"},"content":{"rendered":"<p>Noelia Castillo, jovem espanhola de 25 anos, morreu esta quinta-feira ap\u00f3s ser submetida \u00e0 eutan\u00e1sia. O processo, que decorreu ao longo de mais de um ano e meio, incluiu recursos legais apresentados pelo pai e por uma associa\u00e7\u00e3o ultra-religiosa. Cinco tribunais rejeitaram todos os recursos.<\/p>\n<p>A jovem esteve sob tutela do governo catal\u00e3o desde os 13 anos, ap\u00f3s epis\u00f3dios de neglig\u00eancia familiar. Em 2022 foi v\u00edtima de viola\u00e7\u00e3o em grupo e tentou o suic\u00eddio. Em julho de 2024 solicitou a eutan\u00e1sia, que foi aprovada pela comiss\u00e3o competente, preenchendo os requisitos legais.<\/p>\n<p>Peritos indicaram que Noelia sofria de dores constantes e de um sofrimento psicol\u00f3gico intenso, considerado n\u00e3o recuper\u00e1vel. A condi\u00e7\u00e3o foi classificada como depend\u00eancia grave, dor e sofrimento cr\u00f3nico e incapacitante.<\/p>\n<p>Ela passou as \u00faltimas horas na casa de repouso onde residia, acompanhada pela m\u00e3e e por familiares, e pediu para o procedimento decorrer no seu quarto, o seu espa\u00e7o de conforto. A decis\u00e3o de realizar o ato na resid\u00eancia foi aceita pela equipa m\u00e9dica.<\/p>\n<h3>Contexto do processo<\/h3>\n<p>Na v\u00e9spera da morte, a associa\u00e7\u00e3o Advogados Crist\u00e3os organizou uma vig\u00edlia \u00e0 porta da casa de repouso, pedindo apoio p\u00fablico \u00e0 causa. Na quinta-feira, membros da entidade depositaram flores na sede da Dire\u00e7\u00e3o-Geral de Prote\u00e7\u00e3o de Crian\u00e7as e Adolescentes (DGPCA), \u00f3rg\u00e3o catal\u00e3o que tutelou Noelia na inf\u00e2ncia.<\/p>\n<h3>Rea\u00e7\u00f5es e estado do debate p\u00fablico<\/h3>\n<p>O caso reacendeu o debate sobre a eutan\u00e1sia na Espanha. O subsecret\u00e1rio para a pol\u00edtica territorial da Catalunha descreveu o epis\u00f3dio como falha do Estado e da sociedade. L\u00edderes do PP destacaram a necessidade de reflex\u00e3o, enquanto o Vox classificou a morte como execu\u00e7\u00e3o. O governo catal\u00e3o reiterou o respeito pela vontade da jovem.<\/p>\n<p>Desde a entrada em vigor da legisla\u00e7\u00e3o espanhola, 1.123 pessoas j\u00e1 recorreram \u00e0 morte medicamente assistida at\u00e9 ao final de 2024, segundo dados do Minist\u00e9rio da Sa\u00fade espanhol. O Governo espanhol mant\u00e9m a posi\u00e7\u00e3o de que a lei assegura decis\u00f5es informadas e protegidas.<\/p>\n","protected":false},"excerpt":{"rendered":"<ul>\n<li>Noelia Castillo, 25 anos, morreu esta quinta-feira ap\u00f3s ser submetida \u00e0 eutan\u00e1sia, num processo que durou mais de um ano e meio, com recursos apresentados pelo pai e por uma associa\u00e7\u00e3o ultrarreligiosa que se opunha \u00e0 morte assistida.<\/li>\n<li>Cinco tribunais rejeitaram os recursos; a decis\u00e3o de prosseguir com a eutan\u00e1sia foi aprovada pela Comiss\u00e3o respons\u00e1vel, em julho de dois mil e vinte e quatro, ap\u00f3s a jovem dizer que queria partir para deixar de sofrer.<\/li>\n<li>A jovem ficou sob tutela do governo catal\u00e3o aos 13 anos, sofreu neglig\u00eancia parental, foi v\u00edtima de viola\u00e7\u00e3o em grupo em dois mil e vinte e dois que a deixou parapl\u00e9gica, e sofria de dores constantes e intenso sofrimento psicol\u00f3gico; o estado de sa\u00fade foi considerado n\u00e3o recuper\u00e1vel.<\/li>\n<li>Na v\u00e9spera, a associa\u00e7\u00e3o Advogados Crist\u00e3os promoveu uma vig\u00edlia \u00e0 porta da casa de repouso onde Noelia morava, depositando flores na Dire\u00e7\u00e3o-Geral de Prote\u00e7\u00e3o da Inf\u00e2ncia e da Adolesc\u00eancia; Noelia pediu que o processo ocorresse no quarto da resid\u00eancia, o seu espa\u00e7o de conforto.<\/li>\n<li>O caso reacendeu o debate sobre a morte medicamente assistida, com rea\u00e7\u00f5es do Governo espanhol e de v\u00e1rias figuras p\u00fablicas; desde a implementa\u00e7\u00e3o da lei, j\u00e1 s\u00e3o 1.123 pessoas a terem morte assistida at\u00e9 ao final de 2024.<\/li>\n<\/ul>\n","protected":false},"author":2,"featured_media":422877,"comment_status":"closed","ping_status":"closed","sticky":false,"template":"","format":"standard","meta":{"footnotes":""},"categories":[1,5],"tags":[5485,2633,2189,6429,6990,1825],"class_list":["post-422876","post","type-post","status-publish","format-standard","has-post-thumbnail","hentry","category-noticias","category-politica","tag-catalunha","tag-direitos-humanos","tag-espana","tag-mortes","tag-negligencia","tag-violacao"],"yoast_head":"<!-- This site is optimized with the Yoast SEO plugin v27.2 - https:\/\/yoast.com\/product\/yoast-seo-wordpress\/ -->\n<title>Morre Noelia Castillo, jovem espanhola que esperou 600 dias pela eutan\u00e1sia - Portal Tela Portugal<\/title>\n<meta name=\"robots\" content=\"index, follow, max-snippet:-1, max-image-preview:large, max-video-preview:-1\" \/>\n<meta property=\"og:locale\" content=\"pt_PT\" \/>\n<meta property=\"og:type\" content=\"article\" \/>\n<meta property=\"og:title\" content=\"Morre Noelia Castillo, jovem espanhola que esperou 600 dias pela eutan\u00e1sia - Portal Tela Portugal\" \/>\n<meta property=\"og:description\" content=\"Noelia Castillo, 25 anos, morreu esta quinta-feira ap\u00f3s ser submetida \u00e0 eutan\u00e1sia, num processo que durou mais de um ano e meio, com recursos apresentados pelo pai e por uma associa\u00e7\u00e3o ultrarreligiosa que se opunha \u00e0 morte assistida. Cinco tribunais rejeitaram os recursos; a decis\u00e3o de prosseguir com a eutan\u00e1sia foi aprovada pela Comiss\u00e3o respons\u00e1vel, em julho de dois mil e vinte e quatro, ap\u00f3s a jovem dizer que queria partir para deixar de sofrer. A jovem ficou sob tutela do governo catal\u00e3o aos 13 anos, sofreu neglig\u00eancia parental, foi v\u00edtima de viola\u00e7\u00e3o em grupo em dois mil e vinte e dois que a deixou parapl\u00e9gica, e sofria de dores constantes e intenso sofrimento psicol\u00f3gico; o estado de sa\u00fade foi considerado n\u00e3o recuper\u00e1vel. Na v\u00e9spera, a associa\u00e7\u00e3o Advogados Crist\u00e3os promoveu uma vig\u00edlia \u00e0 porta da casa de repouso onde Noelia morava, depositando flores na Dire\u00e7\u00e3o-Geral de Prote\u00e7\u00e3o da Inf\u00e2ncia e da Adolesc\u00eancia; Noelia pediu que o processo ocorresse no quarto da resid\u00eancia, o seu espa\u00e7o de conforto. O caso reacendeu o debate sobre a morte medicamente assistida, com rea\u00e7\u00f5es do Governo espanhol e de v\u00e1rias figuras p\u00fablicas; desde a implementa\u00e7\u00e3o da lei, j\u00e1 s\u00e3o 1.123 pessoas a terem morte assistida at\u00e9 ao final de 2024.\" \/>\n<meta property=\"og:url\" content=\"https:\/\/portaltela.pt\/noticias\/2026\/03\/26\/morre-noelia-castillo-jovem-espanhola-que-esperou-600-dias-pela-eutanasia\/\" \/>\n<meta property=\"og:site_name\" content=\"Portal Tela Portugal\" \/>\n<meta property=\"article:published_time\" content=\"2026-03-26T20:08:51+00:00\" \/>\n<meta name=\"author\" content=\"Telinha\" \/>\n<meta name=\"twitter:card\" content=\"summary_large_image\" \/>\n<meta name=\"twitter:label1\" content=\"Escrito por\" \/>\n\t<meta name=\"twitter:data1\" content=\"Telinha\" \/>\n\t<meta name=\"twitter:label2\" content=\"Tempo estimado de leitura\" \/>\n\t<meta name=\"twitter:data2\" content=\"2 minutos\" \/>\n<script type=\"application\/ld+json\" class=\"yoast-schema-graph\">{\"@context\":\"https:\/\/schema.org\",\"@graph\":[{\"@type\":\"Article\",\"@id\":\"https:\/\/portaltela.pt\/noticias\/2026\/03\/26\/morre-noelia-castillo-jovem-espanhola-que-esperou-600-dias-pela-eutanasia\/#article\",\"isPartOf\":{\"@id\":\"https:\/\/portaltela.pt\/noticias\/2026\/03\/26\/morre-noelia-castillo-jovem-espanhola-que-esperou-600-dias-pela-eutanasia\/\"},\"author\":{\"name\":\"Telinha\",\"@id\":\"https:\/\/portaltela.pt\/#\/schema\/person\/c4278d4a6028830caff9ee44b42d32ed\"},\"headline\":\"Morre Noelia Castillo, jovem espanhola que esperou 600 dias pela eutan\u00e1sia\",\"datePublished\":\"2026-03-26T20:08:51+00:00\",\"mainEntityOfPage\":{\"@id\":\"https:\/\/portaltela.pt\/noticias\/2026\/03\/26\/morre-noelia-castillo-jovem-espanhola-que-esperou-600-dias-pela-eutanasia\/\"},\"wordCount\":369,\"image\":{\"@id\":\"https:\/\/portaltela.pt\/noticias\/2026\/03\/26\/morre-noelia-castillo-jovem-espanhola-que-esperou-600-dias-pela-eutanasia\/#primaryimage\"},\"thumbnailUrl\":\"https:\/\/portaltela.pt\/s.01k8rhncp4jt1\/2026\/03\/img_920x518uu2026-03-26-20-08-15-2429547.jpg\",\"keywords\":[\"Catalunha\",\"direitos humanos\",\"Espa\u00f1a\",\"mortes\",\"neglig\u00eancia\",\"viola\u00e7\u00e3o\"],\"articleSection\":[\"Not\u00edcias\",\"Pol\u00edtica\"],\"inLanguage\":\"pt-PT\"},{\"@type\":\"WebPage\",\"@id\":\"https:\/\/portaltela.pt\/noticias\/2026\/03\/26\/morre-noelia-castillo-jovem-espanhola-que-esperou-600-dias-pela-eutanasia\/\",\"url\":\"https:\/\/portaltela.pt\/noticias\/2026\/03\/26\/morre-noelia-castillo-jovem-espanhola-que-esperou-600-dias-pela-eutanasia\/\",\"name\":\"Morre Noelia Castillo, jovem espanhola que esperou 600 dias pela eutan\u00e1sia - Portal Tela Portugal\",\"isPartOf\":{\"@id\":\"https:\/\/portaltela.pt\/#website\"},\"primaryImageOfPage\":{\"@id\":\"https:\/\/portaltela.pt\/noticias\/2026\/03\/26\/morre-noelia-castillo-jovem-espanhola-que-esperou-600-dias-pela-eutanasia\/#primaryimage\"},\"image\":{\"@id\":\"https:\/\/portaltela.pt\/noticias\/2026\/03\/26\/morre-noelia-castillo-jovem-espanhola-que-esperou-600-dias-pela-eutanasia\/#primaryimage\"},\"thumbnailUrl\":\"https:\/\/portaltela.pt\/s.01k8rhncp4jt1\/2026\/03\/img_920x518uu2026-03-26-20-08-15-2429547.jpg\",\"datePublished\":\"2026-03-26T20:08:51+00:00\",\"author\":{\"@id\":\"https:\/\/portaltela.pt\/#\/schema\/person\/c4278d4a6028830caff9ee44b42d32ed\"},\"breadcrumb\":{\"@id\":\"https:\/\/portaltela.pt\/noticias\/2026\/03\/26\/morre-noelia-castillo-jovem-espanhola-que-esperou-600-dias-pela-eutanasia\/#breadcrumb\"},\"inLanguage\":\"pt-PT\",\"potentialAction\":[{\"@type\":\"ReadAction\",\"target\":[\"https:\/\/portaltela.pt\/noticias\/2026\/03\/26\/morre-noelia-castillo-jovem-espanhola-que-esperou-600-dias-pela-eutanasia\/\"]}]},{\"@type\":\"ImageObject\",\"inLanguage\":\"pt-PT\",\"@id\":\"https:\/\/portaltela.pt\/noticias\/2026\/03\/26\/morre-noelia-castillo-jovem-espanhola-que-esperou-600-dias-pela-eutanasia\/#primaryimage\",\"url\":\"https:\/\/portaltela.pt\/s.01k8rhncp4jt1\/2026\/03\/img_920x518uu2026-03-26-20-08-15-2429547.jpg\",\"contentUrl\":\"https:\/\/portaltela.pt\/s.01k8rhncp4jt1\/2026\/03\/img_920x518uu2026-03-26-20-08-15-2429547.jpg\",\"width\":920,\"height\":518,\"caption\":\"Noelia Castillo\"},{\"@type\":\"BreadcrumbList\",\"@id\":\"https:\/\/portaltela.pt\/noticias\/2026\/03\/26\/morre-noelia-castillo-jovem-espanhola-que-esperou-600-dias-pela-eutanasia\/#breadcrumb\",\"itemListElement\":[{\"@type\":\"ListItem\",\"position\":1,\"name\":\"In\u00edcio\",\"item\":\"https:\/\/portaltela.pt\/\"},{\"@type\":\"ListItem\",\"position\":2,\"name\":\"Morre Noelia Castillo, jovem espanhola que esperou 600 dias pela eutan\u00e1sia\"}]},{\"@type\":\"WebSite\",\"@id\":\"https:\/\/portaltela.pt\/#website\",\"url\":\"https:\/\/portaltela.pt\/\",\"name\":\"Portal Tela Portugal\",\"description\":\"\",\"potentialAction\":[{\"@type\":\"SearchAction\",\"target\":{\"@type\":\"EntryPoint\",\"urlTemplate\":\"https:\/\/portaltela.pt\/?s={search_term_string}\"},\"query-input\":{\"@type\":\"PropertyValueSpecification\",\"valueRequired\":true,\"valueName\":\"search_term_string\"}}],\"inLanguage\":\"pt-PT\"},{\"@type\":\"Person\",\"@id\":\"https:\/\/portaltela.pt\/#\/schema\/person\/c4278d4a6028830caff9ee44b42d32ed\",\"name\":\"Telinha\",\"image\":{\"@type\":\"ImageObject\",\"inLanguage\":\"pt-PT\",\"@id\":\"https:\/\/portaltela.pt\/s.01k8rhncp4jt1\/2025\/11\/talking-bot-125x125.png\",\"url\":\"https:\/\/portaltela.pt\/s.01k8rhncp4jt1\/2025\/11\/talking-bot-125x125.png\",\"contentUrl\":\"https:\/\/portaltela.pt\/s.01k8rhncp4jt1\/2025\/11\/talking-bot-125x125.png\",\"caption\":\"Telinha\"},\"sameAs\":[\"https:\/\/portaltela.pt\/\"],\"url\":\"https:\/\/portaltela.pt\/por\/367410592786\/\"}]}<\/script>\n<!-- \/ Yoast SEO plugin. -->","yoast_head_json":{"title":"Morre Noelia Castillo, jovem espanhola que esperou 600 dias pela eutan\u00e1sia - Portal Tela Portugal","robots":{"index":"index","follow":"follow","max-snippet":"max-snippet:-1","max-image-preview":"max-image-preview:large","max-video-preview":"max-video-preview:-1"},"og_locale":"pt_PT","og_type":"article","og_title":"Morre Noelia Castillo, jovem espanhola que esperou 600 dias pela eutan\u00e1sia - Portal Tela Portugal","og_description":"Noelia Castillo, 25 anos, morreu esta quinta-feira ap\u00f3s ser submetida \u00e0 eutan\u00e1sia, num processo que durou mais de um ano e meio, com recursos apresentados pelo pai e por uma associa\u00e7\u00e3o ultrarreligiosa que se opunha \u00e0 morte assistida. Cinco tribunais rejeitaram os recursos; a decis\u00e3o de prosseguir com a eutan\u00e1sia foi aprovada pela Comiss\u00e3o respons\u00e1vel, em julho de dois mil e vinte e quatro, ap\u00f3s a jovem dizer que queria partir para deixar de sofrer. A jovem ficou sob tutela do governo catal\u00e3o aos 13 anos, sofreu neglig\u00eancia parental, foi v\u00edtima de viola\u00e7\u00e3o em grupo em dois mil e vinte e dois que a deixou parapl\u00e9gica, e sofria de dores constantes e intenso sofrimento psicol\u00f3gico; o estado de sa\u00fade foi considerado n\u00e3o recuper\u00e1vel. Na v\u00e9spera, a associa\u00e7\u00e3o Advogados Crist\u00e3os promoveu uma vig\u00edlia \u00e0 porta da casa de repouso onde Noelia morava, depositando flores na Dire\u00e7\u00e3o-Geral de Prote\u00e7\u00e3o da Inf\u00e2ncia e da Adolesc\u00eancia; Noelia pediu que o processo ocorresse no quarto da resid\u00eancia, o seu espa\u00e7o de conforto. O caso reacendeu o debate sobre a morte medicamente assistida, com rea\u00e7\u00f5es do Governo espanhol e de v\u00e1rias figuras p\u00fablicas; desde a implementa\u00e7\u00e3o da lei, j\u00e1 s\u00e3o 1.123 pessoas a terem morte assistida at\u00e9 ao final de 2024.","og_url":"https:\/\/portaltela.pt\/noticias\/2026\/03\/26\/morre-noelia-castillo-jovem-espanhola-que-esperou-600-dias-pela-eutanasia\/","og_site_name":"Portal Tela Portugal","article_published_time":"2026-03-26T20:08:51+00:00","author":"Telinha","twitter_card":"summary_large_image","twitter_misc":{"Escrito por":"Telinha","Tempo estimado de leitura":"2 minutos"},"schema":{"@context":"https:\/\/schema.org","@graph":[{"@type":"Article","@id":"https:\/\/portaltela.pt\/noticias\/2026\/03\/26\/morre-noelia-castillo-jovem-espanhola-que-esperou-600-dias-pela-eutanasia\/#article","isPartOf":{"@id":"https:\/\/portaltela.pt\/noticias\/2026\/03\/26\/morre-noelia-castillo-jovem-espanhola-que-esperou-600-dias-pela-eutanasia\/"},"author":{"name":"Telinha","@id":"https:\/\/portaltela.pt\/#\/schema\/person\/c4278d4a6028830caff9ee44b42d32ed"},"headline":"Morre Noelia Castillo, jovem espanhola que esperou 600 dias pela eutan\u00e1sia","datePublished":"2026-03-26T20:08:51+00:00","mainEntityOfPage":{"@id":"https:\/\/portaltela.pt\/noticias\/2026\/03\/26\/morre-noelia-castillo-jovem-espanhola-que-esperou-600-dias-pela-eutanasia\/"},"wordCount":369,"image":{"@id":"https:\/\/portaltela.pt\/noticias\/2026\/03\/26\/morre-noelia-castillo-jovem-espanhola-que-esperou-600-dias-pela-eutanasia\/#primaryimage"},"thumbnailUrl":"https:\/\/portaltela.pt\/s.01k8rhncp4jt1\/2026\/03\/img_920x518uu2026-03-26-20-08-15-2429547.jpg","keywords":["Catalunha","direitos humanos","Espa\u00f1a","mortes","neglig\u00eancia","viola\u00e7\u00e3o"],"articleSection":["Not\u00edcias","Pol\u00edtica"],"inLanguage":"pt-PT"},{"@type":"WebPage","@id":"https:\/\/portaltela.pt\/noticias\/2026\/03\/26\/morre-noelia-castillo-jovem-espanhola-que-esperou-600-dias-pela-eutanasia\/","url":"https:\/\/portaltela.pt\/noticias\/2026\/03\/26\/morre-noelia-castillo-jovem-espanhola-que-esperou-600-dias-pela-eutanasia\/","name":"Morre Noelia Castillo, jovem espanhola que esperou 600 dias pela eutan\u00e1sia - Portal Tela Portugal","isPartOf":{"@id":"https:\/\/portaltela.pt\/#website"},"primaryImageOfPage":{"@id":"https:\/\/portaltela.pt\/noticias\/2026\/03\/26\/morre-noelia-castillo-jovem-espanhola-que-esperou-600-dias-pela-eutanasia\/#primaryimage"},"image":{"@id":"https:\/\/portaltela.pt\/noticias\/2026\/03\/26\/morre-noelia-castillo-jovem-espanhola-que-esperou-600-dias-pela-eutanasia\/#primaryimage"},"thumbnailUrl":"https:\/\/portaltela.pt\/s.01k8rhncp4jt1\/2026\/03\/img_920x518uu2026-03-26-20-08-15-2429547.jpg","datePublished":"2026-03-26T20:08:51+00:00","author":{"@id":"https:\/\/portaltela.pt\/#\/schema\/person\/c4278d4a6028830caff9ee44b42d32ed"},"breadcrumb":{"@id":"https:\/\/portaltela.pt\/noticias\/2026\/03\/26\/morre-noelia-castillo-jovem-espanhola-que-esperou-600-dias-pela-eutanasia\/#breadcrumb"},"inLanguage":"pt-PT","potentialAction":[{"@type":"ReadAction","target":["https:\/\/portaltela.pt\/noticias\/2026\/03\/26\/morre-noelia-castillo-jovem-espanhola-que-esperou-600-dias-pela-eutanasia\/"]}]},{"@type":"ImageObject","inLanguage":"pt-PT","@id":"https:\/\/portaltela.pt\/noticias\/2026\/03\/26\/morre-noelia-castillo-jovem-espanhola-que-esperou-600-dias-pela-eutanasia\/#primaryimage","url":"https:\/\/portaltela.pt\/s.01k8rhncp4jt1\/2026\/03\/img_920x518uu2026-03-26-20-08-15-2429547.jpg","contentUrl":"https:\/\/portaltela.pt\/s.01k8rhncp4jt1\/2026\/03\/img_920x518uu2026-03-26-20-08-15-2429547.jpg","width":920,"height":518,"caption":"Noelia Castillo"},{"@type":"BreadcrumbList","@id":"https:\/\/portaltela.pt\/noticias\/2026\/03\/26\/morre-noelia-castillo-jovem-espanhola-que-esperou-600-dias-pela-eutanasia\/#breadcrumb","itemListElement":[{"@type":"ListItem","position":1,"name":"In\u00edcio","item":"https:\/\/portaltela.pt\/"},{"@type":"ListItem","position":2,"name":"Morre Noelia Castillo, jovem espanhola que esperou 600 dias pela eutan\u00e1sia"}]},{"@type":"WebSite","@id":"https:\/\/portaltela.pt\/#website","url":"https:\/\/portaltela.pt\/","name":"Portal Tela Portugal","description":"","potentialAction":[{"@type":"SearchAction","target":{"@type":"EntryPoint","urlTemplate":"https:\/\/portaltela.pt\/?s={search_term_string}"},"query-input":{"@type":"PropertyValueSpecification","valueRequired":true,"valueName":"search_term_string"}}],"inLanguage":"pt-PT"},{"@type":"Person","@id":"https:\/\/portaltela.pt\/#\/schema\/person\/c4278d4a6028830caff9ee44b42d32ed","name":"Telinha","image":{"@type":"ImageObject","inLanguage":"pt-PT","@id":"https:\/\/portaltela.pt\/s.01k8rhncp4jt1\/2025\/11\/talking-bot-125x125.png","url":"https:\/\/portaltela.pt\/s.01k8rhncp4jt1\/2025\/11\/talking-bot-125x125.png","contentUrl":"https:\/\/portaltela.pt\/s.01k8rhncp4jt1\/2025\/11\/talking-bot-125x125.png","caption":"Telinha"},"sameAs":["https:\/\/portaltela.pt\/"],"url":"https:\/\/portaltela.pt\/por\/367410592786\/"}]}},"_links":{"self":[{"href":"https:\/\/portaltela.pt\/api\/wp\/v2\/posts\/422876","targetHints":{"allow":["GET"]}}],"collection":[{"href":"https:\/\/portaltela.pt\/api\/wp\/v2\/posts"}],"about":[{"href":"https:\/\/portaltela.pt\/api\/wp\/v2\/types\/post"}],"author":[{"embeddable":true,"href":"https:\/\/portaltela.pt\/api\/wp\/v2\/users\/2"}],"replies":[{"embeddable":true,"href":"https:\/\/portaltela.pt\/api\/wp\/v2\/comments?post=422876"}],"version-history":[{"count":0,"href":"https:\/\/portaltela.pt\/api\/wp\/v2\/posts\/422876\/revisions"}],"wp:featuredmedia":[{"embeddable":true,"href":"https:\/\/portaltela.pt\/api\/wp\/v2\/media\/422877"}],"wp:attachment":[{"href":"https:\/\/portaltela.pt\/api\/wp\/v2\/media?parent=422876"}],"wp:term":[{"taxonomy":"category","embeddable":true,"href":"https:\/\/portaltela.pt\/api\/wp\/v2\/categories?post=422876"},{"taxonomy":"post_tag","embeddable":true,"href":"https:\/\/portaltela.pt\/api\/wp\/v2\/tags?post=422876"}],"curies":[{"name":"wp","href":"https:\/\/api.w.org\/{rel}","templated":true}]}}