{"id":422875,"date":"2026-03-26T17:14:16","date_gmt":"2026-03-26T20:14:16","guid":{"rendered":"https:\/\/portaltela.pt\/noticias\/2026\/03\/26\/projeto-de-lei-da-il-para-alterar-a-lei-de-bases-do-clima-e-chumbado\/"},"modified":"2026-03-26T17:14:16","modified_gmt":"2026-03-26T20:14:16","slug":"projeto-de-lei-da-il-para-alterar-a-lei-de-bases-do-clima-e-chumbado","status":"publish","type":"post","link":"https:\/\/portaltela.pt\/meio-ambiente\/2026\/03\/26\/projeto-de-lei-da-il-para-alterar-a-lei-de-bases-do-clima-e-chumbado\/","title":{"rendered":"Projeto de lei da IL para alterar a Lei de Bases do Clima \u00e9 chumbado"},"content":{"rendered":"<p>A IL viu o seu projecto de lei para alterar a Lei de Bases do Clima chumbado pela Assembleia da Rep\u00fablica. A vota\u00e7\u00e3o na generalidade ocorreu esta quinta-feira, com apenas os votos a favor da IL e do Chega. O PSD, o PS, o Livre, o PCP, o BE, o PAN e o JPP votaram contra, e o CDS\/PP absteve-se.<\/p>\n<p>O texto pretendia revogar dezenas de artigos da Lei de Bases do Clima, uma medida que j\u00e1 gerou forte contesta\u00e7\u00e3o entre ambientalistas. Em plen\u00e1rio, o debate destacou objec\u00e7\u00f5es a impactos ambientais e a medidas associadas a direitos clim\u00e1ticos.<\/p>\n<p>Em 30 de janeiro, o projecto tinha baixado \u00e0 comiss\u00e3o sem vota\u00e7\u00e3o, depois de ter sido votado favoravelmente em plen\u00e1rio um requerimento do IL. O tema dominou o debate, com partidos de oposi\u00e7\u00e3o a rejeitarem o conte\u00fado.<\/p>\n<p>Quatro anos ap\u00f3s a entrada em vigor da LBC, o parlamento tamb\u00e9m discutiu outros projetos relacionados. O foco principal manteve-se na proposta da IL, considerada pol\u00e9mica por alterar aspetos estruturais da legisla\u00e7\u00e3o clim\u00e1tica.<\/p>\n<p>Entre as propostas da IL estavam a remo\u00e7\u00e3o da refer\u00eancia \u00e0 emerg\u00eancia clim\u00e1tica, a elimina\u00e7\u00e3o de alguns direitos ambientais e a autoriza\u00e7\u00e3o de novas prospe\u00e7\u00f5es de petr\u00f3leo e g\u00e1s em Portugal, entre outras medidas graves para ambientalistas.<\/p>\n<p>A vota\u00e7\u00e3o de hoje refor\u00e7a o alinhamento entre a IL e o Chega, frente a uma moldura pol\u00edtica que inclui v\u00e1rias forma\u00e7\u00f5es oposicionistas com posi\u00e7\u00f5es distintas sobre o clima e o ambiente.<\/p>\n","protected":false},"excerpt":{"rendered":"<ul>\n<li>O projeto de lei da Iniciativa Liberal para alterar a Lei de Bases do Clima foi chumbado na Assembleia da Rep\u00fablica, com votos favor\u00e1veis apenas da IL e do Chega.<\/li>\n<li>Votaram contra o PSD, PS, Livre, PCP, Bloco de Esquerda, PAN e JPP; a CDS-PP absteve-se.<\/li>\n<li>No dia trinta de janeiro, a proposta tinha baixado \u00e0 comiss\u00e3o sem vota\u00e7\u00e3o, depois de ter sido votada favoravelmente em plen\u00e1rio um requerimento do IL.<\/li>\n<li>O plen\u00e1rio discutiu o projeto, que foi pol\u00e9mico e n\u00e3o teve o apoio de v\u00e1rios partidos, incluindo o PSD e o PS.<\/li>\n<li>Quatro anos ap\u00f3s a entrada em vigor da LBC, foi debatido tamb\u00e9m outros projetos relacionados, mas o da IL foi o mais pol\u00e9mico, propondo a revoga\u00e7\u00e3o de dezenas de artigos e, entre outras medidas, retirar a refer\u00eancia \u00e0 emerg\u00eancia clim\u00e1tica, eliminar direitos ambientais e permitir novas prospe\u00e7\u00f5es e explora\u00e7\u00f5es de petr\u00f3leo e g\u00e1s.<\/li>\n<\/ul>\n","protected":false},"author":2,"featured_media":422878,"comment_status":"closed","ping_status":"closed","sticky":false,"template":"","format":"standard","meta":{"footnotes":""},"categories":[6725],"tags":[167,5224,5190,5539,45,2832],"class_list":["post-422875","post","type-post","status-publish","format-standard","has-post-thumbnail","hentry","category-meio-ambiente","tag-ambiente","tag-clima","tag-legislacao-ambiental","tag-lei","tag-meio-ambiente","tag-politica"],"yoast_head":"<!-- This site is optimized with the Yoast SEO plugin v27.2 - https:\/\/yoast.com\/product\/yoast-seo-wordpress\/ -->\n<title>Projeto de lei da IL para alterar a Lei de Bases do Clima \u00e9 chumbado - Portal Tela Portugal<\/title>\n<meta name=\"robots\" content=\"index, follow, max-snippet:-1, max-image-preview:large, max-video-preview:-1\" \/>\n<meta property=\"og:locale\" content=\"pt_PT\" \/>\n<meta property=\"og:type\" content=\"article\" \/>\n<meta property=\"og:title\" content=\"Projeto de lei da IL para alterar a Lei de Bases do Clima \u00e9 chumbado - Portal Tela Portugal\" \/>\n<meta property=\"og:description\" content=\"O projeto de lei da Iniciativa Liberal para alterar a Lei de Bases do Clima foi chumbado na Assembleia da Rep\u00fablica, com votos favor\u00e1veis apenas da IL e do Chega. Votaram contra o PSD, PS, Livre, PCP, Bloco de Esquerda, PAN e JPP; a CDS-PP absteve-se. No dia trinta de janeiro, a proposta tinha baixado \u00e0 comiss\u00e3o sem vota\u00e7\u00e3o, depois de ter sido votada favoravelmente em plen\u00e1rio um requerimento do IL. O plen\u00e1rio discutiu o projeto, que foi pol\u00e9mico e n\u00e3o teve o apoio de v\u00e1rios partidos, incluindo o PSD e o PS. Quatro anos ap\u00f3s a entrada em vigor da LBC, foi debatido tamb\u00e9m outros projetos relacionados, mas o da IL foi o mais pol\u00e9mico, propondo a revoga\u00e7\u00e3o de dezenas de artigos e, entre outras medidas, retirar a refer\u00eancia \u00e0 emerg\u00eancia clim\u00e1tica, eliminar direitos ambientais e permitir novas prospe\u00e7\u00f5es e explora\u00e7\u00f5es de petr\u00f3leo e g\u00e1s.\" \/>\n<meta property=\"og:url\" content=\"https:\/\/portaltela.pt\/noticias\/2026\/03\/26\/projeto-de-lei-da-il-para-alterar-a-lei-de-bases-do-clima-e-chumbado\/\" \/>\n<meta property=\"og:site_name\" content=\"Portal Tela Portugal\" \/>\n<meta property=\"article:published_time\" content=\"2026-03-26T20:14:16+00:00\" \/>\n<meta name=\"author\" content=\"Telinha\" \/>\n<meta name=\"twitter:card\" content=\"summary_large_image\" \/>\n<meta name=\"twitter:label1\" content=\"Escrito por\" \/>\n\t<meta name=\"twitter:data1\" content=\"Telinha\" \/>\n\t<meta name=\"twitter:label2\" content=\"Tempo estimado de leitura\" \/>\n\t<meta name=\"twitter:data2\" content=\"1 minuto\" \/>\n<script type=\"application\/ld+json\" class=\"yoast-schema-graph\">{\"@context\":\"https:\/\/schema.org\",\"@graph\":[{\"@type\":\"Article\",\"@id\":\"https:\/\/portaltela.pt\/noticias\/2026\/03\/26\/projeto-de-lei-da-il-para-alterar-a-lei-de-bases-do-clima-e-chumbado\/#article\",\"isPartOf\":{\"@id\":\"https:\/\/portaltela.pt\/noticias\/2026\/03\/26\/projeto-de-lei-da-il-para-alterar-a-lei-de-bases-do-clima-e-chumbado\/\"},\"author\":{\"name\":\"Telinha\",\"@id\":\"https:\/\/portaltela.pt\/#\/schema\/person\/c4278d4a6028830caff9ee44b42d32ed\"},\"headline\":\"Projeto de lei da IL para alterar a Lei de Bases do Clima \u00e9 chumbado\",\"datePublished\":\"2026-03-26T20:14:16+00:00\",\"mainEntityOfPage\":{\"@id\":\"https:\/\/portaltela.pt\/noticias\/2026\/03\/26\/projeto-de-lei-da-il-para-alterar-a-lei-de-bases-do-clima-e-chumbado\/\"},\"wordCount\":280,\"image\":{\"@id\":\"https:\/\/portaltela.pt\/noticias\/2026\/03\/26\/projeto-de-lei-da-il-para-alterar-a-lei-de-bases-do-clima-e-chumbado\/#primaryimage\"},\"thumbnailUrl\":\"https:\/\/portaltela.pt\/s.01k8rhncp4jt1\/2026\/03\/img_1500x1000uu2025-06-24-15-28-24-2218346.jpg\",\"keywords\":[\"ambiente\",\"clima\",\"legisla\u00e7\u00e3o ambiental\",\"lei\",\"meio-ambiente\",\"pol\u00edtica\"],\"articleSection\":[\"Meio Ambiente\"],\"inLanguage\":\"pt-PT\"},{\"@type\":\"WebPage\",\"@id\":\"https:\/\/portaltela.pt\/noticias\/2026\/03\/26\/projeto-de-lei-da-il-para-alterar-a-lei-de-bases-do-clima-e-chumbado\/\",\"url\":\"https:\/\/portaltela.pt\/noticias\/2026\/03\/26\/projeto-de-lei-da-il-para-alterar-a-lei-de-bases-do-clima-e-chumbado\/\",\"name\":\"Projeto de lei da IL para alterar a Lei de Bases do Clima \u00e9 chumbado - Portal Tela Portugal\",\"isPartOf\":{\"@id\":\"https:\/\/portaltela.pt\/#website\"},\"primaryImageOfPage\":{\"@id\":\"https:\/\/portaltela.pt\/noticias\/2026\/03\/26\/projeto-de-lei-da-il-para-alterar-a-lei-de-bases-do-clima-e-chumbado\/#primaryimage\"},\"image\":{\"@id\":\"https:\/\/portaltela.pt\/noticias\/2026\/03\/26\/projeto-de-lei-da-il-para-alterar-a-lei-de-bases-do-clima-e-chumbado\/#primaryimage\"},\"thumbnailUrl\":\"https:\/\/portaltela.pt\/s.01k8rhncp4jt1\/2026\/03\/img_1500x1000uu2025-06-24-15-28-24-2218346.jpg\",\"datePublished\":\"2026-03-26T20:14:16+00:00\",\"author\":{\"@id\":\"https:\/\/portaltela.pt\/#\/schema\/person\/c4278d4a6028830caff9ee44b42d32ed\"},\"breadcrumb\":{\"@id\":\"https:\/\/portaltela.pt\/noticias\/2026\/03\/26\/projeto-de-lei-da-il-para-alterar-a-lei-de-bases-do-clima-e-chumbado\/#breadcrumb\"},\"inLanguage\":\"pt-PT\",\"potentialAction\":[{\"@type\":\"ReadAction\",\"target\":[\"https:\/\/portaltela.pt\/noticias\/2026\/03\/26\/projeto-de-lei-da-il-para-alterar-a-lei-de-bases-do-clima-e-chumbado\/\"]}]},{\"@type\":\"ImageObject\",\"inLanguage\":\"pt-PT\",\"@id\":\"https:\/\/portaltela.pt\/noticias\/2026\/03\/26\/projeto-de-lei-da-il-para-alterar-a-lei-de-bases-do-clima-e-chumbado\/#primaryimage\",\"url\":\"https:\/\/portaltela.pt\/s.01k8rhncp4jt1\/2026\/03\/img_1500x1000uu2025-06-24-15-28-24-2218346.jpg\",\"contentUrl\":\"https:\/\/portaltela.pt\/s.01k8rhncp4jt1\/2026\/03\/img_1500x1000uu2025-06-24-15-28-24-2218346.jpg\",\"width\":1500,\"height\":1000,\"caption\":\"Natureza, clima\"},{\"@type\":\"BreadcrumbList\",\"@id\":\"https:\/\/portaltela.pt\/noticias\/2026\/03\/26\/projeto-de-lei-da-il-para-alterar-a-lei-de-bases-do-clima-e-chumbado\/#breadcrumb\",\"itemListElement\":[{\"@type\":\"ListItem\",\"position\":1,\"name\":\"In\u00edcio\",\"item\":\"https:\/\/portaltela.pt\/\"},{\"@type\":\"ListItem\",\"position\":2,\"name\":\"Projeto de lei da IL para alterar a Lei de Bases do Clima \u00e9 chumbado\"}]},{\"@type\":\"WebSite\",\"@id\":\"https:\/\/portaltela.pt\/#website\",\"url\":\"https:\/\/portaltela.pt\/\",\"name\":\"Portal Tela Portugal\",\"description\":\"\",\"potentialAction\":[{\"@type\":\"SearchAction\",\"target\":{\"@type\":\"EntryPoint\",\"urlTemplate\":\"https:\/\/portaltela.pt\/?s={search_term_string}\"},\"query-input\":{\"@type\":\"PropertyValueSpecification\",\"valueRequired\":true,\"valueName\":\"search_term_string\"}}],\"inLanguage\":\"pt-PT\"},{\"@type\":\"Person\",\"@id\":\"https:\/\/portaltela.pt\/#\/schema\/person\/c4278d4a6028830caff9ee44b42d32ed\",\"name\":\"Telinha\",\"image\":{\"@type\":\"ImageObject\",\"inLanguage\":\"pt-PT\",\"@id\":\"https:\/\/portaltela.pt\/s.01k8rhncp4jt1\/2025\/11\/talking-bot-125x125.png\",\"url\":\"https:\/\/portaltela.pt\/s.01k8rhncp4jt1\/2025\/11\/talking-bot-125x125.png\",\"contentUrl\":\"https:\/\/portaltela.pt\/s.01k8rhncp4jt1\/2025\/11\/talking-bot-125x125.png\",\"caption\":\"Telinha\"},\"sameAs\":[\"https:\/\/portaltela.pt\/\"],\"url\":\"https:\/\/portaltela.pt\/por\/367410592786\/\"}]}<\/script>\n<!-- \/ Yoast SEO plugin. -->","yoast_head_json":{"title":"Projeto de lei da IL para alterar a Lei de Bases do Clima \u00e9 chumbado - Portal Tela Portugal","robots":{"index":"index","follow":"follow","max-snippet":"max-snippet:-1","max-image-preview":"max-image-preview:large","max-video-preview":"max-video-preview:-1"},"og_locale":"pt_PT","og_type":"article","og_title":"Projeto de lei da IL para alterar a Lei de Bases do Clima \u00e9 chumbado - Portal Tela Portugal","og_description":"O projeto de lei da Iniciativa Liberal para alterar a Lei de Bases do Clima foi chumbado na Assembleia da Rep\u00fablica, com votos favor\u00e1veis apenas da IL e do Chega. Votaram contra o PSD, PS, Livre, PCP, Bloco de Esquerda, PAN e JPP; a CDS-PP absteve-se. No dia trinta de janeiro, a proposta tinha baixado \u00e0 comiss\u00e3o sem vota\u00e7\u00e3o, depois de ter sido votada favoravelmente em plen\u00e1rio um requerimento do IL. O plen\u00e1rio discutiu o projeto, que foi pol\u00e9mico e n\u00e3o teve o apoio de v\u00e1rios partidos, incluindo o PSD e o PS. Quatro anos ap\u00f3s a entrada em vigor da LBC, foi debatido tamb\u00e9m outros projetos relacionados, mas o da IL foi o mais pol\u00e9mico, propondo a revoga\u00e7\u00e3o de dezenas de artigos e, entre outras medidas, retirar a refer\u00eancia \u00e0 emerg\u00eancia clim\u00e1tica, eliminar direitos ambientais e permitir novas prospe\u00e7\u00f5es e explora\u00e7\u00f5es de petr\u00f3leo e g\u00e1s.","og_url":"https:\/\/portaltela.pt\/noticias\/2026\/03\/26\/projeto-de-lei-da-il-para-alterar-a-lei-de-bases-do-clima-e-chumbado\/","og_site_name":"Portal Tela Portugal","article_published_time":"2026-03-26T20:14:16+00:00","author":"Telinha","twitter_card":"summary_large_image","twitter_misc":{"Escrito por":"Telinha","Tempo estimado de leitura":"1 minuto"},"schema":{"@context":"https:\/\/schema.org","@graph":[{"@type":"Article","@id":"https:\/\/portaltela.pt\/noticias\/2026\/03\/26\/projeto-de-lei-da-il-para-alterar-a-lei-de-bases-do-clima-e-chumbado\/#article","isPartOf":{"@id":"https:\/\/portaltela.pt\/noticias\/2026\/03\/26\/projeto-de-lei-da-il-para-alterar-a-lei-de-bases-do-clima-e-chumbado\/"},"author":{"name":"Telinha","@id":"https:\/\/portaltela.pt\/#\/schema\/person\/c4278d4a6028830caff9ee44b42d32ed"},"headline":"Projeto de lei da IL para alterar a Lei de Bases do Clima \u00e9 chumbado","datePublished":"2026-03-26T20:14:16+00:00","mainEntityOfPage":{"@id":"https:\/\/portaltela.pt\/noticias\/2026\/03\/26\/projeto-de-lei-da-il-para-alterar-a-lei-de-bases-do-clima-e-chumbado\/"},"wordCount":280,"image":{"@id":"https:\/\/portaltela.pt\/noticias\/2026\/03\/26\/projeto-de-lei-da-il-para-alterar-a-lei-de-bases-do-clima-e-chumbado\/#primaryimage"},"thumbnailUrl":"https:\/\/portaltela.pt\/s.01k8rhncp4jt1\/2026\/03\/img_1500x1000uu2025-06-24-15-28-24-2218346.jpg","keywords":["ambiente","clima","legisla\u00e7\u00e3o ambiental","lei","meio-ambiente","pol\u00edtica"],"articleSection":["Meio Ambiente"],"inLanguage":"pt-PT"},{"@type":"WebPage","@id":"https:\/\/portaltela.pt\/noticias\/2026\/03\/26\/projeto-de-lei-da-il-para-alterar-a-lei-de-bases-do-clima-e-chumbado\/","url":"https:\/\/portaltela.pt\/noticias\/2026\/03\/26\/projeto-de-lei-da-il-para-alterar-a-lei-de-bases-do-clima-e-chumbado\/","name":"Projeto de lei da IL para alterar a Lei de Bases do Clima \u00e9 chumbado - Portal Tela Portugal","isPartOf":{"@id":"https:\/\/portaltela.pt\/#website"},"primaryImageOfPage":{"@id":"https:\/\/portaltela.pt\/noticias\/2026\/03\/26\/projeto-de-lei-da-il-para-alterar-a-lei-de-bases-do-clima-e-chumbado\/#primaryimage"},"image":{"@id":"https:\/\/portaltela.pt\/noticias\/2026\/03\/26\/projeto-de-lei-da-il-para-alterar-a-lei-de-bases-do-clima-e-chumbado\/#primaryimage"},"thumbnailUrl":"https:\/\/portaltela.pt\/s.01k8rhncp4jt1\/2026\/03\/img_1500x1000uu2025-06-24-15-28-24-2218346.jpg","datePublished":"2026-03-26T20:14:16+00:00","author":{"@id":"https:\/\/portaltela.pt\/#\/schema\/person\/c4278d4a6028830caff9ee44b42d32ed"},"breadcrumb":{"@id":"https:\/\/portaltela.pt\/noticias\/2026\/03\/26\/projeto-de-lei-da-il-para-alterar-a-lei-de-bases-do-clima-e-chumbado\/#breadcrumb"},"inLanguage":"pt-PT","potentialAction":[{"@type":"ReadAction","target":["https:\/\/portaltela.pt\/noticias\/2026\/03\/26\/projeto-de-lei-da-il-para-alterar-a-lei-de-bases-do-clima-e-chumbado\/"]}]},{"@type":"ImageObject","inLanguage":"pt-PT","@id":"https:\/\/portaltela.pt\/noticias\/2026\/03\/26\/projeto-de-lei-da-il-para-alterar-a-lei-de-bases-do-clima-e-chumbado\/#primaryimage","url":"https:\/\/portaltela.pt\/s.01k8rhncp4jt1\/2026\/03\/img_1500x1000uu2025-06-24-15-28-24-2218346.jpg","contentUrl":"https:\/\/portaltela.pt\/s.01k8rhncp4jt1\/2026\/03\/img_1500x1000uu2025-06-24-15-28-24-2218346.jpg","width":1500,"height":1000,"caption":"Natureza, clima"},{"@type":"BreadcrumbList","@id":"https:\/\/portaltela.pt\/noticias\/2026\/03\/26\/projeto-de-lei-da-il-para-alterar-a-lei-de-bases-do-clima-e-chumbado\/#breadcrumb","itemListElement":[{"@type":"ListItem","position":1,"name":"In\u00edcio","item":"https:\/\/portaltela.pt\/"},{"@type":"ListItem","position":2,"name":"Projeto de lei da IL para alterar a Lei de Bases do Clima \u00e9 chumbado"}]},{"@type":"WebSite","@id":"https:\/\/portaltela.pt\/#website","url":"https:\/\/portaltela.pt\/","name":"Portal Tela Portugal","description":"","potentialAction":[{"@type":"SearchAction","target":{"@type":"EntryPoint","urlTemplate":"https:\/\/portaltela.pt\/?s={search_term_string}"},"query-input":{"@type":"PropertyValueSpecification","valueRequired":true,"valueName":"search_term_string"}}],"inLanguage":"pt-PT"},{"@type":"Person","@id":"https:\/\/portaltela.pt\/#\/schema\/person\/c4278d4a6028830caff9ee44b42d32ed","name":"Telinha","image":{"@type":"ImageObject","inLanguage":"pt-PT","@id":"https:\/\/portaltela.pt\/s.01k8rhncp4jt1\/2025\/11\/talking-bot-125x125.png","url":"https:\/\/portaltela.pt\/s.01k8rhncp4jt1\/2025\/11\/talking-bot-125x125.png","contentUrl":"https:\/\/portaltela.pt\/s.01k8rhncp4jt1\/2025\/11\/talking-bot-125x125.png","caption":"Telinha"},"sameAs":["https:\/\/portaltela.pt\/"],"url":"https:\/\/portaltela.pt\/por\/367410592786\/"}]}},"_links":{"self":[{"href":"https:\/\/portaltela.pt\/api\/wp\/v2\/posts\/422875","targetHints":{"allow":["GET"]}}],"collection":[{"href":"https:\/\/portaltela.pt\/api\/wp\/v2\/posts"}],"about":[{"href":"https:\/\/portaltela.pt\/api\/wp\/v2\/types\/post"}],"author":[{"embeddable":true,"href":"https:\/\/portaltela.pt\/api\/wp\/v2\/users\/2"}],"replies":[{"embeddable":true,"href":"https:\/\/portaltela.pt\/api\/wp\/v2\/comments?post=422875"}],"version-history":[{"count":0,"href":"https:\/\/portaltela.pt\/api\/wp\/v2\/posts\/422875\/revisions"}],"wp:featuredmedia":[{"embeddable":true,"href":"https:\/\/portaltela.pt\/api\/wp\/v2\/media\/422878"}],"wp:attachment":[{"href":"https:\/\/portaltela.pt\/api\/wp\/v2\/media?parent=422875"}],"wp:term":[{"taxonomy":"category","embeddable":true,"href":"https:\/\/portaltela.pt\/api\/wp\/v2\/categories?post=422875"},{"taxonomy":"post_tag","embeddable":true,"href":"https:\/\/portaltela.pt\/api\/wp\/v2\/tags?post=422875"}],"curies":[{"name":"wp","href":"https:\/\/api.w.org\/{rel}","templated":true}]}}