{"id":422873,"date":"2026-03-26T16:57:00","date_gmt":"2026-03-26T19:57:00","guid":{"rendered":"https:\/\/portaltela.pt\/noticias\/2026\/03\/26\/medico-recusa-liderar-inem-por-falta-de-garantias-sobre-helicopteros-de-emergencia\/"},"modified":"2026-03-26T16:57:00","modified_gmt":"2026-03-26T19:57:00","slug":"medico-recusa-liderar-inem-por-falta-de-garantias-sobre-helicopteros-de-emergencia","status":"publish","type":"post","link":"https:\/\/portaltela.pt\/saude\/2026\/03\/26\/medico-recusa-liderar-inem-por-falta-de-garantias-sobre-helicopteros-de-emergencia\/","title":{"rendered":"M\u00e9dico recusa liderar INEM por falta de garantias sobre helic\u00f3pteros de emerg\u00eancia"},"content":{"rendered":"<p>O m\u00e9dico V\u00edtor Almeida afirmou nesta quinta-feira, na comiss\u00e3o parlamentar de inqu\u00e9rito ao INEM, que recusou liderar o instituto em 2024 devido \u00e0 aus\u00eancia de garantias por escrito por parte do Minist\u00e9rio da Sa\u00fade sobre o servi\u00e7o de helic\u00f3pteros de emerg\u00eancia m\u00e9dica. A decis\u00e3o ocorreu ap\u00f3s ter sido convidado para o cargo.<\/p>\n<p>Segundo Almeida, a recusa baseou-se na falta de condi\u00e7\u00f5es claras para assegurar a continuidade e a qualidade do servi\u00e7o de transporte a\u00e9reo de emerg\u00eancia, sendo apontado que a solu\u00e7\u00e3o passaria por ajuste direto. O m\u00e9dico anestesista pediu garantias formais \u00e0 ministra da Sa\u00fade, Ana Paula Martins, para aceitar a presid\u00eancia.<\/p>\n<p>Em julho de 2024, o Governo escolheu Almeida para presidir ao INEM, mas poucos dias depois o m\u00e9dico recusou o cargo. O Minist\u00e9rio da Sa\u00fade nomeou S\u00e9rgio Dias Janeiro para substituir. A tutela informou que as conclus\u00f5es apontaram que n\u00e3o estavam reunidas as condi\u00e7\u00f5es profissionais e contextuais para a nomea\u00e7\u00e3o.<\/p>\n<h3>Proposta de refunda\u00e7\u00e3o do SIEM e comiss\u00f5es t\u00e9cnicas<\/h3>\n<p>Almeida afirmou ter proposto \u00e0 ministra a refunda\u00e7\u00e3o do INEM e do Sistema Integrado de Emerg\u00eancia M\u00e9dica, bem como a cria\u00e7\u00e3o de uma Comiss\u00e3o T\u00e9cnica Independente similar \u00e0quela criada ap\u00f3s os fogos florestais. O objetivo seria fortalecer a governan\u00e7a e a supervis\u00e3o do SIEM.<\/p>\n<p>O m\u00e9dico reagiu tamb\u00e9m ao relat\u00f3rio da Comiss\u00e3o T\u00e9cnica Independente, alegando erros factuais e imprecis\u00f5es que, na sua vis\u00e3o, fragilizam a an\u00e1lise. Disse que a comiss\u00e3o n\u00e3o o contactou e que o documento est\u00e1 a influenciar a discuss\u00e3o sobre a nova lei org\u00e2nica do INEM.<\/p>\n<p>Os debates ocorrem no \u00e2mbito da CPI ao INEM, criada para apurar responsabilidades durante a greve de t\u00e9cnicos de emerg\u00eancia no final de 2024 e a rela\u00e7\u00e3o entre as tutelas pol\u00edticas e o instituto desde 2019. A comiss\u00e3o tem 24 deputados.<\/p>\n","protected":false},"excerpt":{"rendered":"<ul>\n<li>O m\u00e9dico V\u00edtor Almeida recusou liderar o INEM em 2024 devido \u00e0 falta de garantias escritas da ministra da Sa\u00fade sobre o servi\u00e7o de helic\u00f3pteros de emerg\u00eancia m\u00e9dica.<\/li>\n<li>Aceitou o convite para presidir, mas explicou que n\u00e3o estavam reunidas as condi\u00e7\u00f5es para aceitar, o que levou o Minist\u00e9rio da Sa\u00fade a nomear S\u00e9rgio Dias Janeiro.<\/li>\n<li>Almeida revelou que prop\u00f4s refunda\u00e7\u00e3o do INEM e do Sistema Integrado de Emerg\u00eancia M\u00e9dica (SIEM) e a cria\u00e7\u00e3o de uma Comiss\u00e3o T\u00e9cnica Independente semelhante \u00e0 criada ap\u00f3s os fogos florestais.<\/li>\n<li>Manifestou descontentamento com o relat\u00f3rio da Comiss\u00e3o T\u00e9cnica Independente, dizendo que cont\u00e9m erros factuais e que n\u00e3o foi contactado pela comiss\u00e3o.<\/li>\n<li>Alertou que o tema est\u00e1 em discuss\u00e3o na nova lei org\u00e2nica do INEM, considerada de grande import\u00e2ncia para a seguran\u00e7a nacional, enquanto a CPI investiga a greve de fim de 2024 e as rela\u00e7\u00f5es com as tutelas desde 2019.<\/li>\n<\/ul>\n","protected":false},"author":2,"featured_media":422880,"comment_status":"closed","ping_status":"closed","sticky":false,"template":"","format":"standard","meta":{"footnotes":""},"categories":[1,6745],"tags":[3776,1041,5928,1164,1922,172],"class_list":["post-422873","post","type-post","status-publish","format-standard","has-post-thumbnail","hentry","category-noticias","category-saude","tag-comissao","tag-comissoes","tag-emergencia","tag-greve","tag-inem","tag-saude"],"yoast_head":"<!-- This site is optimized with the Yoast SEO plugin v27.2 - https:\/\/yoast.com\/product\/yoast-seo-wordpress\/ -->\n<title>M\u00e9dico recusa liderar INEM por falta de garantias sobre helic\u00f3pteros de emerg\u00eancia - Portal Tela Portugal<\/title>\n<meta name=\"robots\" content=\"index, follow, max-snippet:-1, max-image-preview:large, max-video-preview:-1\" \/>\n<meta property=\"og:locale\" content=\"pt_PT\" \/>\n<meta property=\"og:type\" content=\"article\" \/>\n<meta property=\"og:title\" content=\"M\u00e9dico recusa liderar INEM por falta de garantias sobre helic\u00f3pteros de emerg\u00eancia - Portal Tela Portugal\" \/>\n<meta property=\"og:description\" content=\"O m\u00e9dico V\u00edtor Almeida recusou liderar o INEM em 2024 devido \u00e0 falta de garantias escritas da ministra da Sa\u00fade sobre o servi\u00e7o de helic\u00f3pteros de emerg\u00eancia m\u00e9dica. Aceitou o convite para presidir, mas explicou que n\u00e3o estavam reunidas as condi\u00e7\u00f5es para aceitar, o que levou o Minist\u00e9rio da Sa\u00fade a nomear S\u00e9rgio Dias Janeiro. Almeida revelou que prop\u00f4s refunda\u00e7\u00e3o do INEM e do Sistema Integrado de Emerg\u00eancia M\u00e9dica (SIEM) e a cria\u00e7\u00e3o de uma Comiss\u00e3o T\u00e9cnica Independente semelhante \u00e0 criada ap\u00f3s os fogos florestais. Manifestou descontentamento com o relat\u00f3rio da Comiss\u00e3o T\u00e9cnica Independente, dizendo que cont\u00e9m erros factuais e que n\u00e3o foi contactado pela comiss\u00e3o. Alertou que o tema est\u00e1 em discuss\u00e3o na nova lei org\u00e2nica do INEM, considerada de grande import\u00e2ncia para a seguran\u00e7a nacional, enquanto a CPI investiga a greve de fim de 2024 e as rela\u00e7\u00f5es com as tutelas desde 2019.\" \/>\n<meta property=\"og:url\" content=\"https:\/\/portaltela.pt\/noticias\/2026\/03\/26\/medico-recusa-liderar-inem-por-falta-de-garantias-sobre-helicopteros-de-emergencia\/\" \/>\n<meta property=\"og:site_name\" content=\"Portal Tela Portugal\" \/>\n<meta property=\"article:published_time\" content=\"2026-03-26T19:57:00+00:00\" \/>\n<meta name=\"author\" content=\"Telinha\" \/>\n<meta name=\"twitter:card\" content=\"summary_large_image\" \/>\n<meta name=\"twitter:label1\" content=\"Escrito por\" \/>\n\t<meta name=\"twitter:data1\" content=\"Telinha\" \/>\n\t<meta name=\"twitter:label2\" content=\"Tempo estimado de leitura\" \/>\n\t<meta name=\"twitter:data2\" content=\"2 minutos\" \/>\n<script type=\"application\/ld+json\" class=\"yoast-schema-graph\">{\"@context\":\"https:\/\/schema.org\",\"@graph\":[{\"@type\":\"Article\",\"@id\":\"https:\/\/portaltela.pt\/noticias\/2026\/03\/26\/medico-recusa-liderar-inem-por-falta-de-garantias-sobre-helicopteros-de-emergencia\/#article\",\"isPartOf\":{\"@id\":\"https:\/\/portaltela.pt\/noticias\/2026\/03\/26\/medico-recusa-liderar-inem-por-falta-de-garantias-sobre-helicopteros-de-emergencia\/\"},\"author\":{\"name\":\"Telinha\",\"@id\":\"https:\/\/portaltela.pt\/#\/schema\/person\/c4278d4a6028830caff9ee44b42d32ed\"},\"headline\":\"M\u00e9dico recusa liderar INEM por falta de garantias sobre helic\u00f3pteros de emerg\u00eancia\",\"datePublished\":\"2026-03-26T19:57:00+00:00\",\"mainEntityOfPage\":{\"@id\":\"https:\/\/portaltela.pt\/noticias\/2026\/03\/26\/medico-recusa-liderar-inem-por-falta-de-garantias-sobre-helicopteros-de-emergencia\/\"},\"wordCount\":355,\"image\":{\"@id\":\"https:\/\/portaltela.pt\/noticias\/2026\/03\/26\/medico-recusa-liderar-inem-por-falta-de-garantias-sobre-helicopteros-de-emergencia\/#primaryimage\"},\"thumbnailUrl\":\"https:\/\/portaltela.pt\/s.01k8rhncp4jt1\/2026\/03\/image-167.webp\",\"keywords\":[\"comiss\u00e3o\",\"comiss\u00f5es\",\"emerg\u00eancia\",\"greve\",\"INEM\",\"sa\u00fade\"],\"articleSection\":[\"Not\u00edcias\",\"Sa\u00fade\"],\"inLanguage\":\"pt-PT\"},{\"@type\":\"WebPage\",\"@id\":\"https:\/\/portaltela.pt\/noticias\/2026\/03\/26\/medico-recusa-liderar-inem-por-falta-de-garantias-sobre-helicopteros-de-emergencia\/\",\"url\":\"https:\/\/portaltela.pt\/noticias\/2026\/03\/26\/medico-recusa-liderar-inem-por-falta-de-garantias-sobre-helicopteros-de-emergencia\/\",\"name\":\"M\u00e9dico recusa liderar INEM por falta de garantias sobre helic\u00f3pteros de emerg\u00eancia - Portal Tela Portugal\",\"isPartOf\":{\"@id\":\"https:\/\/portaltela.pt\/#website\"},\"primaryImageOfPage\":{\"@id\":\"https:\/\/portaltela.pt\/noticias\/2026\/03\/26\/medico-recusa-liderar-inem-por-falta-de-garantias-sobre-helicopteros-de-emergencia\/#primaryimage\"},\"image\":{\"@id\":\"https:\/\/portaltela.pt\/noticias\/2026\/03\/26\/medico-recusa-liderar-inem-por-falta-de-garantias-sobre-helicopteros-de-emergencia\/#primaryimage\"},\"thumbnailUrl\":\"https:\/\/portaltela.pt\/s.01k8rhncp4jt1\/2026\/03\/image-167.webp\",\"datePublished\":\"2026-03-26T19:57:00+00:00\",\"author\":{\"@id\":\"https:\/\/portaltela.pt\/#\/schema\/person\/c4278d4a6028830caff9ee44b42d32ed\"},\"breadcrumb\":{\"@id\":\"https:\/\/portaltela.pt\/noticias\/2026\/03\/26\/medico-recusa-liderar-inem-por-falta-de-garantias-sobre-helicopteros-de-emergencia\/#breadcrumb\"},\"inLanguage\":\"pt-PT\",\"potentialAction\":[{\"@type\":\"ReadAction\",\"target\":[\"https:\/\/portaltela.pt\/noticias\/2026\/03\/26\/medico-recusa-liderar-inem-por-falta-de-garantias-sobre-helicopteros-de-emergencia\/\"]}]},{\"@type\":\"ImageObject\",\"inLanguage\":\"pt-PT\",\"@id\":\"https:\/\/portaltela.pt\/noticias\/2026\/03\/26\/medico-recusa-liderar-inem-por-falta-de-garantias-sobre-helicopteros-de-emergencia\/#primaryimage\",\"url\":\"https:\/\/portaltela.pt\/s.01k8rhncp4jt1\/2026\/03\/image-167.webp\",\"contentUrl\":\"https:\/\/portaltela.pt\/s.01k8rhncp4jt1\/2026\/03\/image-167.webp\",\"width\":1200,\"height\":800,\"caption\":\"M\u00e9dico V\u00edtor Almeida recusou liderar o INEM em 2024 devido \u00e0 falta de garantias do Minist\u00e9rio da Sa\u00fade sobre o servi\u00e7o de helic\u00f3pteros de emerg\u00eancia m\u00e9dica\"},{\"@type\":\"BreadcrumbList\",\"@id\":\"https:\/\/portaltela.pt\/noticias\/2026\/03\/26\/medico-recusa-liderar-inem-por-falta-de-garantias-sobre-helicopteros-de-emergencia\/#breadcrumb\",\"itemListElement\":[{\"@type\":\"ListItem\",\"position\":1,\"name\":\"In\u00edcio\",\"item\":\"https:\/\/portaltela.pt\/\"},{\"@type\":\"ListItem\",\"position\":2,\"name\":\"M\u00e9dico recusa liderar INEM por falta de garantias sobre helic\u00f3pteros de emerg\u00eancia\"}]},{\"@type\":\"WebSite\",\"@id\":\"https:\/\/portaltela.pt\/#website\",\"url\":\"https:\/\/portaltela.pt\/\",\"name\":\"Portal Tela Portugal\",\"description\":\"\",\"potentialAction\":[{\"@type\":\"SearchAction\",\"target\":{\"@type\":\"EntryPoint\",\"urlTemplate\":\"https:\/\/portaltela.pt\/?s={search_term_string}\"},\"query-input\":{\"@type\":\"PropertyValueSpecification\",\"valueRequired\":true,\"valueName\":\"search_term_string\"}}],\"inLanguage\":\"pt-PT\"},{\"@type\":\"Person\",\"@id\":\"https:\/\/portaltela.pt\/#\/schema\/person\/c4278d4a6028830caff9ee44b42d32ed\",\"name\":\"Telinha\",\"image\":{\"@type\":\"ImageObject\",\"inLanguage\":\"pt-PT\",\"@id\":\"https:\/\/portaltela.pt\/s.01k8rhncp4jt1\/2025\/11\/talking-bot-125x125.png\",\"url\":\"https:\/\/portaltela.pt\/s.01k8rhncp4jt1\/2025\/11\/talking-bot-125x125.png\",\"contentUrl\":\"https:\/\/portaltela.pt\/s.01k8rhncp4jt1\/2025\/11\/talking-bot-125x125.png\",\"caption\":\"Telinha\"},\"sameAs\":[\"https:\/\/portaltela.pt\/\"],\"url\":\"https:\/\/portaltela.pt\/por\/367410592786\/\"}]}<\/script>\n<!-- \/ Yoast SEO plugin. -->","yoast_head_json":{"title":"M\u00e9dico recusa liderar INEM por falta de garantias sobre helic\u00f3pteros de emerg\u00eancia - Portal Tela Portugal","robots":{"index":"index","follow":"follow","max-snippet":"max-snippet:-1","max-image-preview":"max-image-preview:large","max-video-preview":"max-video-preview:-1"},"og_locale":"pt_PT","og_type":"article","og_title":"M\u00e9dico recusa liderar INEM por falta de garantias sobre helic\u00f3pteros de emerg\u00eancia - Portal Tela Portugal","og_description":"O m\u00e9dico V\u00edtor Almeida recusou liderar o INEM em 2024 devido \u00e0 falta de garantias escritas da ministra da Sa\u00fade sobre o servi\u00e7o de helic\u00f3pteros de emerg\u00eancia m\u00e9dica. Aceitou o convite para presidir, mas explicou que n\u00e3o estavam reunidas as condi\u00e7\u00f5es para aceitar, o que levou o Minist\u00e9rio da Sa\u00fade a nomear S\u00e9rgio Dias Janeiro. Almeida revelou que prop\u00f4s refunda\u00e7\u00e3o do INEM e do Sistema Integrado de Emerg\u00eancia M\u00e9dica (SIEM) e a cria\u00e7\u00e3o de uma Comiss\u00e3o T\u00e9cnica Independente semelhante \u00e0 criada ap\u00f3s os fogos florestais. Manifestou descontentamento com o relat\u00f3rio da Comiss\u00e3o T\u00e9cnica Independente, dizendo que cont\u00e9m erros factuais e que n\u00e3o foi contactado pela comiss\u00e3o. Alertou que o tema est\u00e1 em discuss\u00e3o na nova lei org\u00e2nica do INEM, considerada de grande import\u00e2ncia para a seguran\u00e7a nacional, enquanto a CPI investiga a greve de fim de 2024 e as rela\u00e7\u00f5es com as tutelas desde 2019.","og_url":"https:\/\/portaltela.pt\/noticias\/2026\/03\/26\/medico-recusa-liderar-inem-por-falta-de-garantias-sobre-helicopteros-de-emergencia\/","og_site_name":"Portal Tela Portugal","article_published_time":"2026-03-26T19:57:00+00:00","author":"Telinha","twitter_card":"summary_large_image","twitter_misc":{"Escrito por":"Telinha","Tempo estimado de leitura":"2 minutos"},"schema":{"@context":"https:\/\/schema.org","@graph":[{"@type":"Article","@id":"https:\/\/portaltela.pt\/noticias\/2026\/03\/26\/medico-recusa-liderar-inem-por-falta-de-garantias-sobre-helicopteros-de-emergencia\/#article","isPartOf":{"@id":"https:\/\/portaltela.pt\/noticias\/2026\/03\/26\/medico-recusa-liderar-inem-por-falta-de-garantias-sobre-helicopteros-de-emergencia\/"},"author":{"name":"Telinha","@id":"https:\/\/portaltela.pt\/#\/schema\/person\/c4278d4a6028830caff9ee44b42d32ed"},"headline":"M\u00e9dico recusa liderar INEM por falta de garantias sobre helic\u00f3pteros de emerg\u00eancia","datePublished":"2026-03-26T19:57:00+00:00","mainEntityOfPage":{"@id":"https:\/\/portaltela.pt\/noticias\/2026\/03\/26\/medico-recusa-liderar-inem-por-falta-de-garantias-sobre-helicopteros-de-emergencia\/"},"wordCount":355,"image":{"@id":"https:\/\/portaltela.pt\/noticias\/2026\/03\/26\/medico-recusa-liderar-inem-por-falta-de-garantias-sobre-helicopteros-de-emergencia\/#primaryimage"},"thumbnailUrl":"https:\/\/portaltela.pt\/s.01k8rhncp4jt1\/2026\/03\/image-167.webp","keywords":["comiss\u00e3o","comiss\u00f5es","emerg\u00eancia","greve","INEM","sa\u00fade"],"articleSection":["Not\u00edcias","Sa\u00fade"],"inLanguage":"pt-PT"},{"@type":"WebPage","@id":"https:\/\/portaltela.pt\/noticias\/2026\/03\/26\/medico-recusa-liderar-inem-por-falta-de-garantias-sobre-helicopteros-de-emergencia\/","url":"https:\/\/portaltela.pt\/noticias\/2026\/03\/26\/medico-recusa-liderar-inem-por-falta-de-garantias-sobre-helicopteros-de-emergencia\/","name":"M\u00e9dico recusa liderar INEM por falta de garantias sobre helic\u00f3pteros de emerg\u00eancia - Portal Tela Portugal","isPartOf":{"@id":"https:\/\/portaltela.pt\/#website"},"primaryImageOfPage":{"@id":"https:\/\/portaltela.pt\/noticias\/2026\/03\/26\/medico-recusa-liderar-inem-por-falta-de-garantias-sobre-helicopteros-de-emergencia\/#primaryimage"},"image":{"@id":"https:\/\/portaltela.pt\/noticias\/2026\/03\/26\/medico-recusa-liderar-inem-por-falta-de-garantias-sobre-helicopteros-de-emergencia\/#primaryimage"},"thumbnailUrl":"https:\/\/portaltela.pt\/s.01k8rhncp4jt1\/2026\/03\/image-167.webp","datePublished":"2026-03-26T19:57:00+00:00","author":{"@id":"https:\/\/portaltela.pt\/#\/schema\/person\/c4278d4a6028830caff9ee44b42d32ed"},"breadcrumb":{"@id":"https:\/\/portaltela.pt\/noticias\/2026\/03\/26\/medico-recusa-liderar-inem-por-falta-de-garantias-sobre-helicopteros-de-emergencia\/#breadcrumb"},"inLanguage":"pt-PT","potentialAction":[{"@type":"ReadAction","target":["https:\/\/portaltela.pt\/noticias\/2026\/03\/26\/medico-recusa-liderar-inem-por-falta-de-garantias-sobre-helicopteros-de-emergencia\/"]}]},{"@type":"ImageObject","inLanguage":"pt-PT","@id":"https:\/\/portaltela.pt\/noticias\/2026\/03\/26\/medico-recusa-liderar-inem-por-falta-de-garantias-sobre-helicopteros-de-emergencia\/#primaryimage","url":"https:\/\/portaltela.pt\/s.01k8rhncp4jt1\/2026\/03\/image-167.webp","contentUrl":"https:\/\/portaltela.pt\/s.01k8rhncp4jt1\/2026\/03\/image-167.webp","width":1200,"height":800,"caption":"M\u00e9dico V\u00edtor Almeida recusou liderar o INEM em 2024 devido \u00e0 falta de garantias do Minist\u00e9rio da Sa\u00fade sobre o servi\u00e7o de helic\u00f3pteros de emerg\u00eancia m\u00e9dica"},{"@type":"BreadcrumbList","@id":"https:\/\/portaltela.pt\/noticias\/2026\/03\/26\/medico-recusa-liderar-inem-por-falta-de-garantias-sobre-helicopteros-de-emergencia\/#breadcrumb","itemListElement":[{"@type":"ListItem","position":1,"name":"In\u00edcio","item":"https:\/\/portaltela.pt\/"},{"@type":"ListItem","position":2,"name":"M\u00e9dico recusa liderar INEM por falta de garantias sobre helic\u00f3pteros de emerg\u00eancia"}]},{"@type":"WebSite","@id":"https:\/\/portaltela.pt\/#website","url":"https:\/\/portaltela.pt\/","name":"Portal Tela Portugal","description":"","potentialAction":[{"@type":"SearchAction","target":{"@type":"EntryPoint","urlTemplate":"https:\/\/portaltela.pt\/?s={search_term_string}"},"query-input":{"@type":"PropertyValueSpecification","valueRequired":true,"valueName":"search_term_string"}}],"inLanguage":"pt-PT"},{"@type":"Person","@id":"https:\/\/portaltela.pt\/#\/schema\/person\/c4278d4a6028830caff9ee44b42d32ed","name":"Telinha","image":{"@type":"ImageObject","inLanguage":"pt-PT","@id":"https:\/\/portaltela.pt\/s.01k8rhncp4jt1\/2025\/11\/talking-bot-125x125.png","url":"https:\/\/portaltela.pt\/s.01k8rhncp4jt1\/2025\/11\/talking-bot-125x125.png","contentUrl":"https:\/\/portaltela.pt\/s.01k8rhncp4jt1\/2025\/11\/talking-bot-125x125.png","caption":"Telinha"},"sameAs":["https:\/\/portaltela.pt\/"],"url":"https:\/\/portaltela.pt\/por\/367410592786\/"}]}},"_links":{"self":[{"href":"https:\/\/portaltela.pt\/api\/wp\/v2\/posts\/422873","targetHints":{"allow":["GET"]}}],"collection":[{"href":"https:\/\/portaltela.pt\/api\/wp\/v2\/posts"}],"about":[{"href":"https:\/\/portaltela.pt\/api\/wp\/v2\/types\/post"}],"author":[{"embeddable":true,"href":"https:\/\/portaltela.pt\/api\/wp\/v2\/users\/2"}],"replies":[{"embeddable":true,"href":"https:\/\/portaltela.pt\/api\/wp\/v2\/comments?post=422873"}],"version-history":[{"count":0,"href":"https:\/\/portaltela.pt\/api\/wp\/v2\/posts\/422873\/revisions"}],"wp:featuredmedia":[{"embeddable":true,"href":"https:\/\/portaltela.pt\/api\/wp\/v2\/media\/422880"}],"wp:attachment":[{"href":"https:\/\/portaltela.pt\/api\/wp\/v2\/media?parent=422873"}],"wp:term":[{"taxonomy":"category","embeddable":true,"href":"https:\/\/portaltela.pt\/api\/wp\/v2\/categories?post=422873"},{"taxonomy":"post_tag","embeddable":true,"href":"https:\/\/portaltela.pt\/api\/wp\/v2\/tags?post=422873"}],"curies":[{"name":"wp","href":"https:\/\/api.w.org\/{rel}","templated":true}]}}