{"id":422860,"date":"2026-03-26T17:10:07","date_gmt":"2026-03-26T20:10:07","guid":{"rendered":"https:\/\/portaltela.pt\/noticias\/2026\/03\/26\/julgamento-de-menor-acusado-de-matar-a-mae-em-vagos-prossegue-em-abril\/"},"modified":"2026-03-26T17:10:07","modified_gmt":"2026-03-26T20:10:07","slug":"julgamento-de-menor-acusado-de-matar-a-mae-em-vagos-prossegue-em-abril","status":"publish","type":"post","link":"https:\/\/portaltela.pt\/noticias\/2026\/03\/26\/julgamento-de-menor-acusado-de-matar-a-mae-em-vagos-prossegue-em-abril\/","title":{"rendered":"Julgamento de menor acusado de matar a m\u00e3e em Vagos prossegue em abril"},"content":{"rendered":"<p>O julgamento do menor acusado de matar a m\u00e3e em Vagos vai ser retomado a 10 de abril, no Tribunal de Fam\u00edlia e Menores de Aveiro. O jovem, com 14 anos, est\u00e1 a ser julgado em regime de Processo Tutelar Educativo, por alegado homic\u00eddio qualificado.<\/p>\n<p>Na segunda sess\u00e3o, realizada esta quinta-feira, foram ouvidas sete testemunhas, incluindo o psic\u00f3logo do centro educativo onde o menor cumpre a medida cautelar. A nota do Tribunal refere ainda dois agentes da Pol\u00edcia Judici\u00e1ria, dois jovens, a m\u00e3e de um deles e outra testemunha.<\/p>\n<p>Ao longo da audi\u00eancia, foram igualmente esclarecidos os relat\u00f3rios dos profissionais que elaboraram a pediatria e a psicologia presentes nos autos, conforme pedido pela defesa. O dia 10 de abril foi fixado pela indisponibilidade das defensoras e pelo per\u00edodo da P\u00e1scoa.<\/p>\n<h3>Contexto do caso<\/h3>\n<p>A audi\u00eancia decorre a portas fechadas, com exclus\u00e3o de publicidade, mantendo-se a presen\u00e7a apenas do pai do menor durante a sess\u00e3o. O Tribunal funciona com um j\u00fari de carreira e dois ju\u00edzes sociais, que assistem ao processo.<\/p>\n<p>O Minist\u00e9rio P\u00fablico apresentou a hip\u00f3tese de internamento em centro educativo, a forma mais gravosa da medida tutelar educativa. O caso teve in\u00edcio a 21 de outubro de 2025, com o homic\u00eddio de Susana Gravato na Gafanha da Vagueira, Vagos.<\/p>\n<p>A v\u00edtima foi encontrada pelo marido, que chamou os servi\u00e7os de emerg\u00eancia. Apesar das manobras, o \u00f3bito foi declarado no local. A PJ indicou o filho da vereadora como \u00fanico suspeito menos de 24 horas depois do crime.<\/p>\n","protected":false},"excerpt":{"rendered":"<ul>\n<li>O julgamento do menor acusado de matar a m\u00e3e em Vagos vai ser retomado a dez de abril, no Tribunal de Fam\u00edlia e Menores de Aveiro, com a inquiri\u00e7\u00e3o das duas \u00faltimas testemunhas e a produ\u00e7\u00e3o de alega\u00e7\u00f5es.<\/li>\n<li>O rapaz, com 14 anos, est\u00e1 a ser julgado \u00e0 porta fechada no \u00e2mbito de um Processo Tutelar Educativo por factos que constituem homic\u00eddio qualificado.<\/li>\n<li>Na segunda sess\u00e3o foram ouvidas sete testemunhas, incluindo o psic\u00f3logo do centro educativo onde o jovem se encontra a cumprir a medida cautelar, al\u00e9m de dois agentes da Pol\u00edcia Judici\u00e1ria.<\/li>\n<li>Foram ainda ouvidos o m\u00e9dico pedopsiquiatra e o psic\u00f3logo que elaboraram relat\u00f3rios, solicitados pela defesa, e ficou marcada a interven\u00e7\u00e3o para dez de abril por indisponibilidade de agenda e \u00e9poca da P\u00e1scoa.<\/li>\n<li>O caso aconteceu a 21 de outubro de 2025, quando Susana Gravato foi morta a tiro na Gafanha da Vagueira, Vagos; o Minist\u00e9rio P\u00fablico pediu internamento em centro educativo.<\/li>\n<\/ul>\n","protected":false},"author":2,"featured_media":422864,"comment_status":"closed","ping_status":"closed","sticky":false,"template":"","format":"standard","meta":{"footnotes":""},"categories":[6815,1],"tags":[5249,1345,6056,1802,6208,4900],"class_list":["post-422860","post","type-post","status-publish","format-standard","has-post-thumbnail","hentry","category-justica","category-noticias","tag-crime-de-homicidio","tag-homicidio","tag-menores","tag-policia-judiciaria","tag-tribunais","tag-vagos"],"yoast_head":"<!-- This site is optimized with the Yoast SEO plugin v27.2 - https:\/\/yoast.com\/product\/yoast-seo-wordpress\/ -->\n<title>Julgamento de menor acusado de matar a m\u00e3e em Vagos prossegue em abril - Portal Tela Portugal<\/title>\n<meta name=\"robots\" content=\"index, follow, max-snippet:-1, max-image-preview:large, max-video-preview:-1\" \/>\n<meta property=\"og:locale\" content=\"pt_PT\" \/>\n<meta property=\"og:type\" content=\"article\" \/>\n<meta property=\"og:title\" content=\"Julgamento de menor acusado de matar a m\u00e3e em Vagos prossegue em abril - Portal Tela Portugal\" \/>\n<meta property=\"og:description\" content=\"O julgamento do menor acusado de matar a m\u00e3e em Vagos vai ser retomado a dez de abril, no Tribunal de Fam\u00edlia e Menores de Aveiro, com a inquiri\u00e7\u00e3o das duas \u00faltimas testemunhas e a produ\u00e7\u00e3o de alega\u00e7\u00f5es. O rapaz, com 14 anos, est\u00e1 a ser julgado \u00e0 porta fechada no \u00e2mbito de um Processo Tutelar Educativo por factos que constituem homic\u00eddio qualificado. Na segunda sess\u00e3o foram ouvidas sete testemunhas, incluindo o psic\u00f3logo do centro educativo onde o jovem se encontra a cumprir a medida cautelar, al\u00e9m de dois agentes da Pol\u00edcia Judici\u00e1ria. Foram ainda ouvidos o m\u00e9dico pedopsiquiatra e o psic\u00f3logo que elaboraram relat\u00f3rios, solicitados pela defesa, e ficou marcada a interven\u00e7\u00e3o para dez de abril por indisponibilidade de agenda e \u00e9poca da P\u00e1scoa. O caso aconteceu a 21 de outubro de 2025, quando Susana Gravato foi morta a tiro na Gafanha da Vagueira, Vagos; o Minist\u00e9rio P\u00fablico pediu internamento em centro educativo.\" \/>\n<meta property=\"og:url\" content=\"https:\/\/portaltela.pt\/noticias\/2026\/03\/26\/julgamento-de-menor-acusado-de-matar-a-mae-em-vagos-prossegue-em-abril\/\" \/>\n<meta property=\"og:site_name\" content=\"Portal Tela Portugal\" \/>\n<meta property=\"article:published_time\" content=\"2026-03-26T20:10:07+00:00\" \/>\n<meta name=\"author\" content=\"Telinha\" \/>\n<meta name=\"twitter:card\" content=\"summary_large_image\" \/>\n<meta name=\"twitter:label1\" content=\"Escrito por\" \/>\n\t<meta name=\"twitter:data1\" content=\"Telinha\" \/>\n\t<meta name=\"twitter:label2\" content=\"Tempo estimado de leitura\" \/>\n\t<meta name=\"twitter:data2\" content=\"1 minuto\" \/>\n<script type=\"application\/ld+json\" class=\"yoast-schema-graph\">{\"@context\":\"https:\/\/schema.org\",\"@graph\":[{\"@type\":\"Article\",\"@id\":\"https:\/\/portaltela.pt\/noticias\/2026\/03\/26\/julgamento-de-menor-acusado-de-matar-a-mae-em-vagos-prossegue-em-abril\/#article\",\"isPartOf\":{\"@id\":\"https:\/\/portaltela.pt\/noticias\/2026\/03\/26\/julgamento-de-menor-acusado-de-matar-a-mae-em-vagos-prossegue-em-abril\/\"},\"author\":{\"name\":\"Telinha\",\"@id\":\"https:\/\/portaltela.pt\/#\/schema\/person\/c4278d4a6028830caff9ee44b42d32ed\"},\"headline\":\"Julgamento de menor acusado de matar a m\u00e3e em Vagos prossegue em abril\",\"datePublished\":\"2026-03-26T20:10:07+00:00\",\"mainEntityOfPage\":{\"@id\":\"https:\/\/portaltela.pt\/noticias\/2026\/03\/26\/julgamento-de-menor-acusado-de-matar-a-mae-em-vagos-prossegue-em-abril\/\"},\"wordCount\":282,\"image\":{\"@id\":\"https:\/\/portaltela.pt\/noticias\/2026\/03\/26\/julgamento-de-menor-acusado-de-matar-a-mae-em-vagos-prossegue-em-abril\/#primaryimage\"},\"thumbnailUrl\":\"https:\/\/portaltela.pt\/s.01k8rhncp4jt1\/2026\/03\/img_1280x721uu2026-03-26-11-33-50-2274862.jpg\",\"keywords\":[\"crime de homic\u00eddio\",\"homic\u00eddio\",\"menores\",\"Pol\u00edcia Judici\u00e1ria\",\"Tribunais\",\"Vagos\"],\"articleSection\":[\"Justi\u00e7a\",\"Not\u00edcias\"],\"inLanguage\":\"pt-PT\"},{\"@type\":\"WebPage\",\"@id\":\"https:\/\/portaltela.pt\/noticias\/2026\/03\/26\/julgamento-de-menor-acusado-de-matar-a-mae-em-vagos-prossegue-em-abril\/\",\"url\":\"https:\/\/portaltela.pt\/noticias\/2026\/03\/26\/julgamento-de-menor-acusado-de-matar-a-mae-em-vagos-prossegue-em-abril\/\",\"name\":\"Julgamento de menor acusado de matar a m\u00e3e em Vagos prossegue em abril - Portal Tela Portugal\",\"isPartOf\":{\"@id\":\"https:\/\/portaltela.pt\/#website\"},\"primaryImageOfPage\":{\"@id\":\"https:\/\/portaltela.pt\/noticias\/2026\/03\/26\/julgamento-de-menor-acusado-de-matar-a-mae-em-vagos-prossegue-em-abril\/#primaryimage\"},\"image\":{\"@id\":\"https:\/\/portaltela.pt\/noticias\/2026\/03\/26\/julgamento-de-menor-acusado-de-matar-a-mae-em-vagos-prossegue-em-abril\/#primaryimage\"},\"thumbnailUrl\":\"https:\/\/portaltela.pt\/s.01k8rhncp4jt1\/2026\/03\/img_1280x721uu2026-03-26-11-33-50-2274862.jpg\",\"datePublished\":\"2026-03-26T20:10:07+00:00\",\"author\":{\"@id\":\"https:\/\/portaltela.pt\/#\/schema\/person\/c4278d4a6028830caff9ee44b42d32ed\"},\"breadcrumb\":{\"@id\":\"https:\/\/portaltela.pt\/noticias\/2026\/03\/26\/julgamento-de-menor-acusado-de-matar-a-mae-em-vagos-prossegue-em-abril\/#breadcrumb\"},\"inLanguage\":\"pt-PT\",\"potentialAction\":[{\"@type\":\"ReadAction\",\"target\":[\"https:\/\/portaltela.pt\/noticias\/2026\/03\/26\/julgamento-de-menor-acusado-de-matar-a-mae-em-vagos-prossegue-em-abril\/\"]}]},{\"@type\":\"ImageObject\",\"inLanguage\":\"pt-PT\",\"@id\":\"https:\/\/portaltela.pt\/noticias\/2026\/03\/26\/julgamento-de-menor-acusado-de-matar-a-mae-em-vagos-prossegue-em-abril\/#primaryimage\",\"url\":\"https:\/\/portaltela.pt\/s.01k8rhncp4jt1\/2026\/03\/img_1280x721uu2026-03-26-11-33-50-2274862.jpg\",\"contentUrl\":\"https:\/\/portaltela.pt\/s.01k8rhncp4jt1\/2026\/03\/img_1280x721uu2026-03-26-11-33-50-2274862.jpg\",\"width\":1280,\"height\":721,\"caption\":\"Susana Gravato, vereadora da C\u00e2mara de Vagos morta pelo filho\"},{\"@type\":\"BreadcrumbList\",\"@id\":\"https:\/\/portaltela.pt\/noticias\/2026\/03\/26\/julgamento-de-menor-acusado-de-matar-a-mae-em-vagos-prossegue-em-abril\/#breadcrumb\",\"itemListElement\":[{\"@type\":\"ListItem\",\"position\":1,\"name\":\"In\u00edcio\",\"item\":\"https:\/\/portaltela.pt\/\"},{\"@type\":\"ListItem\",\"position\":2,\"name\":\"Julgamento de menor acusado de matar a m\u00e3e em Vagos prossegue em abril\"}]},{\"@type\":\"WebSite\",\"@id\":\"https:\/\/portaltela.pt\/#website\",\"url\":\"https:\/\/portaltela.pt\/\",\"name\":\"Portal Tela Portugal\",\"description\":\"\",\"potentialAction\":[{\"@type\":\"SearchAction\",\"target\":{\"@type\":\"EntryPoint\",\"urlTemplate\":\"https:\/\/portaltela.pt\/?s={search_term_string}\"},\"query-input\":{\"@type\":\"PropertyValueSpecification\",\"valueRequired\":true,\"valueName\":\"search_term_string\"}}],\"inLanguage\":\"pt-PT\"},{\"@type\":\"Person\",\"@id\":\"https:\/\/portaltela.pt\/#\/schema\/person\/c4278d4a6028830caff9ee44b42d32ed\",\"name\":\"Telinha\",\"image\":{\"@type\":\"ImageObject\",\"inLanguage\":\"pt-PT\",\"@id\":\"https:\/\/portaltela.pt\/s.01k8rhncp4jt1\/2025\/11\/talking-bot-125x125.png\",\"url\":\"https:\/\/portaltela.pt\/s.01k8rhncp4jt1\/2025\/11\/talking-bot-125x125.png\",\"contentUrl\":\"https:\/\/portaltela.pt\/s.01k8rhncp4jt1\/2025\/11\/talking-bot-125x125.png\",\"caption\":\"Telinha\"},\"sameAs\":[\"https:\/\/portaltela.pt\/\"],\"url\":\"https:\/\/portaltela.pt\/por\/367410592786\/\"}]}<\/script>\n<!-- \/ Yoast SEO plugin. -->","yoast_head_json":{"title":"Julgamento de menor acusado de matar a m\u00e3e em Vagos prossegue em abril - Portal Tela Portugal","robots":{"index":"index","follow":"follow","max-snippet":"max-snippet:-1","max-image-preview":"max-image-preview:large","max-video-preview":"max-video-preview:-1"},"og_locale":"pt_PT","og_type":"article","og_title":"Julgamento de menor acusado de matar a m\u00e3e em Vagos prossegue em abril - Portal Tela Portugal","og_description":"O julgamento do menor acusado de matar a m\u00e3e em Vagos vai ser retomado a dez de abril, no Tribunal de Fam\u00edlia e Menores de Aveiro, com a inquiri\u00e7\u00e3o das duas \u00faltimas testemunhas e a produ\u00e7\u00e3o de alega\u00e7\u00f5es. O rapaz, com 14 anos, est\u00e1 a ser julgado \u00e0 porta fechada no \u00e2mbito de um Processo Tutelar Educativo por factos que constituem homic\u00eddio qualificado. Na segunda sess\u00e3o foram ouvidas sete testemunhas, incluindo o psic\u00f3logo do centro educativo onde o jovem se encontra a cumprir a medida cautelar, al\u00e9m de dois agentes da Pol\u00edcia Judici\u00e1ria. Foram ainda ouvidos o m\u00e9dico pedopsiquiatra e o psic\u00f3logo que elaboraram relat\u00f3rios, solicitados pela defesa, e ficou marcada a interven\u00e7\u00e3o para dez de abril por indisponibilidade de agenda e \u00e9poca da P\u00e1scoa. O caso aconteceu a 21 de outubro de 2025, quando Susana Gravato foi morta a tiro na Gafanha da Vagueira, Vagos; o Minist\u00e9rio P\u00fablico pediu internamento em centro educativo.","og_url":"https:\/\/portaltela.pt\/noticias\/2026\/03\/26\/julgamento-de-menor-acusado-de-matar-a-mae-em-vagos-prossegue-em-abril\/","og_site_name":"Portal Tela Portugal","article_published_time":"2026-03-26T20:10:07+00:00","author":"Telinha","twitter_card":"summary_large_image","twitter_misc":{"Escrito por":"Telinha","Tempo estimado de leitura":"1 minuto"},"schema":{"@context":"https:\/\/schema.org","@graph":[{"@type":"Article","@id":"https:\/\/portaltela.pt\/noticias\/2026\/03\/26\/julgamento-de-menor-acusado-de-matar-a-mae-em-vagos-prossegue-em-abril\/#article","isPartOf":{"@id":"https:\/\/portaltela.pt\/noticias\/2026\/03\/26\/julgamento-de-menor-acusado-de-matar-a-mae-em-vagos-prossegue-em-abril\/"},"author":{"name":"Telinha","@id":"https:\/\/portaltela.pt\/#\/schema\/person\/c4278d4a6028830caff9ee44b42d32ed"},"headline":"Julgamento de menor acusado de matar a m\u00e3e em Vagos prossegue em abril","datePublished":"2026-03-26T20:10:07+00:00","mainEntityOfPage":{"@id":"https:\/\/portaltela.pt\/noticias\/2026\/03\/26\/julgamento-de-menor-acusado-de-matar-a-mae-em-vagos-prossegue-em-abril\/"},"wordCount":282,"image":{"@id":"https:\/\/portaltela.pt\/noticias\/2026\/03\/26\/julgamento-de-menor-acusado-de-matar-a-mae-em-vagos-prossegue-em-abril\/#primaryimage"},"thumbnailUrl":"https:\/\/portaltela.pt\/s.01k8rhncp4jt1\/2026\/03\/img_1280x721uu2026-03-26-11-33-50-2274862.jpg","keywords":["crime de homic\u00eddio","homic\u00eddio","menores","Pol\u00edcia Judici\u00e1ria","Tribunais","Vagos"],"articleSection":["Justi\u00e7a","Not\u00edcias"],"inLanguage":"pt-PT"},{"@type":"WebPage","@id":"https:\/\/portaltela.pt\/noticias\/2026\/03\/26\/julgamento-de-menor-acusado-de-matar-a-mae-em-vagos-prossegue-em-abril\/","url":"https:\/\/portaltela.pt\/noticias\/2026\/03\/26\/julgamento-de-menor-acusado-de-matar-a-mae-em-vagos-prossegue-em-abril\/","name":"Julgamento de menor acusado de matar a m\u00e3e em Vagos prossegue em abril - Portal Tela Portugal","isPartOf":{"@id":"https:\/\/portaltela.pt\/#website"},"primaryImageOfPage":{"@id":"https:\/\/portaltela.pt\/noticias\/2026\/03\/26\/julgamento-de-menor-acusado-de-matar-a-mae-em-vagos-prossegue-em-abril\/#primaryimage"},"image":{"@id":"https:\/\/portaltela.pt\/noticias\/2026\/03\/26\/julgamento-de-menor-acusado-de-matar-a-mae-em-vagos-prossegue-em-abril\/#primaryimage"},"thumbnailUrl":"https:\/\/portaltela.pt\/s.01k8rhncp4jt1\/2026\/03\/img_1280x721uu2026-03-26-11-33-50-2274862.jpg","datePublished":"2026-03-26T20:10:07+00:00","author":{"@id":"https:\/\/portaltela.pt\/#\/schema\/person\/c4278d4a6028830caff9ee44b42d32ed"},"breadcrumb":{"@id":"https:\/\/portaltela.pt\/noticias\/2026\/03\/26\/julgamento-de-menor-acusado-de-matar-a-mae-em-vagos-prossegue-em-abril\/#breadcrumb"},"inLanguage":"pt-PT","potentialAction":[{"@type":"ReadAction","target":["https:\/\/portaltela.pt\/noticias\/2026\/03\/26\/julgamento-de-menor-acusado-de-matar-a-mae-em-vagos-prossegue-em-abril\/"]}]},{"@type":"ImageObject","inLanguage":"pt-PT","@id":"https:\/\/portaltela.pt\/noticias\/2026\/03\/26\/julgamento-de-menor-acusado-de-matar-a-mae-em-vagos-prossegue-em-abril\/#primaryimage","url":"https:\/\/portaltela.pt\/s.01k8rhncp4jt1\/2026\/03\/img_1280x721uu2026-03-26-11-33-50-2274862.jpg","contentUrl":"https:\/\/portaltela.pt\/s.01k8rhncp4jt1\/2026\/03\/img_1280x721uu2026-03-26-11-33-50-2274862.jpg","width":1280,"height":721,"caption":"Susana Gravato, vereadora da C\u00e2mara de Vagos morta pelo filho"},{"@type":"BreadcrumbList","@id":"https:\/\/portaltela.pt\/noticias\/2026\/03\/26\/julgamento-de-menor-acusado-de-matar-a-mae-em-vagos-prossegue-em-abril\/#breadcrumb","itemListElement":[{"@type":"ListItem","position":1,"name":"In\u00edcio","item":"https:\/\/portaltela.pt\/"},{"@type":"ListItem","position":2,"name":"Julgamento de menor acusado de matar a m\u00e3e em Vagos prossegue em abril"}]},{"@type":"WebSite","@id":"https:\/\/portaltela.pt\/#website","url":"https:\/\/portaltela.pt\/","name":"Portal Tela Portugal","description":"","potentialAction":[{"@type":"SearchAction","target":{"@type":"EntryPoint","urlTemplate":"https:\/\/portaltela.pt\/?s={search_term_string}"},"query-input":{"@type":"PropertyValueSpecification","valueRequired":true,"valueName":"search_term_string"}}],"inLanguage":"pt-PT"},{"@type":"Person","@id":"https:\/\/portaltela.pt\/#\/schema\/person\/c4278d4a6028830caff9ee44b42d32ed","name":"Telinha","image":{"@type":"ImageObject","inLanguage":"pt-PT","@id":"https:\/\/portaltela.pt\/s.01k8rhncp4jt1\/2025\/11\/talking-bot-125x125.png","url":"https:\/\/portaltela.pt\/s.01k8rhncp4jt1\/2025\/11\/talking-bot-125x125.png","contentUrl":"https:\/\/portaltela.pt\/s.01k8rhncp4jt1\/2025\/11\/talking-bot-125x125.png","caption":"Telinha"},"sameAs":["https:\/\/portaltela.pt\/"],"url":"https:\/\/portaltela.pt\/por\/367410592786\/"}]}},"_links":{"self":[{"href":"https:\/\/portaltela.pt\/api\/wp\/v2\/posts\/422860","targetHints":{"allow":["GET"]}}],"collection":[{"href":"https:\/\/portaltela.pt\/api\/wp\/v2\/posts"}],"about":[{"href":"https:\/\/portaltela.pt\/api\/wp\/v2\/types\/post"}],"author":[{"embeddable":true,"href":"https:\/\/portaltela.pt\/api\/wp\/v2\/users\/2"}],"replies":[{"embeddable":true,"href":"https:\/\/portaltela.pt\/api\/wp\/v2\/comments?post=422860"}],"version-history":[{"count":0,"href":"https:\/\/portaltela.pt\/api\/wp\/v2\/posts\/422860\/revisions"}],"wp:featuredmedia":[{"embeddable":true,"href":"https:\/\/portaltela.pt\/api\/wp\/v2\/media\/422864"}],"wp:attachment":[{"href":"https:\/\/portaltela.pt\/api\/wp\/v2\/media?parent=422860"}],"wp:term":[{"taxonomy":"category","embeddable":true,"href":"https:\/\/portaltela.pt\/api\/wp\/v2\/categories?post=422860"},{"taxonomy":"post_tag","embeddable":true,"href":"https:\/\/portaltela.pt\/api\/wp\/v2\/tags?post=422860"}],"curies":[{"name":"wp","href":"https:\/\/api.w.org\/{rel}","templated":true}]}}