{"id":422853,"date":"2026-03-26T17:12:42","date_gmt":"2026-03-26T20:12:42","guid":{"rendered":"https:\/\/portaltela.pt\/noticias\/2026\/03\/26\/portugal-legends-inicia-viagem-no-mexico-rumo-ao-mundial-2026\/"},"modified":"2026-03-26T17:12:42","modified_gmt":"2026-03-26T20:12:42","slug":"portugal-legends-inicia-viagem-no-mexico-rumo-ao-mundial-2026","status":"publish","type":"post","link":"https:\/\/portaltela.pt\/desporto\/futebol\/2026\/03\/26\/portugal-legends-inicia-viagem-no-mexico-rumo-ao-mundial-2026\/","title":{"rendered":"Portugal Legends inicia viagem no M\u00e9xico rumo ao Mundial 2026"},"content":{"rendered":"<p>O Portugal Legends iniciou um novo ciclo internacional com uma a\u00e7\u00e3o simb\u00f3lica no M\u00e9xico, inserida na estrat\u00e9gia da FPF de aproximar as comunidades e promover o futebol portugu\u00eas rumo ao Mundial&#8217;2026.<\/p>\n<p>O pontap\u00e9 de sa\u00edda ocorreu em Tepito, bairro emblem\u00e1tico da Cidade do M\u00e9xico, conhecido pela liga\u00e7\u00e3o ao futebol de rua e \u00e0 vida comunit\u00e1ria.<\/p>\n<p>Figuras hist\u00f3ricas do futebol portugu\u00eas marcaram presen\u00e7a: Madjer, Edite Fernandes, Ricardinho, Nuno Gomes, Fernando Meira, Rui Patr\u00edcio e H\u00e9lder Postiga.<\/p>\n<p>Os participantes refor\u00e7aram a liga\u00e7\u00e3o com jovens e adeptos locais, evidenciando o lado social do desporto.<\/p>\n<h3>Rota internacional para o Mundial&#8217;2026<\/h3>\n<p>O projeto Portugal Legends continua nos EUA, segundo comunicado da FPF.<\/p>\n<p>Em Nova Iorque, V\u00edtor Ba\u00eda e Adrien Silva ir\u00e3o acompanhar uma watch party na Time Out Market, durante o jogo de prepara\u00e7\u00e3o M\u00e9xico-Portugal, \u00e0s 02h00 de Portugal (28 de mar\u00e7o, 20h00 locais).<\/p>\n<p>Em Atlanta, outros Legends v\u00e3o estar com a Sele\u00e7\u00e3o Nacional no amig\u00e1vel frente aos Estados Unidos, com in\u00edcio \u00e0s 00h00 de Portugal (1 de abril, 20h00 locais).<\/p>\n","protected":false},"excerpt":{"rendered":"<ul>\n<li>O projeto Portugal Legends iniciou um novo ciclo internacional com uma a\u00e7\u00e3o simb\u00f3lica no M\u00e9xico, em Tepito, para promover o futebol portugu\u00eas rumo ao Mundial\u20192026.<\/li>\n<li>As atividades contaram com antigos craques como Madjer, Edite Fernandes, Ricardinho, Nuno Gomes, Fernando Meira, Rui Patr\u00edcio e H\u00e9lder Postiga, que dialogaram com jovens e adeptos locais.<\/li>\n<li>A iniciativa integra a estrat\u00e9gia da Federa\u00e7\u00e3o Portuguesa de Futebol (FPF) de valorizar o legado do futebol nacional e fortalecer liga\u00e7\u00f5es com comunidades fora de Portugal.<\/li>\n<li>Em Nova Iorque, V\u00edtor Ba\u00eda e Adrien Silva v\u00e3o participar numa watch party na Time Out Market, para acompanhar o jogo de prepara\u00e7\u00e3o M\u00e9xico vs. Portugal, a 29 de mar\u00e7o \u00e0s 02h00 (hor\u00e1rio de Portugal).<\/li>\n<li>Em Atlanta, outros Legends v\u00e3o apoiar a Sele\u00e7\u00e3o Nacional no amig\u00e1vel frente aos Estados Unidos, marcado para 1 de abril, \u00e0s 00h00 (hor\u00e1rio de Portugal).<\/li>\n<\/ul>\n","protected":false},"author":2,"featured_media":422859,"comment_status":"closed","ping_status":"closed","sticky":false,"template":"","format":"standard","meta":{"footnotes":""},"categories":[21,24],"tags":[7302,32,6361,6380,1014,2057],"class_list":["post-422853","post","type-post","status-publish","format-standard","has-post-thumbnail","hentry","category-desporto","category-futebol","tag-amistosos","tag-futebol","tag-mais-da-copa-do-mundo","tag-mexico","tag-portugal","tag-selecao-nacional"],"yoast_head":"<!-- This site is optimized with the Yoast SEO plugin v27.2 - https:\/\/yoast.com\/product\/yoast-seo-wordpress\/ -->\n<title>Portugal Legends inicia viagem no M\u00e9xico rumo ao Mundial 2026 - Portal Tela Portugal<\/title>\n<meta name=\"robots\" content=\"index, follow, max-snippet:-1, max-image-preview:large, max-video-preview:-1\" \/>\n<meta property=\"og:locale\" content=\"pt_PT\" \/>\n<meta property=\"og:type\" content=\"article\" \/>\n<meta property=\"og:title\" content=\"Portugal Legends inicia viagem no M\u00e9xico rumo ao Mundial 2026 - Portal Tela Portugal\" \/>\n<meta property=\"og:description\" content=\"O projeto Portugal Legends iniciou um novo ciclo internacional com uma a\u00e7\u00e3o simb\u00f3lica no M\u00e9xico, em Tepito, para promover o futebol portugu\u00eas rumo ao Mundial\u20192026. As atividades contaram com antigos craques como Madjer, Edite Fernandes, Ricardinho, Nuno Gomes, Fernando Meira, Rui Patr\u00edcio e H\u00e9lder Postiga, que dialogaram com jovens e adeptos locais. A iniciativa integra a estrat\u00e9gia da Federa\u00e7\u00e3o Portuguesa de Futebol (FPF) de valorizar o legado do futebol nacional e fortalecer liga\u00e7\u00f5es com comunidades fora de Portugal. Em Nova Iorque, V\u00edtor Ba\u00eda e Adrien Silva v\u00e3o participar numa watch party na Time Out Market, para acompanhar o jogo de prepara\u00e7\u00e3o M\u00e9xico vs. Portugal, a 29 de mar\u00e7o \u00e0s 02h00 (hor\u00e1rio de Portugal). Em Atlanta, outros Legends v\u00e3o apoiar a Sele\u00e7\u00e3o Nacional no amig\u00e1vel frente aos Estados Unidos, marcado para 1 de abril, \u00e0s 00h00 (hor\u00e1rio de Portugal).\" \/>\n<meta property=\"og:url\" content=\"https:\/\/portaltela.pt\/noticias\/2026\/03\/26\/portugal-legends-inicia-viagem-no-mexico-rumo-ao-mundial-2026\/\" \/>\n<meta property=\"og:site_name\" content=\"Portal Tela Portugal\" \/>\n<meta property=\"article:published_time\" content=\"2026-03-26T20:12:42+00:00\" \/>\n<meta name=\"author\" content=\"Telinha\" \/>\n<meta name=\"twitter:card\" content=\"summary_large_image\" \/>\n<meta name=\"twitter:label1\" content=\"Escrito por\" \/>\n\t<meta name=\"twitter:data1\" content=\"Telinha\" \/>\n\t<meta name=\"twitter:label2\" content=\"Tempo estimado de leitura\" \/>\n\t<meta name=\"twitter:data2\" content=\"1 minuto\" \/>\n<script type=\"application\/ld+json\" class=\"yoast-schema-graph\">{\"@context\":\"https:\/\/schema.org\",\"@graph\":[{\"@type\":\"Article\",\"@id\":\"https:\/\/portaltela.pt\/noticias\/2026\/03\/26\/portugal-legends-inicia-viagem-no-mexico-rumo-ao-mundial-2026\/#article\",\"isPartOf\":{\"@id\":\"https:\/\/portaltela.pt\/noticias\/2026\/03\/26\/portugal-legends-inicia-viagem-no-mexico-rumo-ao-mundial-2026\/\"},\"author\":{\"name\":\"Telinha\",\"@id\":\"https:\/\/portaltela.pt\/#\/schema\/person\/c4278d4a6028830caff9ee44b42d32ed\"},\"headline\":\"Portugal Legends inicia viagem no M\u00e9xico rumo ao Mundial 2026\",\"datePublished\":\"2026-03-26T20:12:42+00:00\",\"mainEntityOfPage\":{\"@id\":\"https:\/\/portaltela.pt\/noticias\/2026\/03\/26\/portugal-legends-inicia-viagem-no-mexico-rumo-ao-mundial-2026\/\"},\"wordCount\":200,\"image\":{\"@id\":\"https:\/\/portaltela.pt\/noticias\/2026\/03\/26\/portugal-legends-inicia-viagem-no-mexico-rumo-ao-mundial-2026\/#primaryimage\"},\"thumbnailUrl\":\"https:\/\/portaltela.pt\/s.01k8rhncp4jt1\/2026\/03\/img_920x519uu2026-03-26-20-12-13-2429552.jpg\",\"keywords\":[\"amistosos\",\"futebol\",\"Mais da Copa do Mundo\",\"M\u00e9xico\",\"Portugal\",\"Sele\u00e7\u00e3o Nacional\"],\"articleSection\":[\"Desporto\",\"Futebol\"],\"inLanguage\":\"pt-PT\"},{\"@type\":\"WebPage\",\"@id\":\"https:\/\/portaltela.pt\/noticias\/2026\/03\/26\/portugal-legends-inicia-viagem-no-mexico-rumo-ao-mundial-2026\/\",\"url\":\"https:\/\/portaltela.pt\/noticias\/2026\/03\/26\/portugal-legends-inicia-viagem-no-mexico-rumo-ao-mundial-2026\/\",\"name\":\"Portugal Legends inicia viagem no M\u00e9xico rumo ao Mundial 2026 - Portal Tela Portugal\",\"isPartOf\":{\"@id\":\"https:\/\/portaltela.pt\/#website\"},\"primaryImageOfPage\":{\"@id\":\"https:\/\/portaltela.pt\/noticias\/2026\/03\/26\/portugal-legends-inicia-viagem-no-mexico-rumo-ao-mundial-2026\/#primaryimage\"},\"image\":{\"@id\":\"https:\/\/portaltela.pt\/noticias\/2026\/03\/26\/portugal-legends-inicia-viagem-no-mexico-rumo-ao-mundial-2026\/#primaryimage\"},\"thumbnailUrl\":\"https:\/\/portaltela.pt\/s.01k8rhncp4jt1\/2026\/03\/img_920x519uu2026-03-26-20-12-13-2429552.jpg\",\"datePublished\":\"2026-03-26T20:12:42+00:00\",\"author\":{\"@id\":\"https:\/\/portaltela.pt\/#\/schema\/person\/c4278d4a6028830caff9ee44b42d32ed\"},\"breadcrumb\":{\"@id\":\"https:\/\/portaltela.pt\/noticias\/2026\/03\/26\/portugal-legends-inicia-viagem-no-mexico-rumo-ao-mundial-2026\/#breadcrumb\"},\"inLanguage\":\"pt-PT\",\"potentialAction\":[{\"@type\":\"ReadAction\",\"target\":[\"https:\/\/portaltela.pt\/noticias\/2026\/03\/26\/portugal-legends-inicia-viagem-no-mexico-rumo-ao-mundial-2026\/\"]}]},{\"@type\":\"ImageObject\",\"inLanguage\":\"pt-PT\",\"@id\":\"https:\/\/portaltela.pt\/noticias\/2026\/03\/26\/portugal-legends-inicia-viagem-no-mexico-rumo-ao-mundial-2026\/#primaryimage\",\"url\":\"https:\/\/portaltela.pt\/s.01k8rhncp4jt1\/2026\/03\/img_920x519uu2026-03-26-20-12-13-2429552.jpg\",\"contentUrl\":\"https:\/\/portaltela.pt\/s.01k8rhncp4jt1\/2026\/03\/img_920x519uu2026-03-26-20-12-13-2429552.jpg\",\"width\":920,\"height\":518,\"caption\":\"Portugal Legends d\u00e1 o pontap\u00e9 de sa\u00edda no M\u00e9xico rumo ao Mundial'2026\"},{\"@type\":\"BreadcrumbList\",\"@id\":\"https:\/\/portaltela.pt\/noticias\/2026\/03\/26\/portugal-legends-inicia-viagem-no-mexico-rumo-ao-mundial-2026\/#breadcrumb\",\"itemListElement\":[{\"@type\":\"ListItem\",\"position\":1,\"name\":\"In\u00edcio\",\"item\":\"https:\/\/portaltela.pt\/\"},{\"@type\":\"ListItem\",\"position\":2,\"name\":\"Portugal Legends inicia viagem no M\u00e9xico rumo ao Mundial 2026\"}]},{\"@type\":\"WebSite\",\"@id\":\"https:\/\/portaltela.pt\/#website\",\"url\":\"https:\/\/portaltela.pt\/\",\"name\":\"Portal Tela Portugal\",\"description\":\"\",\"potentialAction\":[{\"@type\":\"SearchAction\",\"target\":{\"@type\":\"EntryPoint\",\"urlTemplate\":\"https:\/\/portaltela.pt\/?s={search_term_string}\"},\"query-input\":{\"@type\":\"PropertyValueSpecification\",\"valueRequired\":true,\"valueName\":\"search_term_string\"}}],\"inLanguage\":\"pt-PT\"},{\"@type\":\"Person\",\"@id\":\"https:\/\/portaltela.pt\/#\/schema\/person\/c4278d4a6028830caff9ee44b42d32ed\",\"name\":\"Telinha\",\"image\":{\"@type\":\"ImageObject\",\"inLanguage\":\"pt-PT\",\"@id\":\"https:\/\/portaltela.pt\/s.01k8rhncp4jt1\/2025\/11\/talking-bot-125x125.png\",\"url\":\"https:\/\/portaltela.pt\/s.01k8rhncp4jt1\/2025\/11\/talking-bot-125x125.png\",\"contentUrl\":\"https:\/\/portaltela.pt\/s.01k8rhncp4jt1\/2025\/11\/talking-bot-125x125.png\",\"caption\":\"Telinha\"},\"sameAs\":[\"https:\/\/portaltela.pt\/\"],\"url\":\"https:\/\/portaltela.pt\/por\/367410592786\/\"}]}<\/script>\n<!-- \/ Yoast SEO plugin. -->","yoast_head_json":{"title":"Portugal Legends inicia viagem no M\u00e9xico rumo ao Mundial 2026 - Portal Tela Portugal","robots":{"index":"index","follow":"follow","max-snippet":"max-snippet:-1","max-image-preview":"max-image-preview:large","max-video-preview":"max-video-preview:-1"},"og_locale":"pt_PT","og_type":"article","og_title":"Portugal Legends inicia viagem no M\u00e9xico rumo ao Mundial 2026 - Portal Tela Portugal","og_description":"O projeto Portugal Legends iniciou um novo ciclo internacional com uma a\u00e7\u00e3o simb\u00f3lica no M\u00e9xico, em Tepito, para promover o futebol portugu\u00eas rumo ao Mundial\u20192026. As atividades contaram com antigos craques como Madjer, Edite Fernandes, Ricardinho, Nuno Gomes, Fernando Meira, Rui Patr\u00edcio e H\u00e9lder Postiga, que dialogaram com jovens e adeptos locais. A iniciativa integra a estrat\u00e9gia da Federa\u00e7\u00e3o Portuguesa de Futebol (FPF) de valorizar o legado do futebol nacional e fortalecer liga\u00e7\u00f5es com comunidades fora de Portugal. Em Nova Iorque, V\u00edtor Ba\u00eda e Adrien Silva v\u00e3o participar numa watch party na Time Out Market, para acompanhar o jogo de prepara\u00e7\u00e3o M\u00e9xico vs. Portugal, a 29 de mar\u00e7o \u00e0s 02h00 (hor\u00e1rio de Portugal). Em Atlanta, outros Legends v\u00e3o apoiar a Sele\u00e7\u00e3o Nacional no amig\u00e1vel frente aos Estados Unidos, marcado para 1 de abril, \u00e0s 00h00 (hor\u00e1rio de Portugal).","og_url":"https:\/\/portaltela.pt\/noticias\/2026\/03\/26\/portugal-legends-inicia-viagem-no-mexico-rumo-ao-mundial-2026\/","og_site_name":"Portal Tela Portugal","article_published_time":"2026-03-26T20:12:42+00:00","author":"Telinha","twitter_card":"summary_large_image","twitter_misc":{"Escrito por":"Telinha","Tempo estimado de leitura":"1 minuto"},"schema":{"@context":"https:\/\/schema.org","@graph":[{"@type":"Article","@id":"https:\/\/portaltela.pt\/noticias\/2026\/03\/26\/portugal-legends-inicia-viagem-no-mexico-rumo-ao-mundial-2026\/#article","isPartOf":{"@id":"https:\/\/portaltela.pt\/noticias\/2026\/03\/26\/portugal-legends-inicia-viagem-no-mexico-rumo-ao-mundial-2026\/"},"author":{"name":"Telinha","@id":"https:\/\/portaltela.pt\/#\/schema\/person\/c4278d4a6028830caff9ee44b42d32ed"},"headline":"Portugal Legends inicia viagem no M\u00e9xico rumo ao Mundial 2026","datePublished":"2026-03-26T20:12:42+00:00","mainEntityOfPage":{"@id":"https:\/\/portaltela.pt\/noticias\/2026\/03\/26\/portugal-legends-inicia-viagem-no-mexico-rumo-ao-mundial-2026\/"},"wordCount":200,"image":{"@id":"https:\/\/portaltela.pt\/noticias\/2026\/03\/26\/portugal-legends-inicia-viagem-no-mexico-rumo-ao-mundial-2026\/#primaryimage"},"thumbnailUrl":"https:\/\/portaltela.pt\/s.01k8rhncp4jt1\/2026\/03\/img_920x519uu2026-03-26-20-12-13-2429552.jpg","keywords":["amistosos","futebol","Mais da Copa do Mundo","M\u00e9xico","Portugal","Sele\u00e7\u00e3o Nacional"],"articleSection":["Desporto","Futebol"],"inLanguage":"pt-PT"},{"@type":"WebPage","@id":"https:\/\/portaltela.pt\/noticias\/2026\/03\/26\/portugal-legends-inicia-viagem-no-mexico-rumo-ao-mundial-2026\/","url":"https:\/\/portaltela.pt\/noticias\/2026\/03\/26\/portugal-legends-inicia-viagem-no-mexico-rumo-ao-mundial-2026\/","name":"Portugal Legends inicia viagem no M\u00e9xico rumo ao Mundial 2026 - Portal Tela Portugal","isPartOf":{"@id":"https:\/\/portaltela.pt\/#website"},"primaryImageOfPage":{"@id":"https:\/\/portaltela.pt\/noticias\/2026\/03\/26\/portugal-legends-inicia-viagem-no-mexico-rumo-ao-mundial-2026\/#primaryimage"},"image":{"@id":"https:\/\/portaltela.pt\/noticias\/2026\/03\/26\/portugal-legends-inicia-viagem-no-mexico-rumo-ao-mundial-2026\/#primaryimage"},"thumbnailUrl":"https:\/\/portaltela.pt\/s.01k8rhncp4jt1\/2026\/03\/img_920x519uu2026-03-26-20-12-13-2429552.jpg","datePublished":"2026-03-26T20:12:42+00:00","author":{"@id":"https:\/\/portaltela.pt\/#\/schema\/person\/c4278d4a6028830caff9ee44b42d32ed"},"breadcrumb":{"@id":"https:\/\/portaltela.pt\/noticias\/2026\/03\/26\/portugal-legends-inicia-viagem-no-mexico-rumo-ao-mundial-2026\/#breadcrumb"},"inLanguage":"pt-PT","potentialAction":[{"@type":"ReadAction","target":["https:\/\/portaltela.pt\/noticias\/2026\/03\/26\/portugal-legends-inicia-viagem-no-mexico-rumo-ao-mundial-2026\/"]}]},{"@type":"ImageObject","inLanguage":"pt-PT","@id":"https:\/\/portaltela.pt\/noticias\/2026\/03\/26\/portugal-legends-inicia-viagem-no-mexico-rumo-ao-mundial-2026\/#primaryimage","url":"https:\/\/portaltela.pt\/s.01k8rhncp4jt1\/2026\/03\/img_920x519uu2026-03-26-20-12-13-2429552.jpg","contentUrl":"https:\/\/portaltela.pt\/s.01k8rhncp4jt1\/2026\/03\/img_920x519uu2026-03-26-20-12-13-2429552.jpg","width":920,"height":518,"caption":"Portugal Legends d\u00e1 o pontap\u00e9 de sa\u00edda no M\u00e9xico rumo ao Mundial'2026"},{"@type":"BreadcrumbList","@id":"https:\/\/portaltela.pt\/noticias\/2026\/03\/26\/portugal-legends-inicia-viagem-no-mexico-rumo-ao-mundial-2026\/#breadcrumb","itemListElement":[{"@type":"ListItem","position":1,"name":"In\u00edcio","item":"https:\/\/portaltela.pt\/"},{"@type":"ListItem","position":2,"name":"Portugal Legends inicia viagem no M\u00e9xico rumo ao Mundial 2026"}]},{"@type":"WebSite","@id":"https:\/\/portaltela.pt\/#website","url":"https:\/\/portaltela.pt\/","name":"Portal Tela Portugal","description":"","potentialAction":[{"@type":"SearchAction","target":{"@type":"EntryPoint","urlTemplate":"https:\/\/portaltela.pt\/?s={search_term_string}"},"query-input":{"@type":"PropertyValueSpecification","valueRequired":true,"valueName":"search_term_string"}}],"inLanguage":"pt-PT"},{"@type":"Person","@id":"https:\/\/portaltela.pt\/#\/schema\/person\/c4278d4a6028830caff9ee44b42d32ed","name":"Telinha","image":{"@type":"ImageObject","inLanguage":"pt-PT","@id":"https:\/\/portaltela.pt\/s.01k8rhncp4jt1\/2025\/11\/talking-bot-125x125.png","url":"https:\/\/portaltela.pt\/s.01k8rhncp4jt1\/2025\/11\/talking-bot-125x125.png","contentUrl":"https:\/\/portaltela.pt\/s.01k8rhncp4jt1\/2025\/11\/talking-bot-125x125.png","caption":"Telinha"},"sameAs":["https:\/\/portaltela.pt\/"],"url":"https:\/\/portaltela.pt\/por\/367410592786\/"}]}},"_links":{"self":[{"href":"https:\/\/portaltela.pt\/api\/wp\/v2\/posts\/422853","targetHints":{"allow":["GET"]}}],"collection":[{"href":"https:\/\/portaltela.pt\/api\/wp\/v2\/posts"}],"about":[{"href":"https:\/\/portaltela.pt\/api\/wp\/v2\/types\/post"}],"author":[{"embeddable":true,"href":"https:\/\/portaltela.pt\/api\/wp\/v2\/users\/2"}],"replies":[{"embeddable":true,"href":"https:\/\/portaltela.pt\/api\/wp\/v2\/comments?post=422853"}],"version-history":[{"count":0,"href":"https:\/\/portaltela.pt\/api\/wp\/v2\/posts\/422853\/revisions"}],"wp:featuredmedia":[{"embeddable":true,"href":"https:\/\/portaltela.pt\/api\/wp\/v2\/media\/422859"}],"wp:attachment":[{"href":"https:\/\/portaltela.pt\/api\/wp\/v2\/media?parent=422853"}],"wp:term":[{"taxonomy":"category","embeddable":true,"href":"https:\/\/portaltela.pt\/api\/wp\/v2\/categories?post=422853"},{"taxonomy":"post_tag","embeddable":true,"href":"https:\/\/portaltela.pt\/api\/wp\/v2\/tags?post=422853"}],"curies":[{"name":"wp","href":"https:\/\/api.w.org\/{rel}","templated":true}]}}