{"id":422845,"date":"2026-03-26T16:27:00","date_gmt":"2026-03-26T19:27:00","guid":{"rendered":"https:\/\/portaltela.pt\/noticias\/2026\/03\/26\/prato-do-dia-no-chalet-vicente-atrai-publico-internacional-no-funchal\/"},"modified":"2026-03-26T16:27:00","modified_gmt":"2026-03-26T19:27:00","slug":"prato-do-dia-no-chalet-vicente-atrai-publico-internacional-no-funchal","status":"publish","type":"post","link":"https:\/\/portaltela.pt\/noticias\/2026\/03\/26\/prato-do-dia-no-chalet-vicente-atrai-publico-internacional-no-funchal\/","title":{"rendered":"Prato do Dia no Chalet Vicente atrai p\u00fablico internacional no Funchal"},"content":{"rendered":"<p>O Chalet Vicente, situado na Avenida Monumental, no Funchal, oferece espa\u00e7o interior e exterior para refei\u00e7\u00f5es, com uma carta que mistura pratos de peixe, carne e op\u00e7\u00f5es cl\u00e1ssicas da cozinha tradicional. O servi\u00e7o \u00e9 descrito como cuidadoso e a garrafeira \u00e9 destacada pelos clientes.<\/p>\n<p>As entradas incluem op\u00e7\u00f5es como bolo do caco com manteiga de alho e azeitonas, camar\u00e3o com azeite, alho e lim\u00e3o, e queijo fresco do Santo da Serra. Os peixinhos da horta e as pataniscas de bacalhau aparecem entre as sugest\u00f5es mais solicitadas.<\/p>\n<p>Entre os pratos de peixe sobressaem o peixe espada com frutos locais e lombinhos de atum com molho vil\u00e3o. No cap\u00edtulo de mariscos destacam-se a caldeirada, as vieiras com a\u00e7afr\u00e3o e espargos, e o polvo grelhado. A esplanada \u00e9 mencionada como ambiente favor\u00e1vel para estas escolhas.<\/p>\n<p>Na sec\u00e7\u00e3o de carne, a carta privilegia grelhados na brasa, espetada regional, costeletas de borrego e frango \u00e0 portuguesa com piripiri. Bifes com molho b\u00e9arnaise e cogumelos tamb\u00e9m comp\u00f5em a oferta principal. Existem op\u00e7\u00f5es de pratos especiais com cordeiro, cabrito guisado e arroz de pato.<\/p>\n<p>Para terminar, as sobremesas incluem mousse de chocolate, leite-creme queimado e brownies. O Chalet Vicente funciona das 12h \u00e0s 23h, n\u00e3o encerra, com pre\u00e7o m\u00e9dio por pessoa em torno de 27 euros. O restaurante est\u00e1 em Estrada Monumental, 238, Funchal, e aceita reservas pelo telefone 291 765 818.<\/p>\n","protected":false},"excerpt":{"rendered":"<ul>\n<li>O Chalet Vicente fica na Estrada Monumental, 238, Funchal, aberto das 12h \u00e0s 23h e sem encerramento, com contacto telef\u00f3nico 291 765 818 e site chaletvicente.com.<\/li>\n<li>Oferece espa\u00e7os internos e externos para refei\u00e7\u00f5es, com garrafeira bem equipada e servi\u00e7o reconhecido.<\/li>\n<li>Entradas destacadas incluem o bolo do caco com manteiga de alho e azeitonas, camar\u00e3o com azeite, alho e lim\u00e3o, queijo fresco do Santo da Serra, pataniscas de bacalhau e peixinhos da horta.<\/li>\n<li>Nos pratos de peixe, sobressaem o peixe espada com frutos da regi\u00e3o, lombinhos de atum com molho vil\u00e3o e milho frito, risoto de vieiras com a\u00e7afr\u00e3o e espargos, al\u00e9m de lulas e gambas no espeto.<\/li>\n<li>Nas op\u00e7\u00f5es de carne constam espetada regional, costeletas de borrego, frango \u00e0 portuguesa com piripiri, bem como pratos especiais como chamb\u00e3o de cordeiro, cabrito guisado \u00e0 portuguesa e arroz de pato; sobremesas incluem mousse de chocolate, leite-creme queimado e brownies, com pre\u00e7o m\u00e9dio de 27 euros.<\/li>\n<\/ul>\n","protected":false},"author":2,"featured_media":422847,"comment_status":"closed","ping_status":"closed","sticky":false,"template":"","format":"standard","meta":{"footnotes":""},"categories":[7369,1],"tags":[219,859,7547,4320,6398,169],"class_list":["post-422845","post","type-post","status-publish","format-standard","has-post-thumbnail","hentry","category-gastronomia","category-noticias","tag-gastronomia","tag-madeira","tag-mariscos","tag-peixes","tag-restauracao","tag-turismo"],"yoast_head":"<!-- This site is optimized with the Yoast SEO plugin v27.2 - https:\/\/yoast.com\/product\/yoast-seo-wordpress\/ -->\n<title>Prato do Dia no Chalet Vicente atrai p\u00fablico internacional no Funchal - Portal Tela Portugal<\/title>\n<meta name=\"robots\" content=\"index, follow, max-snippet:-1, max-image-preview:large, max-video-preview:-1\" \/>\n<meta property=\"og:locale\" content=\"pt_PT\" \/>\n<meta property=\"og:type\" content=\"article\" \/>\n<meta property=\"og:title\" content=\"Prato do Dia no Chalet Vicente atrai p\u00fablico internacional no Funchal - Portal Tela Portugal\" \/>\n<meta property=\"og:description\" content=\"O Chalet Vicente fica na Estrada Monumental, 238, Funchal, aberto das 12h \u00e0s 23h e sem encerramento, com contacto telef\u00f3nico 291 765 818 e site chaletvicente.com. Oferece espa\u00e7os internos e externos para refei\u00e7\u00f5es, com garrafeira bem equipada e servi\u00e7o reconhecido. Entradas destacadas incluem o bolo do caco com manteiga de alho e azeitonas, camar\u00e3o com azeite, alho e lim\u00e3o, queijo fresco do Santo da Serra, pataniscas de bacalhau e peixinhos da horta. Nos pratos de peixe, sobressaem o peixe espada com frutos da regi\u00e3o, lombinhos de atum com molho vil\u00e3o e milho frito, risoto de vieiras com a\u00e7afr\u00e3o e espargos, al\u00e9m de lulas e gambas no espeto. Nas op\u00e7\u00f5es de carne constam espetada regional, costeletas de borrego, frango \u00e0 portuguesa com piripiri, bem como pratos especiais como chamb\u00e3o de cordeiro, cabrito guisado \u00e0 portuguesa e arroz de pato; sobremesas incluem mousse de chocolate, leite-creme queimado e brownies, com pre\u00e7o m\u00e9dio de 27 euros.\" \/>\n<meta property=\"og:url\" content=\"https:\/\/portaltela.pt\/noticias\/2026\/03\/26\/prato-do-dia-no-chalet-vicente-atrai-publico-internacional-no-funchal\/\" \/>\n<meta property=\"og:site_name\" content=\"Portal Tela Portugal\" \/>\n<meta property=\"article:published_time\" content=\"2026-03-26T19:27:00+00:00\" \/>\n<meta name=\"author\" content=\"Telinha\" \/>\n<meta name=\"twitter:card\" content=\"summary_large_image\" \/>\n<meta name=\"twitter:label1\" content=\"Escrito por\" \/>\n\t<meta name=\"twitter:data1\" content=\"Telinha\" \/>\n\t<meta name=\"twitter:label2\" content=\"Tempo estimado de leitura\" \/>\n\t<meta name=\"twitter:data2\" content=\"1 minuto\" \/>\n<script type=\"application\/ld+json\" class=\"yoast-schema-graph\">{\"@context\":\"https:\/\/schema.org\",\"@graph\":[{\"@type\":\"Article\",\"@id\":\"https:\/\/portaltela.pt\/noticias\/2026\/03\/26\/prato-do-dia-no-chalet-vicente-atrai-publico-internacional-no-funchal\/#article\",\"isPartOf\":{\"@id\":\"https:\/\/portaltela.pt\/noticias\/2026\/03\/26\/prato-do-dia-no-chalet-vicente-atrai-publico-internacional-no-funchal\/\"},\"author\":{\"name\":\"Telinha\",\"@id\":\"https:\/\/portaltela.pt\/#\/schema\/person\/c4278d4a6028830caff9ee44b42d32ed\"},\"headline\":\"Prato do Dia no Chalet Vicente atrai p\u00fablico internacional no Funchal\",\"datePublished\":\"2026-03-26T19:27:00+00:00\",\"mainEntityOfPage\":{\"@id\":\"https:\/\/portaltela.pt\/noticias\/2026\/03\/26\/prato-do-dia-no-chalet-vicente-atrai-publico-internacional-no-funchal\/\"},\"wordCount\":250,\"image\":{\"@id\":\"https:\/\/portaltela.pt\/noticias\/2026\/03\/26\/prato-do-dia-no-chalet-vicente-atrai-publico-internacional-no-funchal\/#primaryimage\"},\"thumbnailUrl\":\"https:\/\/portaltela.pt\/s.01k8rhncp4jt1\/2026\/03\/image-165.webp\",\"keywords\":[\"gastronomia\",\"Madeira\",\"mariscos\",\"Peixes\",\"restaura\u00e7\u00e3o\",\"turismo\"],\"articleSection\":[\"Gastronomia\",\"Not\u00edcias\"],\"inLanguage\":\"pt-PT\"},{\"@type\":\"WebPage\",\"@id\":\"https:\/\/portaltela.pt\/noticias\/2026\/03\/26\/prato-do-dia-no-chalet-vicente-atrai-publico-internacional-no-funchal\/\",\"url\":\"https:\/\/portaltela.pt\/noticias\/2026\/03\/26\/prato-do-dia-no-chalet-vicente-atrai-publico-internacional-no-funchal\/\",\"name\":\"Prato do Dia no Chalet Vicente atrai p\u00fablico internacional no Funchal - Portal Tela Portugal\",\"isPartOf\":{\"@id\":\"https:\/\/portaltela.pt\/#website\"},\"primaryImageOfPage\":{\"@id\":\"https:\/\/portaltela.pt\/noticias\/2026\/03\/26\/prato-do-dia-no-chalet-vicente-atrai-publico-internacional-no-funchal\/#primaryimage\"},\"image\":{\"@id\":\"https:\/\/portaltela.pt\/noticias\/2026\/03\/26\/prato-do-dia-no-chalet-vicente-atrai-publico-internacional-no-funchal\/#primaryimage\"},\"thumbnailUrl\":\"https:\/\/portaltela.pt\/s.01k8rhncp4jt1\/2026\/03\/image-165.webp\",\"datePublished\":\"2026-03-26T19:27:00+00:00\",\"author\":{\"@id\":\"https:\/\/portaltela.pt\/#\/schema\/person\/c4278d4a6028830caff9ee44b42d32ed\"},\"breadcrumb\":{\"@id\":\"https:\/\/portaltela.pt\/noticias\/2026\/03\/26\/prato-do-dia-no-chalet-vicente-atrai-publico-internacional-no-funchal\/#breadcrumb\"},\"inLanguage\":\"pt-PT\",\"potentialAction\":[{\"@type\":\"ReadAction\",\"target\":[\"https:\/\/portaltela.pt\/noticias\/2026\/03\/26\/prato-do-dia-no-chalet-vicente-atrai-publico-internacional-no-funchal\/\"]}]},{\"@type\":\"ImageObject\",\"inLanguage\":\"pt-PT\",\"@id\":\"https:\/\/portaltela.pt\/noticias\/2026\/03\/26\/prato-do-dia-no-chalet-vicente-atrai-publico-internacional-no-funchal\/#primaryimage\",\"url\":\"https:\/\/portaltela.pt\/s.01k8rhncp4jt1\/2026\/03\/image-165.webp\",\"contentUrl\":\"https:\/\/portaltela.pt\/s.01k8rhncp4jt1\/2026\/03\/image-165.webp\",\"width\":1200,\"height\":800,\"caption\":\"Chalet Vicente, no Funchal\"},{\"@type\":\"BreadcrumbList\",\"@id\":\"https:\/\/portaltela.pt\/noticias\/2026\/03\/26\/prato-do-dia-no-chalet-vicente-atrai-publico-internacional-no-funchal\/#breadcrumb\",\"itemListElement\":[{\"@type\":\"ListItem\",\"position\":1,\"name\":\"In\u00edcio\",\"item\":\"https:\/\/portaltela.pt\/\"},{\"@type\":\"ListItem\",\"position\":2,\"name\":\"Prato do Dia no Chalet Vicente atrai p\u00fablico internacional no Funchal\"}]},{\"@type\":\"WebSite\",\"@id\":\"https:\/\/portaltela.pt\/#website\",\"url\":\"https:\/\/portaltela.pt\/\",\"name\":\"Portal Tela Portugal\",\"description\":\"\",\"potentialAction\":[{\"@type\":\"SearchAction\",\"target\":{\"@type\":\"EntryPoint\",\"urlTemplate\":\"https:\/\/portaltela.pt\/?s={search_term_string}\"},\"query-input\":{\"@type\":\"PropertyValueSpecification\",\"valueRequired\":true,\"valueName\":\"search_term_string\"}}],\"inLanguage\":\"pt-PT\"},{\"@type\":\"Person\",\"@id\":\"https:\/\/portaltela.pt\/#\/schema\/person\/c4278d4a6028830caff9ee44b42d32ed\",\"name\":\"Telinha\",\"image\":{\"@type\":\"ImageObject\",\"inLanguage\":\"pt-PT\",\"@id\":\"https:\/\/portaltela.pt\/s.01k8rhncp4jt1\/2025\/11\/talking-bot-125x125.png\",\"url\":\"https:\/\/portaltela.pt\/s.01k8rhncp4jt1\/2025\/11\/talking-bot-125x125.png\",\"contentUrl\":\"https:\/\/portaltela.pt\/s.01k8rhncp4jt1\/2025\/11\/talking-bot-125x125.png\",\"caption\":\"Telinha\"},\"sameAs\":[\"https:\/\/portaltela.pt\/\"],\"url\":\"https:\/\/portaltela.pt\/por\/367410592786\/\"}]}<\/script>\n<!-- \/ Yoast SEO plugin. -->","yoast_head_json":{"title":"Prato do Dia no Chalet Vicente atrai p\u00fablico internacional no Funchal - Portal Tela Portugal","robots":{"index":"index","follow":"follow","max-snippet":"max-snippet:-1","max-image-preview":"max-image-preview:large","max-video-preview":"max-video-preview:-1"},"og_locale":"pt_PT","og_type":"article","og_title":"Prato do Dia no Chalet Vicente atrai p\u00fablico internacional no Funchal - Portal Tela Portugal","og_description":"O Chalet Vicente fica na Estrada Monumental, 238, Funchal, aberto das 12h \u00e0s 23h e sem encerramento, com contacto telef\u00f3nico 291 765 818 e site chaletvicente.com. Oferece espa\u00e7os internos e externos para refei\u00e7\u00f5es, com garrafeira bem equipada e servi\u00e7o reconhecido. Entradas destacadas incluem o bolo do caco com manteiga de alho e azeitonas, camar\u00e3o com azeite, alho e lim\u00e3o, queijo fresco do Santo da Serra, pataniscas de bacalhau e peixinhos da horta. Nos pratos de peixe, sobressaem o peixe espada com frutos da regi\u00e3o, lombinhos de atum com molho vil\u00e3o e milho frito, risoto de vieiras com a\u00e7afr\u00e3o e espargos, al\u00e9m de lulas e gambas no espeto. Nas op\u00e7\u00f5es de carne constam espetada regional, costeletas de borrego, frango \u00e0 portuguesa com piripiri, bem como pratos especiais como chamb\u00e3o de cordeiro, cabrito guisado \u00e0 portuguesa e arroz de pato; sobremesas incluem mousse de chocolate, leite-creme queimado e brownies, com pre\u00e7o m\u00e9dio de 27 euros.","og_url":"https:\/\/portaltela.pt\/noticias\/2026\/03\/26\/prato-do-dia-no-chalet-vicente-atrai-publico-internacional-no-funchal\/","og_site_name":"Portal Tela Portugal","article_published_time":"2026-03-26T19:27:00+00:00","author":"Telinha","twitter_card":"summary_large_image","twitter_misc":{"Escrito por":"Telinha","Tempo estimado de leitura":"1 minuto"},"schema":{"@context":"https:\/\/schema.org","@graph":[{"@type":"Article","@id":"https:\/\/portaltela.pt\/noticias\/2026\/03\/26\/prato-do-dia-no-chalet-vicente-atrai-publico-internacional-no-funchal\/#article","isPartOf":{"@id":"https:\/\/portaltela.pt\/noticias\/2026\/03\/26\/prato-do-dia-no-chalet-vicente-atrai-publico-internacional-no-funchal\/"},"author":{"name":"Telinha","@id":"https:\/\/portaltela.pt\/#\/schema\/person\/c4278d4a6028830caff9ee44b42d32ed"},"headline":"Prato do Dia no Chalet Vicente atrai p\u00fablico internacional no Funchal","datePublished":"2026-03-26T19:27:00+00:00","mainEntityOfPage":{"@id":"https:\/\/portaltela.pt\/noticias\/2026\/03\/26\/prato-do-dia-no-chalet-vicente-atrai-publico-internacional-no-funchal\/"},"wordCount":250,"image":{"@id":"https:\/\/portaltela.pt\/noticias\/2026\/03\/26\/prato-do-dia-no-chalet-vicente-atrai-publico-internacional-no-funchal\/#primaryimage"},"thumbnailUrl":"https:\/\/portaltela.pt\/s.01k8rhncp4jt1\/2026\/03\/image-165.webp","keywords":["gastronomia","Madeira","mariscos","Peixes","restaura\u00e7\u00e3o","turismo"],"articleSection":["Gastronomia","Not\u00edcias"],"inLanguage":"pt-PT"},{"@type":"WebPage","@id":"https:\/\/portaltela.pt\/noticias\/2026\/03\/26\/prato-do-dia-no-chalet-vicente-atrai-publico-internacional-no-funchal\/","url":"https:\/\/portaltela.pt\/noticias\/2026\/03\/26\/prato-do-dia-no-chalet-vicente-atrai-publico-internacional-no-funchal\/","name":"Prato do Dia no Chalet Vicente atrai p\u00fablico internacional no Funchal - Portal Tela Portugal","isPartOf":{"@id":"https:\/\/portaltela.pt\/#website"},"primaryImageOfPage":{"@id":"https:\/\/portaltela.pt\/noticias\/2026\/03\/26\/prato-do-dia-no-chalet-vicente-atrai-publico-internacional-no-funchal\/#primaryimage"},"image":{"@id":"https:\/\/portaltela.pt\/noticias\/2026\/03\/26\/prato-do-dia-no-chalet-vicente-atrai-publico-internacional-no-funchal\/#primaryimage"},"thumbnailUrl":"https:\/\/portaltela.pt\/s.01k8rhncp4jt1\/2026\/03\/image-165.webp","datePublished":"2026-03-26T19:27:00+00:00","author":{"@id":"https:\/\/portaltela.pt\/#\/schema\/person\/c4278d4a6028830caff9ee44b42d32ed"},"breadcrumb":{"@id":"https:\/\/portaltela.pt\/noticias\/2026\/03\/26\/prato-do-dia-no-chalet-vicente-atrai-publico-internacional-no-funchal\/#breadcrumb"},"inLanguage":"pt-PT","potentialAction":[{"@type":"ReadAction","target":["https:\/\/portaltela.pt\/noticias\/2026\/03\/26\/prato-do-dia-no-chalet-vicente-atrai-publico-internacional-no-funchal\/"]}]},{"@type":"ImageObject","inLanguage":"pt-PT","@id":"https:\/\/portaltela.pt\/noticias\/2026\/03\/26\/prato-do-dia-no-chalet-vicente-atrai-publico-internacional-no-funchal\/#primaryimage","url":"https:\/\/portaltela.pt\/s.01k8rhncp4jt1\/2026\/03\/image-165.webp","contentUrl":"https:\/\/portaltela.pt\/s.01k8rhncp4jt1\/2026\/03\/image-165.webp","width":1200,"height":800,"caption":"Chalet Vicente, no Funchal"},{"@type":"BreadcrumbList","@id":"https:\/\/portaltela.pt\/noticias\/2026\/03\/26\/prato-do-dia-no-chalet-vicente-atrai-publico-internacional-no-funchal\/#breadcrumb","itemListElement":[{"@type":"ListItem","position":1,"name":"In\u00edcio","item":"https:\/\/portaltela.pt\/"},{"@type":"ListItem","position":2,"name":"Prato do Dia no Chalet Vicente atrai p\u00fablico internacional no Funchal"}]},{"@type":"WebSite","@id":"https:\/\/portaltela.pt\/#website","url":"https:\/\/portaltela.pt\/","name":"Portal Tela Portugal","description":"","potentialAction":[{"@type":"SearchAction","target":{"@type":"EntryPoint","urlTemplate":"https:\/\/portaltela.pt\/?s={search_term_string}"},"query-input":{"@type":"PropertyValueSpecification","valueRequired":true,"valueName":"search_term_string"}}],"inLanguage":"pt-PT"},{"@type":"Person","@id":"https:\/\/portaltela.pt\/#\/schema\/person\/c4278d4a6028830caff9ee44b42d32ed","name":"Telinha","image":{"@type":"ImageObject","inLanguage":"pt-PT","@id":"https:\/\/portaltela.pt\/s.01k8rhncp4jt1\/2025\/11\/talking-bot-125x125.png","url":"https:\/\/portaltela.pt\/s.01k8rhncp4jt1\/2025\/11\/talking-bot-125x125.png","contentUrl":"https:\/\/portaltela.pt\/s.01k8rhncp4jt1\/2025\/11\/talking-bot-125x125.png","caption":"Telinha"},"sameAs":["https:\/\/portaltela.pt\/"],"url":"https:\/\/portaltela.pt\/por\/367410592786\/"}]}},"_links":{"self":[{"href":"https:\/\/portaltela.pt\/api\/wp\/v2\/posts\/422845","targetHints":{"allow":["GET"]}}],"collection":[{"href":"https:\/\/portaltela.pt\/api\/wp\/v2\/posts"}],"about":[{"href":"https:\/\/portaltela.pt\/api\/wp\/v2\/types\/post"}],"author":[{"embeddable":true,"href":"https:\/\/portaltela.pt\/api\/wp\/v2\/users\/2"}],"replies":[{"embeddable":true,"href":"https:\/\/portaltela.pt\/api\/wp\/v2\/comments?post=422845"}],"version-history":[{"count":0,"href":"https:\/\/portaltela.pt\/api\/wp\/v2\/posts\/422845\/revisions"}],"wp:featuredmedia":[{"embeddable":true,"href":"https:\/\/portaltela.pt\/api\/wp\/v2\/media\/422847"}],"wp:attachment":[{"href":"https:\/\/portaltela.pt\/api\/wp\/v2\/media?parent=422845"}],"wp:term":[{"taxonomy":"category","embeddable":true,"href":"https:\/\/portaltela.pt\/api\/wp\/v2\/categories?post=422845"},{"taxonomy":"post_tag","embeddable":true,"href":"https:\/\/portaltela.pt\/api\/wp\/v2\/tags?post=422845"}],"curies":[{"name":"wp","href":"https:\/\/api.w.org\/{rel}","templated":true}]}}