{"id":422835,"date":"2026-03-26T16:24:00","date_gmt":"2026-03-26T19:24:00","guid":{"rendered":"https:\/\/portaltela.pt\/noticias\/2026\/03\/26\/ataque-na-marcha-pela-vida-gera-acusacoes-cruzadas-no-parlamento\/"},"modified":"2026-03-26T16:24:00","modified_gmt":"2026-03-26T19:24:00","slug":"ataque-na-marcha-pela-vida-gera-acusacoes-cruzadas-no-parlamento","status":"publish","type":"post","link":"https:\/\/portaltela.pt\/noticias\/politica\/2026\/03\/26\/ataque-na-marcha-pela-vida-gera-acusacoes-cruzadas-no-parlamento\/","title":{"rendered":"Ataque na Marcha pela Vida gera acusa\u00e7\u00f5es cruzadas no Parlamento"},"content":{"rendered":"<p>O ataque ocorrido na Marcha pela Vida no \u00faltimo s\u00e1bado gerou uma troca de acusa\u00e7\u00f5es no Parlamento, nesta quinta-feira. CDS, Chega e PSD classificaram o epis\u00f3dio como um \u201cato terrorista\u201d e acusaram a esquerda de ter dois pesos e duas medidas em rela\u00e7\u00e3o \u00e0 viol\u00eancia pol\u00edtica.<\/p>\n<p>Os partidos \u00e0 esquerda do hemiciclo, por sua vez, rejeitaram as cr\u00edticas e responderam \u00e0s acusa\u00e7\u00f5es com contrapontos, defendendo uma leitura diferente dos acontecimentos.<\/p>\n<p>O debate parlamentar intensificou-se ap\u00f3s o ataque, com cada grupo a defender uma leitura dos factos e a questionar a consist\u00eancia das condena\u00e7\u00f5es da outra metade do espectro pol\u00edtico.<\/p>\n<p>Segundo a leitura dos partidos da direita, o epis\u00f3dio exp\u00f5e uma assimetria na condena\u00e7\u00e3o de actos violentos, sugerindo que a esquerda n\u00e3o repudia com igual vigor a viol\u00eancia pol\u00edtica quando a mobiliza\u00e7\u00e3o envolve determinadas pautas.<\/p>\n<p>Por outro lado, os blocos de esquerda argumentaram que a responsabilidade pelas agress\u00f5es deve ser apurada sem r\u00f3tulos pol\u00edticos generalizados e que a resposta deve ser proporcional aos factos comprovados.<\/p>\n<p>As interven\u00e7\u00f5es enfatizaram a necessidade de apuramento das responsabilidades, assegurando neutralidade institucional e respeito pelo Estado de direito.<\/p>\n<h3>Contexto e pr\u00f3ximos passos<\/h3>\n<ul>\n<li>Parlamentares destacaram a import\u00e2ncia de uma investiga\u00e7\u00e3o transparente para esclarecer responsabilidades.<\/li>\n<li>O debate reflecte a persistente tens\u00e3o entre posi\u00e7\u00f5es pol\u00edticas divergentes em torno de manifesta\u00e7\u00f5es p\u00fablicas e viol\u00eancia associada.<\/li>\n<li>N\u00e3o foram anunciadas conclus\u00f5es oficiais durante a sess\u00e3o, mantendo o escrut\u00ednio p\u00fablico sobre o tema.<\/li>\n<\/ul>\n","protected":false},"excerpt":{"rendered":"<ul>\n<li>O ataque na Marcha pela Vida, que ocorreu no s\u00e1bado, gerou acusa\u00e7\u00f5es cruzadas no Parlamento nesta quinta-feira.<\/li>\n<li>CDS, Chega e PSD qualificaram o incidente como um \u201cacto terrorista\u201d e criticaram a esquerda por n\u00e3o o condenar, alegando dois pesos e duas medidas.<\/li>\n<li>Os partidos \u00e0 esquerda do hemiciclo condenaram o ataque e rebatem as cr\u00edticas da direita, devolvendo acusa\u00e7\u00f5es.<\/li>\n<li>A troca de acusa\u00e7\u00f5es envolveu posi\u00e7\u00f5es sobre viol\u00eancia pol\u00edtica e extremismo, com cada lado defendendo a sua leitura dos acontecimentos.<\/li>\n<li>A discuss\u00e3o no Parlamento mant\u00e9m-se centrada nas respostas pol\u00edticas ao epis\u00f3dio e na condena\u00e7\u00e3o de qualquer forma de viol\u00eancia.<\/li>\n<\/ul>\n","protected":false},"author":2,"featured_media":422837,"comment_status":"closed","ping_status":"closed","sticky":false,"template":"","format":"standard","meta":{"footnotes":""},"categories":[1,5],"tags":[4197,6441,7343,2832,2857,939],"class_list":["post-422835","post","type-post","status-publish","format-standard","has-post-thumbnail","hentry","category-noticias","category-politica","tag-acusacao-crime","tag-acusacoes","tag-ataque","tag-politica","tag-protestos","tag-violencia"],"yoast_head":"<!-- This site is optimized with the Yoast SEO plugin v27.2 - https:\/\/yoast.com\/product\/yoast-seo-wordpress\/ -->\n<title>Ataque na Marcha pela Vida gera acusa\u00e7\u00f5es cruzadas no Parlamento - Portal Tela Portugal<\/title>\n<meta name=\"robots\" content=\"index, follow, max-snippet:-1, max-image-preview:large, max-video-preview:-1\" \/>\n<meta property=\"og:locale\" content=\"pt_PT\" \/>\n<meta property=\"og:type\" content=\"article\" \/>\n<meta property=\"og:title\" content=\"Ataque na Marcha pela Vida gera acusa\u00e7\u00f5es cruzadas no Parlamento - Portal Tela Portugal\" \/>\n<meta property=\"og:description\" content=\"O ataque na Marcha pela Vida, que ocorreu no s\u00e1bado, gerou acusa\u00e7\u00f5es cruzadas no Parlamento nesta quinta-feira. CDS, Chega e PSD qualificaram o incidente como um \u201cacto terrorista\u201d e criticaram a esquerda por n\u00e3o o condenar, alegando dois pesos e duas medidas. Os partidos \u00e0 esquerda do hemiciclo condenaram o ataque e rebatem as cr\u00edticas da direita, devolvendo acusa\u00e7\u00f5es. A troca de acusa\u00e7\u00f5es envolveu posi\u00e7\u00f5es sobre viol\u00eancia pol\u00edtica e extremismo, com cada lado defendendo a sua leitura dos acontecimentos. A discuss\u00e3o no Parlamento mant\u00e9m-se centrada nas respostas pol\u00edticas ao epis\u00f3dio e na condena\u00e7\u00e3o de qualquer forma de viol\u00eancia.\" \/>\n<meta property=\"og:url\" content=\"https:\/\/portaltela.pt\/noticias\/2026\/03\/26\/ataque-na-marcha-pela-vida-gera-acusacoes-cruzadas-no-parlamento\/\" \/>\n<meta property=\"og:site_name\" content=\"Portal Tela Portugal\" \/>\n<meta property=\"article:published_time\" content=\"2026-03-26T19:24:00+00:00\" \/>\n<meta name=\"author\" content=\"Telinha\" \/>\n<meta name=\"twitter:card\" content=\"summary_large_image\" \/>\n<meta name=\"twitter:label1\" content=\"Escrito por\" \/>\n\t<meta name=\"twitter:data1\" content=\"Telinha\" \/>\n\t<meta name=\"twitter:label2\" content=\"Tempo estimado de leitura\" \/>\n\t<meta name=\"twitter:data2\" content=\"1 minuto\" \/>\n<script type=\"application\/ld+json\" class=\"yoast-schema-graph\">{\"@context\":\"https:\/\/schema.org\",\"@graph\":[{\"@type\":\"Article\",\"@id\":\"https:\/\/portaltela.pt\/noticias\/2026\/03\/26\/ataque-na-marcha-pela-vida-gera-acusacoes-cruzadas-no-parlamento\/#article\",\"isPartOf\":{\"@id\":\"https:\/\/portaltela.pt\/noticias\/2026\/03\/26\/ataque-na-marcha-pela-vida-gera-acusacoes-cruzadas-no-parlamento\/\"},\"author\":{\"name\":\"Telinha\",\"@id\":\"https:\/\/portaltela.pt\/#\/schema\/person\/c4278d4a6028830caff9ee44b42d32ed\"},\"headline\":\"Ataque na Marcha pela Vida gera acusa\u00e7\u00f5es cruzadas no Parlamento\",\"datePublished\":\"2026-03-26T19:24:00+00:00\",\"mainEntityOfPage\":{\"@id\":\"https:\/\/portaltela.pt\/noticias\/2026\/03\/26\/ataque-na-marcha-pela-vida-gera-acusacoes-cruzadas-no-parlamento\/\"},\"wordCount\":276,\"image\":{\"@id\":\"https:\/\/portaltela.pt\/noticias\/2026\/03\/26\/ataque-na-marcha-pela-vida-gera-acusacoes-cruzadas-no-parlamento\/#primaryimage\"},\"thumbnailUrl\":\"https:\/\/portaltela.pt\/s.01k8rhncp4jt1\/2026\/03\/tpUHdbIMAGENStypeJPGshare1oBarraFacebook_Publico-86.jpg\",\"keywords\":[\"acusa\u00e7\u00e3o-crime\",\"acusa\u00e7\u00f5es\",\"ataque\",\"pol\u00edtica\",\"protestos\",\"viol\u00eancia\"],\"articleSection\":[\"Not\u00edcias\",\"Pol\u00edtica\"],\"inLanguage\":\"pt-PT\"},{\"@type\":\"WebPage\",\"@id\":\"https:\/\/portaltela.pt\/noticias\/2026\/03\/26\/ataque-na-marcha-pela-vida-gera-acusacoes-cruzadas-no-parlamento\/\",\"url\":\"https:\/\/portaltela.pt\/noticias\/2026\/03\/26\/ataque-na-marcha-pela-vida-gera-acusacoes-cruzadas-no-parlamento\/\",\"name\":\"Ataque na Marcha pela Vida gera acusa\u00e7\u00f5es cruzadas no Parlamento - Portal Tela Portugal\",\"isPartOf\":{\"@id\":\"https:\/\/portaltela.pt\/#website\"},\"primaryImageOfPage\":{\"@id\":\"https:\/\/portaltela.pt\/noticias\/2026\/03\/26\/ataque-na-marcha-pela-vida-gera-acusacoes-cruzadas-no-parlamento\/#primaryimage\"},\"image\":{\"@id\":\"https:\/\/portaltela.pt\/noticias\/2026\/03\/26\/ataque-na-marcha-pela-vida-gera-acusacoes-cruzadas-no-parlamento\/#primaryimage\"},\"thumbnailUrl\":\"https:\/\/portaltela.pt\/s.01k8rhncp4jt1\/2026\/03\/tpUHdbIMAGENStypeJPGshare1oBarraFacebook_Publico-86.jpg\",\"datePublished\":\"2026-03-26T19:24:00+00:00\",\"author\":{\"@id\":\"https:\/\/portaltela.pt\/#\/schema\/person\/c4278d4a6028830caff9ee44b42d32ed\"},\"breadcrumb\":{\"@id\":\"https:\/\/portaltela.pt\/noticias\/2026\/03\/26\/ataque-na-marcha-pela-vida-gera-acusacoes-cruzadas-no-parlamento\/#breadcrumb\"},\"inLanguage\":\"pt-PT\",\"potentialAction\":[{\"@type\":\"ReadAction\",\"target\":[\"https:\/\/portaltela.pt\/noticias\/2026\/03\/26\/ataque-na-marcha-pela-vida-gera-acusacoes-cruzadas-no-parlamento\/\"]}]},{\"@type\":\"ImageObject\",\"inLanguage\":\"pt-PT\",\"@id\":\"https:\/\/portaltela.pt\/noticias\/2026\/03\/26\/ataque-na-marcha-pela-vida-gera-acusacoes-cruzadas-no-parlamento\/#primaryimage\",\"url\":\"https:\/\/portaltela.pt\/s.01k8rhncp4jt1\/2026\/03\/tpUHdbIMAGENStypeJPGshare1oBarraFacebook_Publico-86.jpg\",\"contentUrl\":\"https:\/\/portaltela.pt\/s.01k8rhncp4jt1\/2026\/03\/tpUHdbIMAGENStypeJPGshare1oBarraFacebook_Publico-86.jpg\",\"width\":1200,\"height\":630,\"caption\":\"Rui Tavares desafiou IL a n\u00e3o aceitar candidatos para o TC indicados pelo \\\"cart\u00e3o partid\u00e1rio\\\"\"},{\"@type\":\"BreadcrumbList\",\"@id\":\"https:\/\/portaltela.pt\/noticias\/2026\/03\/26\/ataque-na-marcha-pela-vida-gera-acusacoes-cruzadas-no-parlamento\/#breadcrumb\",\"itemListElement\":[{\"@type\":\"ListItem\",\"position\":1,\"name\":\"In\u00edcio\",\"item\":\"https:\/\/portaltela.pt\/\"},{\"@type\":\"ListItem\",\"position\":2,\"name\":\"Ataque na Marcha pela Vida gera acusa\u00e7\u00f5es cruzadas no Parlamento\"}]},{\"@type\":\"WebSite\",\"@id\":\"https:\/\/portaltela.pt\/#website\",\"url\":\"https:\/\/portaltela.pt\/\",\"name\":\"Portal Tela Portugal\",\"description\":\"\",\"potentialAction\":[{\"@type\":\"SearchAction\",\"target\":{\"@type\":\"EntryPoint\",\"urlTemplate\":\"https:\/\/portaltela.pt\/?s={search_term_string}\"},\"query-input\":{\"@type\":\"PropertyValueSpecification\",\"valueRequired\":true,\"valueName\":\"search_term_string\"}}],\"inLanguage\":\"pt-PT\"},{\"@type\":\"Person\",\"@id\":\"https:\/\/portaltela.pt\/#\/schema\/person\/c4278d4a6028830caff9ee44b42d32ed\",\"name\":\"Telinha\",\"image\":{\"@type\":\"ImageObject\",\"inLanguage\":\"pt-PT\",\"@id\":\"https:\/\/portaltela.pt\/s.01k8rhncp4jt1\/2025\/11\/talking-bot-125x125.png\",\"url\":\"https:\/\/portaltela.pt\/s.01k8rhncp4jt1\/2025\/11\/talking-bot-125x125.png\",\"contentUrl\":\"https:\/\/portaltela.pt\/s.01k8rhncp4jt1\/2025\/11\/talking-bot-125x125.png\",\"caption\":\"Telinha\"},\"sameAs\":[\"https:\/\/portaltela.pt\/\"],\"url\":\"https:\/\/portaltela.pt\/por\/367410592786\/\"}]}<\/script>\n<!-- \/ Yoast SEO plugin. -->","yoast_head_json":{"title":"Ataque na Marcha pela Vida gera acusa\u00e7\u00f5es cruzadas no Parlamento - Portal Tela Portugal","robots":{"index":"index","follow":"follow","max-snippet":"max-snippet:-1","max-image-preview":"max-image-preview:large","max-video-preview":"max-video-preview:-1"},"og_locale":"pt_PT","og_type":"article","og_title":"Ataque na Marcha pela Vida gera acusa\u00e7\u00f5es cruzadas no Parlamento - Portal Tela Portugal","og_description":"O ataque na Marcha pela Vida, que ocorreu no s\u00e1bado, gerou acusa\u00e7\u00f5es cruzadas no Parlamento nesta quinta-feira. CDS, Chega e PSD qualificaram o incidente como um \u201cacto terrorista\u201d e criticaram a esquerda por n\u00e3o o condenar, alegando dois pesos e duas medidas. Os partidos \u00e0 esquerda do hemiciclo condenaram o ataque e rebatem as cr\u00edticas da direita, devolvendo acusa\u00e7\u00f5es. A troca de acusa\u00e7\u00f5es envolveu posi\u00e7\u00f5es sobre viol\u00eancia pol\u00edtica e extremismo, com cada lado defendendo a sua leitura dos acontecimentos. A discuss\u00e3o no Parlamento mant\u00e9m-se centrada nas respostas pol\u00edticas ao epis\u00f3dio e na condena\u00e7\u00e3o de qualquer forma de viol\u00eancia.","og_url":"https:\/\/portaltela.pt\/noticias\/2026\/03\/26\/ataque-na-marcha-pela-vida-gera-acusacoes-cruzadas-no-parlamento\/","og_site_name":"Portal Tela Portugal","article_published_time":"2026-03-26T19:24:00+00:00","author":"Telinha","twitter_card":"summary_large_image","twitter_misc":{"Escrito por":"Telinha","Tempo estimado de leitura":"1 minuto"},"schema":{"@context":"https:\/\/schema.org","@graph":[{"@type":"Article","@id":"https:\/\/portaltela.pt\/noticias\/2026\/03\/26\/ataque-na-marcha-pela-vida-gera-acusacoes-cruzadas-no-parlamento\/#article","isPartOf":{"@id":"https:\/\/portaltela.pt\/noticias\/2026\/03\/26\/ataque-na-marcha-pela-vida-gera-acusacoes-cruzadas-no-parlamento\/"},"author":{"name":"Telinha","@id":"https:\/\/portaltela.pt\/#\/schema\/person\/c4278d4a6028830caff9ee44b42d32ed"},"headline":"Ataque na Marcha pela Vida gera acusa\u00e7\u00f5es cruzadas no Parlamento","datePublished":"2026-03-26T19:24:00+00:00","mainEntityOfPage":{"@id":"https:\/\/portaltela.pt\/noticias\/2026\/03\/26\/ataque-na-marcha-pela-vida-gera-acusacoes-cruzadas-no-parlamento\/"},"wordCount":276,"image":{"@id":"https:\/\/portaltela.pt\/noticias\/2026\/03\/26\/ataque-na-marcha-pela-vida-gera-acusacoes-cruzadas-no-parlamento\/#primaryimage"},"thumbnailUrl":"https:\/\/portaltela.pt\/s.01k8rhncp4jt1\/2026\/03\/tpUHdbIMAGENStypeJPGshare1oBarraFacebook_Publico-86.jpg","keywords":["acusa\u00e7\u00e3o-crime","acusa\u00e7\u00f5es","ataque","pol\u00edtica","protestos","viol\u00eancia"],"articleSection":["Not\u00edcias","Pol\u00edtica"],"inLanguage":"pt-PT"},{"@type":"WebPage","@id":"https:\/\/portaltela.pt\/noticias\/2026\/03\/26\/ataque-na-marcha-pela-vida-gera-acusacoes-cruzadas-no-parlamento\/","url":"https:\/\/portaltela.pt\/noticias\/2026\/03\/26\/ataque-na-marcha-pela-vida-gera-acusacoes-cruzadas-no-parlamento\/","name":"Ataque na Marcha pela Vida gera acusa\u00e7\u00f5es cruzadas no Parlamento - Portal Tela Portugal","isPartOf":{"@id":"https:\/\/portaltela.pt\/#website"},"primaryImageOfPage":{"@id":"https:\/\/portaltela.pt\/noticias\/2026\/03\/26\/ataque-na-marcha-pela-vida-gera-acusacoes-cruzadas-no-parlamento\/#primaryimage"},"image":{"@id":"https:\/\/portaltela.pt\/noticias\/2026\/03\/26\/ataque-na-marcha-pela-vida-gera-acusacoes-cruzadas-no-parlamento\/#primaryimage"},"thumbnailUrl":"https:\/\/portaltela.pt\/s.01k8rhncp4jt1\/2026\/03\/tpUHdbIMAGENStypeJPGshare1oBarraFacebook_Publico-86.jpg","datePublished":"2026-03-26T19:24:00+00:00","author":{"@id":"https:\/\/portaltela.pt\/#\/schema\/person\/c4278d4a6028830caff9ee44b42d32ed"},"breadcrumb":{"@id":"https:\/\/portaltela.pt\/noticias\/2026\/03\/26\/ataque-na-marcha-pela-vida-gera-acusacoes-cruzadas-no-parlamento\/#breadcrumb"},"inLanguage":"pt-PT","potentialAction":[{"@type":"ReadAction","target":["https:\/\/portaltela.pt\/noticias\/2026\/03\/26\/ataque-na-marcha-pela-vida-gera-acusacoes-cruzadas-no-parlamento\/"]}]},{"@type":"ImageObject","inLanguage":"pt-PT","@id":"https:\/\/portaltela.pt\/noticias\/2026\/03\/26\/ataque-na-marcha-pela-vida-gera-acusacoes-cruzadas-no-parlamento\/#primaryimage","url":"https:\/\/portaltela.pt\/s.01k8rhncp4jt1\/2026\/03\/tpUHdbIMAGENStypeJPGshare1oBarraFacebook_Publico-86.jpg","contentUrl":"https:\/\/portaltela.pt\/s.01k8rhncp4jt1\/2026\/03\/tpUHdbIMAGENStypeJPGshare1oBarraFacebook_Publico-86.jpg","width":1200,"height":630,"caption":"Rui Tavares desafiou IL a n\u00e3o aceitar candidatos para o TC indicados pelo \"cart\u00e3o partid\u00e1rio\""},{"@type":"BreadcrumbList","@id":"https:\/\/portaltela.pt\/noticias\/2026\/03\/26\/ataque-na-marcha-pela-vida-gera-acusacoes-cruzadas-no-parlamento\/#breadcrumb","itemListElement":[{"@type":"ListItem","position":1,"name":"In\u00edcio","item":"https:\/\/portaltela.pt\/"},{"@type":"ListItem","position":2,"name":"Ataque na Marcha pela Vida gera acusa\u00e7\u00f5es cruzadas no Parlamento"}]},{"@type":"WebSite","@id":"https:\/\/portaltela.pt\/#website","url":"https:\/\/portaltela.pt\/","name":"Portal Tela Portugal","description":"","potentialAction":[{"@type":"SearchAction","target":{"@type":"EntryPoint","urlTemplate":"https:\/\/portaltela.pt\/?s={search_term_string}"},"query-input":{"@type":"PropertyValueSpecification","valueRequired":true,"valueName":"search_term_string"}}],"inLanguage":"pt-PT"},{"@type":"Person","@id":"https:\/\/portaltela.pt\/#\/schema\/person\/c4278d4a6028830caff9ee44b42d32ed","name":"Telinha","image":{"@type":"ImageObject","inLanguage":"pt-PT","@id":"https:\/\/portaltela.pt\/s.01k8rhncp4jt1\/2025\/11\/talking-bot-125x125.png","url":"https:\/\/portaltela.pt\/s.01k8rhncp4jt1\/2025\/11\/talking-bot-125x125.png","contentUrl":"https:\/\/portaltela.pt\/s.01k8rhncp4jt1\/2025\/11\/talking-bot-125x125.png","caption":"Telinha"},"sameAs":["https:\/\/portaltela.pt\/"],"url":"https:\/\/portaltela.pt\/por\/367410592786\/"}]}},"_links":{"self":[{"href":"https:\/\/portaltela.pt\/api\/wp\/v2\/posts\/422835","targetHints":{"allow":["GET"]}}],"collection":[{"href":"https:\/\/portaltela.pt\/api\/wp\/v2\/posts"}],"about":[{"href":"https:\/\/portaltela.pt\/api\/wp\/v2\/types\/post"}],"author":[{"embeddable":true,"href":"https:\/\/portaltela.pt\/api\/wp\/v2\/users\/2"}],"replies":[{"embeddable":true,"href":"https:\/\/portaltela.pt\/api\/wp\/v2\/comments?post=422835"}],"version-history":[{"count":0,"href":"https:\/\/portaltela.pt\/api\/wp\/v2\/posts\/422835\/revisions"}],"wp:featuredmedia":[{"embeddable":true,"href":"https:\/\/portaltela.pt\/api\/wp\/v2\/media\/422837"}],"wp:attachment":[{"href":"https:\/\/portaltela.pt\/api\/wp\/v2\/media?parent=422835"}],"wp:term":[{"taxonomy":"category","embeddable":true,"href":"https:\/\/portaltela.pt\/api\/wp\/v2\/categories?post=422835"},{"taxonomy":"post_tag","embeddable":true,"href":"https:\/\/portaltela.pt\/api\/wp\/v2\/tags?post=422835"}],"curies":[{"name":"wp","href":"https:\/\/api.w.org\/{rel}","templated":true}]}}