{"id":422827,"date":"2026-03-26T16:46:50","date_gmt":"2026-03-26T19:46:50","guid":{"rendered":"https:\/\/portaltela.pt\/noticias\/2026\/03\/26\/policia-britanica-reabre-caso-de-violacao-e-agressao-sexual-contra-tate\/"},"modified":"2026-03-26T16:46:50","modified_gmt":"2026-03-26T19:46:50","slug":"policia-britanica-reabre-caso-de-violacao-e-agressao-sexual-contra-tate","status":"publish","type":"post","link":"https:\/\/portaltela.pt\/justica\/2026\/03\/26\/policia-britanica-reabre-caso-de-violacao-e-agressao-sexual-contra-tate\/","title":{"rendered":"Pol\u00edcia brit\u00e2nica reabre caso de viola\u00e7\u00e3o e agress\u00e3o sexual contra Tate"},"content":{"rendered":"<p>A pol\u00edcia de Hertfordshire anunciou a reabertura de uma investiga\u00e7\u00e3o sobre alega\u00e7\u00f5es de viola\u00e7\u00e3o e agress\u00e3o sexual feitas por multiple mulheres, relacionadas com Andrew Tate, no per\u00edodo entre 2014 e 2015. A decis\u00e3o foi comunicada esta quinta-feira pela for\u00e7a, sediada a norte de Londres.<\/p>\n<p>A pol\u00edcia explicou que foi tomada a decis\u00e3o de prosseguir com a inqu\u00e9rito, mantendo o foco nas den\u00fancias de crimes sexuais apresentadas entre 2014 e 2015. As investigadas s\u00e3o v\u00e1rias mulheres que j\u00e1 tinham apresentado queixas.<\/p>\n<h3>Quest\u00f5es legais no Reino Unido e Rom\u00e9nia<\/h3>\n<p>Na Rom\u00e9nia, Tate e o seu irm\u00e3o Tristan s\u00e3o acusados de tr\u00e1fico de seres humanos, abuso sexual de menores e branqueamento de capitais. Ambas as jurisdi\u00e7\u00f5es mant\u00eam a\u00e7\u00f5es distintas, com alega\u00e7\u00f5es ainda em curso.<\/p>\n<p>A pol\u00edcia de Hertfordshire j\u00e1 investigou as den\u00fancias de crimes sexuais feitas por tr\u00eas mulheres contra Tate, entre 2014 e 2015, encerrando o caso em 2019. O CPS n\u00e3o apresentou acusa\u00e7\u00e3o nessa altura.<\/p>\n<p>Os processos civis em curso envolvem tr\u00eas mulheres, com uma quarta tamb\u00e9m a processar Tate. O julgamento no Supremo Tribunal est\u00e1 marcado para junho de 2026. O CPS disse que as alega\u00e7\u00f5es n\u00e3o reuniam provas suficientes para acusa\u00e7\u00e3o penal.<\/p>\n<p>No Reino Unido, os Tate tamb\u00e9m enfrentam acusa\u00e7\u00f5es de evas\u00e3o fiscal e branqueamento de capitais, e h\u00e1 investiga\u00e7\u00f5es separadas de viola\u00e7\u00e3o e tr\u00e1fico de seres humanos, desde Bedfordshire. Um mandado de deten\u00e7\u00e3o europeu j\u00e1 foi emitido.<\/p>\n<p>Os irm\u00e3os recusam as acusa\u00e7\u00f5es em conjunto. Os advogados afirmaram que pretendem regressar ao Reino Unido para enfrentar os processos. N\u00e3o houve qualquer coment\u00e1rio adicional por parte das autoridades.<\/p>\n","protected":false},"excerpt":{"rendered":"<ul>\n<li>A pol\u00edcia de Hertfordshire reabriu a investiga\u00e7\u00e3o sobre alega\u00e7\u00f5es de viola\u00e7\u00e3o e agress\u00e3o sexual feitas por tr\u00eas mulheres contra Andrew Tate, relativas a 2014 e 2015.<\/li>\n<li>O caso j\u00e1 tinha sido encerrado em 2019, pelo CPS, que n\u00e3o avan\u00e7ou com acusa\u00e7\u00f5es ap\u00f3s a investiga\u00e7\u00e3o policial anterior.<\/li>\n<li>As mesmas tr\u00eas mulheres, junt a uma quarta, processam Tate num processo civil, com julgamento no Supremo Tribunal marcado para junho de 2026.<\/li>\n<li>Paralelamente, os irm\u00e3os Tate enfrentam acusa\u00e7\u00f5es de evas\u00e3o fiscal e branqueamento de capitais no Reino Unido, bem como alega\u00e7\u00f5es separadas de viola\u00e7\u00e3o e tr\u00e1fico de seres humanos sob investiga\u00e7\u00e3o em Bedfordshire.<\/li>\n<li>A pol\u00edcia romena j\u00e1 investiga o tr\u00e1fico de pessoas, abuso sexual de menores e branqueamento de capitais relacionados com Tate e o irm\u00e3o Tristan, com processos que podem levar \u00e0 extradi\u00e7\u00e3o para o Reino Unido.<\/li>\n<\/ul>\n","protected":false},"author":2,"featured_media":422828,"comment_status":"closed","ping_status":"closed","sticky":false,"template":"","format":"standard","meta":{"footnotes":""},"categories":[6907,6815],"tags":[2754,191,3990,1437,3475,1825],"class_list":["post-422827","post","type-post","status-publish","format-standard","has-post-thumbnail","hentry","category-crime","category-justica","tag-agressao","tag-branqueamento-de-capitais","tag-crimes-sexuais","tag-evasao-fiscal","tag-trafico-de-seres-humanos","tag-violacao"],"yoast_head":"<!-- This site is optimized with the Yoast SEO plugin v27.2 - https:\/\/yoast.com\/product\/yoast-seo-wordpress\/ -->\n<title>Pol\u00edcia brit\u00e2nica reabre caso de viola\u00e7\u00e3o e agress\u00e3o sexual contra Tate - Portal Tela Portugal<\/title>\n<meta name=\"robots\" content=\"index, follow, max-snippet:-1, max-image-preview:large, max-video-preview:-1\" \/>\n<meta property=\"og:locale\" content=\"pt_PT\" \/>\n<meta property=\"og:type\" content=\"article\" \/>\n<meta property=\"og:title\" content=\"Pol\u00edcia brit\u00e2nica reabre caso de viola\u00e7\u00e3o e agress\u00e3o sexual contra Tate - Portal Tela Portugal\" \/>\n<meta property=\"og:description\" content=\"A pol\u00edcia de Hertfordshire reabriu a investiga\u00e7\u00e3o sobre alega\u00e7\u00f5es de viola\u00e7\u00e3o e agress\u00e3o sexual feitas por tr\u00eas mulheres contra Andrew Tate, relativas a 2014 e 2015. O caso j\u00e1 tinha sido encerrado em 2019, pelo CPS, que n\u00e3o avan\u00e7ou com acusa\u00e7\u00f5es ap\u00f3s a investiga\u00e7\u00e3o policial anterior. As mesmas tr\u00eas mulheres, junt a uma quarta, processam Tate num processo civil, com julgamento no Supremo Tribunal marcado para junho de 2026. Paralelamente, os irm\u00e3os Tate enfrentam acusa\u00e7\u00f5es de evas\u00e3o fiscal e branqueamento de capitais no Reino Unido, bem como alega\u00e7\u00f5es separadas de viola\u00e7\u00e3o e tr\u00e1fico de seres humanos sob investiga\u00e7\u00e3o em Bedfordshire. A pol\u00edcia romena j\u00e1 investiga o tr\u00e1fico de pessoas, abuso sexual de menores e branqueamento de capitais relacionados com Tate e o irm\u00e3o Tristan, com processos que podem levar \u00e0 extradi\u00e7\u00e3o para o Reino Unido.\" \/>\n<meta property=\"og:url\" content=\"https:\/\/portaltela.pt\/noticias\/2026\/03\/26\/policia-britanica-reabre-caso-de-violacao-e-agressao-sexual-contra-tate\/\" \/>\n<meta property=\"og:site_name\" content=\"Portal Tela Portugal\" \/>\n<meta property=\"article:published_time\" content=\"2026-03-26T19:46:50+00:00\" \/>\n<meta name=\"author\" content=\"Telinha\" \/>\n<meta name=\"twitter:card\" content=\"summary_large_image\" \/>\n<meta name=\"twitter:label1\" content=\"Escrito por\" \/>\n\t<meta name=\"twitter:data1\" content=\"Telinha\" \/>\n\t<meta name=\"twitter:label2\" content=\"Tempo estimado de leitura\" \/>\n\t<meta name=\"twitter:data2\" content=\"1 minuto\" \/>\n<script type=\"application\/ld+json\" class=\"yoast-schema-graph\">{\"@context\":\"https:\/\/schema.org\",\"@graph\":[{\"@type\":\"Article\",\"@id\":\"https:\/\/portaltela.pt\/noticias\/2026\/03\/26\/policia-britanica-reabre-caso-de-violacao-e-agressao-sexual-contra-tate\/#article\",\"isPartOf\":{\"@id\":\"https:\/\/portaltela.pt\/noticias\/2026\/03\/26\/policia-britanica-reabre-caso-de-violacao-e-agressao-sexual-contra-tate\/\"},\"author\":{\"name\":\"Telinha\",\"@id\":\"https:\/\/portaltela.pt\/#\/schema\/person\/c4278d4a6028830caff9ee44b42d32ed\"},\"headline\":\"Pol\u00edcia brit\u00e2nica reabre caso de viola\u00e7\u00e3o e agress\u00e3o sexual contra Tate\",\"datePublished\":\"2026-03-26T19:46:50+00:00\",\"mainEntityOfPage\":{\"@id\":\"https:\/\/portaltela.pt\/noticias\/2026\/03\/26\/policia-britanica-reabre-caso-de-violacao-e-agressao-sexual-contra-tate\/\"},\"wordCount\":310,\"image\":{\"@id\":\"https:\/\/portaltela.pt\/noticias\/2026\/03\/26\/policia-britanica-reabre-caso-de-violacao-e-agressao-sexual-contra-tate\/#primaryimage\"},\"thumbnailUrl\":\"https:\/\/portaltela.pt\/s.01k8rhncp4jt1\/2026\/03\/1536x864_cmsv2_bce95fc6-c907-554c-9cb6-1bba65dc646a-9700230.jpg\",\"keywords\":[\"agress\u00e3o\",\"branqueamento de capitais\",\"crimes sexuais\",\"evas\u00e3o fiscal\",\"tr\u00e1fico de seres humanos\",\"viola\u00e7\u00e3o\"],\"articleSection\":[\"Crime\",\"Justi\u00e7a\"],\"inLanguage\":\"pt-PT\"},{\"@type\":\"WebPage\",\"@id\":\"https:\/\/portaltela.pt\/noticias\/2026\/03\/26\/policia-britanica-reabre-caso-de-violacao-e-agressao-sexual-contra-tate\/\",\"url\":\"https:\/\/portaltela.pt\/noticias\/2026\/03\/26\/policia-britanica-reabre-caso-de-violacao-e-agressao-sexual-contra-tate\/\",\"name\":\"Pol\u00edcia brit\u00e2nica reabre caso de viola\u00e7\u00e3o e agress\u00e3o sexual contra Tate - Portal Tela Portugal\",\"isPartOf\":{\"@id\":\"https:\/\/portaltela.pt\/#website\"},\"primaryImageOfPage\":{\"@id\":\"https:\/\/portaltela.pt\/noticias\/2026\/03\/26\/policia-britanica-reabre-caso-de-violacao-e-agressao-sexual-contra-tate\/#primaryimage\"},\"image\":{\"@id\":\"https:\/\/portaltela.pt\/noticias\/2026\/03\/26\/policia-britanica-reabre-caso-de-violacao-e-agressao-sexual-contra-tate\/#primaryimage\"},\"thumbnailUrl\":\"https:\/\/portaltela.pt\/s.01k8rhncp4jt1\/2026\/03\/1536x864_cmsv2_bce95fc6-c907-554c-9cb6-1bba65dc646a-9700230.jpg\",\"datePublished\":\"2026-03-26T19:46:50+00:00\",\"author\":{\"@id\":\"https:\/\/portaltela.pt\/#\/schema\/person\/c4278d4a6028830caff9ee44b42d32ed\"},\"breadcrumb\":{\"@id\":\"https:\/\/portaltela.pt\/noticias\/2026\/03\/26\/policia-britanica-reabre-caso-de-violacao-e-agressao-sexual-contra-tate\/#breadcrumb\"},\"inLanguage\":\"pt-PT\",\"potentialAction\":[{\"@type\":\"ReadAction\",\"target\":[\"https:\/\/portaltela.pt\/noticias\/2026\/03\/26\/policia-britanica-reabre-caso-de-violacao-e-agressao-sexual-contra-tate\/\"]}]},{\"@type\":\"ImageObject\",\"inLanguage\":\"pt-PT\",\"@id\":\"https:\/\/portaltela.pt\/noticias\/2026\/03\/26\/policia-britanica-reabre-caso-de-violacao-e-agressao-sexual-contra-tate\/#primaryimage\",\"url\":\"https:\/\/portaltela.pt\/s.01k8rhncp4jt1\/2026\/03\/1536x864_cmsv2_bce95fc6-c907-554c-9cb6-1bba65dc646a-9700230.jpg\",\"contentUrl\":\"https:\/\/portaltela.pt\/s.01k8rhncp4jt1\/2026\/03\/1536x864_cmsv2_bce95fc6-c907-554c-9cb6-1bba65dc646a-9700230.jpg\",\"width\":1536,\"height\":864,\"caption\":\"Andrew Tate fala \u00e0 comunica\u00e7\u00e3o social no exterior do Tribunal de Bucareste ap\u00f3s ter sido colocado em pris\u00e3o domicili\u00e1ria, 22 de agosto de 2024\"},{\"@type\":\"BreadcrumbList\",\"@id\":\"https:\/\/portaltela.pt\/noticias\/2026\/03\/26\/policia-britanica-reabre-caso-de-violacao-e-agressao-sexual-contra-tate\/#breadcrumb\",\"itemListElement\":[{\"@type\":\"ListItem\",\"position\":1,\"name\":\"In\u00edcio\",\"item\":\"https:\/\/portaltela.pt\/\"},{\"@type\":\"ListItem\",\"position\":2,\"name\":\"Pol\u00edcia brit\u00e2nica reabre caso de viola\u00e7\u00e3o e agress\u00e3o sexual contra Tate\"}]},{\"@type\":\"WebSite\",\"@id\":\"https:\/\/portaltela.pt\/#website\",\"url\":\"https:\/\/portaltela.pt\/\",\"name\":\"Portal Tela Portugal\",\"description\":\"\",\"potentialAction\":[{\"@type\":\"SearchAction\",\"target\":{\"@type\":\"EntryPoint\",\"urlTemplate\":\"https:\/\/portaltela.pt\/?s={search_term_string}\"},\"query-input\":{\"@type\":\"PropertyValueSpecification\",\"valueRequired\":true,\"valueName\":\"search_term_string\"}}],\"inLanguage\":\"pt-PT\"},{\"@type\":\"Person\",\"@id\":\"https:\/\/portaltela.pt\/#\/schema\/person\/c4278d4a6028830caff9ee44b42d32ed\",\"name\":\"Telinha\",\"image\":{\"@type\":\"ImageObject\",\"inLanguage\":\"pt-PT\",\"@id\":\"https:\/\/portaltela.pt\/s.01k8rhncp4jt1\/2025\/11\/talking-bot-125x125.png\",\"url\":\"https:\/\/portaltela.pt\/s.01k8rhncp4jt1\/2025\/11\/talking-bot-125x125.png\",\"contentUrl\":\"https:\/\/portaltela.pt\/s.01k8rhncp4jt1\/2025\/11\/talking-bot-125x125.png\",\"caption\":\"Telinha\"},\"sameAs\":[\"https:\/\/portaltela.pt\/\"],\"url\":\"https:\/\/portaltela.pt\/por\/367410592786\/\"}]}<\/script>\n<!-- \/ Yoast SEO plugin. -->","yoast_head_json":{"title":"Pol\u00edcia brit\u00e2nica reabre caso de viola\u00e7\u00e3o e agress\u00e3o sexual contra Tate - Portal Tela Portugal","robots":{"index":"index","follow":"follow","max-snippet":"max-snippet:-1","max-image-preview":"max-image-preview:large","max-video-preview":"max-video-preview:-1"},"og_locale":"pt_PT","og_type":"article","og_title":"Pol\u00edcia brit\u00e2nica reabre caso de viola\u00e7\u00e3o e agress\u00e3o sexual contra Tate - Portal Tela Portugal","og_description":"A pol\u00edcia de Hertfordshire reabriu a investiga\u00e7\u00e3o sobre alega\u00e7\u00f5es de viola\u00e7\u00e3o e agress\u00e3o sexual feitas por tr\u00eas mulheres contra Andrew Tate, relativas a 2014 e 2015. O caso j\u00e1 tinha sido encerrado em 2019, pelo CPS, que n\u00e3o avan\u00e7ou com acusa\u00e7\u00f5es ap\u00f3s a investiga\u00e7\u00e3o policial anterior. As mesmas tr\u00eas mulheres, junt a uma quarta, processam Tate num processo civil, com julgamento no Supremo Tribunal marcado para junho de 2026. Paralelamente, os irm\u00e3os Tate enfrentam acusa\u00e7\u00f5es de evas\u00e3o fiscal e branqueamento de capitais no Reino Unido, bem como alega\u00e7\u00f5es separadas de viola\u00e7\u00e3o e tr\u00e1fico de seres humanos sob investiga\u00e7\u00e3o em Bedfordshire. A pol\u00edcia romena j\u00e1 investiga o tr\u00e1fico de pessoas, abuso sexual de menores e branqueamento de capitais relacionados com Tate e o irm\u00e3o Tristan, com processos que podem levar \u00e0 extradi\u00e7\u00e3o para o Reino Unido.","og_url":"https:\/\/portaltela.pt\/noticias\/2026\/03\/26\/policia-britanica-reabre-caso-de-violacao-e-agressao-sexual-contra-tate\/","og_site_name":"Portal Tela Portugal","article_published_time":"2026-03-26T19:46:50+00:00","author":"Telinha","twitter_card":"summary_large_image","twitter_misc":{"Escrito por":"Telinha","Tempo estimado de leitura":"1 minuto"},"schema":{"@context":"https:\/\/schema.org","@graph":[{"@type":"Article","@id":"https:\/\/portaltela.pt\/noticias\/2026\/03\/26\/policia-britanica-reabre-caso-de-violacao-e-agressao-sexual-contra-tate\/#article","isPartOf":{"@id":"https:\/\/portaltela.pt\/noticias\/2026\/03\/26\/policia-britanica-reabre-caso-de-violacao-e-agressao-sexual-contra-tate\/"},"author":{"name":"Telinha","@id":"https:\/\/portaltela.pt\/#\/schema\/person\/c4278d4a6028830caff9ee44b42d32ed"},"headline":"Pol\u00edcia brit\u00e2nica reabre caso de viola\u00e7\u00e3o e agress\u00e3o sexual contra Tate","datePublished":"2026-03-26T19:46:50+00:00","mainEntityOfPage":{"@id":"https:\/\/portaltela.pt\/noticias\/2026\/03\/26\/policia-britanica-reabre-caso-de-violacao-e-agressao-sexual-contra-tate\/"},"wordCount":310,"image":{"@id":"https:\/\/portaltela.pt\/noticias\/2026\/03\/26\/policia-britanica-reabre-caso-de-violacao-e-agressao-sexual-contra-tate\/#primaryimage"},"thumbnailUrl":"https:\/\/portaltela.pt\/s.01k8rhncp4jt1\/2026\/03\/1536x864_cmsv2_bce95fc6-c907-554c-9cb6-1bba65dc646a-9700230.jpg","keywords":["agress\u00e3o","branqueamento de capitais","crimes sexuais","evas\u00e3o fiscal","tr\u00e1fico de seres humanos","viola\u00e7\u00e3o"],"articleSection":["Crime","Justi\u00e7a"],"inLanguage":"pt-PT"},{"@type":"WebPage","@id":"https:\/\/portaltela.pt\/noticias\/2026\/03\/26\/policia-britanica-reabre-caso-de-violacao-e-agressao-sexual-contra-tate\/","url":"https:\/\/portaltela.pt\/noticias\/2026\/03\/26\/policia-britanica-reabre-caso-de-violacao-e-agressao-sexual-contra-tate\/","name":"Pol\u00edcia brit\u00e2nica reabre caso de viola\u00e7\u00e3o e agress\u00e3o sexual contra Tate - Portal Tela Portugal","isPartOf":{"@id":"https:\/\/portaltela.pt\/#website"},"primaryImageOfPage":{"@id":"https:\/\/portaltela.pt\/noticias\/2026\/03\/26\/policia-britanica-reabre-caso-de-violacao-e-agressao-sexual-contra-tate\/#primaryimage"},"image":{"@id":"https:\/\/portaltela.pt\/noticias\/2026\/03\/26\/policia-britanica-reabre-caso-de-violacao-e-agressao-sexual-contra-tate\/#primaryimage"},"thumbnailUrl":"https:\/\/portaltela.pt\/s.01k8rhncp4jt1\/2026\/03\/1536x864_cmsv2_bce95fc6-c907-554c-9cb6-1bba65dc646a-9700230.jpg","datePublished":"2026-03-26T19:46:50+00:00","author":{"@id":"https:\/\/portaltela.pt\/#\/schema\/person\/c4278d4a6028830caff9ee44b42d32ed"},"breadcrumb":{"@id":"https:\/\/portaltela.pt\/noticias\/2026\/03\/26\/policia-britanica-reabre-caso-de-violacao-e-agressao-sexual-contra-tate\/#breadcrumb"},"inLanguage":"pt-PT","potentialAction":[{"@type":"ReadAction","target":["https:\/\/portaltela.pt\/noticias\/2026\/03\/26\/policia-britanica-reabre-caso-de-violacao-e-agressao-sexual-contra-tate\/"]}]},{"@type":"ImageObject","inLanguage":"pt-PT","@id":"https:\/\/portaltela.pt\/noticias\/2026\/03\/26\/policia-britanica-reabre-caso-de-violacao-e-agressao-sexual-contra-tate\/#primaryimage","url":"https:\/\/portaltela.pt\/s.01k8rhncp4jt1\/2026\/03\/1536x864_cmsv2_bce95fc6-c907-554c-9cb6-1bba65dc646a-9700230.jpg","contentUrl":"https:\/\/portaltela.pt\/s.01k8rhncp4jt1\/2026\/03\/1536x864_cmsv2_bce95fc6-c907-554c-9cb6-1bba65dc646a-9700230.jpg","width":1536,"height":864,"caption":"Andrew Tate fala \u00e0 comunica\u00e7\u00e3o social no exterior do Tribunal de Bucareste ap\u00f3s ter sido colocado em pris\u00e3o domicili\u00e1ria, 22 de agosto de 2024"},{"@type":"BreadcrumbList","@id":"https:\/\/portaltela.pt\/noticias\/2026\/03\/26\/policia-britanica-reabre-caso-de-violacao-e-agressao-sexual-contra-tate\/#breadcrumb","itemListElement":[{"@type":"ListItem","position":1,"name":"In\u00edcio","item":"https:\/\/portaltela.pt\/"},{"@type":"ListItem","position":2,"name":"Pol\u00edcia brit\u00e2nica reabre caso de viola\u00e7\u00e3o e agress\u00e3o sexual contra Tate"}]},{"@type":"WebSite","@id":"https:\/\/portaltela.pt\/#website","url":"https:\/\/portaltela.pt\/","name":"Portal Tela Portugal","description":"","potentialAction":[{"@type":"SearchAction","target":{"@type":"EntryPoint","urlTemplate":"https:\/\/portaltela.pt\/?s={search_term_string}"},"query-input":{"@type":"PropertyValueSpecification","valueRequired":true,"valueName":"search_term_string"}}],"inLanguage":"pt-PT"},{"@type":"Person","@id":"https:\/\/portaltela.pt\/#\/schema\/person\/c4278d4a6028830caff9ee44b42d32ed","name":"Telinha","image":{"@type":"ImageObject","inLanguage":"pt-PT","@id":"https:\/\/portaltela.pt\/s.01k8rhncp4jt1\/2025\/11\/talking-bot-125x125.png","url":"https:\/\/portaltela.pt\/s.01k8rhncp4jt1\/2025\/11\/talking-bot-125x125.png","contentUrl":"https:\/\/portaltela.pt\/s.01k8rhncp4jt1\/2025\/11\/talking-bot-125x125.png","caption":"Telinha"},"sameAs":["https:\/\/portaltela.pt\/"],"url":"https:\/\/portaltela.pt\/por\/367410592786\/"}]}},"_links":{"self":[{"href":"https:\/\/portaltela.pt\/api\/wp\/v2\/posts\/422827","targetHints":{"allow":["GET"]}}],"collection":[{"href":"https:\/\/portaltela.pt\/api\/wp\/v2\/posts"}],"about":[{"href":"https:\/\/portaltela.pt\/api\/wp\/v2\/types\/post"}],"author":[{"embeddable":true,"href":"https:\/\/portaltela.pt\/api\/wp\/v2\/users\/2"}],"replies":[{"embeddable":true,"href":"https:\/\/portaltela.pt\/api\/wp\/v2\/comments?post=422827"}],"version-history":[{"count":0,"href":"https:\/\/portaltela.pt\/api\/wp\/v2\/posts\/422827\/revisions"}],"wp:featuredmedia":[{"embeddable":true,"href":"https:\/\/portaltela.pt\/api\/wp\/v2\/media\/422828"}],"wp:attachment":[{"href":"https:\/\/portaltela.pt\/api\/wp\/v2\/media?parent=422827"}],"wp:term":[{"taxonomy":"category","embeddable":true,"href":"https:\/\/portaltela.pt\/api\/wp\/v2\/categories?post=422827"},{"taxonomy":"post_tag","embeddable":true,"href":"https:\/\/portaltela.pt\/api\/wp\/v2\/tags?post=422827"}],"curies":[{"name":"wp","href":"https:\/\/api.w.org\/{rel}","templated":true}]}}