{"id":422817,"date":"2026-03-26T16:19:00","date_gmt":"2026-03-26T19:19:00","guid":{"rendered":"https:\/\/portaltela.pt\/noticias\/2026\/03\/26\/benfica-indignado-com-decisao-da-erc-recorre-e-pondera-acoes-legais\/"},"modified":"2026-03-26T16:19:00","modified_gmt":"2026-03-26T19:19:00","slug":"benfica-indignado-com-decisao-da-erc-recorre-e-pondera-acoes-legais","status":"publish","type":"post","link":"https:\/\/portaltela.pt\/noticias\/politica\/2026\/03\/26\/benfica-indignado-com-decisao-da-erc-recorre-e-pondera-acoes-legais\/","title":{"rendered":"Benfica indignado com decis\u00e3o da ERC, recorre e pondera a\u00e7\u00f5es legais"},"content":{"rendered":"<p>Jos\u00e9 Gandarez, vice-presidente do Benfica, afirmou que a decis\u00e3o da ERC de n\u00e3o autorizar o projeto radiof\u00f3nico do clube causou indigna\u00e7\u00e3o e dever\u00e1 envergonhar os juristas. O dirigente assegurou que o Benfica vai recorrer e pondera participa\u00e7\u00e3o criminal, al\u00e9m de pedir audi\u00eancia a todos os grupos parlamentares.<\/p>\n<p>A ERC n\u00e3o autorizou o projeto da Benfica FM, desenvolvido em parceria com o grupo Bauer, para n\u00e3o cumprir os pressupostos legais. A entidade apontou, entre outros aspetos, falhas de pluralismo, d\u00favidas de independ\u00eancia editorial e interesse p\u00fablico.<\/p>\n<p>Gandarez descreveu a decis\u00e3o como in\u00e9dita e disse estar surpreendido e indignado. Segundo o respons\u00e1vel, o Benfica percebe a decis\u00e3o como ignorante do ponto de vista jur\u00eddico e persecut\u00f3ria em rela\u00e7\u00e3o ao projeto.<\/p>\n<p>A administra\u00e7\u00e3o do Benfica afirma que o projeto cumpre os pressupostos jur\u00eddicos e acusa a ERC de ter ignorado contesta\u00e7\u00e3o apresentada pela equipa. O clube sustenta que a r\u00e1dio respeita ouvintes e pluralismo.<\/p>\n<p>O dirigente refor\u00e7ou que o clube ir\u00e1 recorrer da decis\u00e3o. Em segundo plano, o Benfica pondera a poss\u00edvel participa\u00e7\u00e3o criminal, caso haja ilicitudes identificadas, e pretende explicar a situa\u00e7\u00e3o junto de todos os grupos parlamentares.<\/p>\n<p>Gandarez recordou que o Benfica foi pioneiro na BTV e, no futuro, planeia manter a r\u00e1dio, ainda que em formato digital. O respons\u00e1vel frisou que o atraso n\u00e3o impedir\u00e1 o avan\u00e7o do projeto.<\/p>\n<p>O Benfica tamb\u00e9m aponta perdas financeiras associadas \u00e0 suspens\u00e3o do projeto, destacando preju\u00edzos de um ano sem receitas. A dire\u00e7\u00e3o acusa a presidente da ERC e o conselho regulador de causarem preju\u00edzos ao clube.<\/p>\n<p>A institui\u00e7\u00e3o encerra reiterando o compromisso com a inova\u00e7\u00e3o e exige neutralidade regulat\u00f3ria, mantendo a defesa de que o projeto est\u00e1 alinhado com a legisla\u00e7\u00e3o aplic\u00e1vel e com os interesses dos ouvintes.<\/p>\n","protected":false},"excerpt":{"rendered":"<ul>\n<li>Benfica reagiu \u00e0 decis\u00e3o da Entidade Reguladora para a Comunica\u00e7\u00e3o Social (ERC), que n\u00e3o autorizou o projeto radiof\u00f3nico do clube em parceria com Bauer.<\/li>\n<li>Jos\u00e9 Gandarez, vice\u2011presidente, afirmou que a decis\u00e3o gera indigna\u00e7\u00e3o e deve envergonhar juristas, sustentando que o projeto cumpre os pressupostos legais.<\/li>\n<li>A ERC justificou a n\u00e3o autoriza\u00e7\u00e3o com falta de pluralismo e diversidade, d\u00favidas sobre independ\u00eancia editorial e interesse p\u00fablico.<\/li>\n<li>O Benfica disse que vai recorrer, pondera participa\u00e7\u00e3o criminal e pretende pedir audi\u00eancias a todos os grupos parlamentares.<\/li>\n<li>O clube enfatizou perdas financeiras de um ano sem receitas e afirmou que o projeto \u00e9 impar\u00e1vel, criticando o regulador e a presidente por suposto preconceito.<\/li>\n<\/ul>\n","protected":false},"author":2,"featured_media":422819,"comment_status":"closed","ping_status":"closed","sticky":false,"template":"","format":"standard","meta":{"footnotes":""},"categories":[1,5],"tags":[1946,5326,2206,4539,506,2832],"class_list":["post-422817","post","type-post","status-publish","format-standard","has-post-thumbnail","hentry","category-noticias","category-politica","tag-benfica","tag-comunicacao-social","tag-comunicacoes","tag-erc","tag-imprensa","tag-politica"],"yoast_head":"<!-- This site is optimized with the Yoast SEO plugin v27.2 - https:\/\/yoast.com\/product\/yoast-seo-wordpress\/ -->\n<title>Benfica indignado com decis\u00e3o da ERC, recorre e pondera a\u00e7\u00f5es legais - Portal Tela Portugal<\/title>\n<meta name=\"robots\" content=\"index, follow, max-snippet:-1, max-image-preview:large, max-video-preview:-1\" \/>\n<meta property=\"og:locale\" content=\"pt_PT\" \/>\n<meta property=\"og:type\" content=\"article\" \/>\n<meta property=\"og:title\" content=\"Benfica indignado com decis\u00e3o da ERC, recorre e pondera a\u00e7\u00f5es legais - Portal Tela Portugal\" \/>\n<meta property=\"og:description\" content=\"Benfica reagiu \u00e0 decis\u00e3o da Entidade Reguladora para a Comunica\u00e7\u00e3o Social (ERC), que n\u00e3o autorizou o projeto radiof\u00f3nico do clube em parceria com Bauer. Jos\u00e9 Gandarez, vice\u2011presidente, afirmou que a decis\u00e3o gera indigna\u00e7\u00e3o e deve envergonhar juristas, sustentando que o projeto cumpre os pressupostos legais. A ERC justificou a n\u00e3o autoriza\u00e7\u00e3o com falta de pluralismo e diversidade, d\u00favidas sobre independ\u00eancia editorial e interesse p\u00fablico. O Benfica disse que vai recorrer, pondera participa\u00e7\u00e3o criminal e pretende pedir audi\u00eancias a todos os grupos parlamentares. O clube enfatizou perdas financeiras de um ano sem receitas e afirmou que o projeto \u00e9 impar\u00e1vel, criticando o regulador e a presidente por suposto preconceito.\" \/>\n<meta property=\"og:url\" content=\"https:\/\/portaltela.pt\/noticias\/2026\/03\/26\/benfica-indignado-com-decisao-da-erc-recorre-e-pondera-acoes-legais\/\" \/>\n<meta property=\"og:site_name\" content=\"Portal Tela Portugal\" \/>\n<meta property=\"article:published_time\" content=\"2026-03-26T19:19:00+00:00\" \/>\n<meta name=\"author\" content=\"Telinha\" \/>\n<meta name=\"twitter:card\" content=\"summary_large_image\" \/>\n<meta name=\"twitter:label1\" content=\"Escrito por\" \/>\n\t<meta name=\"twitter:data1\" content=\"Telinha\" \/>\n\t<meta name=\"twitter:label2\" content=\"Tempo estimado de leitura\" \/>\n\t<meta name=\"twitter:data2\" content=\"2 minutos\" \/>\n<script type=\"application\/ld+json\" class=\"yoast-schema-graph\">{\"@context\":\"https:\/\/schema.org\",\"@graph\":[{\"@type\":\"Article\",\"@id\":\"https:\/\/portaltela.pt\/noticias\/2026\/03\/26\/benfica-indignado-com-decisao-da-erc-recorre-e-pondera-acoes-legais\/#article\",\"isPartOf\":{\"@id\":\"https:\/\/portaltela.pt\/noticias\/2026\/03\/26\/benfica-indignado-com-decisao-da-erc-recorre-e-pondera-acoes-legais\/\"},\"author\":{\"name\":\"Telinha\",\"@id\":\"https:\/\/portaltela.pt\/#\/schema\/person\/c4278d4a6028830caff9ee44b42d32ed\"},\"headline\":\"Benfica indignado com decis\u00e3o da ERC, recorre e pondera a\u00e7\u00f5es legais\",\"datePublished\":\"2026-03-26T19:19:00+00:00\",\"mainEntityOfPage\":{\"@id\":\"https:\/\/portaltela.pt\/noticias\/2026\/03\/26\/benfica-indignado-com-decisao-da-erc-recorre-e-pondera-acoes-legais\/\"},\"wordCount\":339,\"image\":{\"@id\":\"https:\/\/portaltela.pt\/noticias\/2026\/03\/26\/benfica-indignado-com-decisao-da-erc-recorre-e-pondera-acoes-legais\/#primaryimage\"},\"thumbnailUrl\":\"https:\/\/portaltela.pt\/s.01k8rhncp4jt1\/2026\/03\/e60126f4-8b9b-440c-bb2f-fb04ec25e433_1200x675.jpg\",\"keywords\":[\"Benfica\",\"comunica\u00e7\u00e3o social\",\"comunica\u00e7\u00f5es\",\"ERC\",\"imprensa\",\"pol\u00edtica\"],\"articleSection\":[\"Not\u00edcias\",\"Pol\u00edtica\"],\"inLanguage\":\"pt-PT\"},{\"@type\":\"WebPage\",\"@id\":\"https:\/\/portaltela.pt\/noticias\/2026\/03\/26\/benfica-indignado-com-decisao-da-erc-recorre-e-pondera-acoes-legais\/\",\"url\":\"https:\/\/portaltela.pt\/noticias\/2026\/03\/26\/benfica-indignado-com-decisao-da-erc-recorre-e-pondera-acoes-legais\/\",\"name\":\"Benfica indignado com decis\u00e3o da ERC, recorre e pondera a\u00e7\u00f5es legais - Portal Tela Portugal\",\"isPartOf\":{\"@id\":\"https:\/\/portaltela.pt\/#website\"},\"primaryImageOfPage\":{\"@id\":\"https:\/\/portaltela.pt\/noticias\/2026\/03\/26\/benfica-indignado-com-decisao-da-erc-recorre-e-pondera-acoes-legais\/#primaryimage\"},\"image\":{\"@id\":\"https:\/\/portaltela.pt\/noticias\/2026\/03\/26\/benfica-indignado-com-decisao-da-erc-recorre-e-pondera-acoes-legais\/#primaryimage\"},\"thumbnailUrl\":\"https:\/\/portaltela.pt\/s.01k8rhncp4jt1\/2026\/03\/e60126f4-8b9b-440c-bb2f-fb04ec25e433_1200x675.jpg\",\"datePublished\":\"2026-03-26T19:19:00+00:00\",\"author\":{\"@id\":\"https:\/\/portaltela.pt\/#\/schema\/person\/c4278d4a6028830caff9ee44b42d32ed\"},\"breadcrumb\":{\"@id\":\"https:\/\/portaltela.pt\/noticias\/2026\/03\/26\/benfica-indignado-com-decisao-da-erc-recorre-e-pondera-acoes-legais\/#breadcrumb\"},\"inLanguage\":\"pt-PT\",\"potentialAction\":[{\"@type\":\"ReadAction\",\"target\":[\"https:\/\/portaltela.pt\/noticias\/2026\/03\/26\/benfica-indignado-com-decisao-da-erc-recorre-e-pondera-acoes-legais\/\"]}]},{\"@type\":\"ImageObject\",\"inLanguage\":\"pt-PT\",\"@id\":\"https:\/\/portaltela.pt\/noticias\/2026\/03\/26\/benfica-indignado-com-decisao-da-erc-recorre-e-pondera-acoes-legais\/#primaryimage\",\"url\":\"https:\/\/portaltela.pt\/s.01k8rhncp4jt1\/2026\/03\/e60126f4-8b9b-440c-bb2f-fb04ec25e433_1200x675.jpg\",\"contentUrl\":\"https:\/\/portaltela.pt\/s.01k8rhncp4jt1\/2026\/03\/e60126f4-8b9b-440c-bb2f-fb04ec25e433_1200x675.jpg\",\"width\":1200,\"height\":675,\"caption\":\"Foto: S. L. Benfica\"},{\"@type\":\"BreadcrumbList\",\"@id\":\"https:\/\/portaltela.pt\/noticias\/2026\/03\/26\/benfica-indignado-com-decisao-da-erc-recorre-e-pondera-acoes-legais\/#breadcrumb\",\"itemListElement\":[{\"@type\":\"ListItem\",\"position\":1,\"name\":\"In\u00edcio\",\"item\":\"https:\/\/portaltela.pt\/\"},{\"@type\":\"ListItem\",\"position\":2,\"name\":\"Benfica indignado com decis\u00e3o da ERC, recorre e pondera a\u00e7\u00f5es legais\"}]},{\"@type\":\"WebSite\",\"@id\":\"https:\/\/portaltela.pt\/#website\",\"url\":\"https:\/\/portaltela.pt\/\",\"name\":\"Portal Tela Portugal\",\"description\":\"\",\"potentialAction\":[{\"@type\":\"SearchAction\",\"target\":{\"@type\":\"EntryPoint\",\"urlTemplate\":\"https:\/\/portaltela.pt\/?s={search_term_string}\"},\"query-input\":{\"@type\":\"PropertyValueSpecification\",\"valueRequired\":true,\"valueName\":\"search_term_string\"}}],\"inLanguage\":\"pt-PT\"},{\"@type\":\"Person\",\"@id\":\"https:\/\/portaltela.pt\/#\/schema\/person\/c4278d4a6028830caff9ee44b42d32ed\",\"name\":\"Telinha\",\"image\":{\"@type\":\"ImageObject\",\"inLanguage\":\"pt-PT\",\"@id\":\"https:\/\/portaltela.pt\/s.01k8rhncp4jt1\/2025\/11\/talking-bot-125x125.png\",\"url\":\"https:\/\/portaltela.pt\/s.01k8rhncp4jt1\/2025\/11\/talking-bot-125x125.png\",\"contentUrl\":\"https:\/\/portaltela.pt\/s.01k8rhncp4jt1\/2025\/11\/talking-bot-125x125.png\",\"caption\":\"Telinha\"},\"sameAs\":[\"https:\/\/portaltela.pt\/\"],\"url\":\"https:\/\/portaltela.pt\/por\/367410592786\/\"}]}<\/script>\n<!-- \/ Yoast SEO plugin. -->","yoast_head_json":{"title":"Benfica indignado com decis\u00e3o da ERC, recorre e pondera a\u00e7\u00f5es legais - Portal Tela Portugal","robots":{"index":"index","follow":"follow","max-snippet":"max-snippet:-1","max-image-preview":"max-image-preview:large","max-video-preview":"max-video-preview:-1"},"og_locale":"pt_PT","og_type":"article","og_title":"Benfica indignado com decis\u00e3o da ERC, recorre e pondera a\u00e7\u00f5es legais - Portal Tela Portugal","og_description":"Benfica reagiu \u00e0 decis\u00e3o da Entidade Reguladora para a Comunica\u00e7\u00e3o Social (ERC), que n\u00e3o autorizou o projeto radiof\u00f3nico do clube em parceria com Bauer. Jos\u00e9 Gandarez, vice\u2011presidente, afirmou que a decis\u00e3o gera indigna\u00e7\u00e3o e deve envergonhar juristas, sustentando que o projeto cumpre os pressupostos legais. A ERC justificou a n\u00e3o autoriza\u00e7\u00e3o com falta de pluralismo e diversidade, d\u00favidas sobre independ\u00eancia editorial e interesse p\u00fablico. O Benfica disse que vai recorrer, pondera participa\u00e7\u00e3o criminal e pretende pedir audi\u00eancias a todos os grupos parlamentares. O clube enfatizou perdas financeiras de um ano sem receitas e afirmou que o projeto \u00e9 impar\u00e1vel, criticando o regulador e a presidente por suposto preconceito.","og_url":"https:\/\/portaltela.pt\/noticias\/2026\/03\/26\/benfica-indignado-com-decisao-da-erc-recorre-e-pondera-acoes-legais\/","og_site_name":"Portal Tela Portugal","article_published_time":"2026-03-26T19:19:00+00:00","author":"Telinha","twitter_card":"summary_large_image","twitter_misc":{"Escrito por":"Telinha","Tempo estimado de leitura":"2 minutos"},"schema":{"@context":"https:\/\/schema.org","@graph":[{"@type":"Article","@id":"https:\/\/portaltela.pt\/noticias\/2026\/03\/26\/benfica-indignado-com-decisao-da-erc-recorre-e-pondera-acoes-legais\/#article","isPartOf":{"@id":"https:\/\/portaltela.pt\/noticias\/2026\/03\/26\/benfica-indignado-com-decisao-da-erc-recorre-e-pondera-acoes-legais\/"},"author":{"name":"Telinha","@id":"https:\/\/portaltela.pt\/#\/schema\/person\/c4278d4a6028830caff9ee44b42d32ed"},"headline":"Benfica indignado com decis\u00e3o da ERC, recorre e pondera a\u00e7\u00f5es legais","datePublished":"2026-03-26T19:19:00+00:00","mainEntityOfPage":{"@id":"https:\/\/portaltela.pt\/noticias\/2026\/03\/26\/benfica-indignado-com-decisao-da-erc-recorre-e-pondera-acoes-legais\/"},"wordCount":339,"image":{"@id":"https:\/\/portaltela.pt\/noticias\/2026\/03\/26\/benfica-indignado-com-decisao-da-erc-recorre-e-pondera-acoes-legais\/#primaryimage"},"thumbnailUrl":"https:\/\/portaltela.pt\/s.01k8rhncp4jt1\/2026\/03\/e60126f4-8b9b-440c-bb2f-fb04ec25e433_1200x675.jpg","keywords":["Benfica","comunica\u00e7\u00e3o social","comunica\u00e7\u00f5es","ERC","imprensa","pol\u00edtica"],"articleSection":["Not\u00edcias","Pol\u00edtica"],"inLanguage":"pt-PT"},{"@type":"WebPage","@id":"https:\/\/portaltela.pt\/noticias\/2026\/03\/26\/benfica-indignado-com-decisao-da-erc-recorre-e-pondera-acoes-legais\/","url":"https:\/\/portaltela.pt\/noticias\/2026\/03\/26\/benfica-indignado-com-decisao-da-erc-recorre-e-pondera-acoes-legais\/","name":"Benfica indignado com decis\u00e3o da ERC, recorre e pondera a\u00e7\u00f5es legais - Portal Tela Portugal","isPartOf":{"@id":"https:\/\/portaltela.pt\/#website"},"primaryImageOfPage":{"@id":"https:\/\/portaltela.pt\/noticias\/2026\/03\/26\/benfica-indignado-com-decisao-da-erc-recorre-e-pondera-acoes-legais\/#primaryimage"},"image":{"@id":"https:\/\/portaltela.pt\/noticias\/2026\/03\/26\/benfica-indignado-com-decisao-da-erc-recorre-e-pondera-acoes-legais\/#primaryimage"},"thumbnailUrl":"https:\/\/portaltela.pt\/s.01k8rhncp4jt1\/2026\/03\/e60126f4-8b9b-440c-bb2f-fb04ec25e433_1200x675.jpg","datePublished":"2026-03-26T19:19:00+00:00","author":{"@id":"https:\/\/portaltela.pt\/#\/schema\/person\/c4278d4a6028830caff9ee44b42d32ed"},"breadcrumb":{"@id":"https:\/\/portaltela.pt\/noticias\/2026\/03\/26\/benfica-indignado-com-decisao-da-erc-recorre-e-pondera-acoes-legais\/#breadcrumb"},"inLanguage":"pt-PT","potentialAction":[{"@type":"ReadAction","target":["https:\/\/portaltela.pt\/noticias\/2026\/03\/26\/benfica-indignado-com-decisao-da-erc-recorre-e-pondera-acoes-legais\/"]}]},{"@type":"ImageObject","inLanguage":"pt-PT","@id":"https:\/\/portaltela.pt\/noticias\/2026\/03\/26\/benfica-indignado-com-decisao-da-erc-recorre-e-pondera-acoes-legais\/#primaryimage","url":"https:\/\/portaltela.pt\/s.01k8rhncp4jt1\/2026\/03\/e60126f4-8b9b-440c-bb2f-fb04ec25e433_1200x675.jpg","contentUrl":"https:\/\/portaltela.pt\/s.01k8rhncp4jt1\/2026\/03\/e60126f4-8b9b-440c-bb2f-fb04ec25e433_1200x675.jpg","width":1200,"height":675,"caption":"Foto: S. L. Benfica"},{"@type":"BreadcrumbList","@id":"https:\/\/portaltela.pt\/noticias\/2026\/03\/26\/benfica-indignado-com-decisao-da-erc-recorre-e-pondera-acoes-legais\/#breadcrumb","itemListElement":[{"@type":"ListItem","position":1,"name":"In\u00edcio","item":"https:\/\/portaltela.pt\/"},{"@type":"ListItem","position":2,"name":"Benfica indignado com decis\u00e3o da ERC, recorre e pondera a\u00e7\u00f5es legais"}]},{"@type":"WebSite","@id":"https:\/\/portaltela.pt\/#website","url":"https:\/\/portaltela.pt\/","name":"Portal Tela Portugal","description":"","potentialAction":[{"@type":"SearchAction","target":{"@type":"EntryPoint","urlTemplate":"https:\/\/portaltela.pt\/?s={search_term_string}"},"query-input":{"@type":"PropertyValueSpecification","valueRequired":true,"valueName":"search_term_string"}}],"inLanguage":"pt-PT"},{"@type":"Person","@id":"https:\/\/portaltela.pt\/#\/schema\/person\/c4278d4a6028830caff9ee44b42d32ed","name":"Telinha","image":{"@type":"ImageObject","inLanguage":"pt-PT","@id":"https:\/\/portaltela.pt\/s.01k8rhncp4jt1\/2025\/11\/talking-bot-125x125.png","url":"https:\/\/portaltela.pt\/s.01k8rhncp4jt1\/2025\/11\/talking-bot-125x125.png","contentUrl":"https:\/\/portaltela.pt\/s.01k8rhncp4jt1\/2025\/11\/talking-bot-125x125.png","caption":"Telinha"},"sameAs":["https:\/\/portaltela.pt\/"],"url":"https:\/\/portaltela.pt\/por\/367410592786\/"}]}},"_links":{"self":[{"href":"https:\/\/portaltela.pt\/api\/wp\/v2\/posts\/422817","targetHints":{"allow":["GET"]}}],"collection":[{"href":"https:\/\/portaltela.pt\/api\/wp\/v2\/posts"}],"about":[{"href":"https:\/\/portaltela.pt\/api\/wp\/v2\/types\/post"}],"author":[{"embeddable":true,"href":"https:\/\/portaltela.pt\/api\/wp\/v2\/users\/2"}],"replies":[{"embeddable":true,"href":"https:\/\/portaltela.pt\/api\/wp\/v2\/comments?post=422817"}],"version-history":[{"count":0,"href":"https:\/\/portaltela.pt\/api\/wp\/v2\/posts\/422817\/revisions"}],"wp:featuredmedia":[{"embeddable":true,"href":"https:\/\/portaltela.pt\/api\/wp\/v2\/media\/422819"}],"wp:attachment":[{"href":"https:\/\/portaltela.pt\/api\/wp\/v2\/media?parent=422817"}],"wp:term":[{"taxonomy":"category","embeddable":true,"href":"https:\/\/portaltela.pt\/api\/wp\/v2\/categories?post=422817"},{"taxonomy":"post_tag","embeddable":true,"href":"https:\/\/portaltela.pt\/api\/wp\/v2\/tags?post=422817"}],"curies":[{"name":"wp","href":"https:\/\/api.w.org\/{rel}","templated":true}]}}