{"id":422813,"date":"2026-03-26T16:15:00","date_gmt":"2026-03-26T19:15:00","guid":{"rendered":"https:\/\/portaltela.pt\/noticias\/2026\/03\/26\/carne-arouquesa-domina-prato-do-dia-na-tasquinha-do-amado-em-cinfaes\/"},"modified":"2026-03-26T16:15:00","modified_gmt":"2026-03-26T19:15:00","slug":"carne-arouquesa-domina-prato-do-dia-na-tasquinha-do-amado-em-cinfaes","status":"publish","type":"post","link":"https:\/\/portaltela.pt\/noticias\/2026\/03\/26\/carne-arouquesa-domina-prato-do-dia-na-tasquinha-do-amado-em-cinfaes\/","title":{"rendered":"Carne arouquesa domina prato do dia na Tasquinha do Amado, em Cinf\u00e3es"},"content":{"rendered":"<p>O restaurante Tasquinha do Amado, em Cinf\u00e3es, destaca-se pela carne arouquesa, que domina a carta. A casa \u00e9 dirigida por Miguel Botelho, filho do fundador Amado, com In\u00eas Vaz Pedro a comandar os fog\u00f5es. A gest\u00e3o atual preserva o nome da casa e refor\u00e7a a sua identidade gastron\u00f3mica.<\/p>\n<p>A entrada costuma incluir uma t\u00e1bua com presunto, queijo, mel e azeitonas, acompanhada de vinho. Destaque para riss\u00f3is arouqueses, chouri\u00e7a assada, alheira grelhada e pataniscas de bacalhau, que atraem os comensais pela textura e sabor.<\/p>\n<p>Em termos de pratos, a Tasquinha do Amado oferece uma posta de bacalhau assado \u00e0 moda da Dona Alice, considerada um dos seus emblemas. A carne da ra\u00e7a arouquesa recebe tratamento cuidado da chef In\u00eas, com pe\u00e7as como naco da perna e vazia, al\u00e9m de o molho do prato principal e a aba caramelizada serem elogiados.<\/p>\n<h3>A carne arouquesa em primeiro plano<\/h3>\n<p>O card\u00e1pio inclui tamb\u00e9m o famoso bife \u00e0 Marrare, preparado com t\u00e9cnica apurada. A carta destaca ainda cortes como o pojadouro laminado com molho da casa e uma costela mendinha acess\u00edvel a dois ou mais.<\/p>\n<p>O Tomahawk grelhado aparece como op\u00e7\u00e3o para grupos, com por\u00e7\u00f5es para tr\u00eas ou mais pessoas e execu\u00e7\u00e3o de alto n\u00edvel. A oferta de sobremesas encerra a refei\u00e7\u00e3o com o pudim, mousse de chocolate e o doce da casa, premiando quem retorna.<\/p>\n<p>Tasquinha do Amado<\/p>\n<p>Largo Pombas, Cinf\u00e3es<\/p>\n<p>Tel.: 933 788 570<\/p>\n<p>Web: Facebook Tasquinhadoamado<\/p>\n<p>Hor\u00e1rios<\/p>\n<p>12h-15h e 19h-22h, quinta a s\u00e1bado; 12h-15h e 19h-22h, segunda a ter\u00e7a; at\u00e9 \u00e0s 15h ao domingo<\/p>\n<p>Pre\u00e7o m\u00e9dio: 24 euros<\/p>\n","protected":false},"excerpt":{"rendered":"<ul>\n<li>A Tasquinha do Amado, em Cinf\u00e3es, \u00e9 gerida por Miguel Botelho, filho do fundador Amado, com a chef In\u00eas Vaz Pedro a comandar os fog\u00f5es.<\/li>\n<li>O destaque da casa \u00e9 a carne de ra\u00e7a arouquesa, com op\u00e7\u00f5es como bife \u00e0 Marrare, aba caramelizada e tomahawk grelhado.<\/li>\n<li>No menu de entradas predominam riss\u00f3is arouqueses, chouri\u00e7a assada, alheira grelhada, pataniscas de bacalhau e bolinhos de bacalhau.<\/li>\n<li>H\u00e1 tamb\u00e9m peixe, com uma posta de bacalhau assado \u00e0 moda da Dona Alice; a casa funciona essencialmente com um ambiente carn\u00edvoro, podendo existir peixe fresco em ofertas especiais.<\/li>\n<li>Finalizam a experi\u00eancia com doces da casa, pudim e mousse de chocolate; endere\u00e7o: Largo Pombas, Cinf\u00e3es, aberto 12h-15h e 19h-22h (quin, sex, s\u00e1b, e seg, ter) e at\u00e9 \u00e0s 15h ao domingo; pre\u00e7o m\u00e9dio cerca de 24 euros.<\/li>\n<\/ul>\n","protected":false},"author":2,"featured_media":422816,"comment_status":"closed","ping_status":"closed","sticky":false,"template":"","format":"standard","meta":{"footnotes":""},"categories":[7369,1],"tags":[1309,2731,6117,219,1014,1171],"class_list":["post-422813","post","type-post","status-publish","format-standard","has-post-thumbnail","hentry","category-gastronomia","category-noticias","tag-centro","tag-cinfaes","tag-cozinha","tag-gastronomia","tag-portugal","tag-viseu"],"yoast_head":"<!-- This site is optimized with the Yoast SEO plugin v27.2 - https:\/\/yoast.com\/product\/yoast-seo-wordpress\/ -->\n<title>Carne arouquesa domina prato do dia na Tasquinha do Amado, em Cinf\u00e3es - Portal Tela Portugal<\/title>\n<meta name=\"robots\" content=\"index, follow, max-snippet:-1, max-image-preview:large, max-video-preview:-1\" \/>\n<meta property=\"og:locale\" content=\"pt_PT\" \/>\n<meta property=\"og:type\" content=\"article\" \/>\n<meta property=\"og:title\" content=\"Carne arouquesa domina prato do dia na Tasquinha do Amado, em Cinf\u00e3es - Portal Tela Portugal\" \/>\n<meta property=\"og:description\" content=\"A Tasquinha do Amado, em Cinf\u00e3es, \u00e9 gerida por Miguel Botelho, filho do fundador Amado, com a chef In\u00eas Vaz Pedro a comandar os fog\u00f5es. O destaque da casa \u00e9 a carne de ra\u00e7a arouquesa, com op\u00e7\u00f5es como bife \u00e0 Marrare, aba caramelizada e tomahawk grelhado. No menu de entradas predominam riss\u00f3is arouqueses, chouri\u00e7a assada, alheira grelhada, pataniscas de bacalhau e bolinhos de bacalhau. H\u00e1 tamb\u00e9m peixe, com uma posta de bacalhau assado \u00e0 moda da Dona Alice; a casa funciona essencialmente com um ambiente carn\u00edvoro, podendo existir peixe fresco em ofertas especiais. Finalizam a experi\u00eancia com doces da casa, pudim e mousse de chocolate; endere\u00e7o: Largo Pombas, Cinf\u00e3es, aberto 12h-15h e 19h-22h (quin, sex, s\u00e1b, e seg, ter) e at\u00e9 \u00e0s 15h ao domingo; pre\u00e7o m\u00e9dio cerca de 24 euros.\" \/>\n<meta property=\"og:url\" content=\"https:\/\/portaltela.pt\/noticias\/2026\/03\/26\/carne-arouquesa-domina-prato-do-dia-na-tasquinha-do-amado-em-cinfaes\/\" \/>\n<meta property=\"og:site_name\" content=\"Portal Tela Portugal\" \/>\n<meta property=\"article:published_time\" content=\"2026-03-26T19:15:00+00:00\" \/>\n<meta name=\"author\" content=\"Telinha\" \/>\n<meta name=\"twitter:card\" content=\"summary_large_image\" \/>\n<meta name=\"twitter:label1\" content=\"Escrito por\" \/>\n\t<meta name=\"twitter:data1\" content=\"Telinha\" \/>\n\t<meta name=\"twitter:label2\" content=\"Tempo estimado de leitura\" \/>\n\t<meta name=\"twitter:data2\" content=\"1 minuto\" \/>\n<script type=\"application\/ld+json\" class=\"yoast-schema-graph\">{\"@context\":\"https:\/\/schema.org\",\"@graph\":[{\"@type\":\"Article\",\"@id\":\"https:\/\/portaltela.pt\/noticias\/2026\/03\/26\/carne-arouquesa-domina-prato-do-dia-na-tasquinha-do-amado-em-cinfaes\/#article\",\"isPartOf\":{\"@id\":\"https:\/\/portaltela.pt\/noticias\/2026\/03\/26\/carne-arouquesa-domina-prato-do-dia-na-tasquinha-do-amado-em-cinfaes\/\"},\"author\":{\"name\":\"Telinha\",\"@id\":\"https:\/\/portaltela.pt\/#\/schema\/person\/c4278d4a6028830caff9ee44b42d32ed\"},\"headline\":\"Carne arouquesa domina prato do dia na Tasquinha do Amado, em Cinf\u00e3es\",\"datePublished\":\"2026-03-26T19:15:00+00:00\",\"mainEntityOfPage\":{\"@id\":\"https:\/\/portaltela.pt\/noticias\/2026\/03\/26\/carne-arouquesa-domina-prato-do-dia-na-tasquinha-do-amado-em-cinfaes\/\"},\"wordCount\":295,\"image\":{\"@id\":\"https:\/\/portaltela.pt\/noticias\/2026\/03\/26\/carne-arouquesa-domina-prato-do-dia-na-tasquinha-do-amado-em-cinfaes\/#primaryimage\"},\"thumbnailUrl\":\"https:\/\/portaltela.pt\/s.01k8rhncp4jt1\/2026\/03\/image-1558.jpg\",\"keywords\":[\"Centro\",\"Cinf\u00e3es\",\"cozinha\",\"gastronomia\",\"Portugal\",\"Viseu\"],\"articleSection\":[\"Gastronomia\",\"Not\u00edcias\"],\"inLanguage\":\"pt-PT\"},{\"@type\":\"WebPage\",\"@id\":\"https:\/\/portaltela.pt\/noticias\/2026\/03\/26\/carne-arouquesa-domina-prato-do-dia-na-tasquinha-do-amado-em-cinfaes\/\",\"url\":\"https:\/\/portaltela.pt\/noticias\/2026\/03\/26\/carne-arouquesa-domina-prato-do-dia-na-tasquinha-do-amado-em-cinfaes\/\",\"name\":\"Carne arouquesa domina prato do dia na Tasquinha do Amado, em Cinf\u00e3es - Portal Tela Portugal\",\"isPartOf\":{\"@id\":\"https:\/\/portaltela.pt\/#website\"},\"primaryImageOfPage\":{\"@id\":\"https:\/\/portaltela.pt\/noticias\/2026\/03\/26\/carne-arouquesa-domina-prato-do-dia-na-tasquinha-do-amado-em-cinfaes\/#primaryimage\"},\"image\":{\"@id\":\"https:\/\/portaltela.pt\/noticias\/2026\/03\/26\/carne-arouquesa-domina-prato-do-dia-na-tasquinha-do-amado-em-cinfaes\/#primaryimage\"},\"thumbnailUrl\":\"https:\/\/portaltela.pt\/s.01k8rhncp4jt1\/2026\/03\/image-1558.jpg\",\"datePublished\":\"2026-03-26T19:15:00+00:00\",\"author\":{\"@id\":\"https:\/\/portaltela.pt\/#\/schema\/person\/c4278d4a6028830caff9ee44b42d32ed\"},\"breadcrumb\":{\"@id\":\"https:\/\/portaltela.pt\/noticias\/2026\/03\/26\/carne-arouquesa-domina-prato-do-dia-na-tasquinha-do-amado-em-cinfaes\/#breadcrumb\"},\"inLanguage\":\"pt-PT\",\"potentialAction\":[{\"@type\":\"ReadAction\",\"target\":[\"https:\/\/portaltela.pt\/noticias\/2026\/03\/26\/carne-arouquesa-domina-prato-do-dia-na-tasquinha-do-amado-em-cinfaes\/\"]}]},{\"@type\":\"ImageObject\",\"inLanguage\":\"pt-PT\",\"@id\":\"https:\/\/portaltela.pt\/noticias\/2026\/03\/26\/carne-arouquesa-domina-prato-do-dia-na-tasquinha-do-amado-em-cinfaes\/#primaryimage\",\"url\":\"https:\/\/portaltela.pt\/s.01k8rhncp4jt1\/2026\/03\/image-1558.jpg\",\"contentUrl\":\"https:\/\/portaltela.pt\/s.01k8rhncp4jt1\/2026\/03\/image-1558.jpg\",\"width\":796,\"height\":448,\"caption\":\"Tasquinha do Amado, em Cinf\u00e3es\"},{\"@type\":\"BreadcrumbList\",\"@id\":\"https:\/\/portaltela.pt\/noticias\/2026\/03\/26\/carne-arouquesa-domina-prato-do-dia-na-tasquinha-do-amado-em-cinfaes\/#breadcrumb\",\"itemListElement\":[{\"@type\":\"ListItem\",\"position\":1,\"name\":\"In\u00edcio\",\"item\":\"https:\/\/portaltela.pt\/\"},{\"@type\":\"ListItem\",\"position\":2,\"name\":\"Carne arouquesa domina prato do dia na Tasquinha do Amado, em Cinf\u00e3es\"}]},{\"@type\":\"WebSite\",\"@id\":\"https:\/\/portaltela.pt\/#website\",\"url\":\"https:\/\/portaltela.pt\/\",\"name\":\"Portal Tela Portugal\",\"description\":\"\",\"potentialAction\":[{\"@type\":\"SearchAction\",\"target\":{\"@type\":\"EntryPoint\",\"urlTemplate\":\"https:\/\/portaltela.pt\/?s={search_term_string}\"},\"query-input\":{\"@type\":\"PropertyValueSpecification\",\"valueRequired\":true,\"valueName\":\"search_term_string\"}}],\"inLanguage\":\"pt-PT\"},{\"@type\":\"Person\",\"@id\":\"https:\/\/portaltela.pt\/#\/schema\/person\/c4278d4a6028830caff9ee44b42d32ed\",\"name\":\"Telinha\",\"image\":{\"@type\":\"ImageObject\",\"inLanguage\":\"pt-PT\",\"@id\":\"https:\/\/portaltela.pt\/s.01k8rhncp4jt1\/2025\/11\/talking-bot-125x125.png\",\"url\":\"https:\/\/portaltela.pt\/s.01k8rhncp4jt1\/2025\/11\/talking-bot-125x125.png\",\"contentUrl\":\"https:\/\/portaltela.pt\/s.01k8rhncp4jt1\/2025\/11\/talking-bot-125x125.png\",\"caption\":\"Telinha\"},\"sameAs\":[\"https:\/\/portaltela.pt\/\"],\"url\":\"https:\/\/portaltela.pt\/por\/367410592786\/\"}]}<\/script>\n<!-- \/ Yoast SEO plugin. -->","yoast_head_json":{"title":"Carne arouquesa domina prato do dia na Tasquinha do Amado, em Cinf\u00e3es - Portal Tela Portugal","robots":{"index":"index","follow":"follow","max-snippet":"max-snippet:-1","max-image-preview":"max-image-preview:large","max-video-preview":"max-video-preview:-1"},"og_locale":"pt_PT","og_type":"article","og_title":"Carne arouquesa domina prato do dia na Tasquinha do Amado, em Cinf\u00e3es - Portal Tela Portugal","og_description":"A Tasquinha do Amado, em Cinf\u00e3es, \u00e9 gerida por Miguel Botelho, filho do fundador Amado, com a chef In\u00eas Vaz Pedro a comandar os fog\u00f5es. O destaque da casa \u00e9 a carne de ra\u00e7a arouquesa, com op\u00e7\u00f5es como bife \u00e0 Marrare, aba caramelizada e tomahawk grelhado. No menu de entradas predominam riss\u00f3is arouqueses, chouri\u00e7a assada, alheira grelhada, pataniscas de bacalhau e bolinhos de bacalhau. H\u00e1 tamb\u00e9m peixe, com uma posta de bacalhau assado \u00e0 moda da Dona Alice; a casa funciona essencialmente com um ambiente carn\u00edvoro, podendo existir peixe fresco em ofertas especiais. Finalizam a experi\u00eancia com doces da casa, pudim e mousse de chocolate; endere\u00e7o: Largo Pombas, Cinf\u00e3es, aberto 12h-15h e 19h-22h (quin, sex, s\u00e1b, e seg, ter) e at\u00e9 \u00e0s 15h ao domingo; pre\u00e7o m\u00e9dio cerca de 24 euros.","og_url":"https:\/\/portaltela.pt\/noticias\/2026\/03\/26\/carne-arouquesa-domina-prato-do-dia-na-tasquinha-do-amado-em-cinfaes\/","og_site_name":"Portal Tela Portugal","article_published_time":"2026-03-26T19:15:00+00:00","author":"Telinha","twitter_card":"summary_large_image","twitter_misc":{"Escrito por":"Telinha","Tempo estimado de leitura":"1 minuto"},"schema":{"@context":"https:\/\/schema.org","@graph":[{"@type":"Article","@id":"https:\/\/portaltela.pt\/noticias\/2026\/03\/26\/carne-arouquesa-domina-prato-do-dia-na-tasquinha-do-amado-em-cinfaes\/#article","isPartOf":{"@id":"https:\/\/portaltela.pt\/noticias\/2026\/03\/26\/carne-arouquesa-domina-prato-do-dia-na-tasquinha-do-amado-em-cinfaes\/"},"author":{"name":"Telinha","@id":"https:\/\/portaltela.pt\/#\/schema\/person\/c4278d4a6028830caff9ee44b42d32ed"},"headline":"Carne arouquesa domina prato do dia na Tasquinha do Amado, em Cinf\u00e3es","datePublished":"2026-03-26T19:15:00+00:00","mainEntityOfPage":{"@id":"https:\/\/portaltela.pt\/noticias\/2026\/03\/26\/carne-arouquesa-domina-prato-do-dia-na-tasquinha-do-amado-em-cinfaes\/"},"wordCount":295,"image":{"@id":"https:\/\/portaltela.pt\/noticias\/2026\/03\/26\/carne-arouquesa-domina-prato-do-dia-na-tasquinha-do-amado-em-cinfaes\/#primaryimage"},"thumbnailUrl":"https:\/\/portaltela.pt\/s.01k8rhncp4jt1\/2026\/03\/image-1558.jpg","keywords":["Centro","Cinf\u00e3es","cozinha","gastronomia","Portugal","Viseu"],"articleSection":["Gastronomia","Not\u00edcias"],"inLanguage":"pt-PT"},{"@type":"WebPage","@id":"https:\/\/portaltela.pt\/noticias\/2026\/03\/26\/carne-arouquesa-domina-prato-do-dia-na-tasquinha-do-amado-em-cinfaes\/","url":"https:\/\/portaltela.pt\/noticias\/2026\/03\/26\/carne-arouquesa-domina-prato-do-dia-na-tasquinha-do-amado-em-cinfaes\/","name":"Carne arouquesa domina prato do dia na Tasquinha do Amado, em Cinf\u00e3es - Portal Tela Portugal","isPartOf":{"@id":"https:\/\/portaltela.pt\/#website"},"primaryImageOfPage":{"@id":"https:\/\/portaltela.pt\/noticias\/2026\/03\/26\/carne-arouquesa-domina-prato-do-dia-na-tasquinha-do-amado-em-cinfaes\/#primaryimage"},"image":{"@id":"https:\/\/portaltela.pt\/noticias\/2026\/03\/26\/carne-arouquesa-domina-prato-do-dia-na-tasquinha-do-amado-em-cinfaes\/#primaryimage"},"thumbnailUrl":"https:\/\/portaltela.pt\/s.01k8rhncp4jt1\/2026\/03\/image-1558.jpg","datePublished":"2026-03-26T19:15:00+00:00","author":{"@id":"https:\/\/portaltela.pt\/#\/schema\/person\/c4278d4a6028830caff9ee44b42d32ed"},"breadcrumb":{"@id":"https:\/\/portaltela.pt\/noticias\/2026\/03\/26\/carne-arouquesa-domina-prato-do-dia-na-tasquinha-do-amado-em-cinfaes\/#breadcrumb"},"inLanguage":"pt-PT","potentialAction":[{"@type":"ReadAction","target":["https:\/\/portaltela.pt\/noticias\/2026\/03\/26\/carne-arouquesa-domina-prato-do-dia-na-tasquinha-do-amado-em-cinfaes\/"]}]},{"@type":"ImageObject","inLanguage":"pt-PT","@id":"https:\/\/portaltela.pt\/noticias\/2026\/03\/26\/carne-arouquesa-domina-prato-do-dia-na-tasquinha-do-amado-em-cinfaes\/#primaryimage","url":"https:\/\/portaltela.pt\/s.01k8rhncp4jt1\/2026\/03\/image-1558.jpg","contentUrl":"https:\/\/portaltela.pt\/s.01k8rhncp4jt1\/2026\/03\/image-1558.jpg","width":796,"height":448,"caption":"Tasquinha do Amado, em Cinf\u00e3es"},{"@type":"BreadcrumbList","@id":"https:\/\/portaltela.pt\/noticias\/2026\/03\/26\/carne-arouquesa-domina-prato-do-dia-na-tasquinha-do-amado-em-cinfaes\/#breadcrumb","itemListElement":[{"@type":"ListItem","position":1,"name":"In\u00edcio","item":"https:\/\/portaltela.pt\/"},{"@type":"ListItem","position":2,"name":"Carne arouquesa domina prato do dia na Tasquinha do Amado, em Cinf\u00e3es"}]},{"@type":"WebSite","@id":"https:\/\/portaltela.pt\/#website","url":"https:\/\/portaltela.pt\/","name":"Portal Tela Portugal","description":"","potentialAction":[{"@type":"SearchAction","target":{"@type":"EntryPoint","urlTemplate":"https:\/\/portaltela.pt\/?s={search_term_string}"},"query-input":{"@type":"PropertyValueSpecification","valueRequired":true,"valueName":"search_term_string"}}],"inLanguage":"pt-PT"},{"@type":"Person","@id":"https:\/\/portaltela.pt\/#\/schema\/person\/c4278d4a6028830caff9ee44b42d32ed","name":"Telinha","image":{"@type":"ImageObject","inLanguage":"pt-PT","@id":"https:\/\/portaltela.pt\/s.01k8rhncp4jt1\/2025\/11\/talking-bot-125x125.png","url":"https:\/\/portaltela.pt\/s.01k8rhncp4jt1\/2025\/11\/talking-bot-125x125.png","contentUrl":"https:\/\/portaltela.pt\/s.01k8rhncp4jt1\/2025\/11\/talking-bot-125x125.png","caption":"Telinha"},"sameAs":["https:\/\/portaltela.pt\/"],"url":"https:\/\/portaltela.pt\/por\/367410592786\/"}]}},"_links":{"self":[{"href":"https:\/\/portaltela.pt\/api\/wp\/v2\/posts\/422813","targetHints":{"allow":["GET"]}}],"collection":[{"href":"https:\/\/portaltela.pt\/api\/wp\/v2\/posts"}],"about":[{"href":"https:\/\/portaltela.pt\/api\/wp\/v2\/types\/post"}],"author":[{"embeddable":true,"href":"https:\/\/portaltela.pt\/api\/wp\/v2\/users\/2"}],"replies":[{"embeddable":true,"href":"https:\/\/portaltela.pt\/api\/wp\/v2\/comments?post=422813"}],"version-history":[{"count":0,"href":"https:\/\/portaltela.pt\/api\/wp\/v2\/posts\/422813\/revisions"}],"wp:featuredmedia":[{"embeddable":true,"href":"https:\/\/portaltela.pt\/api\/wp\/v2\/media\/422816"}],"wp:attachment":[{"href":"https:\/\/portaltela.pt\/api\/wp\/v2\/media?parent=422813"}],"wp:term":[{"taxonomy":"category","embeddable":true,"href":"https:\/\/portaltela.pt\/api\/wp\/v2\/categories?post=422813"},{"taxonomy":"post_tag","embeddable":true,"href":"https:\/\/portaltela.pt\/api\/wp\/v2\/tags?post=422813"}],"curies":[{"name":"wp","href":"https:\/\/api.w.org\/{rel}","templated":true}]}}