{"id":422809,"date":"2026-03-26T16:28:00","date_gmt":"2026-03-26T19:28:00","guid":{"rendered":"https:\/\/portaltela.pt\/noticias\/2026\/03\/26\/teera-reduz-idade-minima-para-integrar-a-milicia-basij-para-12-anos\/"},"modified":"2026-03-26T16:28:00","modified_gmt":"2026-03-26T19:28:00","slug":"teera-reduz-idade-minima-para-integrar-a-milicia-basij-para-12-anos","status":"publish","type":"post","link":"https:\/\/portaltela.pt\/geopolitica\/2026\/03\/26\/teera-reduz-idade-minima-para-integrar-a-milicia-basij-para-12-anos\/","title":{"rendered":"Teer\u00e3 reduz idade m\u00ednima para integrar a mil\u00edcia Basij para 12 anos"},"content":{"rendered":"<p>Autoridades iranianas anunciaram hoje a redu\u00e7\u00e3o da idade m\u00ednima para integrar a mil\u00edcia Bassidj para 12 anos. A not\u00edcia foi partilhada num discurso transmitido pela televis\u00e3o p\u00fablica, sem apresentar outras explica\u00e7\u00f5es oficiais sobre a mudan\u00e7a.<\/p>\n<p>Os Bassidj s\u00e3o mil\u00edcias volunt\u00e1rias que, no Ir\u00e3o, participam na patrulha de ruas e na mobiliza\u00e7\u00e3o de recursos de apoio \u00e0 defesa interna. A decis\u00e3o coloca o grupo numa faixa et\u00e1ria significativamente inferior \u00e0 pr\u00e1tica anterior.<\/p>\n<p>Segundo o an\u00fancio, a medida foi comunicada atrav\u00e9s de um canal estatal, sem indica\u00e7\u00f5es de quando come\u00e7ar\u00e1 a vigorar ou de eventuais mecanismos de supervis\u00e3o. A not\u00edcia \u00e9 de refer\u00eancia da ag\u00eancia Lusa, com base no discurso veiculado hoje.<\/p>\n","protected":false},"excerpt":{"rendered":"<ul>\n<li>Autoridades do Ir\u00e3o anunciaram a redu\u00e7\u00e3o da idade m\u00ednima para integrar as mil\u00edcias Bassij para 12 anos.<\/li>\n<li>Os Bassij s\u00e3o volunt\u00e1rios que patrulham as ruas do pa\u00eds, segundo o an\u00fancio oficial.<\/li>\n<li>A decis\u00e3o foi comunicada num discurso transmitido pela televis\u00e3o por um respons\u00e1vel iraniano.<\/li>\n<li>O conte\u00fado completo da not\u00edcia est\u00e1 dispon\u00edvel apenas para subscritores.<\/li>\n<\/ul>\n","protected":false},"author":2,"featured_media":422810,"comment_status":"closed","ping_status":"closed","sticky":false,"template":"","format":"standard","meta":{"footnotes":""},"categories":[6814],"tags":[3153,6700,5698,4536,250],"class_list":["post-422809","post","type-post","status-publish","format-standard","has-post-thumbnail","hentry","category-geopolitica","tag-ira","tag-milicias","tag-politica-internacional","tag-seguranca","tag-seguranca-publica"],"yoast_head":"<!-- This site is optimized with the Yoast SEO plugin v27.2 - https:\/\/yoast.com\/product\/yoast-seo-wordpress\/ -->\n<title>Teer\u00e3 reduz idade m\u00ednima para integrar a mil\u00edcia Basij para 12 anos - Portal Tela Portugal<\/title>\n<meta name=\"robots\" content=\"index, follow, max-snippet:-1, max-image-preview:large, max-video-preview:-1\" \/>\n<meta property=\"og:locale\" content=\"pt_PT\" \/>\n<meta property=\"og:type\" content=\"article\" \/>\n<meta property=\"og:title\" content=\"Teer\u00e3 reduz idade m\u00ednima para integrar a mil\u00edcia Basij para 12 anos - Portal Tela Portugal\" \/>\n<meta property=\"og:description\" content=\"Autoridades do Ir\u00e3o anunciaram a redu\u00e7\u00e3o da idade m\u00ednima para integrar as mil\u00edcias Bassij para 12 anos. Os Bassij s\u00e3o volunt\u00e1rios que patrulham as ruas do pa\u00eds, segundo o an\u00fancio oficial. A decis\u00e3o foi comunicada num discurso transmitido pela televis\u00e3o por um respons\u00e1vel iraniano. O conte\u00fado completo da not\u00edcia est\u00e1 dispon\u00edvel apenas para subscritores.\" \/>\n<meta property=\"og:url\" content=\"https:\/\/portaltela.pt\/noticias\/2026\/03\/26\/teera-reduz-idade-minima-para-integrar-a-milicia-basij-para-12-anos\/\" \/>\n<meta property=\"og:site_name\" content=\"Portal Tela Portugal\" \/>\n<meta property=\"article:published_time\" content=\"2026-03-26T19:28:00+00:00\" \/>\n<meta name=\"author\" content=\"Telinha\" \/>\n<meta name=\"twitter:card\" content=\"summary_large_image\" \/>\n<meta name=\"twitter:label1\" content=\"Escrito por\" \/>\n\t<meta name=\"twitter:data1\" content=\"Telinha\" \/>\n\t<meta name=\"twitter:label2\" content=\"Tempo estimado de leitura\" \/>\n\t<meta name=\"twitter:data2\" content=\"1 minuto\" \/>\n<script type=\"application\/ld+json\" class=\"yoast-schema-graph\">{\"@context\":\"https:\/\/schema.org\",\"@graph\":[{\"@type\":\"Article\",\"@id\":\"https:\/\/portaltela.pt\/noticias\/2026\/03\/26\/teera-reduz-idade-minima-para-integrar-a-milicia-basij-para-12-anos\/#article\",\"isPartOf\":{\"@id\":\"https:\/\/portaltela.pt\/noticias\/2026\/03\/26\/teera-reduz-idade-minima-para-integrar-a-milicia-basij-para-12-anos\/\"},\"author\":{\"name\":\"Telinha\",\"@id\":\"https:\/\/portaltela.pt\/#\/schema\/person\/c4278d4a6028830caff9ee44b42d32ed\"},\"headline\":\"Teer\u00e3 reduz idade m\u00ednima para integrar a mil\u00edcia Basij para 12 anos\",\"datePublished\":\"2026-03-26T19:28:00+00:00\",\"mainEntityOfPage\":{\"@id\":\"https:\/\/portaltela.pt\/noticias\/2026\/03\/26\/teera-reduz-idade-minima-para-integrar-a-milicia-basij-para-12-anos\/\"},\"wordCount\":143,\"image\":{\"@id\":\"https:\/\/portaltela.pt\/noticias\/2026\/03\/26\/teera-reduz-idade-minima-para-integrar-a-milicia-basij-para-12-anos\/#primaryimage\"},\"thumbnailUrl\":\"https:\/\/portaltela.pt\/s.01k8rhncp4jt1\/2026\/03\/CACHE_780X1200_ANALOG_WATERMARKED_36346851_322799217805806.jpg\",\"keywords\":[\"Ir\u00e3\",\"mil\u00edcias\",\"pol\u00edtica internacional\",\"seguran\u00e7a\",\"seguran\u00e7a p\u00fablica\"],\"articleSection\":[\"Geopol\u00edtica\"],\"inLanguage\":\"pt-PT\"},{\"@type\":\"WebPage\",\"@id\":\"https:\/\/portaltela.pt\/noticias\/2026\/03\/26\/teera-reduz-idade-minima-para-integrar-a-milicia-basij-para-12-anos\/\",\"url\":\"https:\/\/portaltela.pt\/noticias\/2026\/03\/26\/teera-reduz-idade-minima-para-integrar-a-milicia-basij-para-12-anos\/\",\"name\":\"Teer\u00e3 reduz idade m\u00ednima para integrar a mil\u00edcia Basij para 12 anos - Portal Tela Portugal\",\"isPartOf\":{\"@id\":\"https:\/\/portaltela.pt\/#website\"},\"primaryImageOfPage\":{\"@id\":\"https:\/\/portaltela.pt\/noticias\/2026\/03\/26\/teera-reduz-idade-minima-para-integrar-a-milicia-basij-para-12-anos\/#primaryimage\"},\"image\":{\"@id\":\"https:\/\/portaltela.pt\/noticias\/2026\/03\/26\/teera-reduz-idade-minima-para-integrar-a-milicia-basij-para-12-anos\/#primaryimage\"},\"thumbnailUrl\":\"https:\/\/portaltela.pt\/s.01k8rhncp4jt1\/2026\/03\/CACHE_780X1200_ANALOG_WATERMARKED_36346851_322799217805806.jpg\",\"datePublished\":\"2026-03-26T19:28:00+00:00\",\"author\":{\"@id\":\"https:\/\/portaltela.pt\/#\/schema\/person\/c4278d4a6028830caff9ee44b42d32ed\"},\"breadcrumb\":{\"@id\":\"https:\/\/portaltela.pt\/noticias\/2026\/03\/26\/teera-reduz-idade-minima-para-integrar-a-milicia-basij-para-12-anos\/#breadcrumb\"},\"inLanguage\":\"pt-PT\",\"potentialAction\":[{\"@type\":\"ReadAction\",\"target\":[\"https:\/\/portaltela.pt\/noticias\/2026\/03\/26\/teera-reduz-idade-minima-para-integrar-a-milicia-basij-para-12-anos\/\"]}]},{\"@type\":\"ImageObject\",\"inLanguage\":\"pt-PT\",\"@id\":\"https:\/\/portaltela.pt\/noticias\/2026\/03\/26\/teera-reduz-idade-minima-para-integrar-a-milicia-basij-para-12-anos\/#primaryimage\",\"url\":\"https:\/\/portaltela.pt\/s.01k8rhncp4jt1\/2026\/03\/CACHE_780X1200_ANALOG_WATERMARKED_36346851_322799217805806.jpg\",\"contentUrl\":\"https:\/\/portaltela.pt\/s.01k8rhncp4jt1\/2026\/03\/CACHE_780X1200_ANALOG_WATERMARKED_36346851_322799217805806.jpg\",\"width\":768,\"height\":472,\"caption\":\"Teer\u00e3o reduz idade m\u00ednima para integrar mil\u00edcia Bassidj para 12 anos\"},{\"@type\":\"BreadcrumbList\",\"@id\":\"https:\/\/portaltela.pt\/noticias\/2026\/03\/26\/teera-reduz-idade-minima-para-integrar-a-milicia-basij-para-12-anos\/#breadcrumb\",\"itemListElement\":[{\"@type\":\"ListItem\",\"position\":1,\"name\":\"In\u00edcio\",\"item\":\"https:\/\/portaltela.pt\/\"},{\"@type\":\"ListItem\",\"position\":2,\"name\":\"Teer\u00e3 reduz idade m\u00ednima para integrar a mil\u00edcia Basij para 12 anos\"}]},{\"@type\":\"WebSite\",\"@id\":\"https:\/\/portaltela.pt\/#website\",\"url\":\"https:\/\/portaltela.pt\/\",\"name\":\"Portal Tela Portugal\",\"description\":\"\",\"potentialAction\":[{\"@type\":\"SearchAction\",\"target\":{\"@type\":\"EntryPoint\",\"urlTemplate\":\"https:\/\/portaltela.pt\/?s={search_term_string}\"},\"query-input\":{\"@type\":\"PropertyValueSpecification\",\"valueRequired\":true,\"valueName\":\"search_term_string\"}}],\"inLanguage\":\"pt-PT\"},{\"@type\":\"Person\",\"@id\":\"https:\/\/portaltela.pt\/#\/schema\/person\/c4278d4a6028830caff9ee44b42d32ed\",\"name\":\"Telinha\",\"image\":{\"@type\":\"ImageObject\",\"inLanguage\":\"pt-PT\",\"@id\":\"https:\/\/portaltela.pt\/s.01k8rhncp4jt1\/2025\/11\/talking-bot-125x125.png\",\"url\":\"https:\/\/portaltela.pt\/s.01k8rhncp4jt1\/2025\/11\/talking-bot-125x125.png\",\"contentUrl\":\"https:\/\/portaltela.pt\/s.01k8rhncp4jt1\/2025\/11\/talking-bot-125x125.png\",\"caption\":\"Telinha\"},\"sameAs\":[\"https:\/\/portaltela.pt\/\"],\"url\":\"https:\/\/portaltela.pt\/por\/367410592786\/\"}]}<\/script>\n<!-- \/ Yoast SEO plugin. -->","yoast_head_json":{"title":"Teer\u00e3 reduz idade m\u00ednima para integrar a mil\u00edcia Basij para 12 anos - Portal Tela Portugal","robots":{"index":"index","follow":"follow","max-snippet":"max-snippet:-1","max-image-preview":"max-image-preview:large","max-video-preview":"max-video-preview:-1"},"og_locale":"pt_PT","og_type":"article","og_title":"Teer\u00e3 reduz idade m\u00ednima para integrar a mil\u00edcia Basij para 12 anos - Portal Tela Portugal","og_description":"Autoridades do Ir\u00e3o anunciaram a redu\u00e7\u00e3o da idade m\u00ednima para integrar as mil\u00edcias Bassij para 12 anos. Os Bassij s\u00e3o volunt\u00e1rios que patrulham as ruas do pa\u00eds, segundo o an\u00fancio oficial. A decis\u00e3o foi comunicada num discurso transmitido pela televis\u00e3o por um respons\u00e1vel iraniano. O conte\u00fado completo da not\u00edcia est\u00e1 dispon\u00edvel apenas para subscritores.","og_url":"https:\/\/portaltela.pt\/noticias\/2026\/03\/26\/teera-reduz-idade-minima-para-integrar-a-milicia-basij-para-12-anos\/","og_site_name":"Portal Tela Portugal","article_published_time":"2026-03-26T19:28:00+00:00","author":"Telinha","twitter_card":"summary_large_image","twitter_misc":{"Escrito por":"Telinha","Tempo estimado de leitura":"1 minuto"},"schema":{"@context":"https:\/\/schema.org","@graph":[{"@type":"Article","@id":"https:\/\/portaltela.pt\/noticias\/2026\/03\/26\/teera-reduz-idade-minima-para-integrar-a-milicia-basij-para-12-anos\/#article","isPartOf":{"@id":"https:\/\/portaltela.pt\/noticias\/2026\/03\/26\/teera-reduz-idade-minima-para-integrar-a-milicia-basij-para-12-anos\/"},"author":{"name":"Telinha","@id":"https:\/\/portaltela.pt\/#\/schema\/person\/c4278d4a6028830caff9ee44b42d32ed"},"headline":"Teer\u00e3 reduz idade m\u00ednima para integrar a mil\u00edcia Basij para 12 anos","datePublished":"2026-03-26T19:28:00+00:00","mainEntityOfPage":{"@id":"https:\/\/portaltela.pt\/noticias\/2026\/03\/26\/teera-reduz-idade-minima-para-integrar-a-milicia-basij-para-12-anos\/"},"wordCount":143,"image":{"@id":"https:\/\/portaltela.pt\/noticias\/2026\/03\/26\/teera-reduz-idade-minima-para-integrar-a-milicia-basij-para-12-anos\/#primaryimage"},"thumbnailUrl":"https:\/\/portaltela.pt\/s.01k8rhncp4jt1\/2026\/03\/CACHE_780X1200_ANALOG_WATERMARKED_36346851_322799217805806.jpg","keywords":["Ir\u00e3","mil\u00edcias","pol\u00edtica internacional","seguran\u00e7a","seguran\u00e7a p\u00fablica"],"articleSection":["Geopol\u00edtica"],"inLanguage":"pt-PT"},{"@type":"WebPage","@id":"https:\/\/portaltela.pt\/noticias\/2026\/03\/26\/teera-reduz-idade-minima-para-integrar-a-milicia-basij-para-12-anos\/","url":"https:\/\/portaltela.pt\/noticias\/2026\/03\/26\/teera-reduz-idade-minima-para-integrar-a-milicia-basij-para-12-anos\/","name":"Teer\u00e3 reduz idade m\u00ednima para integrar a mil\u00edcia Basij para 12 anos - Portal Tela Portugal","isPartOf":{"@id":"https:\/\/portaltela.pt\/#website"},"primaryImageOfPage":{"@id":"https:\/\/portaltela.pt\/noticias\/2026\/03\/26\/teera-reduz-idade-minima-para-integrar-a-milicia-basij-para-12-anos\/#primaryimage"},"image":{"@id":"https:\/\/portaltela.pt\/noticias\/2026\/03\/26\/teera-reduz-idade-minima-para-integrar-a-milicia-basij-para-12-anos\/#primaryimage"},"thumbnailUrl":"https:\/\/portaltela.pt\/s.01k8rhncp4jt1\/2026\/03\/CACHE_780X1200_ANALOG_WATERMARKED_36346851_322799217805806.jpg","datePublished":"2026-03-26T19:28:00+00:00","author":{"@id":"https:\/\/portaltela.pt\/#\/schema\/person\/c4278d4a6028830caff9ee44b42d32ed"},"breadcrumb":{"@id":"https:\/\/portaltela.pt\/noticias\/2026\/03\/26\/teera-reduz-idade-minima-para-integrar-a-milicia-basij-para-12-anos\/#breadcrumb"},"inLanguage":"pt-PT","potentialAction":[{"@type":"ReadAction","target":["https:\/\/portaltela.pt\/noticias\/2026\/03\/26\/teera-reduz-idade-minima-para-integrar-a-milicia-basij-para-12-anos\/"]}]},{"@type":"ImageObject","inLanguage":"pt-PT","@id":"https:\/\/portaltela.pt\/noticias\/2026\/03\/26\/teera-reduz-idade-minima-para-integrar-a-milicia-basij-para-12-anos\/#primaryimage","url":"https:\/\/portaltela.pt\/s.01k8rhncp4jt1\/2026\/03\/CACHE_780X1200_ANALOG_WATERMARKED_36346851_322799217805806.jpg","contentUrl":"https:\/\/portaltela.pt\/s.01k8rhncp4jt1\/2026\/03\/CACHE_780X1200_ANALOG_WATERMARKED_36346851_322799217805806.jpg","width":768,"height":472,"caption":"Teer\u00e3o reduz idade m\u00ednima para integrar mil\u00edcia Bassidj para 12 anos"},{"@type":"BreadcrumbList","@id":"https:\/\/portaltela.pt\/noticias\/2026\/03\/26\/teera-reduz-idade-minima-para-integrar-a-milicia-basij-para-12-anos\/#breadcrumb","itemListElement":[{"@type":"ListItem","position":1,"name":"In\u00edcio","item":"https:\/\/portaltela.pt\/"},{"@type":"ListItem","position":2,"name":"Teer\u00e3 reduz idade m\u00ednima para integrar a mil\u00edcia Basij para 12 anos"}]},{"@type":"WebSite","@id":"https:\/\/portaltela.pt\/#website","url":"https:\/\/portaltela.pt\/","name":"Portal Tela Portugal","description":"","potentialAction":[{"@type":"SearchAction","target":{"@type":"EntryPoint","urlTemplate":"https:\/\/portaltela.pt\/?s={search_term_string}"},"query-input":{"@type":"PropertyValueSpecification","valueRequired":true,"valueName":"search_term_string"}}],"inLanguage":"pt-PT"},{"@type":"Person","@id":"https:\/\/portaltela.pt\/#\/schema\/person\/c4278d4a6028830caff9ee44b42d32ed","name":"Telinha","image":{"@type":"ImageObject","inLanguage":"pt-PT","@id":"https:\/\/portaltela.pt\/s.01k8rhncp4jt1\/2025\/11\/talking-bot-125x125.png","url":"https:\/\/portaltela.pt\/s.01k8rhncp4jt1\/2025\/11\/talking-bot-125x125.png","contentUrl":"https:\/\/portaltela.pt\/s.01k8rhncp4jt1\/2025\/11\/talking-bot-125x125.png","caption":"Telinha"},"sameAs":["https:\/\/portaltela.pt\/"],"url":"https:\/\/portaltela.pt\/por\/367410592786\/"}]}},"_links":{"self":[{"href":"https:\/\/portaltela.pt\/api\/wp\/v2\/posts\/422809","targetHints":{"allow":["GET"]}}],"collection":[{"href":"https:\/\/portaltela.pt\/api\/wp\/v2\/posts"}],"about":[{"href":"https:\/\/portaltela.pt\/api\/wp\/v2\/types\/post"}],"author":[{"embeddable":true,"href":"https:\/\/portaltela.pt\/api\/wp\/v2\/users\/2"}],"replies":[{"embeddable":true,"href":"https:\/\/portaltela.pt\/api\/wp\/v2\/comments?post=422809"}],"version-history":[{"count":0,"href":"https:\/\/portaltela.pt\/api\/wp\/v2\/posts\/422809\/revisions"}],"wp:featuredmedia":[{"embeddable":true,"href":"https:\/\/portaltela.pt\/api\/wp\/v2\/media\/422810"}],"wp:attachment":[{"href":"https:\/\/portaltela.pt\/api\/wp\/v2\/media?parent=422809"}],"wp:term":[{"taxonomy":"category","embeddable":true,"href":"https:\/\/portaltela.pt\/api\/wp\/v2\/categories?post=422809"},{"taxonomy":"post_tag","embeddable":true,"href":"https:\/\/portaltela.pt\/api\/wp\/v2\/tags?post=422809"}],"curies":[{"name":"wp","href":"https:\/\/api.w.org\/{rel}","templated":true}]}}