{"id":422806,"date":"2026-03-26T16:06:51","date_gmt":"2026-03-26T19:06:51","guid":{"rendered":"https:\/\/portaltela.pt\/noticias\/2026\/03\/26\/assembleia-recomenda-calamidade-ate-junho-e-novos-programas-de-apoio\/"},"modified":"2026-03-26T16:06:51","modified_gmt":"2026-03-26T19:06:51","slug":"assembleia-recomenda-calamidade-ate-junho-e-novos-programas-de-apoio","status":"publish","type":"post","link":"https:\/\/portaltela.pt\/sociedade\/2026\/03\/26\/assembleia-recomenda-calamidade-ate-junho-e-novos-programas-de-apoio\/","title":{"rendered":"Assembleia recomenda calamidade at\u00e9 junho e novos programas de apoio"},"content":{"rendered":"<p>A Assembleia da Rep\u00fablica recomendou ao Governo que a declara\u00e7\u00e3o de calamidade se mantenha at\u00e9 30 de junho de 2026 e que sejam criados novos programas de apoio \u00e0 recupera\u00e7\u00e3o. A vota\u00e7\u00e3o contou com o apoio dos restantes partidos, e com o voto contra de PSD e CDS-PP.<\/p>\n<p>O texto, apresentado pela Comiss\u00e3o de Infraestruturas, Mobilidade e Habita\u00e7\u00e3o, resulta de um projeto de resolu\u00e7\u00e3o do PS. Prop\u00f5e medidas para mitigar perdas em v\u00e1rias atividades econ\u00f3micas e facilitar a recupera\u00e7\u00e3o de habita\u00e7\u00f5es afetadas pelo que \u00e9 descrito como o \u00abcomboio de tempestades\u00bb que atingiu Portugal entre janeiro e fevereiro.<\/p>\n<p>Entre os pontos do documento est\u00e1 a extens\u00e3o da calamidade at\u00e9 30 de junho de 2026, com reavalia\u00e7\u00e3o para possivelmente prorrog\u00e1-la at\u00e9 30 de setembro de 2026 e a expans\u00e3o do per\u00edmetro a concelhos que j\u00e1 pediram a declara\u00e7\u00e3o.<\/p>\n<h3>O contexto legislativo<\/h3>\n<p>Ap\u00f3s as intemp\u00e9ries, o Governo j\u00e1 decretou calamidade em 59 munic\u00edpios de Portugal continental entre 28 de janeiro e 1 de fevereiro, com prorroga\u00e7\u00f5es que chegaram a 90 munic\u00edpios. O regime de apoios foi aplicado a estas zonas e alargado a todo o territ\u00f3rio, mediante confirma\u00e7\u00e3o municipal e, no caso de obras, pela CCDR.<\/p>\n<p>O parlamento recomenda a cria\u00e7\u00e3o de um Programa de Apoio \u00e0 Recupera\u00e7\u00e3o das Empresas e Manuten\u00e7\u00e3o do Emprego, aplic\u00e1vel a empr\u00e9stimos beneficiados por linhas de cr\u00e9dito criadas para as intemp\u00e9ries. Prop\u00f5e ainda um Programa Complementar ao Lay-off Simplificado para estabilizar rendimentos.<\/p>\n<h3>Medidas de apoio \u00e0s comunidades<\/h3>\n<p>O texto sugere um Programa Operacional de Recupera\u00e7\u00e3o de Infraestruturas Municipais e o refor\u00e7o da capacidade de resposta das autarquias atrav\u00e9s do Fundo de Emerg\u00eancia Municipal, com flexibiliza\u00e7\u00e3o de limites de endividamento. Tamb\u00e9m prev\u00ea isen\u00e7\u00e3o de portagens at\u00e9 ao fim de setembro, com reavalia\u00e7\u00e3o posterior, para melhorar mobilidade em zonas com danos.<\/p>\n<p>Al\u00e9m disso, prev\u00ea apoios a fam\u00edlias, agricultores, reabilita\u00e7\u00e3o da rede hidroagr\u00edcola e ao setor do pescado, bem como um Programa de Recupera\u00e7\u00e3o Integrada e Reordenamento Clim\u00e1tico que abrange habita\u00e7\u00e3o, infraestrutura, economia, turismo, floresta, energia, comunica\u00e7\u00f5es e ambiente.<\/p>\n<h3>Perspetiva de fundo<\/h3>\n<p>O documento tamb\u00e9m inclui a cria\u00e7\u00e3o de um Fundo Permanente de Resposta a Cat\u00e1strofes Naturais, com medidas para acomodar danos futuros. A medida visa coordenar respostas entre governo, autarquias e setores econ\u00f3micos, mantendo o foco na recupera\u00e7\u00e3o r\u00e1pida e ordenada das \u00e1reas afetadas.<\/p>\n","protected":false},"excerpt":{"rendered":"<ul>\n<li>A Assembleia da Rep\u00fablica recomenda ao Governo que a declara\u00e7\u00e3o de calamidade dure at\u00e9 30 de junho de 2026, com reavalia\u00e7\u00e3o e poss\u00edvel prorroga\u00e7\u00e3o at\u00e9 30 de setembro de 2026, e que o per\u00edmetro seja alargado a mais concelhos.<\/li>\n<li>O documento prop\u00f5e 13 medidas para mitigar perdas econ\u00f3micas, recuperar habita\u00e7\u00f5es e refor\u00e7ar a capacidade de recupera\u00e7\u00e3o ap\u00f3s o conjunto de tempestades que afetou Portugal entre janeiro e fevereiro.<\/li>\n<li>Foi viabilizado no plen\u00e1rio com os votos a favor de Chega, PS, IL, Livre, PCP, BE, PAN e JPP, e contra de PSD e CDS-PP.<\/li>\n<li>Dentre as medidas, inclui programas de apoio \u00e0 recupera\u00e7\u00e3o de empresas e manuten\u00e7\u00e3o do emprego, refor\u00e7o ao Lay-off Simplificado e apoio \u00e0 recupera\u00e7\u00e3o de infraestruturas municipais, entre outros.<\/li>\n<li>Prop\u00f5e ainda isen\u00e7\u00e3o de portagens at\u00e9 final de setembro, apoio \u00e0s fam\u00edlias e agricultores, reabilita\u00e7\u00e3o de rede hidroagr\u00edcola, e cria\u00e7\u00e3o de um Fundo Permanente de Resposta a Cat\u00e1strofes Naturais.<\/li>\n<\/ul>\n","protected":false},"author":2,"featured_media":422808,"comment_status":"closed","ping_status":"closed","sticky":false,"template":"","format":"standard","meta":{"footnotes":""},"categories":[6725,6871],"tags":[4687,28,5888,150,1615,1014],"class_list":["post-422806","post","type-post","status-publish","format-standard","has-post-thumbnail","hentry","category-meio-ambiente","category-sociedade","tag-calamidade-publica","tag-economia","tag-fundo-de-catastrofes","tag-habitacao","tag-infraestrutura","tag-portugal"],"yoast_head":"<!-- This site is optimized with the Yoast SEO plugin v27.2 - https:\/\/yoast.com\/product\/yoast-seo-wordpress\/ -->\n<title>Assembleia recomenda calamidade at\u00e9 junho e novos programas de apoio - Portal Tela Portugal<\/title>\n<meta name=\"robots\" content=\"index, follow, max-snippet:-1, max-image-preview:large, max-video-preview:-1\" \/>\n<meta property=\"og:locale\" content=\"pt_PT\" \/>\n<meta property=\"og:type\" content=\"article\" \/>\n<meta property=\"og:title\" content=\"Assembleia recomenda calamidade at\u00e9 junho e novos programas de apoio - Portal Tela Portugal\" \/>\n<meta property=\"og:description\" content=\"A Assembleia da Rep\u00fablica recomenda ao Governo que a declara\u00e7\u00e3o de calamidade dure at\u00e9 30 de junho de 2026, com reavalia\u00e7\u00e3o e poss\u00edvel prorroga\u00e7\u00e3o at\u00e9 30 de setembro de 2026, e que o per\u00edmetro seja alargado a mais concelhos. O documento prop\u00f5e 13 medidas para mitigar perdas econ\u00f3micas, recuperar habita\u00e7\u00f5es e refor\u00e7ar a capacidade de recupera\u00e7\u00e3o ap\u00f3s o conjunto de tempestades que afetou Portugal entre janeiro e fevereiro. Foi viabilizado no plen\u00e1rio com os votos a favor de Chega, PS, IL, Livre, PCP, BE, PAN e JPP, e contra de PSD e CDS-PP. Dentre as medidas, inclui programas de apoio \u00e0 recupera\u00e7\u00e3o de empresas e manuten\u00e7\u00e3o do emprego, refor\u00e7o ao Lay-off Simplificado e apoio \u00e0 recupera\u00e7\u00e3o de infraestruturas municipais, entre outros. Prop\u00f5e ainda isen\u00e7\u00e3o de portagens at\u00e9 final de setembro, apoio \u00e0s fam\u00edlias e agricultores, reabilita\u00e7\u00e3o de rede hidroagr\u00edcola, e cria\u00e7\u00e3o de um Fundo Permanente de Resposta a Cat\u00e1strofes Naturais.\" \/>\n<meta property=\"og:url\" content=\"https:\/\/portaltela.pt\/noticias\/2026\/03\/26\/assembleia-recomenda-calamidade-ate-junho-e-novos-programas-de-apoio\/\" \/>\n<meta property=\"og:site_name\" content=\"Portal Tela Portugal\" \/>\n<meta property=\"article:published_time\" content=\"2026-03-26T19:06:51+00:00\" \/>\n<meta name=\"author\" content=\"Telinha\" \/>\n<meta name=\"twitter:card\" content=\"summary_large_image\" \/>\n<meta name=\"twitter:label1\" content=\"Escrito por\" \/>\n\t<meta name=\"twitter:data1\" content=\"Telinha\" \/>\n\t<meta name=\"twitter:label2\" content=\"Tempo estimado de leitura\" \/>\n\t<meta name=\"twitter:data2\" content=\"2 minutos\" \/>\n<script type=\"application\/ld+json\" class=\"yoast-schema-graph\">{\"@context\":\"https:\/\/schema.org\",\"@graph\":[{\"@type\":\"Article\",\"@id\":\"https:\/\/portaltela.pt\/noticias\/2026\/03\/26\/assembleia-recomenda-calamidade-ate-junho-e-novos-programas-de-apoio\/#article\",\"isPartOf\":{\"@id\":\"https:\/\/portaltela.pt\/noticias\/2026\/03\/26\/assembleia-recomenda-calamidade-ate-junho-e-novos-programas-de-apoio\/\"},\"author\":{\"name\":\"Telinha\",\"@id\":\"https:\/\/portaltela.pt\/#\/schema\/person\/c4278d4a6028830caff9ee44b42d32ed\"},\"headline\":\"Assembleia recomenda calamidade at\u00e9 junho e novos programas de apoio\",\"datePublished\":\"2026-03-26T19:06:51+00:00\",\"mainEntityOfPage\":{\"@id\":\"https:\/\/portaltela.pt\/noticias\/2026\/03\/26\/assembleia-recomenda-calamidade-ate-junho-e-novos-programas-de-apoio\/\"},\"wordCount\":427,\"image\":{\"@id\":\"https:\/\/portaltela.pt\/noticias\/2026\/03\/26\/assembleia-recomenda-calamidade-ate-junho-e-novos-programas-de-apoio\/#primaryimage\"},\"thumbnailUrl\":\"https:\/\/portaltela.pt\/s.01k8rhncp4jt1\/2026\/03\/img_1280x721uu2026-03-18-13-31-23-2273150.jpg\",\"keywords\":[\"calamidade p\u00fablica\",\"economia\",\"Fundo de Cat\u00e1strofes\",\"habita\u00e7\u00e3o\",\"infraestrutura\",\"Portugal\"],\"articleSection\":[\"Meio Ambiente\",\"Sociedade\"],\"inLanguage\":\"pt-PT\"},{\"@type\":\"WebPage\",\"@id\":\"https:\/\/portaltela.pt\/noticias\/2026\/03\/26\/assembleia-recomenda-calamidade-ate-junho-e-novos-programas-de-apoio\/\",\"url\":\"https:\/\/portaltela.pt\/noticias\/2026\/03\/26\/assembleia-recomenda-calamidade-ate-junho-e-novos-programas-de-apoio\/\",\"name\":\"Assembleia recomenda calamidade at\u00e9 junho e novos programas de apoio - Portal Tela Portugal\",\"isPartOf\":{\"@id\":\"https:\/\/portaltela.pt\/#website\"},\"primaryImageOfPage\":{\"@id\":\"https:\/\/portaltela.pt\/noticias\/2026\/03\/26\/assembleia-recomenda-calamidade-ate-junho-e-novos-programas-de-apoio\/#primaryimage\"},\"image\":{\"@id\":\"https:\/\/portaltela.pt\/noticias\/2026\/03\/26\/assembleia-recomenda-calamidade-ate-junho-e-novos-programas-de-apoio\/#primaryimage\"},\"thumbnailUrl\":\"https:\/\/portaltela.pt\/s.01k8rhncp4jt1\/2026\/03\/img_1280x721uu2026-03-18-13-31-23-2273150.jpg\",\"datePublished\":\"2026-03-26T19:06:51+00:00\",\"author\":{\"@id\":\"https:\/\/portaltela.pt\/#\/schema\/person\/c4278d4a6028830caff9ee44b42d32ed\"},\"breadcrumb\":{\"@id\":\"https:\/\/portaltela.pt\/noticias\/2026\/03\/26\/assembleia-recomenda-calamidade-ate-junho-e-novos-programas-de-apoio\/#breadcrumb\"},\"inLanguage\":\"pt-PT\",\"potentialAction\":[{\"@type\":\"ReadAction\",\"target\":[\"https:\/\/portaltela.pt\/noticias\/2026\/03\/26\/assembleia-recomenda-calamidade-ate-junho-e-novos-programas-de-apoio\/\"]}]},{\"@type\":\"ImageObject\",\"inLanguage\":\"pt-PT\",\"@id\":\"https:\/\/portaltela.pt\/noticias\/2026\/03\/26\/assembleia-recomenda-calamidade-ate-junho-e-novos-programas-de-apoio\/#primaryimage\",\"url\":\"https:\/\/portaltela.pt\/s.01k8rhncp4jt1\/2026\/03\/img_1280x721uu2026-03-18-13-31-23-2273150.jpg\",\"contentUrl\":\"https:\/\/portaltela.pt\/s.01k8rhncp4jt1\/2026\/03\/img_1280x721uu2026-03-18-13-31-23-2273150.jpg\",\"width\":796,\"height\":448,\"caption\":\"Tempestade \u2018Kristin\u2019 em Portugal\"},{\"@type\":\"BreadcrumbList\",\"@id\":\"https:\/\/portaltela.pt\/noticias\/2026\/03\/26\/assembleia-recomenda-calamidade-ate-junho-e-novos-programas-de-apoio\/#breadcrumb\",\"itemListElement\":[{\"@type\":\"ListItem\",\"position\":1,\"name\":\"In\u00edcio\",\"item\":\"https:\/\/portaltela.pt\/\"},{\"@type\":\"ListItem\",\"position\":2,\"name\":\"Assembleia recomenda calamidade at\u00e9 junho e novos programas de apoio\"}]},{\"@type\":\"WebSite\",\"@id\":\"https:\/\/portaltela.pt\/#website\",\"url\":\"https:\/\/portaltela.pt\/\",\"name\":\"Portal Tela Portugal\",\"description\":\"\",\"potentialAction\":[{\"@type\":\"SearchAction\",\"target\":{\"@type\":\"EntryPoint\",\"urlTemplate\":\"https:\/\/portaltela.pt\/?s={search_term_string}\"},\"query-input\":{\"@type\":\"PropertyValueSpecification\",\"valueRequired\":true,\"valueName\":\"search_term_string\"}}],\"inLanguage\":\"pt-PT\"},{\"@type\":\"Person\",\"@id\":\"https:\/\/portaltela.pt\/#\/schema\/person\/c4278d4a6028830caff9ee44b42d32ed\",\"name\":\"Telinha\",\"image\":{\"@type\":\"ImageObject\",\"inLanguage\":\"pt-PT\",\"@id\":\"https:\/\/portaltela.pt\/s.01k8rhncp4jt1\/2025\/11\/talking-bot-125x125.png\",\"url\":\"https:\/\/portaltela.pt\/s.01k8rhncp4jt1\/2025\/11\/talking-bot-125x125.png\",\"contentUrl\":\"https:\/\/portaltela.pt\/s.01k8rhncp4jt1\/2025\/11\/talking-bot-125x125.png\",\"caption\":\"Telinha\"},\"sameAs\":[\"https:\/\/portaltela.pt\/\"],\"url\":\"https:\/\/portaltela.pt\/por\/367410592786\/\"}]}<\/script>\n<!-- \/ Yoast SEO plugin. -->","yoast_head_json":{"title":"Assembleia recomenda calamidade at\u00e9 junho e novos programas de apoio - Portal Tela Portugal","robots":{"index":"index","follow":"follow","max-snippet":"max-snippet:-1","max-image-preview":"max-image-preview:large","max-video-preview":"max-video-preview:-1"},"og_locale":"pt_PT","og_type":"article","og_title":"Assembleia recomenda calamidade at\u00e9 junho e novos programas de apoio - Portal Tela Portugal","og_description":"A Assembleia da Rep\u00fablica recomenda ao Governo que a declara\u00e7\u00e3o de calamidade dure at\u00e9 30 de junho de 2026, com reavalia\u00e7\u00e3o e poss\u00edvel prorroga\u00e7\u00e3o at\u00e9 30 de setembro de 2026, e que o per\u00edmetro seja alargado a mais concelhos. O documento prop\u00f5e 13 medidas para mitigar perdas econ\u00f3micas, recuperar habita\u00e7\u00f5es e refor\u00e7ar a capacidade de recupera\u00e7\u00e3o ap\u00f3s o conjunto de tempestades que afetou Portugal entre janeiro e fevereiro. Foi viabilizado no plen\u00e1rio com os votos a favor de Chega, PS, IL, Livre, PCP, BE, PAN e JPP, e contra de PSD e CDS-PP. Dentre as medidas, inclui programas de apoio \u00e0 recupera\u00e7\u00e3o de empresas e manuten\u00e7\u00e3o do emprego, refor\u00e7o ao Lay-off Simplificado e apoio \u00e0 recupera\u00e7\u00e3o de infraestruturas municipais, entre outros. Prop\u00f5e ainda isen\u00e7\u00e3o de portagens at\u00e9 final de setembro, apoio \u00e0s fam\u00edlias e agricultores, reabilita\u00e7\u00e3o de rede hidroagr\u00edcola, e cria\u00e7\u00e3o de um Fundo Permanente de Resposta a Cat\u00e1strofes Naturais.","og_url":"https:\/\/portaltela.pt\/noticias\/2026\/03\/26\/assembleia-recomenda-calamidade-ate-junho-e-novos-programas-de-apoio\/","og_site_name":"Portal Tela Portugal","article_published_time":"2026-03-26T19:06:51+00:00","author":"Telinha","twitter_card":"summary_large_image","twitter_misc":{"Escrito por":"Telinha","Tempo estimado de leitura":"2 minutos"},"schema":{"@context":"https:\/\/schema.org","@graph":[{"@type":"Article","@id":"https:\/\/portaltela.pt\/noticias\/2026\/03\/26\/assembleia-recomenda-calamidade-ate-junho-e-novos-programas-de-apoio\/#article","isPartOf":{"@id":"https:\/\/portaltela.pt\/noticias\/2026\/03\/26\/assembleia-recomenda-calamidade-ate-junho-e-novos-programas-de-apoio\/"},"author":{"name":"Telinha","@id":"https:\/\/portaltela.pt\/#\/schema\/person\/c4278d4a6028830caff9ee44b42d32ed"},"headline":"Assembleia recomenda calamidade at\u00e9 junho e novos programas de apoio","datePublished":"2026-03-26T19:06:51+00:00","mainEntityOfPage":{"@id":"https:\/\/portaltela.pt\/noticias\/2026\/03\/26\/assembleia-recomenda-calamidade-ate-junho-e-novos-programas-de-apoio\/"},"wordCount":427,"image":{"@id":"https:\/\/portaltela.pt\/noticias\/2026\/03\/26\/assembleia-recomenda-calamidade-ate-junho-e-novos-programas-de-apoio\/#primaryimage"},"thumbnailUrl":"https:\/\/portaltela.pt\/s.01k8rhncp4jt1\/2026\/03\/img_1280x721uu2026-03-18-13-31-23-2273150.jpg","keywords":["calamidade p\u00fablica","economia","Fundo de Cat\u00e1strofes","habita\u00e7\u00e3o","infraestrutura","Portugal"],"articleSection":["Meio Ambiente","Sociedade"],"inLanguage":"pt-PT"},{"@type":"WebPage","@id":"https:\/\/portaltela.pt\/noticias\/2026\/03\/26\/assembleia-recomenda-calamidade-ate-junho-e-novos-programas-de-apoio\/","url":"https:\/\/portaltela.pt\/noticias\/2026\/03\/26\/assembleia-recomenda-calamidade-ate-junho-e-novos-programas-de-apoio\/","name":"Assembleia recomenda calamidade at\u00e9 junho e novos programas de apoio - Portal Tela Portugal","isPartOf":{"@id":"https:\/\/portaltela.pt\/#website"},"primaryImageOfPage":{"@id":"https:\/\/portaltela.pt\/noticias\/2026\/03\/26\/assembleia-recomenda-calamidade-ate-junho-e-novos-programas-de-apoio\/#primaryimage"},"image":{"@id":"https:\/\/portaltela.pt\/noticias\/2026\/03\/26\/assembleia-recomenda-calamidade-ate-junho-e-novos-programas-de-apoio\/#primaryimage"},"thumbnailUrl":"https:\/\/portaltela.pt\/s.01k8rhncp4jt1\/2026\/03\/img_1280x721uu2026-03-18-13-31-23-2273150.jpg","datePublished":"2026-03-26T19:06:51+00:00","author":{"@id":"https:\/\/portaltela.pt\/#\/schema\/person\/c4278d4a6028830caff9ee44b42d32ed"},"breadcrumb":{"@id":"https:\/\/portaltela.pt\/noticias\/2026\/03\/26\/assembleia-recomenda-calamidade-ate-junho-e-novos-programas-de-apoio\/#breadcrumb"},"inLanguage":"pt-PT","potentialAction":[{"@type":"ReadAction","target":["https:\/\/portaltela.pt\/noticias\/2026\/03\/26\/assembleia-recomenda-calamidade-ate-junho-e-novos-programas-de-apoio\/"]}]},{"@type":"ImageObject","inLanguage":"pt-PT","@id":"https:\/\/portaltela.pt\/noticias\/2026\/03\/26\/assembleia-recomenda-calamidade-ate-junho-e-novos-programas-de-apoio\/#primaryimage","url":"https:\/\/portaltela.pt\/s.01k8rhncp4jt1\/2026\/03\/img_1280x721uu2026-03-18-13-31-23-2273150.jpg","contentUrl":"https:\/\/portaltela.pt\/s.01k8rhncp4jt1\/2026\/03\/img_1280x721uu2026-03-18-13-31-23-2273150.jpg","width":796,"height":448,"caption":"Tempestade \u2018Kristin\u2019 em Portugal"},{"@type":"BreadcrumbList","@id":"https:\/\/portaltela.pt\/noticias\/2026\/03\/26\/assembleia-recomenda-calamidade-ate-junho-e-novos-programas-de-apoio\/#breadcrumb","itemListElement":[{"@type":"ListItem","position":1,"name":"In\u00edcio","item":"https:\/\/portaltela.pt\/"},{"@type":"ListItem","position":2,"name":"Assembleia recomenda calamidade at\u00e9 junho e novos programas de apoio"}]},{"@type":"WebSite","@id":"https:\/\/portaltela.pt\/#website","url":"https:\/\/portaltela.pt\/","name":"Portal Tela Portugal","description":"","potentialAction":[{"@type":"SearchAction","target":{"@type":"EntryPoint","urlTemplate":"https:\/\/portaltela.pt\/?s={search_term_string}"},"query-input":{"@type":"PropertyValueSpecification","valueRequired":true,"valueName":"search_term_string"}}],"inLanguage":"pt-PT"},{"@type":"Person","@id":"https:\/\/portaltela.pt\/#\/schema\/person\/c4278d4a6028830caff9ee44b42d32ed","name":"Telinha","image":{"@type":"ImageObject","inLanguage":"pt-PT","@id":"https:\/\/portaltela.pt\/s.01k8rhncp4jt1\/2025\/11\/talking-bot-125x125.png","url":"https:\/\/portaltela.pt\/s.01k8rhncp4jt1\/2025\/11\/talking-bot-125x125.png","contentUrl":"https:\/\/portaltela.pt\/s.01k8rhncp4jt1\/2025\/11\/talking-bot-125x125.png","caption":"Telinha"},"sameAs":["https:\/\/portaltela.pt\/"],"url":"https:\/\/portaltela.pt\/por\/367410592786\/"}]}},"_links":{"self":[{"href":"https:\/\/portaltela.pt\/api\/wp\/v2\/posts\/422806","targetHints":{"allow":["GET"]}}],"collection":[{"href":"https:\/\/portaltela.pt\/api\/wp\/v2\/posts"}],"about":[{"href":"https:\/\/portaltela.pt\/api\/wp\/v2\/types\/post"}],"author":[{"embeddable":true,"href":"https:\/\/portaltela.pt\/api\/wp\/v2\/users\/2"}],"replies":[{"embeddable":true,"href":"https:\/\/portaltela.pt\/api\/wp\/v2\/comments?post=422806"}],"version-history":[{"count":0,"href":"https:\/\/portaltela.pt\/api\/wp\/v2\/posts\/422806\/revisions"}],"wp:featuredmedia":[{"embeddable":true,"href":"https:\/\/portaltela.pt\/api\/wp\/v2\/media\/422808"}],"wp:attachment":[{"href":"https:\/\/portaltela.pt\/api\/wp\/v2\/media?parent=422806"}],"wp:term":[{"taxonomy":"category","embeddable":true,"href":"https:\/\/portaltela.pt\/api\/wp\/v2\/categories?post=422806"},{"taxonomy":"post_tag","embeddable":true,"href":"https:\/\/portaltela.pt\/api\/wp\/v2\/tags?post=422806"}],"curies":[{"name":"wp","href":"https:\/\/api.w.org\/{rel}","templated":true}]}}