{"id":422772,"date":"2026-03-26T15:35:00","date_gmt":"2026-03-26T18:35:00","guid":{"rendered":"https:\/\/portaltela.pt\/noticias\/2026\/03\/26\/polen-em-alta-nas-regioes-centro-e-sul-a-partir-de-sexta-feira\/"},"modified":"2026-03-26T15:35:00","modified_gmt":"2026-03-26T18:35:00","slug":"polen-em-alta-nas-regioes-centro-e-sul-a-partir-de-sexta-feira","status":"publish","type":"post","link":"https:\/\/portaltela.pt\/saude\/2026\/03\/26\/polen-em-alta-nas-regioes-centro-e-sul-a-partir-de-sexta-feira\/","title":{"rendered":"P\u00f3len em alta nas regi\u00f5es centro e sul a partir de sexta-feira"},"content":{"rendered":"<p>A concentra\u00e7\u00e3o de p\u00f3len na atmosfera dever\u00e1 aumentar na pr\u00f3xima semana, elevando o risco para doentes al\u00e9rgicos nas regi\u00f5es centro e sul do continente, de acordo com a previs\u00e3o da Sociedade Portuguesa de Alergologia e Imunologia Cl\u00ednica.<\/p>\n<p>A previs\u00e3o aponta um aumento da concentra\u00e7\u00e3o de p\u00f3len a partir de sexta-feira. A Sociedade enfatiza que o risco ser\u00e1 maior para quem sofre de alergias respirat\u00f3rias e conjuntivais.<\/p>\n<p>As regi\u00f5es mais afetadas s\u00e3o o centro e o sul do continente, onde se perspetiva um n\u00edvel de alerta elevado. As autoridades m\u00e9dicas recomendam aten\u00e7\u00e3o \u00e0 evolu\u00e7\u00e3o da situa\u00e7\u00e3o.<\/p>\n<p>Quem \u00e9 al\u00e9rgico deve acompanhar atualiza\u00e7\u00f5es meteorol\u00f3gicas e consultar o m\u00e9dico de fam\u00edlia caso surjam sintomas. Evitar atividades ao ar livre nos per\u00edodos de maior concentra\u00e7\u00e3o pode ajudar a reduzir impactos.<\/p>\n","protected":false},"excerpt":{"rendered":"<ul>\n<li>A concentra\u00e7\u00e3o de p\u00f3len na atmosfera vai aumentar na pr\u00f3xima semana.<\/li>\n<li>O risco ser\u00e1 elevado para pessoas com alergias nas regi\u00f5es centro e sul do continente.<\/li>\n<li>A previs\u00e3o \u00e9 da Sociedade Portuguesa de Alergologia e Imunologia Cl\u00ednica.<\/li>\n<li>O aumento dever\u00e1 come\u00e7ar na sexta-feira (6.\u00aa feira).<\/li>\n<li>A not\u00edcia n\u00e3o detalha os tipos de p\u00f3len nem medidas espec\u00edficas de prote\u00e7\u00e3o.<\/li>\n<\/ul>\n","protected":false},"author":2,"featured_media":422778,"comment_status":"closed","ping_status":"closed","sticky":false,"template":"","format":"standard","meta":{"footnotes":""},"categories":[6745],"tags":[167,1309,45,3460,271,5538],"class_list":["post-422772","post","type-post","status-publish","format-standard","has-post-thumbnail","hentry","category-saude","tag-ambiente","tag-centro","tag-meio-ambiente","tag-qualidade-do-ar","tag-saude-publica","tag-sul"],"yoast_head":"<!-- This site is optimized with the Yoast SEO plugin v27.2 - https:\/\/yoast.com\/product\/yoast-seo-wordpress\/ -->\n<title>P\u00f3len em alta nas regi\u00f5es centro e sul a partir de sexta-feira - Portal Tela Portugal<\/title>\n<meta name=\"robots\" content=\"index, follow, max-snippet:-1, max-image-preview:large, max-video-preview:-1\" \/>\n<meta property=\"og:locale\" content=\"pt_PT\" \/>\n<meta property=\"og:type\" content=\"article\" \/>\n<meta property=\"og:title\" content=\"P\u00f3len em alta nas regi\u00f5es centro e sul a partir de sexta-feira - Portal Tela Portugal\" \/>\n<meta property=\"og:description\" content=\"A concentra\u00e7\u00e3o de p\u00f3len na atmosfera vai aumentar na pr\u00f3xima semana. O risco ser\u00e1 elevado para pessoas com alergias nas regi\u00f5es centro e sul do continente. A previs\u00e3o \u00e9 da Sociedade Portuguesa de Alergologia e Imunologia Cl\u00ednica. O aumento dever\u00e1 come\u00e7ar na sexta-feira (6.\u00aa feira). A not\u00edcia n\u00e3o detalha os tipos de p\u00f3len nem medidas espec\u00edficas de prote\u00e7\u00e3o.\" \/>\n<meta property=\"og:url\" content=\"https:\/\/portaltela.pt\/noticias\/2026\/03\/26\/polen-em-alta-nas-regioes-centro-e-sul-a-partir-de-sexta-feira\/\" \/>\n<meta property=\"og:site_name\" content=\"Portal Tela Portugal\" \/>\n<meta property=\"article:published_time\" content=\"2026-03-26T18:35:00+00:00\" \/>\n<meta name=\"author\" content=\"Telinha\" \/>\n<meta name=\"twitter:card\" content=\"summary_large_image\" \/>\n<meta name=\"twitter:label1\" content=\"Escrito por\" \/>\n\t<meta name=\"twitter:data1\" content=\"Telinha\" \/>\n\t<meta name=\"twitter:label2\" content=\"Tempo estimado de leitura\" \/>\n\t<meta name=\"twitter:data2\" content=\"1 minuto\" \/>\n<script type=\"application\/ld+json\" class=\"yoast-schema-graph\">{\"@context\":\"https:\/\/schema.org\",\"@graph\":[{\"@type\":\"Article\",\"@id\":\"https:\/\/portaltela.pt\/noticias\/2026\/03\/26\/polen-em-alta-nas-regioes-centro-e-sul-a-partir-de-sexta-feira\/#article\",\"isPartOf\":{\"@id\":\"https:\/\/portaltela.pt\/noticias\/2026\/03\/26\/polen-em-alta-nas-regioes-centro-e-sul-a-partir-de-sexta-feira\/\"},\"author\":{\"name\":\"Telinha\",\"@id\":\"https:\/\/portaltela.pt\/#\/schema\/person\/c4278d4a6028830caff9ee44b42d32ed\"},\"headline\":\"P\u00f3len em alta nas regi\u00f5es centro e sul a partir de sexta-feira\",\"datePublished\":\"2026-03-26T18:35:00+00:00\",\"mainEntityOfPage\":{\"@id\":\"https:\/\/portaltela.pt\/noticias\/2026\/03\/26\/polen-em-alta-nas-regioes-centro-e-sul-a-partir-de-sexta-feira\/\"},\"wordCount\":163,\"image\":{\"@id\":\"https:\/\/portaltela.pt\/noticias\/2026\/03\/26\/polen-em-alta-nas-regioes-centro-e-sul-a-partir-de-sexta-feira\/#primaryimage\"},\"thumbnailUrl\":\"https:\/\/portaltela.pt\/s.01k8rhncp4jt1\/2026\/03\/CACHE_780X1200_ANALOG_WATERMARKED_26730647_660503520668493.jpg\",\"keywords\":[\"ambiente\",\"Centro\",\"meio-ambiente\",\"Qualidade do Ar\",\"sa\u00fade p\u00fablica\",\"Sul\"],\"articleSection\":[\"Sa\u00fade\"],\"inLanguage\":\"pt-PT\"},{\"@type\":\"WebPage\",\"@id\":\"https:\/\/portaltela.pt\/noticias\/2026\/03\/26\/polen-em-alta-nas-regioes-centro-e-sul-a-partir-de-sexta-feira\/\",\"url\":\"https:\/\/portaltela.pt\/noticias\/2026\/03\/26\/polen-em-alta-nas-regioes-centro-e-sul-a-partir-de-sexta-feira\/\",\"name\":\"P\u00f3len em alta nas regi\u00f5es centro e sul a partir de sexta-feira - Portal Tela Portugal\",\"isPartOf\":{\"@id\":\"https:\/\/portaltela.pt\/#website\"},\"primaryImageOfPage\":{\"@id\":\"https:\/\/portaltela.pt\/noticias\/2026\/03\/26\/polen-em-alta-nas-regioes-centro-e-sul-a-partir-de-sexta-feira\/#primaryimage\"},\"image\":{\"@id\":\"https:\/\/portaltela.pt\/noticias\/2026\/03\/26\/polen-em-alta-nas-regioes-centro-e-sul-a-partir-de-sexta-feira\/#primaryimage\"},\"thumbnailUrl\":\"https:\/\/portaltela.pt\/s.01k8rhncp4jt1\/2026\/03\/CACHE_780X1200_ANALOG_WATERMARKED_26730647_660503520668493.jpg\",\"datePublished\":\"2026-03-26T18:35:00+00:00\",\"author\":{\"@id\":\"https:\/\/portaltela.pt\/#\/schema\/person\/c4278d4a6028830caff9ee44b42d32ed\"},\"breadcrumb\":{\"@id\":\"https:\/\/portaltela.pt\/noticias\/2026\/03\/26\/polen-em-alta-nas-regioes-centro-e-sul-a-partir-de-sexta-feira\/#breadcrumb\"},\"inLanguage\":\"pt-PT\",\"potentialAction\":[{\"@type\":\"ReadAction\",\"target\":[\"https:\/\/portaltela.pt\/noticias\/2026\/03\/26\/polen-em-alta-nas-regioes-centro-e-sul-a-partir-de-sexta-feira\/\"]}]},{\"@type\":\"ImageObject\",\"inLanguage\":\"pt-PT\",\"@id\":\"https:\/\/portaltela.pt\/noticias\/2026\/03\/26\/polen-em-alta-nas-regioes-centro-e-sul-a-partir-de-sexta-feira\/#primaryimage\",\"url\":\"https:\/\/portaltela.pt\/s.01k8rhncp4jt1\/2026\/03\/CACHE_780X1200_ANALOG_WATERMARKED_26730647_660503520668493.jpg\",\"contentUrl\":\"https:\/\/portaltela.pt\/s.01k8rhncp4jt1\/2026\/03\/CACHE_780X1200_ANALOG_WATERMARKED_26730647_660503520668493.jpg\",\"width\":768,\"height\":512,\"caption\":\"Concentra\u00e7\u00e3o de p\u00f3len elevada nas regi\u00f5es centro e sul a partir de 6.\u00aa feira\"},{\"@type\":\"BreadcrumbList\",\"@id\":\"https:\/\/portaltela.pt\/noticias\/2026\/03\/26\/polen-em-alta-nas-regioes-centro-e-sul-a-partir-de-sexta-feira\/#breadcrumb\",\"itemListElement\":[{\"@type\":\"ListItem\",\"position\":1,\"name\":\"In\u00edcio\",\"item\":\"https:\/\/portaltela.pt\/\"},{\"@type\":\"ListItem\",\"position\":2,\"name\":\"P\u00f3len em alta nas regi\u00f5es centro e sul a partir de sexta-feira\"}]},{\"@type\":\"WebSite\",\"@id\":\"https:\/\/portaltela.pt\/#website\",\"url\":\"https:\/\/portaltela.pt\/\",\"name\":\"Portal Tela Portugal\",\"description\":\"\",\"potentialAction\":[{\"@type\":\"SearchAction\",\"target\":{\"@type\":\"EntryPoint\",\"urlTemplate\":\"https:\/\/portaltela.pt\/?s={search_term_string}\"},\"query-input\":{\"@type\":\"PropertyValueSpecification\",\"valueRequired\":true,\"valueName\":\"search_term_string\"}}],\"inLanguage\":\"pt-PT\"},{\"@type\":\"Person\",\"@id\":\"https:\/\/portaltela.pt\/#\/schema\/person\/c4278d4a6028830caff9ee44b42d32ed\",\"name\":\"Telinha\",\"image\":{\"@type\":\"ImageObject\",\"inLanguage\":\"pt-PT\",\"@id\":\"https:\/\/portaltela.pt\/s.01k8rhncp4jt1\/2025\/11\/talking-bot-125x125.png\",\"url\":\"https:\/\/portaltela.pt\/s.01k8rhncp4jt1\/2025\/11\/talking-bot-125x125.png\",\"contentUrl\":\"https:\/\/portaltela.pt\/s.01k8rhncp4jt1\/2025\/11\/talking-bot-125x125.png\",\"caption\":\"Telinha\"},\"sameAs\":[\"https:\/\/portaltela.pt\/\"],\"url\":\"https:\/\/portaltela.pt\/por\/367410592786\/\"}]}<\/script>\n<!-- \/ Yoast SEO plugin. -->","yoast_head_json":{"title":"P\u00f3len em alta nas regi\u00f5es centro e sul a partir de sexta-feira - Portal Tela Portugal","robots":{"index":"index","follow":"follow","max-snippet":"max-snippet:-1","max-image-preview":"max-image-preview:large","max-video-preview":"max-video-preview:-1"},"og_locale":"pt_PT","og_type":"article","og_title":"P\u00f3len em alta nas regi\u00f5es centro e sul a partir de sexta-feira - Portal Tela Portugal","og_description":"A concentra\u00e7\u00e3o de p\u00f3len na atmosfera vai aumentar na pr\u00f3xima semana. O risco ser\u00e1 elevado para pessoas com alergias nas regi\u00f5es centro e sul do continente. A previs\u00e3o \u00e9 da Sociedade Portuguesa de Alergologia e Imunologia Cl\u00ednica. O aumento dever\u00e1 come\u00e7ar na sexta-feira (6.\u00aa feira). A not\u00edcia n\u00e3o detalha os tipos de p\u00f3len nem medidas espec\u00edficas de prote\u00e7\u00e3o.","og_url":"https:\/\/portaltela.pt\/noticias\/2026\/03\/26\/polen-em-alta-nas-regioes-centro-e-sul-a-partir-de-sexta-feira\/","og_site_name":"Portal Tela Portugal","article_published_time":"2026-03-26T18:35:00+00:00","author":"Telinha","twitter_card":"summary_large_image","twitter_misc":{"Escrito por":"Telinha","Tempo estimado de leitura":"1 minuto"},"schema":{"@context":"https:\/\/schema.org","@graph":[{"@type":"Article","@id":"https:\/\/portaltela.pt\/noticias\/2026\/03\/26\/polen-em-alta-nas-regioes-centro-e-sul-a-partir-de-sexta-feira\/#article","isPartOf":{"@id":"https:\/\/portaltela.pt\/noticias\/2026\/03\/26\/polen-em-alta-nas-regioes-centro-e-sul-a-partir-de-sexta-feira\/"},"author":{"name":"Telinha","@id":"https:\/\/portaltela.pt\/#\/schema\/person\/c4278d4a6028830caff9ee44b42d32ed"},"headline":"P\u00f3len em alta nas regi\u00f5es centro e sul a partir de sexta-feira","datePublished":"2026-03-26T18:35:00+00:00","mainEntityOfPage":{"@id":"https:\/\/portaltela.pt\/noticias\/2026\/03\/26\/polen-em-alta-nas-regioes-centro-e-sul-a-partir-de-sexta-feira\/"},"wordCount":163,"image":{"@id":"https:\/\/portaltela.pt\/noticias\/2026\/03\/26\/polen-em-alta-nas-regioes-centro-e-sul-a-partir-de-sexta-feira\/#primaryimage"},"thumbnailUrl":"https:\/\/portaltela.pt\/s.01k8rhncp4jt1\/2026\/03\/CACHE_780X1200_ANALOG_WATERMARKED_26730647_660503520668493.jpg","keywords":["ambiente","Centro","meio-ambiente","Qualidade do Ar","sa\u00fade p\u00fablica","Sul"],"articleSection":["Sa\u00fade"],"inLanguage":"pt-PT"},{"@type":"WebPage","@id":"https:\/\/portaltela.pt\/noticias\/2026\/03\/26\/polen-em-alta-nas-regioes-centro-e-sul-a-partir-de-sexta-feira\/","url":"https:\/\/portaltela.pt\/noticias\/2026\/03\/26\/polen-em-alta-nas-regioes-centro-e-sul-a-partir-de-sexta-feira\/","name":"P\u00f3len em alta nas regi\u00f5es centro e sul a partir de sexta-feira - Portal Tela Portugal","isPartOf":{"@id":"https:\/\/portaltela.pt\/#website"},"primaryImageOfPage":{"@id":"https:\/\/portaltela.pt\/noticias\/2026\/03\/26\/polen-em-alta-nas-regioes-centro-e-sul-a-partir-de-sexta-feira\/#primaryimage"},"image":{"@id":"https:\/\/portaltela.pt\/noticias\/2026\/03\/26\/polen-em-alta-nas-regioes-centro-e-sul-a-partir-de-sexta-feira\/#primaryimage"},"thumbnailUrl":"https:\/\/portaltela.pt\/s.01k8rhncp4jt1\/2026\/03\/CACHE_780X1200_ANALOG_WATERMARKED_26730647_660503520668493.jpg","datePublished":"2026-03-26T18:35:00+00:00","author":{"@id":"https:\/\/portaltela.pt\/#\/schema\/person\/c4278d4a6028830caff9ee44b42d32ed"},"breadcrumb":{"@id":"https:\/\/portaltela.pt\/noticias\/2026\/03\/26\/polen-em-alta-nas-regioes-centro-e-sul-a-partir-de-sexta-feira\/#breadcrumb"},"inLanguage":"pt-PT","potentialAction":[{"@type":"ReadAction","target":["https:\/\/portaltela.pt\/noticias\/2026\/03\/26\/polen-em-alta-nas-regioes-centro-e-sul-a-partir-de-sexta-feira\/"]}]},{"@type":"ImageObject","inLanguage":"pt-PT","@id":"https:\/\/portaltela.pt\/noticias\/2026\/03\/26\/polen-em-alta-nas-regioes-centro-e-sul-a-partir-de-sexta-feira\/#primaryimage","url":"https:\/\/portaltela.pt\/s.01k8rhncp4jt1\/2026\/03\/CACHE_780X1200_ANALOG_WATERMARKED_26730647_660503520668493.jpg","contentUrl":"https:\/\/portaltela.pt\/s.01k8rhncp4jt1\/2026\/03\/CACHE_780X1200_ANALOG_WATERMARKED_26730647_660503520668493.jpg","width":768,"height":512,"caption":"Concentra\u00e7\u00e3o de p\u00f3len elevada nas regi\u00f5es centro e sul a partir de 6.\u00aa feira"},{"@type":"BreadcrumbList","@id":"https:\/\/portaltela.pt\/noticias\/2026\/03\/26\/polen-em-alta-nas-regioes-centro-e-sul-a-partir-de-sexta-feira\/#breadcrumb","itemListElement":[{"@type":"ListItem","position":1,"name":"In\u00edcio","item":"https:\/\/portaltela.pt\/"},{"@type":"ListItem","position":2,"name":"P\u00f3len em alta nas regi\u00f5es centro e sul a partir de sexta-feira"}]},{"@type":"WebSite","@id":"https:\/\/portaltela.pt\/#website","url":"https:\/\/portaltela.pt\/","name":"Portal Tela Portugal","description":"","potentialAction":[{"@type":"SearchAction","target":{"@type":"EntryPoint","urlTemplate":"https:\/\/portaltela.pt\/?s={search_term_string}"},"query-input":{"@type":"PropertyValueSpecification","valueRequired":true,"valueName":"search_term_string"}}],"inLanguage":"pt-PT"},{"@type":"Person","@id":"https:\/\/portaltela.pt\/#\/schema\/person\/c4278d4a6028830caff9ee44b42d32ed","name":"Telinha","image":{"@type":"ImageObject","inLanguage":"pt-PT","@id":"https:\/\/portaltela.pt\/s.01k8rhncp4jt1\/2025\/11\/talking-bot-125x125.png","url":"https:\/\/portaltela.pt\/s.01k8rhncp4jt1\/2025\/11\/talking-bot-125x125.png","contentUrl":"https:\/\/portaltela.pt\/s.01k8rhncp4jt1\/2025\/11\/talking-bot-125x125.png","caption":"Telinha"},"sameAs":["https:\/\/portaltela.pt\/"],"url":"https:\/\/portaltela.pt\/por\/367410592786\/"}]}},"_links":{"self":[{"href":"https:\/\/portaltela.pt\/api\/wp\/v2\/posts\/422772","targetHints":{"allow":["GET"]}}],"collection":[{"href":"https:\/\/portaltela.pt\/api\/wp\/v2\/posts"}],"about":[{"href":"https:\/\/portaltela.pt\/api\/wp\/v2\/types\/post"}],"author":[{"embeddable":true,"href":"https:\/\/portaltela.pt\/api\/wp\/v2\/users\/2"}],"replies":[{"embeddable":true,"href":"https:\/\/portaltela.pt\/api\/wp\/v2\/comments?post=422772"}],"version-history":[{"count":0,"href":"https:\/\/portaltela.pt\/api\/wp\/v2\/posts\/422772\/revisions"}],"wp:featuredmedia":[{"embeddable":true,"href":"https:\/\/portaltela.pt\/api\/wp\/v2\/media\/422778"}],"wp:attachment":[{"href":"https:\/\/portaltela.pt\/api\/wp\/v2\/media?parent=422772"}],"wp:term":[{"taxonomy":"category","embeddable":true,"href":"https:\/\/portaltela.pt\/api\/wp\/v2\/categories?post=422772"},{"taxonomy":"post_tag","embeddable":true,"href":"https:\/\/portaltela.pt\/api\/wp\/v2\/tags?post=422772"}],"curies":[{"name":"wp","href":"https:\/\/api.w.org\/{rel}","templated":true}]}}