{"id":422760,"date":"2026-03-26T15:55:54","date_gmt":"2026-03-26T18:55:54","guid":{"rendered":"https:\/\/portaltela.pt\/noticias\/2026\/03\/26\/cole-palmer-revela-quem-e-o-seu-melhor-amigo-no-plantel\/"},"modified":"2026-03-26T15:55:54","modified_gmt":"2026-03-26T18:55:54","slug":"cole-palmer-revela-quem-e-o-seu-melhor-amigo-no-plantel","status":"publish","type":"post","link":"https:\/\/portaltela.pt\/desporto\/futebol\/2026\/03\/26\/cole-palmer-revela-quem-e-o-seu-melhor-amigo-no-plantel\/","title":{"rendered":"Cole Palmer revela quem \u00e9 o seu melhor amigo no plantel"},"content":{"rendered":"<p>Cole Palmer revelou quem \u00e9 o seu melhor amigo no plantel do Chelsea, numa entrevista com The Sun. O jogador de 23 anos afirmou que a liga\u00e7\u00e3o \u00e9 com Tosin Adarabioyo, por serem ambos de Manchester e manterem uma boa rela\u00e7\u00e3o dentro do grupo. A resposta surgiu numa tentativa de esclarecer a vida fora de campo.<\/p>\n<p>Palmer acrescentou que, para al\u00e9m do melhor amigo, tamb\u00e9m se sente pr\u00f3ximo de Levi Colwill, destacando a rela\u00e7\u00e3o entre os dois em v\u00e1rias ocasi\u00f5es no dia a dia do clube. O meio-campo\/avan\u00e7ado foi espec\u00edfico ao mencionar os nomes ao comentar quem mais frequenta o autocarro e o balne\u00e1rio.<\/p>\n<h3>Troca de experi\u00eancias entre colegas<\/h3>\n<p>A resposta de Palmer evidencia uma tentativa de partilhar a din\u00e2mica entre jovens jogadores formados no eixo Manchester-Chelsea. O registo p\u00fablico das confid\u00eancias aponta para uma conviv\u00eancia marcada por proximidade entre Palmer, Adarabioyo e Colwill, segundo a cobertura jornal\u00edstica.<\/p>\n","protected":false},"excerpt":{"rendered":"<ul>\n<li>Cole Palmer, 23 anos, \u00e9 conhecido por ser reservado e pouco dado a entrevistas.<\/li>\n<li>Em entrevista ao The Sun, revelou quem \u00e9 o seu melhor amigo dentro do plantel do Chelsea: Tosin Adarabioyo, por serem ambos de Manchester.<\/li>\n<li>Quando questionado sobre quem o acompanha no autocarro, o jogador repetiu Tosin Adarabioyo, acrescentando Levi Colwill como segunda companhia.<\/li>\n<li>As respostas atingem um tom direto, sem muitos detalhes sobre a vida fora de campo.<\/li>\n<\/ul>\n","protected":false},"author":2,"featured_media":422763,"comment_status":"closed","ping_status":"closed","sticky":false,"template":"","format":"standard","meta":{"footnotes":""},"categories":[21,24],"tags":[5860,2164,152,32,242,1980],"class_list":["post-422760","post","type-post","status-publish","format-standard","has-post-thumbnail","hentry","category-desporto","category-futebol","tag-amigos","tag-chelsea","tag-desporto","tag-futebol","tag-jogadores","tag-manchester-city"],"yoast_head":"<!-- This site is optimized with the Yoast SEO plugin v27.2 - https:\/\/yoast.com\/product\/yoast-seo-wordpress\/ -->\n<title>Cole Palmer revela quem \u00e9 o seu melhor amigo no plantel - Portal Tela Portugal<\/title>\n<meta name=\"robots\" content=\"index, follow, max-snippet:-1, max-image-preview:large, max-video-preview:-1\" \/>\n<meta property=\"og:locale\" content=\"pt_PT\" \/>\n<meta property=\"og:type\" content=\"article\" \/>\n<meta property=\"og:title\" content=\"Cole Palmer revela quem \u00e9 o seu melhor amigo no plantel - Portal Tela Portugal\" \/>\n<meta property=\"og:description\" content=\"Cole Palmer, 23 anos, \u00e9 conhecido por ser reservado e pouco dado a entrevistas. Em entrevista ao The Sun, revelou quem \u00e9 o seu melhor amigo dentro do plantel do Chelsea: Tosin Adarabioyo, por serem ambos de Manchester. Quando questionado sobre quem o acompanha no autocarro, o jogador repetiu Tosin Adarabioyo, acrescentando Levi Colwill como segunda companhia. As respostas atingem um tom direto, sem muitos detalhes sobre a vida fora de campo.\" \/>\n<meta property=\"og:url\" content=\"https:\/\/portaltela.pt\/noticias\/2026\/03\/26\/cole-palmer-revela-quem-e-o-seu-melhor-amigo-no-plantel\/\" \/>\n<meta property=\"og:site_name\" content=\"Portal Tela Portugal\" \/>\n<meta property=\"article:published_time\" content=\"2026-03-26T18:55:54+00:00\" \/>\n<meta name=\"author\" content=\"Telinha\" \/>\n<meta name=\"twitter:card\" content=\"summary_large_image\" \/>\n<meta name=\"twitter:label1\" content=\"Escrito por\" \/>\n\t<meta name=\"twitter:data1\" content=\"Telinha\" \/>\n\t<meta name=\"twitter:label2\" content=\"Tempo estimado de leitura\" \/>\n\t<meta name=\"twitter:data2\" content=\"1 minuto\" \/>\n<script type=\"application\/ld+json\" class=\"yoast-schema-graph\">{\"@context\":\"https:\/\/schema.org\",\"@graph\":[{\"@type\":\"Article\",\"@id\":\"https:\/\/portaltela.pt\/noticias\/2026\/03\/26\/cole-palmer-revela-quem-e-o-seu-melhor-amigo-no-plantel\/#article\",\"isPartOf\":{\"@id\":\"https:\/\/portaltela.pt\/noticias\/2026\/03\/26\/cole-palmer-revela-quem-e-o-seu-melhor-amigo-no-plantel\/\"},\"author\":{\"name\":\"Telinha\",\"@id\":\"https:\/\/portaltela.pt\/#\/schema\/person\/c4278d4a6028830caff9ee44b42d32ed\"},\"headline\":\"Cole Palmer revela quem \u00e9 o seu melhor amigo no plantel\",\"datePublished\":\"2026-03-26T18:55:54+00:00\",\"mainEntityOfPage\":{\"@id\":\"https:\/\/portaltela.pt\/noticias\/2026\/03\/26\/cole-palmer-revela-quem-e-o-seu-melhor-amigo-no-plantel\/\"},\"wordCount\":173,\"image\":{\"@id\":\"https:\/\/portaltela.pt\/noticias\/2026\/03\/26\/cole-palmer-revela-quem-e-o-seu-melhor-amigo-no-plantel\/#primaryimage\"},\"thumbnailUrl\":\"https:\/\/portaltela.pt\/s.01k8rhncp4jt1\/2026\/03\/img_920x518uu2026-03-26-18-55-08-2429528.jpg\",\"keywords\":[\"amigos\",\"Chelsea\",\"desporto\",\"futebol\",\"jogadores\",\"Manchester City\"],\"articleSection\":[\"Desporto\",\"Futebol\"],\"inLanguage\":\"pt-PT\"},{\"@type\":\"WebPage\",\"@id\":\"https:\/\/portaltela.pt\/noticias\/2026\/03\/26\/cole-palmer-revela-quem-e-o-seu-melhor-amigo-no-plantel\/\",\"url\":\"https:\/\/portaltela.pt\/noticias\/2026\/03\/26\/cole-palmer-revela-quem-e-o-seu-melhor-amigo-no-plantel\/\",\"name\":\"Cole Palmer revela quem \u00e9 o seu melhor amigo no plantel - Portal Tela Portugal\",\"isPartOf\":{\"@id\":\"https:\/\/portaltela.pt\/#website\"},\"primaryImageOfPage\":{\"@id\":\"https:\/\/portaltela.pt\/noticias\/2026\/03\/26\/cole-palmer-revela-quem-e-o-seu-melhor-amigo-no-plantel\/#primaryimage\"},\"image\":{\"@id\":\"https:\/\/portaltela.pt\/noticias\/2026\/03\/26\/cole-palmer-revela-quem-e-o-seu-melhor-amigo-no-plantel\/#primaryimage\"},\"thumbnailUrl\":\"https:\/\/portaltela.pt\/s.01k8rhncp4jt1\/2026\/03\/img_920x518uu2026-03-26-18-55-08-2429528.jpg\",\"datePublished\":\"2026-03-26T18:55:54+00:00\",\"author\":{\"@id\":\"https:\/\/portaltela.pt\/#\/schema\/person\/c4278d4a6028830caff9ee44b42d32ed\"},\"breadcrumb\":{\"@id\":\"https:\/\/portaltela.pt\/noticias\/2026\/03\/26\/cole-palmer-revela-quem-e-o-seu-melhor-amigo-no-plantel\/#breadcrumb\"},\"inLanguage\":\"pt-PT\",\"potentialAction\":[{\"@type\":\"ReadAction\",\"target\":[\"https:\/\/portaltela.pt\/noticias\/2026\/03\/26\/cole-palmer-revela-quem-e-o-seu-melhor-amigo-no-plantel\/\"]}]},{\"@type\":\"ImageObject\",\"inLanguage\":\"pt-PT\",\"@id\":\"https:\/\/portaltela.pt\/noticias\/2026\/03\/26\/cole-palmer-revela-quem-e-o-seu-melhor-amigo-no-plantel\/#primaryimage\",\"url\":\"https:\/\/portaltela.pt\/s.01k8rhncp4jt1\/2026\/03\/img_920x518uu2026-03-26-18-55-08-2429528.jpg\",\"contentUrl\":\"https:\/\/portaltela.pt\/s.01k8rhncp4jt1\/2026\/03\/img_920x518uu2026-03-26-18-55-08-2429528.jpg\",\"width\":796,\"height\":448,\"caption\":\"Cole Palmer no relvado durante jogo do Chelsea\"},{\"@type\":\"BreadcrumbList\",\"@id\":\"https:\/\/portaltela.pt\/noticias\/2026\/03\/26\/cole-palmer-revela-quem-e-o-seu-melhor-amigo-no-plantel\/#breadcrumb\",\"itemListElement\":[{\"@type\":\"ListItem\",\"position\":1,\"name\":\"In\u00edcio\",\"item\":\"https:\/\/portaltela.pt\/\"},{\"@type\":\"ListItem\",\"position\":2,\"name\":\"Cole Palmer revela quem \u00e9 o seu melhor amigo no plantel\"}]},{\"@type\":\"WebSite\",\"@id\":\"https:\/\/portaltela.pt\/#website\",\"url\":\"https:\/\/portaltela.pt\/\",\"name\":\"Portal Tela Portugal\",\"description\":\"\",\"potentialAction\":[{\"@type\":\"SearchAction\",\"target\":{\"@type\":\"EntryPoint\",\"urlTemplate\":\"https:\/\/portaltela.pt\/?s={search_term_string}\"},\"query-input\":{\"@type\":\"PropertyValueSpecification\",\"valueRequired\":true,\"valueName\":\"search_term_string\"}}],\"inLanguage\":\"pt-PT\"},{\"@type\":\"Person\",\"@id\":\"https:\/\/portaltela.pt\/#\/schema\/person\/c4278d4a6028830caff9ee44b42d32ed\",\"name\":\"Telinha\",\"image\":{\"@type\":\"ImageObject\",\"inLanguage\":\"pt-PT\",\"@id\":\"https:\/\/portaltela.pt\/s.01k8rhncp4jt1\/2025\/11\/talking-bot-125x125.png\",\"url\":\"https:\/\/portaltela.pt\/s.01k8rhncp4jt1\/2025\/11\/talking-bot-125x125.png\",\"contentUrl\":\"https:\/\/portaltela.pt\/s.01k8rhncp4jt1\/2025\/11\/talking-bot-125x125.png\",\"caption\":\"Telinha\"},\"sameAs\":[\"https:\/\/portaltela.pt\/\"],\"url\":\"https:\/\/portaltela.pt\/por\/367410592786\/\"}]}<\/script>\n<!-- \/ Yoast SEO plugin. -->","yoast_head_json":{"title":"Cole Palmer revela quem \u00e9 o seu melhor amigo no plantel - Portal Tela Portugal","robots":{"index":"index","follow":"follow","max-snippet":"max-snippet:-1","max-image-preview":"max-image-preview:large","max-video-preview":"max-video-preview:-1"},"og_locale":"pt_PT","og_type":"article","og_title":"Cole Palmer revela quem \u00e9 o seu melhor amigo no plantel - Portal Tela Portugal","og_description":"Cole Palmer, 23 anos, \u00e9 conhecido por ser reservado e pouco dado a entrevistas. Em entrevista ao The Sun, revelou quem \u00e9 o seu melhor amigo dentro do plantel do Chelsea: Tosin Adarabioyo, por serem ambos de Manchester. Quando questionado sobre quem o acompanha no autocarro, o jogador repetiu Tosin Adarabioyo, acrescentando Levi Colwill como segunda companhia. As respostas atingem um tom direto, sem muitos detalhes sobre a vida fora de campo.","og_url":"https:\/\/portaltela.pt\/noticias\/2026\/03\/26\/cole-palmer-revela-quem-e-o-seu-melhor-amigo-no-plantel\/","og_site_name":"Portal Tela Portugal","article_published_time":"2026-03-26T18:55:54+00:00","author":"Telinha","twitter_card":"summary_large_image","twitter_misc":{"Escrito por":"Telinha","Tempo estimado de leitura":"1 minuto"},"schema":{"@context":"https:\/\/schema.org","@graph":[{"@type":"Article","@id":"https:\/\/portaltela.pt\/noticias\/2026\/03\/26\/cole-palmer-revela-quem-e-o-seu-melhor-amigo-no-plantel\/#article","isPartOf":{"@id":"https:\/\/portaltela.pt\/noticias\/2026\/03\/26\/cole-palmer-revela-quem-e-o-seu-melhor-amigo-no-plantel\/"},"author":{"name":"Telinha","@id":"https:\/\/portaltela.pt\/#\/schema\/person\/c4278d4a6028830caff9ee44b42d32ed"},"headline":"Cole Palmer revela quem \u00e9 o seu melhor amigo no plantel","datePublished":"2026-03-26T18:55:54+00:00","mainEntityOfPage":{"@id":"https:\/\/portaltela.pt\/noticias\/2026\/03\/26\/cole-palmer-revela-quem-e-o-seu-melhor-amigo-no-plantel\/"},"wordCount":173,"image":{"@id":"https:\/\/portaltela.pt\/noticias\/2026\/03\/26\/cole-palmer-revela-quem-e-o-seu-melhor-amigo-no-plantel\/#primaryimage"},"thumbnailUrl":"https:\/\/portaltela.pt\/s.01k8rhncp4jt1\/2026\/03\/img_920x518uu2026-03-26-18-55-08-2429528.jpg","keywords":["amigos","Chelsea","desporto","futebol","jogadores","Manchester City"],"articleSection":["Desporto","Futebol"],"inLanguage":"pt-PT"},{"@type":"WebPage","@id":"https:\/\/portaltela.pt\/noticias\/2026\/03\/26\/cole-palmer-revela-quem-e-o-seu-melhor-amigo-no-plantel\/","url":"https:\/\/portaltela.pt\/noticias\/2026\/03\/26\/cole-palmer-revela-quem-e-o-seu-melhor-amigo-no-plantel\/","name":"Cole Palmer revela quem \u00e9 o seu melhor amigo no plantel - Portal Tela Portugal","isPartOf":{"@id":"https:\/\/portaltela.pt\/#website"},"primaryImageOfPage":{"@id":"https:\/\/portaltela.pt\/noticias\/2026\/03\/26\/cole-palmer-revela-quem-e-o-seu-melhor-amigo-no-plantel\/#primaryimage"},"image":{"@id":"https:\/\/portaltela.pt\/noticias\/2026\/03\/26\/cole-palmer-revela-quem-e-o-seu-melhor-amigo-no-plantel\/#primaryimage"},"thumbnailUrl":"https:\/\/portaltela.pt\/s.01k8rhncp4jt1\/2026\/03\/img_920x518uu2026-03-26-18-55-08-2429528.jpg","datePublished":"2026-03-26T18:55:54+00:00","author":{"@id":"https:\/\/portaltela.pt\/#\/schema\/person\/c4278d4a6028830caff9ee44b42d32ed"},"breadcrumb":{"@id":"https:\/\/portaltela.pt\/noticias\/2026\/03\/26\/cole-palmer-revela-quem-e-o-seu-melhor-amigo-no-plantel\/#breadcrumb"},"inLanguage":"pt-PT","potentialAction":[{"@type":"ReadAction","target":["https:\/\/portaltela.pt\/noticias\/2026\/03\/26\/cole-palmer-revela-quem-e-o-seu-melhor-amigo-no-plantel\/"]}]},{"@type":"ImageObject","inLanguage":"pt-PT","@id":"https:\/\/portaltela.pt\/noticias\/2026\/03\/26\/cole-palmer-revela-quem-e-o-seu-melhor-amigo-no-plantel\/#primaryimage","url":"https:\/\/portaltela.pt\/s.01k8rhncp4jt1\/2026\/03\/img_920x518uu2026-03-26-18-55-08-2429528.jpg","contentUrl":"https:\/\/portaltela.pt\/s.01k8rhncp4jt1\/2026\/03\/img_920x518uu2026-03-26-18-55-08-2429528.jpg","width":796,"height":448,"caption":"Cole Palmer no relvado durante jogo do Chelsea"},{"@type":"BreadcrumbList","@id":"https:\/\/portaltela.pt\/noticias\/2026\/03\/26\/cole-palmer-revela-quem-e-o-seu-melhor-amigo-no-plantel\/#breadcrumb","itemListElement":[{"@type":"ListItem","position":1,"name":"In\u00edcio","item":"https:\/\/portaltela.pt\/"},{"@type":"ListItem","position":2,"name":"Cole Palmer revela quem \u00e9 o seu melhor amigo no plantel"}]},{"@type":"WebSite","@id":"https:\/\/portaltela.pt\/#website","url":"https:\/\/portaltela.pt\/","name":"Portal Tela Portugal","description":"","potentialAction":[{"@type":"SearchAction","target":{"@type":"EntryPoint","urlTemplate":"https:\/\/portaltela.pt\/?s={search_term_string}"},"query-input":{"@type":"PropertyValueSpecification","valueRequired":true,"valueName":"search_term_string"}}],"inLanguage":"pt-PT"},{"@type":"Person","@id":"https:\/\/portaltela.pt\/#\/schema\/person\/c4278d4a6028830caff9ee44b42d32ed","name":"Telinha","image":{"@type":"ImageObject","inLanguage":"pt-PT","@id":"https:\/\/portaltela.pt\/s.01k8rhncp4jt1\/2025\/11\/talking-bot-125x125.png","url":"https:\/\/portaltela.pt\/s.01k8rhncp4jt1\/2025\/11\/talking-bot-125x125.png","contentUrl":"https:\/\/portaltela.pt\/s.01k8rhncp4jt1\/2025\/11\/talking-bot-125x125.png","caption":"Telinha"},"sameAs":["https:\/\/portaltela.pt\/"],"url":"https:\/\/portaltela.pt\/por\/367410592786\/"}]}},"_links":{"self":[{"href":"https:\/\/portaltela.pt\/api\/wp\/v2\/posts\/422760","targetHints":{"allow":["GET"]}}],"collection":[{"href":"https:\/\/portaltela.pt\/api\/wp\/v2\/posts"}],"about":[{"href":"https:\/\/portaltela.pt\/api\/wp\/v2\/types\/post"}],"author":[{"embeddable":true,"href":"https:\/\/portaltela.pt\/api\/wp\/v2\/users\/2"}],"replies":[{"embeddable":true,"href":"https:\/\/portaltela.pt\/api\/wp\/v2\/comments?post=422760"}],"version-history":[{"count":0,"href":"https:\/\/portaltela.pt\/api\/wp\/v2\/posts\/422760\/revisions"}],"wp:featuredmedia":[{"embeddable":true,"href":"https:\/\/portaltela.pt\/api\/wp\/v2\/media\/422763"}],"wp:attachment":[{"href":"https:\/\/portaltela.pt\/api\/wp\/v2\/media?parent=422760"}],"wp:term":[{"taxonomy":"category","embeddable":true,"href":"https:\/\/portaltela.pt\/api\/wp\/v2\/categories?post=422760"},{"taxonomy":"post_tag","embeddable":true,"href":"https:\/\/portaltela.pt\/api\/wp\/v2\/tags?post=422760"}],"curies":[{"name":"wp","href":"https:\/\/api.w.org\/{rel}","templated":true}]}}