{"id":422749,"date":"2026-03-26T15:43:10","date_gmt":"2026-03-26T18:43:10","guid":{"rendered":"https:\/\/portaltela.pt\/noticias\/2026\/03\/26\/mitrovic-brilha-pela-selecao-sub-21-da-servia\/"},"modified":"2026-03-26T15:43:10","modified_gmt":"2026-03-26T18:43:10","slug":"mitrovic-brilha-pela-selecao-sub-21-da-servia","status":"publish","type":"post","link":"https:\/\/portaltela.pt\/desporto\/futebol\/2026\/03\/26\/mitrovic-brilha-pela-selecao-sub-21-da-servia\/","title":{"rendered":"Mitrovic brilha pela sele\u00e7\u00e3o sub-21 da S\u00e9rvia"},"content":{"rendered":"<p>Mitrovic, m\u00e9dio de 21 anos do Vit\u00f3ria, viu espa\u00e7o reduzir-se no clube nas \u00faltimas semanas, mas destacou-se pela sele\u00e7\u00e3o de sub-21 da S\u00e9rvia. Em um jogo particular contra o Quirguist\u00e3o, na Turquia, foi titular e participou ativamente no empate a 2.<\/p>\n<p>O s\u00e9rvio abriu o marcador com uma assist\u00eancia ap\u00f3s cobran\u00e7a de falta no primeiro tempo. Na segunda metade, j\u00e1 capit\u00e3o, marcou de livre direto e chegou ao 2-1. A S\u00e9rvia acabou por ceder o empate, 2-2, j\u00e1 perto do final.<\/p>\n<h3>Desempenho no Vit\u00f3ria e dados da temporada<\/h3>\n<p>Mitrovic tem somado poucos minutos na Liga Portugal, com apenas 62 em seis jornadas, num total de 992 minutos em 23 presen\u00e7as, sendo 9 como titular. O rendimento contrasta com a atual participa\u00e7\u00e3o pela sele\u00e7\u00e3o j\u00fanior.<\/p>\n<h3>Pr\u00f3ximo encontro e contexto da contrata\u00e7\u00e3o<\/h3>\n<p>No pr\u00f3ximo ter\u00e7a-feira, as duas sele\u00e7\u00f5es voltam a medir for\u00e7as em Antalya, na Turquia, num novo particular. O clube minhoto investiu 870 mil euros na sua aquisi\u00e7\u00e3o durante o mercado de ver\u00e3o, buscando refor\u00e7ar o meio-campo.<\/p>\n","protected":false},"excerpt":{"rendered":"<ul>\n<li>Mitrovic, m\u00e9dio de 21 anos do Vit\u00f3ria, foi titular pela S\u00e9rvia sub-21 num jogo particular frente ao Quirguist\u00e3o, disputado na Turquia.<\/li>\n<li>No primeiro livre direto, bateu e assistiu um colega para o golo inaugural da partida.<\/li>\n<li>Na segunda parte, j\u00e1 com a bra\u00e7adeira de capit\u00e3o, bateu outro livre que deu o 2-1, mas a equipa dos Balc\u00e3s acabou por sofrer o 2-2 final.<\/li>\n<li>O encontro terminou empatado a dois; as duas sele\u00e7\u00f5es voltam a medir for\u00e7as na pr\u00f3xima ter\u00e7a-feira, em Antalya, na Turquia.<\/li>\n<li>Mitrovic chegou ao Vit\u00f3ria no ver\u00e3o, por 870 mil euros; nas \u00faltimas seis jornadas da Liga, somou 62 minutos em tr\u00eas jogos, totalizando 992 minutos em 23 presen\u00e7as, com 9 como titular.<\/li>\n<\/ul>\n","protected":false},"author":2,"featured_media":422750,"comment_status":"closed","ping_status":"closed","sticky":false,"template":"","format":"standard","meta":{"footnotes":""},"categories":[21,24],"tags":[2844,1253,6594,2050,2126,2428],"class_list":["post-422749","post","type-post","status-publish","format-standard","has-post-thumbnail","hentry","category-desporto","category-futebol","tag-jovens","tag-selecao","tag-servia","tag-transferencias","tag-turquia","tag-vitoria"],"yoast_head":"<!-- This site is optimized with the Yoast SEO plugin v27.2 - https:\/\/yoast.com\/product\/yoast-seo-wordpress\/ -->\n<title>Mitrovic brilha pela sele\u00e7\u00e3o sub-21 da S\u00e9rvia - Portal Tela Portugal<\/title>\n<meta name=\"robots\" content=\"index, follow, max-snippet:-1, max-image-preview:large, max-video-preview:-1\" \/>\n<meta property=\"og:locale\" content=\"pt_PT\" \/>\n<meta property=\"og:type\" content=\"article\" \/>\n<meta property=\"og:title\" content=\"Mitrovic brilha pela sele\u00e7\u00e3o sub-21 da S\u00e9rvia - Portal Tela Portugal\" \/>\n<meta property=\"og:description\" content=\"Mitrovic, m\u00e9dio de 21 anos do Vit\u00f3ria, foi titular pela S\u00e9rvia sub-21 num jogo particular frente ao Quirguist\u00e3o, disputado na Turquia. No primeiro livre direto, bateu e assistiu um colega para o golo inaugural da partida. Na segunda parte, j\u00e1 com a bra\u00e7adeira de capit\u00e3o, bateu outro livre que deu o 2-1, mas a equipa dos Balc\u00e3s acabou por sofrer o 2-2 final. O encontro terminou empatado a dois; as duas sele\u00e7\u00f5es voltam a medir for\u00e7as na pr\u00f3xima ter\u00e7a-feira, em Antalya, na Turquia. Mitrovic chegou ao Vit\u00f3ria no ver\u00e3o, por 870 mil euros; nas \u00faltimas seis jornadas da Liga, somou 62 minutos em tr\u00eas jogos, totalizando 992 minutos em 23 presen\u00e7as, com 9 como titular.\" \/>\n<meta property=\"og:url\" content=\"https:\/\/portaltela.pt\/noticias\/2026\/03\/26\/mitrovic-brilha-pela-selecao-sub-21-da-servia\/\" \/>\n<meta property=\"og:site_name\" content=\"Portal Tela Portugal\" \/>\n<meta property=\"article:published_time\" content=\"2026-03-26T18:43:10+00:00\" \/>\n<meta name=\"author\" content=\"Telinha\" \/>\n<meta name=\"twitter:card\" content=\"summary_large_image\" \/>\n<meta name=\"twitter:label1\" content=\"Escrito por\" \/>\n\t<meta name=\"twitter:data1\" content=\"Telinha\" \/>\n\t<meta name=\"twitter:label2\" content=\"Tempo estimado de leitura\" \/>\n\t<meta name=\"twitter:data2\" content=\"1 minuto\" \/>\n<script type=\"application\/ld+json\" class=\"yoast-schema-graph\">{\"@context\":\"https:\/\/schema.org\",\"@graph\":[{\"@type\":\"Article\",\"@id\":\"https:\/\/portaltela.pt\/noticias\/2026\/03\/26\/mitrovic-brilha-pela-selecao-sub-21-da-servia\/#article\",\"isPartOf\":{\"@id\":\"https:\/\/portaltela.pt\/noticias\/2026\/03\/26\/mitrovic-brilha-pela-selecao-sub-21-da-servia\/\"},\"author\":{\"name\":\"Telinha\",\"@id\":\"https:\/\/portaltela.pt\/#\/schema\/person\/c4278d4a6028830caff9ee44b42d32ed\"},\"headline\":\"Mitrovic brilha pela sele\u00e7\u00e3o sub-21 da S\u00e9rvia\",\"datePublished\":\"2026-03-26T18:43:10+00:00\",\"mainEntityOfPage\":{\"@id\":\"https:\/\/portaltela.pt\/noticias\/2026\/03\/26\/mitrovic-brilha-pela-selecao-sub-21-da-servia\/\"},\"wordCount\":194,\"image\":{\"@id\":\"https:\/\/portaltela.pt\/noticias\/2026\/03\/26\/mitrovic-brilha-pela-selecao-sub-21-da-servia\/#primaryimage\"},\"thumbnailUrl\":\"https:\/\/portaltela.pt\/s.01k8rhncp4jt1\/2026\/03\/img_920x518uu2026-03-26-18-41-34-2429522-im-639101473243097440.jpg\",\"keywords\":[\"jovens\",\"Sele\u00e7\u00e3o\",\"S\u00e9rvia\",\"transfer\u00eancias\",\"Turquia\",\"Vit\u00f3ria\"],\"articleSection\":[\"Desporto\",\"Futebol\"],\"inLanguage\":\"pt-PT\"},{\"@type\":\"WebPage\",\"@id\":\"https:\/\/portaltela.pt\/noticias\/2026\/03\/26\/mitrovic-brilha-pela-selecao-sub-21-da-servia\/\",\"url\":\"https:\/\/portaltela.pt\/noticias\/2026\/03\/26\/mitrovic-brilha-pela-selecao-sub-21-da-servia\/\",\"name\":\"Mitrovic brilha pela sele\u00e7\u00e3o sub-21 da S\u00e9rvia - Portal Tela Portugal\",\"isPartOf\":{\"@id\":\"https:\/\/portaltela.pt\/#website\"},\"primaryImageOfPage\":{\"@id\":\"https:\/\/portaltela.pt\/noticias\/2026\/03\/26\/mitrovic-brilha-pela-selecao-sub-21-da-servia\/#primaryimage\"},\"image\":{\"@id\":\"https:\/\/portaltela.pt\/noticias\/2026\/03\/26\/mitrovic-brilha-pela-selecao-sub-21-da-servia\/#primaryimage\"},\"thumbnailUrl\":\"https:\/\/portaltela.pt\/s.01k8rhncp4jt1\/2026\/03\/img_920x518uu2026-03-26-18-41-34-2429522-im-639101473243097440.jpg\",\"datePublished\":\"2026-03-26T18:43:10+00:00\",\"author\":{\"@id\":\"https:\/\/portaltela.pt\/#\/schema\/person\/c4278d4a6028830caff9ee44b42d32ed\"},\"breadcrumb\":{\"@id\":\"https:\/\/portaltela.pt\/noticias\/2026\/03\/26\/mitrovic-brilha-pela-selecao-sub-21-da-servia\/#breadcrumb\"},\"inLanguage\":\"pt-PT\",\"potentialAction\":[{\"@type\":\"ReadAction\",\"target\":[\"https:\/\/portaltela.pt\/noticias\/2026\/03\/26\/mitrovic-brilha-pela-selecao-sub-21-da-servia\/\"]}]},{\"@type\":\"ImageObject\",\"inLanguage\":\"pt-PT\",\"@id\":\"https:\/\/portaltela.pt\/noticias\/2026\/03\/26\/mitrovic-brilha-pela-selecao-sub-21-da-servia\/#primaryimage\",\"url\":\"https:\/\/portaltela.pt\/s.01k8rhncp4jt1\/2026\/03\/img_920x518uu2026-03-26-18-41-34-2429522-im-639101473243097440.jpg\",\"contentUrl\":\"https:\/\/portaltela.pt\/s.01k8rhncp4jt1\/2026\/03\/img_920x518uu2026-03-26-18-41-34-2429522-im-639101473243097440.jpg\",\"width\":920,\"height\":518,\"caption\":\"Mitrovic foi utilizado em 23 jogos do Vit\u00f3ria esta temporada\"},{\"@type\":\"BreadcrumbList\",\"@id\":\"https:\/\/portaltela.pt\/noticias\/2026\/03\/26\/mitrovic-brilha-pela-selecao-sub-21-da-servia\/#breadcrumb\",\"itemListElement\":[{\"@type\":\"ListItem\",\"position\":1,\"name\":\"In\u00edcio\",\"item\":\"https:\/\/portaltela.pt\/\"},{\"@type\":\"ListItem\",\"position\":2,\"name\":\"Mitrovic brilha pela sele\u00e7\u00e3o sub-21 da S\u00e9rvia\"}]},{\"@type\":\"WebSite\",\"@id\":\"https:\/\/portaltela.pt\/#website\",\"url\":\"https:\/\/portaltela.pt\/\",\"name\":\"Portal Tela Portugal\",\"description\":\"\",\"potentialAction\":[{\"@type\":\"SearchAction\",\"target\":{\"@type\":\"EntryPoint\",\"urlTemplate\":\"https:\/\/portaltela.pt\/?s={search_term_string}\"},\"query-input\":{\"@type\":\"PropertyValueSpecification\",\"valueRequired\":true,\"valueName\":\"search_term_string\"}}],\"inLanguage\":\"pt-PT\"},{\"@type\":\"Person\",\"@id\":\"https:\/\/portaltela.pt\/#\/schema\/person\/c4278d4a6028830caff9ee44b42d32ed\",\"name\":\"Telinha\",\"image\":{\"@type\":\"ImageObject\",\"inLanguage\":\"pt-PT\",\"@id\":\"https:\/\/portaltela.pt\/s.01k8rhncp4jt1\/2025\/11\/talking-bot-125x125.png\",\"url\":\"https:\/\/portaltela.pt\/s.01k8rhncp4jt1\/2025\/11\/talking-bot-125x125.png\",\"contentUrl\":\"https:\/\/portaltela.pt\/s.01k8rhncp4jt1\/2025\/11\/talking-bot-125x125.png\",\"caption\":\"Telinha\"},\"sameAs\":[\"https:\/\/portaltela.pt\/\"],\"url\":\"https:\/\/portaltela.pt\/por\/367410592786\/\"}]}<\/script>\n<!-- \/ Yoast SEO plugin. -->","yoast_head_json":{"title":"Mitrovic brilha pela sele\u00e7\u00e3o sub-21 da S\u00e9rvia - Portal Tela Portugal","robots":{"index":"index","follow":"follow","max-snippet":"max-snippet:-1","max-image-preview":"max-image-preview:large","max-video-preview":"max-video-preview:-1"},"og_locale":"pt_PT","og_type":"article","og_title":"Mitrovic brilha pela sele\u00e7\u00e3o sub-21 da S\u00e9rvia - Portal Tela Portugal","og_description":"Mitrovic, m\u00e9dio de 21 anos do Vit\u00f3ria, foi titular pela S\u00e9rvia sub-21 num jogo particular frente ao Quirguist\u00e3o, disputado na Turquia. No primeiro livre direto, bateu e assistiu um colega para o golo inaugural da partida. Na segunda parte, j\u00e1 com a bra\u00e7adeira de capit\u00e3o, bateu outro livre que deu o 2-1, mas a equipa dos Balc\u00e3s acabou por sofrer o 2-2 final. O encontro terminou empatado a dois; as duas sele\u00e7\u00f5es voltam a medir for\u00e7as na pr\u00f3xima ter\u00e7a-feira, em Antalya, na Turquia. Mitrovic chegou ao Vit\u00f3ria no ver\u00e3o, por 870 mil euros; nas \u00faltimas seis jornadas da Liga, somou 62 minutos em tr\u00eas jogos, totalizando 992 minutos em 23 presen\u00e7as, com 9 como titular.","og_url":"https:\/\/portaltela.pt\/noticias\/2026\/03\/26\/mitrovic-brilha-pela-selecao-sub-21-da-servia\/","og_site_name":"Portal Tela Portugal","article_published_time":"2026-03-26T18:43:10+00:00","author":"Telinha","twitter_card":"summary_large_image","twitter_misc":{"Escrito por":"Telinha","Tempo estimado de leitura":"1 minuto"},"schema":{"@context":"https:\/\/schema.org","@graph":[{"@type":"Article","@id":"https:\/\/portaltela.pt\/noticias\/2026\/03\/26\/mitrovic-brilha-pela-selecao-sub-21-da-servia\/#article","isPartOf":{"@id":"https:\/\/portaltela.pt\/noticias\/2026\/03\/26\/mitrovic-brilha-pela-selecao-sub-21-da-servia\/"},"author":{"name":"Telinha","@id":"https:\/\/portaltela.pt\/#\/schema\/person\/c4278d4a6028830caff9ee44b42d32ed"},"headline":"Mitrovic brilha pela sele\u00e7\u00e3o sub-21 da S\u00e9rvia","datePublished":"2026-03-26T18:43:10+00:00","mainEntityOfPage":{"@id":"https:\/\/portaltela.pt\/noticias\/2026\/03\/26\/mitrovic-brilha-pela-selecao-sub-21-da-servia\/"},"wordCount":194,"image":{"@id":"https:\/\/portaltela.pt\/noticias\/2026\/03\/26\/mitrovic-brilha-pela-selecao-sub-21-da-servia\/#primaryimage"},"thumbnailUrl":"https:\/\/portaltela.pt\/s.01k8rhncp4jt1\/2026\/03\/img_920x518uu2026-03-26-18-41-34-2429522-im-639101473243097440.jpg","keywords":["jovens","Sele\u00e7\u00e3o","S\u00e9rvia","transfer\u00eancias","Turquia","Vit\u00f3ria"],"articleSection":["Desporto","Futebol"],"inLanguage":"pt-PT"},{"@type":"WebPage","@id":"https:\/\/portaltela.pt\/noticias\/2026\/03\/26\/mitrovic-brilha-pela-selecao-sub-21-da-servia\/","url":"https:\/\/portaltela.pt\/noticias\/2026\/03\/26\/mitrovic-brilha-pela-selecao-sub-21-da-servia\/","name":"Mitrovic brilha pela sele\u00e7\u00e3o sub-21 da S\u00e9rvia - Portal Tela Portugal","isPartOf":{"@id":"https:\/\/portaltela.pt\/#website"},"primaryImageOfPage":{"@id":"https:\/\/portaltela.pt\/noticias\/2026\/03\/26\/mitrovic-brilha-pela-selecao-sub-21-da-servia\/#primaryimage"},"image":{"@id":"https:\/\/portaltela.pt\/noticias\/2026\/03\/26\/mitrovic-brilha-pela-selecao-sub-21-da-servia\/#primaryimage"},"thumbnailUrl":"https:\/\/portaltela.pt\/s.01k8rhncp4jt1\/2026\/03\/img_920x518uu2026-03-26-18-41-34-2429522-im-639101473243097440.jpg","datePublished":"2026-03-26T18:43:10+00:00","author":{"@id":"https:\/\/portaltela.pt\/#\/schema\/person\/c4278d4a6028830caff9ee44b42d32ed"},"breadcrumb":{"@id":"https:\/\/portaltela.pt\/noticias\/2026\/03\/26\/mitrovic-brilha-pela-selecao-sub-21-da-servia\/#breadcrumb"},"inLanguage":"pt-PT","potentialAction":[{"@type":"ReadAction","target":["https:\/\/portaltela.pt\/noticias\/2026\/03\/26\/mitrovic-brilha-pela-selecao-sub-21-da-servia\/"]}]},{"@type":"ImageObject","inLanguage":"pt-PT","@id":"https:\/\/portaltela.pt\/noticias\/2026\/03\/26\/mitrovic-brilha-pela-selecao-sub-21-da-servia\/#primaryimage","url":"https:\/\/portaltela.pt\/s.01k8rhncp4jt1\/2026\/03\/img_920x518uu2026-03-26-18-41-34-2429522-im-639101473243097440.jpg","contentUrl":"https:\/\/portaltela.pt\/s.01k8rhncp4jt1\/2026\/03\/img_920x518uu2026-03-26-18-41-34-2429522-im-639101473243097440.jpg","width":920,"height":518,"caption":"Mitrovic foi utilizado em 23 jogos do Vit\u00f3ria esta temporada"},{"@type":"BreadcrumbList","@id":"https:\/\/portaltela.pt\/noticias\/2026\/03\/26\/mitrovic-brilha-pela-selecao-sub-21-da-servia\/#breadcrumb","itemListElement":[{"@type":"ListItem","position":1,"name":"In\u00edcio","item":"https:\/\/portaltela.pt\/"},{"@type":"ListItem","position":2,"name":"Mitrovic brilha pela sele\u00e7\u00e3o sub-21 da S\u00e9rvia"}]},{"@type":"WebSite","@id":"https:\/\/portaltela.pt\/#website","url":"https:\/\/portaltela.pt\/","name":"Portal Tela Portugal","description":"","potentialAction":[{"@type":"SearchAction","target":{"@type":"EntryPoint","urlTemplate":"https:\/\/portaltela.pt\/?s={search_term_string}"},"query-input":{"@type":"PropertyValueSpecification","valueRequired":true,"valueName":"search_term_string"}}],"inLanguage":"pt-PT"},{"@type":"Person","@id":"https:\/\/portaltela.pt\/#\/schema\/person\/c4278d4a6028830caff9ee44b42d32ed","name":"Telinha","image":{"@type":"ImageObject","inLanguage":"pt-PT","@id":"https:\/\/portaltela.pt\/s.01k8rhncp4jt1\/2025\/11\/talking-bot-125x125.png","url":"https:\/\/portaltela.pt\/s.01k8rhncp4jt1\/2025\/11\/talking-bot-125x125.png","contentUrl":"https:\/\/portaltela.pt\/s.01k8rhncp4jt1\/2025\/11\/talking-bot-125x125.png","caption":"Telinha"},"sameAs":["https:\/\/portaltela.pt\/"],"url":"https:\/\/portaltela.pt\/por\/367410592786\/"}]}},"_links":{"self":[{"href":"https:\/\/portaltela.pt\/api\/wp\/v2\/posts\/422749","targetHints":{"allow":["GET"]}}],"collection":[{"href":"https:\/\/portaltela.pt\/api\/wp\/v2\/posts"}],"about":[{"href":"https:\/\/portaltela.pt\/api\/wp\/v2\/types\/post"}],"author":[{"embeddable":true,"href":"https:\/\/portaltela.pt\/api\/wp\/v2\/users\/2"}],"replies":[{"embeddable":true,"href":"https:\/\/portaltela.pt\/api\/wp\/v2\/comments?post=422749"}],"version-history":[{"count":0,"href":"https:\/\/portaltela.pt\/api\/wp\/v2\/posts\/422749\/revisions"}],"wp:featuredmedia":[{"embeddable":true,"href":"https:\/\/portaltela.pt\/api\/wp\/v2\/media\/422750"}],"wp:attachment":[{"href":"https:\/\/portaltela.pt\/api\/wp\/v2\/media?parent=422749"}],"wp:term":[{"taxonomy":"category","embeddable":true,"href":"https:\/\/portaltela.pt\/api\/wp\/v2\/categories?post=422749"},{"taxonomy":"post_tag","embeddable":true,"href":"https:\/\/portaltela.pt\/api\/wp\/v2\/tags?post=422749"}],"curies":[{"name":"wp","href":"https:\/\/api.w.org\/{rel}","templated":true}]}}