{"id":422747,"date":"2026-03-26T15:33:00","date_gmt":"2026-03-26T18:33:00","guid":{"rendered":"https:\/\/portaltela.pt\/noticias\/2026\/03\/26\/sexta-e-dia-de-celebrar-o-teatro-com-humor-e-queijo\/"},"modified":"2026-03-26T15:33:00","modified_gmt":"2026-03-26T18:33:00","slug":"sexta-e-dia-de-celebrar-o-teatro-com-humor-e-queijo","status":"publish","type":"post","link":"https:\/\/portaltela.pt\/noticias\/2026\/03\/26\/sexta-e-dia-de-celebrar-o-teatro-com-humor-e-queijo\/","title":{"rendered":"Sexta \u00e9 dia de celebrar o teatro com humor e queijo"},"content":{"rendered":"<p>No Dia Mundial do Teatro, v\u00e1rios palcos nacionais reservam a\u00e7\u00f5es especiais para celebrar a arte da cena. O conjunto de propostas abrange visitas, espet\u00e1culos, musicais e bailes, distribu\u00eddos por v\u00e1rias cidades, num formato que junta cultura e tradi\u00e7\u00e3o.<\/p>\n<p>No Porto, o Teatro S\u00e3o Jo\u00e3o apresenta tr\u00eas atos no dia 27 de mar\u00e7o. Come\u00e7a com uma visita guiada aos bastidores, \u00e0s 12h30, seguida de um espet\u00e1culo \u00e0s 19h e de um baile de m\u00e1scaras \u00e0s 21h30. A iniciativa \u00e9 gratuita e pretende aproximar o p\u00fablico da hist\u00f3ria do edif\u00edcio.<\/p>\n<p>\u00c0 mesma data, em Vila Real, o Teatro de Vila Real programou a pe\u00e7a Catarina e a Beleza de Matar Fascistas, \u00e0s 21h30, com encena\u00e7\u00e3o de Tiago Rodrigues. O texto acompanha uma fam\u00edlia cuja tradi\u00e7\u00e3o envolve a viol\u00eancia pol\u00edtica, debatendo limites entre viol\u00eancia e luta por mudan\u00e7a.<\/p>\n<h3>Porto e atividades associadas<\/h3>\n<p>Em Viseu, o Expocenter recebe Gilm\u00e1rio Vemba, a 27 de mar\u00e7o, \u00e0s 21h, com humor centrado em temas como viver, amar e gargalhar. O bilhete custa 22\u20ac. A Casa Municipal da Cultura de Seia faz a sua sess\u00e3o no mesmo dia e hora, com o mesmo pre\u00e7o.<\/p>\n<h3>De Lisboa a Palmela<\/h3>\n<p>Em Lisboa, o Capit\u00f3lio apresenta Evita, de 27 de mar\u00e7o a 28 de junho, com sess\u00f5es \u00e0s quintas e sextas \u00e0s 21h e aos fins de semana com hor\u00e1rios de 16h e 21h. A produ\u00e7\u00e3o da Yellow Star Company tra\u00e7a a vida de Eva Per\u00f3n, interpretada por Sofia Escobar, com encena\u00e7\u00e3o de Paulo Sousa Costa. O pre\u00e7o varia entre 25\u20ac e 35\u20ac.<\/p>\n<p>Em Torres Vedras, a pe\u00e7a Souvenir, da Teatro Cadete, estreia no Teatro Cine a 27 e 28 de mar\u00e7o, \u00e0s 21h30, com classifica\u00e7\u00e3o para maiores de 12 anos. O pre\u00e7o \u00e9 de 5\u20ac.<\/p>\n<h3>Eventos regionais e mercado de sabores<\/h3>\n<p>Em Palmela, o festival P\u00e3o, Queijo e Vinho decorre de 27 a 29 de mar\u00e7o no S\u00e3o Gon\u00e7alo, Quinta do Anjo, com hor\u00e1rios amplos ao longo do fim de semana. O programa inclui queijo de Azeit\u00e3o DOP, sabores da Arr\u00e1bida, m\u00fasica, dan\u00e7as, atividades e demonstra\u00e7\u00f5es gastron\u00f3micas. A entrada custa 2\u20ac.<\/p>\n","protected":false},"excerpt":{"rendered":"<ul>\n<li>O Dia Mundial do Teatro \u00e9 celebrado em v\u00e1rias cidades de Portugal, com eventos entre 27 e 29 de mar\u00e7o, incluindo sess\u00f5es, visitas e entretenimento.<\/li>\n<li>No Porto, no Teatro S\u00e3o Jo\u00e3o, h\u00e1 visita aos bastidores \u00e0s 12h30, espet\u00e1culo \u00e0s 19h e baile de m\u00e1scaras \u00e0s 21h30; entrada gratuita.<\/li>\n<li>Em Vila Real, a pe\u00e7a Catarina e a Beleza de Matar Fascistas apresenta-se a 27 e 28 de mar\u00e7o, \u00e0s 21h30, com bilhete a 15 euros (maiores de 16 anos).<\/li>\n<li>Em Viseu, o Expocenter recebe 3.\u00ba Round a 27 de mar\u00e7o, \u00e0s 21h, com bilhete de 22 euros; o mesmo hor\u00e1rio ocorre na Casa Municipal da Cultura de Seia no s\u00e1bado.<\/li>\n<li>Em Lisboa, o Capit\u00f3lio estreia Evita de 27 de mar\u00e7o a 28 de junho, com sess\u00f5es de quinta a domingo e bilhetes entre 25 e 35 euros; em Torres Vedras e Palmela h\u00e1, respetivamente, Souvenir (21h30, 5 euros) e P\u00e3o, Queijo e Vinho (27 a 29 de mar\u00e7o, 2 euros).<\/li>\n<\/ul>\n","protected":false},"author":2,"featured_media":422748,"comment_status":"closed","ping_status":"closed","sticky":false,"template":"","format":"standard","meta":{"footnotes":""},"categories":[7375,1],"tags":[1683,981,982,4820,119,779],"class_list":["post-422747","post","type-post","status-publish","format-standard","has-post-thumbnail","hentry","category-cultura","category-noticias","tag-danca","tag-lisboa","tag-porto","tag-queijos","tag-teatro","tag-vinhos"],"yoast_head":"<!-- This site is optimized with the Yoast SEO plugin v27.2 - https:\/\/yoast.com\/product\/yoast-seo-wordpress\/ -->\n<title>Sexta \u00e9 dia de celebrar o teatro com humor e queijo - Portal Tela Portugal<\/title>\n<meta name=\"robots\" content=\"index, follow, max-snippet:-1, max-image-preview:large, max-video-preview:-1\" \/>\n<meta property=\"og:locale\" content=\"pt_PT\" \/>\n<meta property=\"og:type\" content=\"article\" \/>\n<meta property=\"og:title\" content=\"Sexta \u00e9 dia de celebrar o teatro com humor e queijo - Portal Tela Portugal\" \/>\n<meta property=\"og:description\" content=\"O Dia Mundial do Teatro \u00e9 celebrado em v\u00e1rias cidades de Portugal, com eventos entre 27 e 29 de mar\u00e7o, incluindo sess\u00f5es, visitas e entretenimento. No Porto, no Teatro S\u00e3o Jo\u00e3o, h\u00e1 visita aos bastidores \u00e0s 12h30, espet\u00e1culo \u00e0s 19h e baile de m\u00e1scaras \u00e0s 21h30; entrada gratuita. Em Vila Real, a pe\u00e7a Catarina e a Beleza de Matar Fascistas apresenta-se a 27 e 28 de mar\u00e7o, \u00e0s 21h30, com bilhete a 15 euros (maiores de 16 anos). Em Viseu, o Expocenter recebe 3.\u00ba Round a 27 de mar\u00e7o, \u00e0s 21h, com bilhete de 22 euros; o mesmo hor\u00e1rio ocorre na Casa Municipal da Cultura de Seia no s\u00e1bado. Em Lisboa, o Capit\u00f3lio estreia Evita de 27 de mar\u00e7o a 28 de junho, com sess\u00f5es de quinta a domingo e bilhetes entre 25 e 35 euros; em Torres Vedras e Palmela h\u00e1, respetivamente, Souvenir (21h30, 5 euros) e P\u00e3o, Queijo e Vinho (27 a 29 de mar\u00e7o, 2 euros).\" \/>\n<meta property=\"og:url\" content=\"https:\/\/portaltela.pt\/noticias\/2026\/03\/26\/sexta-e-dia-de-celebrar-o-teatro-com-humor-e-queijo\/\" \/>\n<meta property=\"og:site_name\" content=\"Portal Tela Portugal\" \/>\n<meta property=\"article:published_time\" content=\"2026-03-26T18:33:00+00:00\" \/>\n<meta name=\"author\" content=\"Telinha\" \/>\n<meta name=\"twitter:card\" content=\"summary_large_image\" \/>\n<meta name=\"twitter:label1\" content=\"Escrito por\" \/>\n\t<meta name=\"twitter:data1\" content=\"Telinha\" \/>\n\t<meta name=\"twitter:label2\" content=\"Tempo estimado de leitura\" \/>\n\t<meta name=\"twitter:data2\" content=\"2 minutos\" \/>\n<script type=\"application\/ld+json\" class=\"yoast-schema-graph\">{\"@context\":\"https:\/\/schema.org\",\"@graph\":[{\"@type\":\"Article\",\"@id\":\"https:\/\/portaltela.pt\/noticias\/2026\/03\/26\/sexta-e-dia-de-celebrar-o-teatro-com-humor-e-queijo\/#article\",\"isPartOf\":{\"@id\":\"https:\/\/portaltela.pt\/noticias\/2026\/03\/26\/sexta-e-dia-de-celebrar-o-teatro-com-humor-e-queijo\/\"},\"author\":{\"name\":\"Telinha\",\"@id\":\"https:\/\/portaltela.pt\/#\/schema\/person\/c4278d4a6028830caff9ee44b42d32ed\"},\"headline\":\"Sexta \u00e9 dia de celebrar o teatro com humor e queijo\",\"datePublished\":\"2026-03-26T18:33:00+00:00\",\"mainEntityOfPage\":{\"@id\":\"https:\/\/portaltela.pt\/noticias\/2026\/03\/26\/sexta-e-dia-de-celebrar-o-teatro-com-humor-e-queijo\/\"},\"wordCount\":386,\"image\":{\"@id\":\"https:\/\/portaltela.pt\/noticias\/2026\/03\/26\/sexta-e-dia-de-celebrar-o-teatro-com-humor-e-queijo\/#primaryimage\"},\"thumbnailUrl\":\"https:\/\/portaltela.pt\/s.01k8rhncp4jt1\/2026\/03\/tpUHdbIMAGENStypeJPGshare1oBarraFacebook_Ipsilon-12.jpg\",\"keywords\":[\"dan\u00e7a\",\"Lisboa\",\"Porto\",\"queijos\",\"teatro\",\"vinhos\"],\"articleSection\":[\"Cultura\",\"Not\u00edcias\"],\"inLanguage\":\"pt-PT\"},{\"@type\":\"WebPage\",\"@id\":\"https:\/\/portaltela.pt\/noticias\/2026\/03\/26\/sexta-e-dia-de-celebrar-o-teatro-com-humor-e-queijo\/\",\"url\":\"https:\/\/portaltela.pt\/noticias\/2026\/03\/26\/sexta-e-dia-de-celebrar-o-teatro-com-humor-e-queijo\/\",\"name\":\"Sexta \u00e9 dia de celebrar o teatro com humor e queijo - Portal Tela Portugal\",\"isPartOf\":{\"@id\":\"https:\/\/portaltela.pt\/#website\"},\"primaryImageOfPage\":{\"@id\":\"https:\/\/portaltela.pt\/noticias\/2026\/03\/26\/sexta-e-dia-de-celebrar-o-teatro-com-humor-e-queijo\/#primaryimage\"},\"image\":{\"@id\":\"https:\/\/portaltela.pt\/noticias\/2026\/03\/26\/sexta-e-dia-de-celebrar-o-teatro-com-humor-e-queijo\/#primaryimage\"},\"thumbnailUrl\":\"https:\/\/portaltela.pt\/s.01k8rhncp4jt1\/2026\/03\/tpUHdbIMAGENStypeJPGshare1oBarraFacebook_Ipsilon-12.jpg\",\"datePublished\":\"2026-03-26T18:33:00+00:00\",\"author\":{\"@id\":\"https:\/\/portaltela.pt\/#\/schema\/person\/c4278d4a6028830caff9ee44b42d32ed\"},\"breadcrumb\":{\"@id\":\"https:\/\/portaltela.pt\/noticias\/2026\/03\/26\/sexta-e-dia-de-celebrar-o-teatro-com-humor-e-queijo\/#breadcrumb\"},\"inLanguage\":\"pt-PT\",\"potentialAction\":[{\"@type\":\"ReadAction\",\"target\":[\"https:\/\/portaltela.pt\/noticias\/2026\/03\/26\/sexta-e-dia-de-celebrar-o-teatro-com-humor-e-queijo\/\"]}]},{\"@type\":\"ImageObject\",\"inLanguage\":\"pt-PT\",\"@id\":\"https:\/\/portaltela.pt\/noticias\/2026\/03\/26\/sexta-e-dia-de-celebrar-o-teatro-com-humor-e-queijo\/#primaryimage\",\"url\":\"https:\/\/portaltela.pt\/s.01k8rhncp4jt1\/2026\/03\/tpUHdbIMAGENStypeJPGshare1oBarraFacebook_Ipsilon-12.jpg\",\"contentUrl\":\"https:\/\/portaltela.pt\/s.01k8rhncp4jt1\/2026\/03\/tpUHdbIMAGENStypeJPGshare1oBarraFacebook_Ipsilon-12.jpg\",\"width\":1200,\"height\":630,\"caption\":\"Falsas Hist\u00f3rias Verdadeiras: Uma Pina Colagem entra na festa do Dia Mundial do Teatro\"},{\"@type\":\"BreadcrumbList\",\"@id\":\"https:\/\/portaltela.pt\/noticias\/2026\/03\/26\/sexta-e-dia-de-celebrar-o-teatro-com-humor-e-queijo\/#breadcrumb\",\"itemListElement\":[{\"@type\":\"ListItem\",\"position\":1,\"name\":\"In\u00edcio\",\"item\":\"https:\/\/portaltela.pt\/\"},{\"@type\":\"ListItem\",\"position\":2,\"name\":\"Sexta \u00e9 dia de celebrar o teatro com humor e queijo\"}]},{\"@type\":\"WebSite\",\"@id\":\"https:\/\/portaltela.pt\/#website\",\"url\":\"https:\/\/portaltela.pt\/\",\"name\":\"Portal Tela Portugal\",\"description\":\"\",\"potentialAction\":[{\"@type\":\"SearchAction\",\"target\":{\"@type\":\"EntryPoint\",\"urlTemplate\":\"https:\/\/portaltela.pt\/?s={search_term_string}\"},\"query-input\":{\"@type\":\"PropertyValueSpecification\",\"valueRequired\":true,\"valueName\":\"search_term_string\"}}],\"inLanguage\":\"pt-PT\"},{\"@type\":\"Person\",\"@id\":\"https:\/\/portaltela.pt\/#\/schema\/person\/c4278d4a6028830caff9ee44b42d32ed\",\"name\":\"Telinha\",\"image\":{\"@type\":\"ImageObject\",\"inLanguage\":\"pt-PT\",\"@id\":\"https:\/\/portaltela.pt\/s.01k8rhncp4jt1\/2025\/11\/talking-bot-125x125.png\",\"url\":\"https:\/\/portaltela.pt\/s.01k8rhncp4jt1\/2025\/11\/talking-bot-125x125.png\",\"contentUrl\":\"https:\/\/portaltela.pt\/s.01k8rhncp4jt1\/2025\/11\/talking-bot-125x125.png\",\"caption\":\"Telinha\"},\"sameAs\":[\"https:\/\/portaltela.pt\/\"],\"url\":\"https:\/\/portaltela.pt\/por\/367410592786\/\"}]}<\/script>\n<!-- \/ Yoast SEO plugin. -->","yoast_head_json":{"title":"Sexta \u00e9 dia de celebrar o teatro com humor e queijo - Portal Tela Portugal","robots":{"index":"index","follow":"follow","max-snippet":"max-snippet:-1","max-image-preview":"max-image-preview:large","max-video-preview":"max-video-preview:-1"},"og_locale":"pt_PT","og_type":"article","og_title":"Sexta \u00e9 dia de celebrar o teatro com humor e queijo - Portal Tela Portugal","og_description":"O Dia Mundial do Teatro \u00e9 celebrado em v\u00e1rias cidades de Portugal, com eventos entre 27 e 29 de mar\u00e7o, incluindo sess\u00f5es, visitas e entretenimento. No Porto, no Teatro S\u00e3o Jo\u00e3o, h\u00e1 visita aos bastidores \u00e0s 12h30, espet\u00e1culo \u00e0s 19h e baile de m\u00e1scaras \u00e0s 21h30; entrada gratuita. Em Vila Real, a pe\u00e7a Catarina e a Beleza de Matar Fascistas apresenta-se a 27 e 28 de mar\u00e7o, \u00e0s 21h30, com bilhete a 15 euros (maiores de 16 anos). Em Viseu, o Expocenter recebe 3.\u00ba Round a 27 de mar\u00e7o, \u00e0s 21h, com bilhete de 22 euros; o mesmo hor\u00e1rio ocorre na Casa Municipal da Cultura de Seia no s\u00e1bado. Em Lisboa, o Capit\u00f3lio estreia Evita de 27 de mar\u00e7o a 28 de junho, com sess\u00f5es de quinta a domingo e bilhetes entre 25 e 35 euros; em Torres Vedras e Palmela h\u00e1, respetivamente, Souvenir (21h30, 5 euros) e P\u00e3o, Queijo e Vinho (27 a 29 de mar\u00e7o, 2 euros).","og_url":"https:\/\/portaltela.pt\/noticias\/2026\/03\/26\/sexta-e-dia-de-celebrar-o-teatro-com-humor-e-queijo\/","og_site_name":"Portal Tela Portugal","article_published_time":"2026-03-26T18:33:00+00:00","author":"Telinha","twitter_card":"summary_large_image","twitter_misc":{"Escrito por":"Telinha","Tempo estimado de leitura":"2 minutos"},"schema":{"@context":"https:\/\/schema.org","@graph":[{"@type":"Article","@id":"https:\/\/portaltela.pt\/noticias\/2026\/03\/26\/sexta-e-dia-de-celebrar-o-teatro-com-humor-e-queijo\/#article","isPartOf":{"@id":"https:\/\/portaltela.pt\/noticias\/2026\/03\/26\/sexta-e-dia-de-celebrar-o-teatro-com-humor-e-queijo\/"},"author":{"name":"Telinha","@id":"https:\/\/portaltela.pt\/#\/schema\/person\/c4278d4a6028830caff9ee44b42d32ed"},"headline":"Sexta \u00e9 dia de celebrar o teatro com humor e queijo","datePublished":"2026-03-26T18:33:00+00:00","mainEntityOfPage":{"@id":"https:\/\/portaltela.pt\/noticias\/2026\/03\/26\/sexta-e-dia-de-celebrar-o-teatro-com-humor-e-queijo\/"},"wordCount":386,"image":{"@id":"https:\/\/portaltela.pt\/noticias\/2026\/03\/26\/sexta-e-dia-de-celebrar-o-teatro-com-humor-e-queijo\/#primaryimage"},"thumbnailUrl":"https:\/\/portaltela.pt\/s.01k8rhncp4jt1\/2026\/03\/tpUHdbIMAGENStypeJPGshare1oBarraFacebook_Ipsilon-12.jpg","keywords":["dan\u00e7a","Lisboa","Porto","queijos","teatro","vinhos"],"articleSection":["Cultura","Not\u00edcias"],"inLanguage":"pt-PT"},{"@type":"WebPage","@id":"https:\/\/portaltela.pt\/noticias\/2026\/03\/26\/sexta-e-dia-de-celebrar-o-teatro-com-humor-e-queijo\/","url":"https:\/\/portaltela.pt\/noticias\/2026\/03\/26\/sexta-e-dia-de-celebrar-o-teatro-com-humor-e-queijo\/","name":"Sexta \u00e9 dia de celebrar o teatro com humor e queijo - Portal Tela Portugal","isPartOf":{"@id":"https:\/\/portaltela.pt\/#website"},"primaryImageOfPage":{"@id":"https:\/\/portaltela.pt\/noticias\/2026\/03\/26\/sexta-e-dia-de-celebrar-o-teatro-com-humor-e-queijo\/#primaryimage"},"image":{"@id":"https:\/\/portaltela.pt\/noticias\/2026\/03\/26\/sexta-e-dia-de-celebrar-o-teatro-com-humor-e-queijo\/#primaryimage"},"thumbnailUrl":"https:\/\/portaltela.pt\/s.01k8rhncp4jt1\/2026\/03\/tpUHdbIMAGENStypeJPGshare1oBarraFacebook_Ipsilon-12.jpg","datePublished":"2026-03-26T18:33:00+00:00","author":{"@id":"https:\/\/portaltela.pt\/#\/schema\/person\/c4278d4a6028830caff9ee44b42d32ed"},"breadcrumb":{"@id":"https:\/\/portaltela.pt\/noticias\/2026\/03\/26\/sexta-e-dia-de-celebrar-o-teatro-com-humor-e-queijo\/#breadcrumb"},"inLanguage":"pt-PT","potentialAction":[{"@type":"ReadAction","target":["https:\/\/portaltela.pt\/noticias\/2026\/03\/26\/sexta-e-dia-de-celebrar-o-teatro-com-humor-e-queijo\/"]}]},{"@type":"ImageObject","inLanguage":"pt-PT","@id":"https:\/\/portaltela.pt\/noticias\/2026\/03\/26\/sexta-e-dia-de-celebrar-o-teatro-com-humor-e-queijo\/#primaryimage","url":"https:\/\/portaltela.pt\/s.01k8rhncp4jt1\/2026\/03\/tpUHdbIMAGENStypeJPGshare1oBarraFacebook_Ipsilon-12.jpg","contentUrl":"https:\/\/portaltela.pt\/s.01k8rhncp4jt1\/2026\/03\/tpUHdbIMAGENStypeJPGshare1oBarraFacebook_Ipsilon-12.jpg","width":1200,"height":630,"caption":"Falsas Hist\u00f3rias Verdadeiras: Uma Pina Colagem entra na festa do Dia Mundial do Teatro"},{"@type":"BreadcrumbList","@id":"https:\/\/portaltela.pt\/noticias\/2026\/03\/26\/sexta-e-dia-de-celebrar-o-teatro-com-humor-e-queijo\/#breadcrumb","itemListElement":[{"@type":"ListItem","position":1,"name":"In\u00edcio","item":"https:\/\/portaltela.pt\/"},{"@type":"ListItem","position":2,"name":"Sexta \u00e9 dia de celebrar o teatro com humor e queijo"}]},{"@type":"WebSite","@id":"https:\/\/portaltela.pt\/#website","url":"https:\/\/portaltela.pt\/","name":"Portal Tela Portugal","description":"","potentialAction":[{"@type":"SearchAction","target":{"@type":"EntryPoint","urlTemplate":"https:\/\/portaltela.pt\/?s={search_term_string}"},"query-input":{"@type":"PropertyValueSpecification","valueRequired":true,"valueName":"search_term_string"}}],"inLanguage":"pt-PT"},{"@type":"Person","@id":"https:\/\/portaltela.pt\/#\/schema\/person\/c4278d4a6028830caff9ee44b42d32ed","name":"Telinha","image":{"@type":"ImageObject","inLanguage":"pt-PT","@id":"https:\/\/portaltela.pt\/s.01k8rhncp4jt1\/2025\/11\/talking-bot-125x125.png","url":"https:\/\/portaltela.pt\/s.01k8rhncp4jt1\/2025\/11\/talking-bot-125x125.png","contentUrl":"https:\/\/portaltela.pt\/s.01k8rhncp4jt1\/2025\/11\/talking-bot-125x125.png","caption":"Telinha"},"sameAs":["https:\/\/portaltela.pt\/"],"url":"https:\/\/portaltela.pt\/por\/367410592786\/"}]}},"_links":{"self":[{"href":"https:\/\/portaltela.pt\/api\/wp\/v2\/posts\/422747","targetHints":{"allow":["GET"]}}],"collection":[{"href":"https:\/\/portaltela.pt\/api\/wp\/v2\/posts"}],"about":[{"href":"https:\/\/portaltela.pt\/api\/wp\/v2\/types\/post"}],"author":[{"embeddable":true,"href":"https:\/\/portaltela.pt\/api\/wp\/v2\/users\/2"}],"replies":[{"embeddable":true,"href":"https:\/\/portaltela.pt\/api\/wp\/v2\/comments?post=422747"}],"version-history":[{"count":0,"href":"https:\/\/portaltela.pt\/api\/wp\/v2\/posts\/422747\/revisions"}],"wp:featuredmedia":[{"embeddable":true,"href":"https:\/\/portaltela.pt\/api\/wp\/v2\/media\/422748"}],"wp:attachment":[{"href":"https:\/\/portaltela.pt\/api\/wp\/v2\/media?parent=422747"}],"wp:term":[{"taxonomy":"category","embeddable":true,"href":"https:\/\/portaltela.pt\/api\/wp\/v2\/categories?post=422747"},{"taxonomy":"post_tag","embeddable":true,"href":"https:\/\/portaltela.pt\/api\/wp\/v2\/tags?post=422747"}],"curies":[{"name":"wp","href":"https:\/\/api.w.org\/{rel}","templated":true}]}}