{"id":422737,"date":"2026-03-26T15:31:00","date_gmt":"2026-03-26T18:31:00","guid":{"rendered":"https:\/\/portaltela.pt\/noticias\/2026\/03\/26\/governo-recua-sobre-25-dias-de-ferias-e-faltas-justificadas\/"},"modified":"2026-03-26T15:31:00","modified_gmt":"2026-03-26T18:31:00","slug":"governo-recua-sobre-25-dias-de-ferias-e-faltas-justificadas","status":"publish","type":"post","link":"https:\/\/portaltela.pt\/sociedade\/2026\/03\/26\/governo-recua-sobre-25-dias-de-ferias-e-faltas-justificadas\/","title":{"rendered":"Governo recua sobre 25 dias de f\u00e9rias e faltas justificadas"},"content":{"rendered":"<p>O Governo recuou em aspetos centrais do anteprojeto da reforma laboral. A proposta original, que previa 25 dias de f\u00e9rias e dois dias adicionais de faltas justificadas, j\u00e1 n\u00e3o integra a vers\u00e3o em discuss\u00e3o com as partes. A medida ficou de fora da nova vers\u00e3o enviada aos parceiros sociais.<\/p>\n<p>Segundo o seman\u00e1rio Expresso, o modelo que combinava as duas medidas j\u00e1 n\u00e3o est\u00e1 em cima da mesa. A reposi\u00e7\u00e3o para 25 dias de f\u00e9rias, que tinha sido defendida pela ministra do Trabalho, Solidariedade e Seguran\u00e7a Social, tamb\u00e9m n\u00e3o continua entre as possibilidades. O objetivo era aproximar o regime atual do per\u00edodo anterior \u00e0 troika.<\/p>\n<h3>Quadro de negocia\u00e7\u00f5es e linhas vermelhas<\/h3>\n<p>A proposta mant\u00e9m, por\u00e9m, v\u00e1rias linhas definidas pela UGT. O banco de horas mant\u00e9m o formato atual, apenas com a designa\u00e7\u00e3o alterada para banco de horas por acordo. As regras permanecem contestadas pelos trabalhadores, com d\u00favidas sobre flexibiliza\u00e7\u00e3o.<\/p>\n<p>O Governo aponta continuidade na regra sobre indemniza\u00e7\u00f5es por despedimento il\u00edcito. O alargamento da reintegra\u00e7\u00e3o a todas as empresas continua em debate, com o valor m\u00ednimo da indemniza\u00e7\u00e3o a subir de 30 para 45 dias e o limite m\u00e1ximo a fixar-se em 60 dias.<\/p>\n<h3>Outsourcing, contratos a termo e reformados<\/h3>\n<p>Relativamente ao outsourcing, o governo admite uso de trabalho externo para fun\u00e7\u00f5es n\u00e3o centrais, mantendo restri\u00e7\u00f5es para cargos estrat\u00e9gicos. Em tais situa\u00e7\u00f5es, o recurso ao exterior s\u00f3 pode ocorrer ap\u00f3s seis meses, em vez de um ano.<\/p>\n<p>A exig\u00eancia de contratos a prazo m\u00e1ximos foi revogada para subir de dois para tr\u00eas anos. A proposta tamb\u00e9m remove crit\u00e9rios m\u00ednimos para contratar reformados, deixando de parte esses requisitos.<\/p>\n<h3>Estado das negocia\u00e7\u00f5es e pr\u00f3ximos passos<\/h3>\n<p>Na ter\u00e7a-feira, as confedera\u00e7\u00f5es empresariais e a UGT declararam necessidade de mais tempo para concluir as negocia\u00e7\u00f5es. A negocia\u00e7\u00e3o permanece aberta e sem prazo definido, com v\u00e1rias reuni\u00f5es realizadas desde a apresenta\u00e7\u00e3o do anteprojeto.<\/p>\n<p>Desde a divulga\u00e7\u00e3o do documento intitulado Trabalho XXI, em 24 de julho de 2025, j\u00e1 decorreram mais de 50 encontros entre governo, empregadores e sindicatos. Segundo fontes do processo, j\u00e1 foi poss\u00edvel consensualizar mais de 76 artigos, com 24 propostos pela UGT.<\/p>\n","protected":false},"excerpt":{"rendered":"<ul>\n<li>O Governo recuou na inten\u00e7\u00e3o de aumentar as f\u00e9rias para 25 dias e na possibilidade de mais dois dias de faltas justificadas, n\u00e3o incluindo essas medidas na vers\u00e3o atual do anteprojeto.<\/li>\n<li>As mudan\u00e7as n\u00e3o alteram as principais linhas da UGT; o banco de horas passa a chamar-se banco de horas por acordo, mantendo as regras anteriores.<\/li>\n<li>A reintegra\u00e7\u00e3o em caso de despedimento il\u00edcito passa a poder ser exigida por todas as empresas, com indemniza\u00e7\u00e3o m\u00ednima de 45 dias e teto de 60 dias.<\/li>\n<li>O outsourcing \u00e9 permitido para fun\u00e7\u00f5es n\u00e3o centrais, com restri\u00e7\u00f5es para cargos centrais (n\u00e3o pode ser usado antes de seis meses) e o prazo m\u00e1ximo de contratos a termo mant\u00e9m-se em tr\u00eas anos; crit\u00e9rios para contrata\u00e7\u00e3o de reformados desaparecem.<\/li>\n<li>As negocia\u00e7\u00f5es ainda est\u00e3o em curso, com pedidos de mais tempo por parte das confedera\u00e7\u00f5es empresariais e da UGT; j\u00e1 houve mais de cinquenta reuni\u00f5es e consensualizados mais de setenta artigos.<\/li>\n<\/ul>\n","protected":false},"author":2,"featured_media":422738,"comment_status":"closed","ping_status":"closed","sticky":false,"template":"","format":"standard","meta":{"footnotes":""},"categories":[1,6871],"tags":[1125,948,34,2745,5463,2201],"class_list":["post-422737","post","type-post","status-publish","format-standard","has-post-thumbnail","hentry","category-noticias","category-sociedade","tag-contratos","tag-despedimento","tag-governo","tag-indenizacoes","tag-outsourcing","tag-trabalho"],"yoast_head":"<!-- This site is optimized with the Yoast SEO plugin v27.2 - https:\/\/yoast.com\/product\/yoast-seo-wordpress\/ -->\n<title>Governo recua sobre 25 dias de f\u00e9rias e faltas justificadas - Portal Tela Portugal<\/title>\n<meta name=\"robots\" content=\"index, follow, max-snippet:-1, max-image-preview:large, max-video-preview:-1\" \/>\n<meta property=\"og:locale\" content=\"pt_PT\" \/>\n<meta property=\"og:type\" content=\"article\" \/>\n<meta property=\"og:title\" content=\"Governo recua sobre 25 dias de f\u00e9rias e faltas justificadas - Portal Tela Portugal\" \/>\n<meta property=\"og:description\" content=\"O Governo recuou na inten\u00e7\u00e3o de aumentar as f\u00e9rias para 25 dias e na possibilidade de mais dois dias de faltas justificadas, n\u00e3o incluindo essas medidas na vers\u00e3o atual do anteprojeto. As mudan\u00e7as n\u00e3o alteram as principais linhas da UGT; o banco de horas passa a chamar-se banco de horas por acordo, mantendo as regras anteriores. A reintegra\u00e7\u00e3o em caso de despedimento il\u00edcito passa a poder ser exigida por todas as empresas, com indemniza\u00e7\u00e3o m\u00ednima de 45 dias e teto de 60 dias. O outsourcing \u00e9 permitido para fun\u00e7\u00f5es n\u00e3o centrais, com restri\u00e7\u00f5es para cargos centrais (n\u00e3o pode ser usado antes de seis meses) e o prazo m\u00e1ximo de contratos a termo mant\u00e9m-se em tr\u00eas anos; crit\u00e9rios para contrata\u00e7\u00e3o de reformados desaparecem. As negocia\u00e7\u00f5es ainda est\u00e3o em curso, com pedidos de mais tempo por parte das confedera\u00e7\u00f5es empresariais e da UGT; j\u00e1 houve mais de cinquenta reuni\u00f5es e consensualizados mais de setenta artigos.\" \/>\n<meta property=\"og:url\" content=\"https:\/\/portaltela.pt\/noticias\/2026\/03\/26\/governo-recua-sobre-25-dias-de-ferias-e-faltas-justificadas\/\" \/>\n<meta property=\"og:site_name\" content=\"Portal Tela Portugal\" \/>\n<meta property=\"article:published_time\" content=\"2026-03-26T18:31:00+00:00\" \/>\n<meta name=\"author\" content=\"Telinha\" \/>\n<meta name=\"twitter:card\" content=\"summary_large_image\" \/>\n<meta name=\"twitter:label1\" content=\"Escrito por\" \/>\n\t<meta name=\"twitter:data1\" content=\"Telinha\" \/>\n\t<meta name=\"twitter:label2\" content=\"Tempo estimado de leitura\" \/>\n\t<meta name=\"twitter:data2\" content=\"2 minutos\" \/>\n<script type=\"application\/ld+json\" class=\"yoast-schema-graph\">{\"@context\":\"https:\/\/schema.org\",\"@graph\":[{\"@type\":\"Article\",\"@id\":\"https:\/\/portaltela.pt\/noticias\/2026\/03\/26\/governo-recua-sobre-25-dias-de-ferias-e-faltas-justificadas\/#article\",\"isPartOf\":{\"@id\":\"https:\/\/portaltela.pt\/noticias\/2026\/03\/26\/governo-recua-sobre-25-dias-de-ferias-e-faltas-justificadas\/\"},\"author\":{\"name\":\"Telinha\",\"@id\":\"https:\/\/portaltela.pt\/#\/schema\/person\/c4278d4a6028830caff9ee44b42d32ed\"},\"headline\":\"Governo recua sobre 25 dias de f\u00e9rias e faltas justificadas\",\"datePublished\":\"2026-03-26T18:31:00+00:00\",\"mainEntityOfPage\":{\"@id\":\"https:\/\/portaltela.pt\/noticias\/2026\/03\/26\/governo-recua-sobre-25-dias-de-ferias-e-faltas-justificadas\/\"},\"wordCount\":396,\"image\":{\"@id\":\"https:\/\/portaltela.pt\/noticias\/2026\/03\/26\/governo-recua-sobre-25-dias-de-ferias-e-faltas-justificadas\/#primaryimage\"},\"thumbnailUrl\":\"https:\/\/portaltela.pt\/s.01k8rhncp4jt1\/2026\/03\/image-1557.jpg\",\"keywords\":[\"contratos\",\"despedimento\",\"governo\",\"indeniza\u00e7\u00f5es\",\"outsourcing\",\"trabalho\"],\"articleSection\":[\"Not\u00edcias\",\"Sociedade\"],\"inLanguage\":\"pt-PT\"},{\"@type\":\"WebPage\",\"@id\":\"https:\/\/portaltela.pt\/noticias\/2026\/03\/26\/governo-recua-sobre-25-dias-de-ferias-e-faltas-justificadas\/\",\"url\":\"https:\/\/portaltela.pt\/noticias\/2026\/03\/26\/governo-recua-sobre-25-dias-de-ferias-e-faltas-justificadas\/\",\"name\":\"Governo recua sobre 25 dias de f\u00e9rias e faltas justificadas - Portal Tela Portugal\",\"isPartOf\":{\"@id\":\"https:\/\/portaltela.pt\/#website\"},\"primaryImageOfPage\":{\"@id\":\"https:\/\/portaltela.pt\/noticias\/2026\/03\/26\/governo-recua-sobre-25-dias-de-ferias-e-faltas-justificadas\/#primaryimage\"},\"image\":{\"@id\":\"https:\/\/portaltela.pt\/noticias\/2026\/03\/26\/governo-recua-sobre-25-dias-de-ferias-e-faltas-justificadas\/#primaryimage\"},\"thumbnailUrl\":\"https:\/\/portaltela.pt\/s.01k8rhncp4jt1\/2026\/03\/image-1557.jpg\",\"datePublished\":\"2026-03-26T18:31:00+00:00\",\"author\":{\"@id\":\"https:\/\/portaltela.pt\/#\/schema\/person\/c4278d4a6028830caff9ee44b42d32ed\"},\"breadcrumb\":{\"@id\":\"https:\/\/portaltela.pt\/noticias\/2026\/03\/26\/governo-recua-sobre-25-dias-de-ferias-e-faltas-justificadas\/#breadcrumb\"},\"inLanguage\":\"pt-PT\",\"potentialAction\":[{\"@type\":\"ReadAction\",\"target\":[\"https:\/\/portaltela.pt\/noticias\/2026\/03\/26\/governo-recua-sobre-25-dias-de-ferias-e-faltas-justificadas\/\"]}]},{\"@type\":\"ImageObject\",\"inLanguage\":\"pt-PT\",\"@id\":\"https:\/\/portaltela.pt\/noticias\/2026\/03\/26\/governo-recua-sobre-25-dias-de-ferias-e-faltas-justificadas\/#primaryimage\",\"url\":\"https:\/\/portaltela.pt\/s.01k8rhncp4jt1\/2026\/03\/image-1557.jpg\",\"contentUrl\":\"https:\/\/portaltela.pt\/s.01k8rhncp4jt1\/2026\/03\/image-1557.jpg\",\"width\":796,\"height\":448,\"caption\":\"A ministra do Trabalho, Solidariedade e Seguran\u00e7a Social\"},{\"@type\":\"BreadcrumbList\",\"@id\":\"https:\/\/portaltela.pt\/noticias\/2026\/03\/26\/governo-recua-sobre-25-dias-de-ferias-e-faltas-justificadas\/#breadcrumb\",\"itemListElement\":[{\"@type\":\"ListItem\",\"position\":1,\"name\":\"In\u00edcio\",\"item\":\"https:\/\/portaltela.pt\/\"},{\"@type\":\"ListItem\",\"position\":2,\"name\":\"Governo recua sobre 25 dias de f\u00e9rias e faltas justificadas\"}]},{\"@type\":\"WebSite\",\"@id\":\"https:\/\/portaltela.pt\/#website\",\"url\":\"https:\/\/portaltela.pt\/\",\"name\":\"Portal Tela Portugal\",\"description\":\"\",\"potentialAction\":[{\"@type\":\"SearchAction\",\"target\":{\"@type\":\"EntryPoint\",\"urlTemplate\":\"https:\/\/portaltela.pt\/?s={search_term_string}\"},\"query-input\":{\"@type\":\"PropertyValueSpecification\",\"valueRequired\":true,\"valueName\":\"search_term_string\"}}],\"inLanguage\":\"pt-PT\"},{\"@type\":\"Person\",\"@id\":\"https:\/\/portaltela.pt\/#\/schema\/person\/c4278d4a6028830caff9ee44b42d32ed\",\"name\":\"Telinha\",\"image\":{\"@type\":\"ImageObject\",\"inLanguage\":\"pt-PT\",\"@id\":\"https:\/\/portaltela.pt\/s.01k8rhncp4jt1\/2025\/11\/talking-bot-125x125.png\",\"url\":\"https:\/\/portaltela.pt\/s.01k8rhncp4jt1\/2025\/11\/talking-bot-125x125.png\",\"contentUrl\":\"https:\/\/portaltela.pt\/s.01k8rhncp4jt1\/2025\/11\/talking-bot-125x125.png\",\"caption\":\"Telinha\"},\"sameAs\":[\"https:\/\/portaltela.pt\/\"],\"url\":\"https:\/\/portaltela.pt\/por\/367410592786\/\"}]}<\/script>\n<!-- \/ Yoast SEO plugin. -->","yoast_head_json":{"title":"Governo recua sobre 25 dias de f\u00e9rias e faltas justificadas - Portal Tela Portugal","robots":{"index":"index","follow":"follow","max-snippet":"max-snippet:-1","max-image-preview":"max-image-preview:large","max-video-preview":"max-video-preview:-1"},"og_locale":"pt_PT","og_type":"article","og_title":"Governo recua sobre 25 dias de f\u00e9rias e faltas justificadas - Portal Tela Portugal","og_description":"O Governo recuou na inten\u00e7\u00e3o de aumentar as f\u00e9rias para 25 dias e na possibilidade de mais dois dias de faltas justificadas, n\u00e3o incluindo essas medidas na vers\u00e3o atual do anteprojeto. As mudan\u00e7as n\u00e3o alteram as principais linhas da UGT; o banco de horas passa a chamar-se banco de horas por acordo, mantendo as regras anteriores. A reintegra\u00e7\u00e3o em caso de despedimento il\u00edcito passa a poder ser exigida por todas as empresas, com indemniza\u00e7\u00e3o m\u00ednima de 45 dias e teto de 60 dias. O outsourcing \u00e9 permitido para fun\u00e7\u00f5es n\u00e3o centrais, com restri\u00e7\u00f5es para cargos centrais (n\u00e3o pode ser usado antes de seis meses) e o prazo m\u00e1ximo de contratos a termo mant\u00e9m-se em tr\u00eas anos; crit\u00e9rios para contrata\u00e7\u00e3o de reformados desaparecem. As negocia\u00e7\u00f5es ainda est\u00e3o em curso, com pedidos de mais tempo por parte das confedera\u00e7\u00f5es empresariais e da UGT; j\u00e1 houve mais de cinquenta reuni\u00f5es e consensualizados mais de setenta artigos.","og_url":"https:\/\/portaltela.pt\/noticias\/2026\/03\/26\/governo-recua-sobre-25-dias-de-ferias-e-faltas-justificadas\/","og_site_name":"Portal Tela Portugal","article_published_time":"2026-03-26T18:31:00+00:00","author":"Telinha","twitter_card":"summary_large_image","twitter_misc":{"Escrito por":"Telinha","Tempo estimado de leitura":"2 minutos"},"schema":{"@context":"https:\/\/schema.org","@graph":[{"@type":"Article","@id":"https:\/\/portaltela.pt\/noticias\/2026\/03\/26\/governo-recua-sobre-25-dias-de-ferias-e-faltas-justificadas\/#article","isPartOf":{"@id":"https:\/\/portaltela.pt\/noticias\/2026\/03\/26\/governo-recua-sobre-25-dias-de-ferias-e-faltas-justificadas\/"},"author":{"name":"Telinha","@id":"https:\/\/portaltela.pt\/#\/schema\/person\/c4278d4a6028830caff9ee44b42d32ed"},"headline":"Governo recua sobre 25 dias de f\u00e9rias e faltas justificadas","datePublished":"2026-03-26T18:31:00+00:00","mainEntityOfPage":{"@id":"https:\/\/portaltela.pt\/noticias\/2026\/03\/26\/governo-recua-sobre-25-dias-de-ferias-e-faltas-justificadas\/"},"wordCount":396,"image":{"@id":"https:\/\/portaltela.pt\/noticias\/2026\/03\/26\/governo-recua-sobre-25-dias-de-ferias-e-faltas-justificadas\/#primaryimage"},"thumbnailUrl":"https:\/\/portaltela.pt\/s.01k8rhncp4jt1\/2026\/03\/image-1557.jpg","keywords":["contratos","despedimento","governo","indeniza\u00e7\u00f5es","outsourcing","trabalho"],"articleSection":["Not\u00edcias","Sociedade"],"inLanguage":"pt-PT"},{"@type":"WebPage","@id":"https:\/\/portaltela.pt\/noticias\/2026\/03\/26\/governo-recua-sobre-25-dias-de-ferias-e-faltas-justificadas\/","url":"https:\/\/portaltela.pt\/noticias\/2026\/03\/26\/governo-recua-sobre-25-dias-de-ferias-e-faltas-justificadas\/","name":"Governo recua sobre 25 dias de f\u00e9rias e faltas justificadas - Portal Tela Portugal","isPartOf":{"@id":"https:\/\/portaltela.pt\/#website"},"primaryImageOfPage":{"@id":"https:\/\/portaltela.pt\/noticias\/2026\/03\/26\/governo-recua-sobre-25-dias-de-ferias-e-faltas-justificadas\/#primaryimage"},"image":{"@id":"https:\/\/portaltela.pt\/noticias\/2026\/03\/26\/governo-recua-sobre-25-dias-de-ferias-e-faltas-justificadas\/#primaryimage"},"thumbnailUrl":"https:\/\/portaltela.pt\/s.01k8rhncp4jt1\/2026\/03\/image-1557.jpg","datePublished":"2026-03-26T18:31:00+00:00","author":{"@id":"https:\/\/portaltela.pt\/#\/schema\/person\/c4278d4a6028830caff9ee44b42d32ed"},"breadcrumb":{"@id":"https:\/\/portaltela.pt\/noticias\/2026\/03\/26\/governo-recua-sobre-25-dias-de-ferias-e-faltas-justificadas\/#breadcrumb"},"inLanguage":"pt-PT","potentialAction":[{"@type":"ReadAction","target":["https:\/\/portaltela.pt\/noticias\/2026\/03\/26\/governo-recua-sobre-25-dias-de-ferias-e-faltas-justificadas\/"]}]},{"@type":"ImageObject","inLanguage":"pt-PT","@id":"https:\/\/portaltela.pt\/noticias\/2026\/03\/26\/governo-recua-sobre-25-dias-de-ferias-e-faltas-justificadas\/#primaryimage","url":"https:\/\/portaltela.pt\/s.01k8rhncp4jt1\/2026\/03\/image-1557.jpg","contentUrl":"https:\/\/portaltela.pt\/s.01k8rhncp4jt1\/2026\/03\/image-1557.jpg","width":796,"height":448,"caption":"A ministra do Trabalho, Solidariedade e Seguran\u00e7a Social"},{"@type":"BreadcrumbList","@id":"https:\/\/portaltela.pt\/noticias\/2026\/03\/26\/governo-recua-sobre-25-dias-de-ferias-e-faltas-justificadas\/#breadcrumb","itemListElement":[{"@type":"ListItem","position":1,"name":"In\u00edcio","item":"https:\/\/portaltela.pt\/"},{"@type":"ListItem","position":2,"name":"Governo recua sobre 25 dias de f\u00e9rias e faltas justificadas"}]},{"@type":"WebSite","@id":"https:\/\/portaltela.pt\/#website","url":"https:\/\/portaltela.pt\/","name":"Portal Tela Portugal","description":"","potentialAction":[{"@type":"SearchAction","target":{"@type":"EntryPoint","urlTemplate":"https:\/\/portaltela.pt\/?s={search_term_string}"},"query-input":{"@type":"PropertyValueSpecification","valueRequired":true,"valueName":"search_term_string"}}],"inLanguage":"pt-PT"},{"@type":"Person","@id":"https:\/\/portaltela.pt\/#\/schema\/person\/c4278d4a6028830caff9ee44b42d32ed","name":"Telinha","image":{"@type":"ImageObject","inLanguage":"pt-PT","@id":"https:\/\/portaltela.pt\/s.01k8rhncp4jt1\/2025\/11\/talking-bot-125x125.png","url":"https:\/\/portaltela.pt\/s.01k8rhncp4jt1\/2025\/11\/talking-bot-125x125.png","contentUrl":"https:\/\/portaltela.pt\/s.01k8rhncp4jt1\/2025\/11\/talking-bot-125x125.png","caption":"Telinha"},"sameAs":["https:\/\/portaltela.pt\/"],"url":"https:\/\/portaltela.pt\/por\/367410592786\/"}]}},"_links":{"self":[{"href":"https:\/\/portaltela.pt\/api\/wp\/v2\/posts\/422737","targetHints":{"allow":["GET"]}}],"collection":[{"href":"https:\/\/portaltela.pt\/api\/wp\/v2\/posts"}],"about":[{"href":"https:\/\/portaltela.pt\/api\/wp\/v2\/types\/post"}],"author":[{"embeddable":true,"href":"https:\/\/portaltela.pt\/api\/wp\/v2\/users\/2"}],"replies":[{"embeddable":true,"href":"https:\/\/portaltela.pt\/api\/wp\/v2\/comments?post=422737"}],"version-history":[{"count":0,"href":"https:\/\/portaltela.pt\/api\/wp\/v2\/posts\/422737\/revisions"}],"wp:featuredmedia":[{"embeddable":true,"href":"https:\/\/portaltela.pt\/api\/wp\/v2\/media\/422738"}],"wp:attachment":[{"href":"https:\/\/portaltela.pt\/api\/wp\/v2\/media?parent=422737"}],"wp:term":[{"taxonomy":"category","embeddable":true,"href":"https:\/\/portaltela.pt\/api\/wp\/v2\/categories?post=422737"},{"taxonomy":"post_tag","embeddable":true,"href":"https:\/\/portaltela.pt\/api\/wp\/v2\/tags?post=422737"}],"curies":[{"name":"wp","href":"https:\/\/api.w.org\/{rel}","templated":true}]}}