{"id":422732,"date":"2026-03-26T15:09:00","date_gmt":"2026-03-26T18:09:00","guid":{"rendered":"https:\/\/portaltela.pt\/noticias\/2026\/03\/26\/pascoa-na-mesa-cabrito-e-presenca-tradicional\/"},"modified":"2026-03-26T15:09:00","modified_gmt":"2026-03-26T18:09:00","slug":"pascoa-na-mesa-cabrito-e-presenca-tradicional","status":"publish","type":"post","link":"https:\/\/portaltela.pt\/noticias\/2026\/03\/26\/pascoa-na-mesa-cabrito-e-presenca-tradicional\/","title":{"rendered":"P\u00e1scoa na mesa: cabrito \u00e9 presen\u00e7a tradicional"},"content":{"rendered":"<p>Desta sexta-feira, o Jornal de Not\u00edcias apresenta as Evas\u00f5es de P\u00e1scoa, com entrada gratuita. A edi\u00e7\u00e3o foca a celebra\u00e7\u00e3o, a gastronomia e a cultura associadas ao per\u00edodo festivo, destacando tradi\u00e7\u00f5es como o cabrito assado nas mesas de P\u00e1scoa.<\/p>\n<p>A narrativa junta eventos, restaurantes e op\u00e7\u00f5es de lazer para o fim de semana. A ideia \u00e9 oferecer um roteiro diverso para quem quer aproveitar o feriado, sem esquecer a import\u00e2ncia de apreciar a tradi\u00e7\u00e3o portuguesa e a renova\u00e7\u00e3o da \u00e9poca.<\/p>\n<h3>Tema de capa<\/h3>\n<p>O cabrito tem um papel simb\u00f3lico e pr\u00e1tico nas narrativas pascais ao longo da hist\u00f3ria. Com a chegada da primavera, ele aparece com maior presen\u00e7a nos fornos, mantendo viva a tradi\u00e7\u00e3o.<\/p>\n<p>Quatro restaurantes elevam a relev\u00e2ncia da comida pascal, em especial o cabrito assado, considerado uma del\u00edcia para o dia santo. Atrav\u00e9s de receitas e t\u00e9cnicas, a imprensa ressalta a import\u00e2ncia desta tradi\u00e7\u00e3o gastron\u00f3mica.<\/p>\n<h3>Passear<\/h3>\n<p>O Programa de Arte Urbana do Porto est\u00e1 h\u00e1 12 anos em atividade e continua a crescer. Artistas locais e convidados conferem \u00e0 cidade uma dimens\u00e3o mais viva, conectando estilos, comunidades e mem\u00f3rias.<\/p>\n<p>As interven\u00e7\u00f5es art\u00edsticas criam pontes entre bairros e visitantes, promovendo um roteiro urbano que acompanha a agenda cultural da regi\u00e3o. O resultado \u00e9 um Porto mais din\u00e2mico para explorar.<\/p>\n<h3>Agenda de abril<\/h3>\n<p>O m\u00eas abre com um fim de semana dedicado ao conv\u00edvio familiar, chocolates e ca\u00e7a ao ovo. Segue com cinema, vinho do Porto, gastronomia, oficinas e sess\u00f5es de leitura, entre outras atividades.<\/p>\n<p>A expectativa \u00e9 oferecer op\u00e7\u00f5es para p\u00fablicos variados, incentivando a participa\u00e7\u00e3o em fam\u00edlia e entre amigos. O objetivo \u00e9 incentivar a ocupa\u00e7\u00e3o de espa\u00e7os culturais durante o feriado.<\/p>\n<h3>Restaurantes<\/h3>\n<p>O Alva, novo no Parque das Na\u00e7\u00f5es, em Lisboa, apresenta uma carta com influ\u00eancia mediterr\u00e2nea e cozinha portuguesa. O chef Ant\u00f3nio Alexandre dirige o espa\u00e7o, com four d\u00e9cadas de experi\u00eancia.<\/p>\n<p>A carreira do chef inclui passagens por outros restaurantes conceituados e por experi\u00eancias internacionais, refletindo uma abordagem que privilegia temperos e t\u00e9cnicas diversas. O restaurante visa modernizar tradi\u00e7\u00f5es locais.<\/p>\n<h3>Ficar<\/h3>\n<p>Pedro e Madalena Rutkowski apresentaram o Vale Palheiro Earth Resort, em Aljezur, ap\u00f3s 15 anos de desenvolvimento. A aposta utiliza taipa, t\u00e9cnica rara na hotelaria atual, e situa-se num vale entre serra perfumada e mar.<\/p>\n<p>O projeto oferece um ambiente que convida \u00e0 tranquilidade, combinando hist\u00f3ria local com uma oferta de hospedagem distinta. O resort pretende atrair visitantes que buscam natureza e paisagem.<\/p>\n","protected":false},"excerpt":{"rendered":"<ul>\n<li>Evas\u00f5es de amanh\u00e3, gr\u00e1tis com o Jornal de Not\u00edcias, destacam a P\u00e1scoa \u00e0 mesa com cabrito em quatro restaurantes.<\/li>\n<li>O cabrito representa a tradi\u00e7\u00e3o pascal e aparece em propostas de forno em v\u00e1rias casas.<\/li>\n<li>O Porto celebra com o Programa de Arte Urbana, j\u00e1 com doze anos, conectando artistas e mem\u00f3rias da cidade.<\/li>\n<li>A agenda de abril traz fim de semana em fam\u00edlia, ca\u00e7a ao ovo, cinema, vinho do Porto, oficinas e livros.<\/li>\n<li>Em Lisboa, o restaurante Alva, liderado pelo chef Ant\u00f3nio Alexandre, revela carta mediterr\u00e2nea com influ\u00eancia portuguesa; em Aljezur abre o Vale Palheiro Earth Resort, criado por Pedro e Madalena Rutkowski.<\/li>\n<\/ul>\n","protected":false},"author":2,"featured_media":422735,"comment_status":"closed","ping_status":"closed","sticky":false,"template":"","format":"standard","meta":{"footnotes":""},"categories":[7369,1],"tags":[1649,145,219,981,3715,982],"class_list":["post-422732","post","type-post","status-publish","format-standard","has-post-thumbnail","hentry","category-gastronomia","category-noticias","tag-aljezur","tag-cultura","tag-gastronomia","tag-lisboa","tag-parque-das-nacoes","tag-porto"],"yoast_head":"<!-- This site is optimized with the Yoast SEO plugin v27.2 - https:\/\/yoast.com\/product\/yoast-seo-wordpress\/ -->\n<title>P\u00e1scoa na mesa: cabrito \u00e9 presen\u00e7a tradicional - Portal Tela Portugal<\/title>\n<meta name=\"robots\" content=\"index, follow, max-snippet:-1, max-image-preview:large, max-video-preview:-1\" \/>\n<meta property=\"og:locale\" content=\"pt_PT\" \/>\n<meta property=\"og:type\" content=\"article\" \/>\n<meta property=\"og:title\" content=\"P\u00e1scoa na mesa: cabrito \u00e9 presen\u00e7a tradicional - Portal Tela Portugal\" \/>\n<meta property=\"og:description\" content=\"Evas\u00f5es de amanh\u00e3, gr\u00e1tis com o Jornal de Not\u00edcias, destacam a P\u00e1scoa \u00e0 mesa com cabrito em quatro restaurantes. O cabrito representa a tradi\u00e7\u00e3o pascal e aparece em propostas de forno em v\u00e1rias casas. O Porto celebra com o Programa de Arte Urbana, j\u00e1 com doze anos, conectando artistas e mem\u00f3rias da cidade. A agenda de abril traz fim de semana em fam\u00edlia, ca\u00e7a ao ovo, cinema, vinho do Porto, oficinas e livros. Em Lisboa, o restaurante Alva, liderado pelo chef Ant\u00f3nio Alexandre, revela carta mediterr\u00e2nea com influ\u00eancia portuguesa; em Aljezur abre o Vale Palheiro Earth Resort, criado por Pedro e Madalena Rutkowski.\" \/>\n<meta property=\"og:url\" content=\"https:\/\/portaltela.pt\/noticias\/2026\/03\/26\/pascoa-na-mesa-cabrito-e-presenca-tradicional\/\" \/>\n<meta property=\"og:site_name\" content=\"Portal Tela Portugal\" \/>\n<meta property=\"article:published_time\" content=\"2026-03-26T18:09:00+00:00\" \/>\n<meta name=\"author\" content=\"Telinha\" \/>\n<meta name=\"twitter:card\" content=\"summary_large_image\" \/>\n<meta name=\"twitter:label1\" content=\"Escrito por\" \/>\n\t<meta name=\"twitter:data1\" content=\"Telinha\" \/>\n\t<meta name=\"twitter:label2\" content=\"Tempo estimado de leitura\" \/>\n\t<meta name=\"twitter:data2\" content=\"2 minutos\" \/>\n<script type=\"application\/ld+json\" class=\"yoast-schema-graph\">{\"@context\":\"https:\/\/schema.org\",\"@graph\":[{\"@type\":\"Article\",\"@id\":\"https:\/\/portaltela.pt\/noticias\/2026\/03\/26\/pascoa-na-mesa-cabrito-e-presenca-tradicional\/#article\",\"isPartOf\":{\"@id\":\"https:\/\/portaltela.pt\/noticias\/2026\/03\/26\/pascoa-na-mesa-cabrito-e-presenca-tradicional\/\"},\"author\":{\"name\":\"Telinha\",\"@id\":\"https:\/\/portaltela.pt\/#\/schema\/person\/c4278d4a6028830caff9ee44b42d32ed\"},\"headline\":\"P\u00e1scoa na mesa: cabrito \u00e9 presen\u00e7a tradicional\",\"datePublished\":\"2026-03-26T18:09:00+00:00\",\"mainEntityOfPage\":{\"@id\":\"https:\/\/portaltela.pt\/noticias\/2026\/03\/26\/pascoa-na-mesa-cabrito-e-presenca-tradicional\/\"},\"wordCount\":449,\"image\":{\"@id\":\"https:\/\/portaltela.pt\/noticias\/2026\/03\/26\/pascoa-na-mesa-cabrito-e-presenca-tradicional\/#primaryimage\"},\"thumbnailUrl\":\"https:\/\/portaltela.pt\/s.01k8rhncp4jt1\/2026\/03\/image-161.webp\",\"keywords\":[\"Aljezur\",\"cultura\",\"gastronomia\",\"Lisboa\",\"Parque das Na\u00e7\u00f5es\",\"Porto\"],\"articleSection\":[\"Gastronomia\",\"Not\u00edcias\"],\"inLanguage\":\"pt-PT\"},{\"@type\":\"WebPage\",\"@id\":\"https:\/\/portaltela.pt\/noticias\/2026\/03\/26\/pascoa-na-mesa-cabrito-e-presenca-tradicional\/\",\"url\":\"https:\/\/portaltela.pt\/noticias\/2026\/03\/26\/pascoa-na-mesa-cabrito-e-presenca-tradicional\/\",\"name\":\"P\u00e1scoa na mesa: cabrito \u00e9 presen\u00e7a tradicional - Portal Tela Portugal\",\"isPartOf\":{\"@id\":\"https:\/\/portaltela.pt\/#website\"},\"primaryImageOfPage\":{\"@id\":\"https:\/\/portaltela.pt\/noticias\/2026\/03\/26\/pascoa-na-mesa-cabrito-e-presenca-tradicional\/#primaryimage\"},\"image\":{\"@id\":\"https:\/\/portaltela.pt\/noticias\/2026\/03\/26\/pascoa-na-mesa-cabrito-e-presenca-tradicional\/#primaryimage\"},\"thumbnailUrl\":\"https:\/\/portaltela.pt\/s.01k8rhncp4jt1\/2026\/03\/image-161.webp\",\"datePublished\":\"2026-03-26T18:09:00+00:00\",\"author\":{\"@id\":\"https:\/\/portaltela.pt\/#\/schema\/person\/c4278d4a6028830caff9ee44b42d32ed\"},\"breadcrumb\":{\"@id\":\"https:\/\/portaltela.pt\/noticias\/2026\/03\/26\/pascoa-na-mesa-cabrito-e-presenca-tradicional\/#breadcrumb\"},\"inLanguage\":\"pt-PT\",\"potentialAction\":[{\"@type\":\"ReadAction\",\"target\":[\"https:\/\/portaltela.pt\/noticias\/2026\/03\/26\/pascoa-na-mesa-cabrito-e-presenca-tradicional\/\"]}]},{\"@type\":\"ImageObject\",\"inLanguage\":\"pt-PT\",\"@id\":\"https:\/\/portaltela.pt\/noticias\/2026\/03\/26\/pascoa-na-mesa-cabrito-e-presenca-tradicional\/#primaryimage\",\"url\":\"https:\/\/portaltela.pt\/s.01k8rhncp4jt1\/2026\/03\/image-161.webp\",\"contentUrl\":\"https:\/\/portaltela.pt\/s.01k8rhncp4jt1\/2026\/03\/image-161.webp\",\"width\":1200,\"height\":800,\"caption\":\"Imagem de contexto do artigo Evas\u00f5es \u00e0 sexta: P\u00e1scoa \u00e0 mesa \u00e9 P\u00e1scoa com cabrito\"},{\"@type\":\"BreadcrumbList\",\"@id\":\"https:\/\/portaltela.pt\/noticias\/2026\/03\/26\/pascoa-na-mesa-cabrito-e-presenca-tradicional\/#breadcrumb\",\"itemListElement\":[{\"@type\":\"ListItem\",\"position\":1,\"name\":\"In\u00edcio\",\"item\":\"https:\/\/portaltela.pt\/\"},{\"@type\":\"ListItem\",\"position\":2,\"name\":\"P\u00e1scoa na mesa: cabrito \u00e9 presen\u00e7a tradicional\"}]},{\"@type\":\"WebSite\",\"@id\":\"https:\/\/portaltela.pt\/#website\",\"url\":\"https:\/\/portaltela.pt\/\",\"name\":\"Portal Tela Portugal\",\"description\":\"\",\"potentialAction\":[{\"@type\":\"SearchAction\",\"target\":{\"@type\":\"EntryPoint\",\"urlTemplate\":\"https:\/\/portaltela.pt\/?s={search_term_string}\"},\"query-input\":{\"@type\":\"PropertyValueSpecification\",\"valueRequired\":true,\"valueName\":\"search_term_string\"}}],\"inLanguage\":\"pt-PT\"},{\"@type\":\"Person\",\"@id\":\"https:\/\/portaltela.pt\/#\/schema\/person\/c4278d4a6028830caff9ee44b42d32ed\",\"name\":\"Telinha\",\"image\":{\"@type\":\"ImageObject\",\"inLanguage\":\"pt-PT\",\"@id\":\"https:\/\/portaltela.pt\/s.01k8rhncp4jt1\/2025\/11\/talking-bot-125x125.png\",\"url\":\"https:\/\/portaltela.pt\/s.01k8rhncp4jt1\/2025\/11\/talking-bot-125x125.png\",\"contentUrl\":\"https:\/\/portaltela.pt\/s.01k8rhncp4jt1\/2025\/11\/talking-bot-125x125.png\",\"caption\":\"Telinha\"},\"sameAs\":[\"https:\/\/portaltela.pt\/\"],\"url\":\"https:\/\/portaltela.pt\/por\/367410592786\/\"}]}<\/script>\n<!-- \/ Yoast SEO plugin. -->","yoast_head_json":{"title":"P\u00e1scoa na mesa: cabrito \u00e9 presen\u00e7a tradicional - Portal Tela Portugal","robots":{"index":"index","follow":"follow","max-snippet":"max-snippet:-1","max-image-preview":"max-image-preview:large","max-video-preview":"max-video-preview:-1"},"og_locale":"pt_PT","og_type":"article","og_title":"P\u00e1scoa na mesa: cabrito \u00e9 presen\u00e7a tradicional - Portal Tela Portugal","og_description":"Evas\u00f5es de amanh\u00e3, gr\u00e1tis com o Jornal de Not\u00edcias, destacam a P\u00e1scoa \u00e0 mesa com cabrito em quatro restaurantes. O cabrito representa a tradi\u00e7\u00e3o pascal e aparece em propostas de forno em v\u00e1rias casas. O Porto celebra com o Programa de Arte Urbana, j\u00e1 com doze anos, conectando artistas e mem\u00f3rias da cidade. A agenda de abril traz fim de semana em fam\u00edlia, ca\u00e7a ao ovo, cinema, vinho do Porto, oficinas e livros. Em Lisboa, o restaurante Alva, liderado pelo chef Ant\u00f3nio Alexandre, revela carta mediterr\u00e2nea com influ\u00eancia portuguesa; em Aljezur abre o Vale Palheiro Earth Resort, criado por Pedro e Madalena Rutkowski.","og_url":"https:\/\/portaltela.pt\/noticias\/2026\/03\/26\/pascoa-na-mesa-cabrito-e-presenca-tradicional\/","og_site_name":"Portal Tela Portugal","article_published_time":"2026-03-26T18:09:00+00:00","author":"Telinha","twitter_card":"summary_large_image","twitter_misc":{"Escrito por":"Telinha","Tempo estimado de leitura":"2 minutos"},"schema":{"@context":"https:\/\/schema.org","@graph":[{"@type":"Article","@id":"https:\/\/portaltela.pt\/noticias\/2026\/03\/26\/pascoa-na-mesa-cabrito-e-presenca-tradicional\/#article","isPartOf":{"@id":"https:\/\/portaltela.pt\/noticias\/2026\/03\/26\/pascoa-na-mesa-cabrito-e-presenca-tradicional\/"},"author":{"name":"Telinha","@id":"https:\/\/portaltela.pt\/#\/schema\/person\/c4278d4a6028830caff9ee44b42d32ed"},"headline":"P\u00e1scoa na mesa: cabrito \u00e9 presen\u00e7a tradicional","datePublished":"2026-03-26T18:09:00+00:00","mainEntityOfPage":{"@id":"https:\/\/portaltela.pt\/noticias\/2026\/03\/26\/pascoa-na-mesa-cabrito-e-presenca-tradicional\/"},"wordCount":449,"image":{"@id":"https:\/\/portaltela.pt\/noticias\/2026\/03\/26\/pascoa-na-mesa-cabrito-e-presenca-tradicional\/#primaryimage"},"thumbnailUrl":"https:\/\/portaltela.pt\/s.01k8rhncp4jt1\/2026\/03\/image-161.webp","keywords":["Aljezur","cultura","gastronomia","Lisboa","Parque das Na\u00e7\u00f5es","Porto"],"articleSection":["Gastronomia","Not\u00edcias"],"inLanguage":"pt-PT"},{"@type":"WebPage","@id":"https:\/\/portaltela.pt\/noticias\/2026\/03\/26\/pascoa-na-mesa-cabrito-e-presenca-tradicional\/","url":"https:\/\/portaltela.pt\/noticias\/2026\/03\/26\/pascoa-na-mesa-cabrito-e-presenca-tradicional\/","name":"P\u00e1scoa na mesa: cabrito \u00e9 presen\u00e7a tradicional - Portal Tela Portugal","isPartOf":{"@id":"https:\/\/portaltela.pt\/#website"},"primaryImageOfPage":{"@id":"https:\/\/portaltela.pt\/noticias\/2026\/03\/26\/pascoa-na-mesa-cabrito-e-presenca-tradicional\/#primaryimage"},"image":{"@id":"https:\/\/portaltela.pt\/noticias\/2026\/03\/26\/pascoa-na-mesa-cabrito-e-presenca-tradicional\/#primaryimage"},"thumbnailUrl":"https:\/\/portaltela.pt\/s.01k8rhncp4jt1\/2026\/03\/image-161.webp","datePublished":"2026-03-26T18:09:00+00:00","author":{"@id":"https:\/\/portaltela.pt\/#\/schema\/person\/c4278d4a6028830caff9ee44b42d32ed"},"breadcrumb":{"@id":"https:\/\/portaltela.pt\/noticias\/2026\/03\/26\/pascoa-na-mesa-cabrito-e-presenca-tradicional\/#breadcrumb"},"inLanguage":"pt-PT","potentialAction":[{"@type":"ReadAction","target":["https:\/\/portaltela.pt\/noticias\/2026\/03\/26\/pascoa-na-mesa-cabrito-e-presenca-tradicional\/"]}]},{"@type":"ImageObject","inLanguage":"pt-PT","@id":"https:\/\/portaltela.pt\/noticias\/2026\/03\/26\/pascoa-na-mesa-cabrito-e-presenca-tradicional\/#primaryimage","url":"https:\/\/portaltela.pt\/s.01k8rhncp4jt1\/2026\/03\/image-161.webp","contentUrl":"https:\/\/portaltela.pt\/s.01k8rhncp4jt1\/2026\/03\/image-161.webp","width":1200,"height":800,"caption":"Imagem de contexto do artigo Evas\u00f5es \u00e0 sexta: P\u00e1scoa \u00e0 mesa \u00e9 P\u00e1scoa com cabrito"},{"@type":"BreadcrumbList","@id":"https:\/\/portaltela.pt\/noticias\/2026\/03\/26\/pascoa-na-mesa-cabrito-e-presenca-tradicional\/#breadcrumb","itemListElement":[{"@type":"ListItem","position":1,"name":"In\u00edcio","item":"https:\/\/portaltela.pt\/"},{"@type":"ListItem","position":2,"name":"P\u00e1scoa na mesa: cabrito \u00e9 presen\u00e7a tradicional"}]},{"@type":"WebSite","@id":"https:\/\/portaltela.pt\/#website","url":"https:\/\/portaltela.pt\/","name":"Portal Tela Portugal","description":"","potentialAction":[{"@type":"SearchAction","target":{"@type":"EntryPoint","urlTemplate":"https:\/\/portaltela.pt\/?s={search_term_string}"},"query-input":{"@type":"PropertyValueSpecification","valueRequired":true,"valueName":"search_term_string"}}],"inLanguage":"pt-PT"},{"@type":"Person","@id":"https:\/\/portaltela.pt\/#\/schema\/person\/c4278d4a6028830caff9ee44b42d32ed","name":"Telinha","image":{"@type":"ImageObject","inLanguage":"pt-PT","@id":"https:\/\/portaltela.pt\/s.01k8rhncp4jt1\/2025\/11\/talking-bot-125x125.png","url":"https:\/\/portaltela.pt\/s.01k8rhncp4jt1\/2025\/11\/talking-bot-125x125.png","contentUrl":"https:\/\/portaltela.pt\/s.01k8rhncp4jt1\/2025\/11\/talking-bot-125x125.png","caption":"Telinha"},"sameAs":["https:\/\/portaltela.pt\/"],"url":"https:\/\/portaltela.pt\/por\/367410592786\/"}]}},"_links":{"self":[{"href":"https:\/\/portaltela.pt\/api\/wp\/v2\/posts\/422732","targetHints":{"allow":["GET"]}}],"collection":[{"href":"https:\/\/portaltela.pt\/api\/wp\/v2\/posts"}],"about":[{"href":"https:\/\/portaltela.pt\/api\/wp\/v2\/types\/post"}],"author":[{"embeddable":true,"href":"https:\/\/portaltela.pt\/api\/wp\/v2\/users\/2"}],"replies":[{"embeddable":true,"href":"https:\/\/portaltela.pt\/api\/wp\/v2\/comments?post=422732"}],"version-history":[{"count":0,"href":"https:\/\/portaltela.pt\/api\/wp\/v2\/posts\/422732\/revisions"}],"wp:featuredmedia":[{"embeddable":true,"href":"https:\/\/portaltela.pt\/api\/wp\/v2\/media\/422735"}],"wp:attachment":[{"href":"https:\/\/portaltela.pt\/api\/wp\/v2\/media?parent=422732"}],"wp:term":[{"taxonomy":"category","embeddable":true,"href":"https:\/\/portaltela.pt\/api\/wp\/v2\/categories?post=422732"},{"taxonomy":"post_tag","embeddable":true,"href":"https:\/\/portaltela.pt\/api\/wp\/v2\/tags?post=422732"}],"curies":[{"name":"wp","href":"https:\/\/api.w.org\/{rel}","templated":true}]}}