{"id":422718,"date":"2026-03-26T15:24:41","date_gmt":"2026-03-26T18:24:41","guid":{"rendered":"https:\/\/portaltela.pt\/noticias\/2026\/03\/26\/lider-do-be-avisa-que-problemas-nacionais-desaconselham-desvios-para-a-defesa\/"},"modified":"2026-03-26T15:24:41","modified_gmt":"2026-03-26T18:24:41","slug":"lider-do-be-avisa-que-problemas-nacionais-desaconselham-desvios-para-a-defesa","status":"publish","type":"post","link":"https:\/\/portaltela.pt\/noticias\/politica\/2026\/03\/26\/lider-do-be-avisa-que-problemas-nacionais-desaconselham-desvios-para-a-defesa\/","title":{"rendered":"L\u00edder do BE avisa que problemas nacionais desaconselham desvios para a Defesa"},"content":{"rendered":"<p>O BE refor\u00e7ou nesta quinta-feira a posi\u00e7\u00e3o de que os problemas estruturais de Portugal n\u00e3o justificam o desvio de recursos para a Defesa. O l\u00edder do partido argumentou que \u00e1reas como sa\u00fade, habita\u00e7\u00e3o, ensino e coes\u00e3o social devem manter prioridade or\u00e7amental.<\/p>\n<p>Jos\u00e9 Manuel Pureza, adiantado a rep\u00f3rteres \u00e0 margem da Feira da Educa\u00e7\u00e3o, Forma\u00e7\u00e3o e Juventude na Exponor, afirmou que n\u00e3o h\u00e1 raz\u00e3o para canalizar verbas para a\u00e7\u00f5es militares quando o pa\u00eds enfrenta dificuldades de mobilizar recursos para quest\u00f5es essenciais.<\/p>\n<p>O coordenador do BE destacou ainda que Portugal atingiu em 2025 a meta de 2% do PIB destinada \u00e0 Defesa, mas permanece entre os cinco pa\u00edses da NATO com menor gasto no setor, segundo um relat\u00f3rio anual da alian\u00e7a.<\/p>\n<h3>Dados da NATO<\/h3>\n<p>Conforme o relat\u00f3rio, Portugal, Espanha, Canad\u00e1, B\u00e9lgica e Alb\u00e2nia s\u00e3o os pa\u00edses que menos gastam em Defesa, n\u00e3o ultrapassando o objetivo de 2% do PIB. A m\u00e9dia da NATO situa-se em 2,77%.<\/p>\n<p>Ainda assim, Portugal foi o 12.\u00ba aliado que mais aumentou o gasto entre 2023 e 2024, passando de 1,55% para 2% do PIB, um crescimento de 31,67%.<\/p>\n<p>Pureza atribuiu os n\u00fameros \u00e0 pol\u00edtica do atual contexto internacional, apontando que a press\u00e3o para subir despesas militares est\u00e1 associada a press\u00f5es externas, incluindo declara\u00e7\u00f5es de l\u00edderes estrangeiros e a din\u00e2mica do confronto global.<\/p>\n<p>O BE criticou, segundo o dirigente, a ideia de que tais aumentos s\u00e3o inevit\u00e1veis, lembrando exemplos de outros pa\u00edses que n\u00e3o aceitaram essa linha de expans\u00e3o. A posi\u00e7\u00e3o \u00e9 de que as escolhas or\u00e7amentais devem privilegiar coes\u00e3o social.<\/p>\n","protected":false},"excerpt":{"rendered":"<ul>\n<li>Portugal atingiu em 2025 a meta de 2% do PIB destinada \u00e0 Defesa, mas est\u00e1 no grupo de cinco pa\u00edses da NATO que menos gastam no setor.<\/li>\n<li>O BE (bloquue de Esquerda) afirmou que n\u00e3o h\u00e1 raz\u00e3o para desviar recursos para defesa quando h\u00e1 problemas em \u00e1reas essenciais como sa\u00fade, habita\u00e7\u00e3o, ensino e coes\u00e3o social.<\/li>\n<li>Segundo o relat\u00f3rio da NATO, Portugal, Espanha, Canad\u00e1, B\u00e9lgica e Alb\u00e2nia s\u00e3o os pa\u00edses que menos gastam em Defesa, n\u00e3o ultrapassando os 2% do PIB.<\/li>\n<li>Apesar de estar entre os que menos gastam, Portugal foi o 12.\u00ba aliado que mais aumentou a despesa entre 2023 e 2024, subindo de 1,55% para 2% do PIB (aumento de 31,67%).<\/li>\n<li>Jos\u00e9 Manuel Pureza atribui o aumento a press\u00f5es associadas a Donald Trump e \u00e0 suposta chantagem para alcan\u00e7ar metas de despesa militar, alertando que o impacto dessa press\u00e3o pode ser significativo.<\/li>\n<\/ul>\n","protected":false},"author":2,"featured_media":422721,"comment_status":"closed","ping_status":"closed","sticky":false,"template":"","format":"standard","meta":{"footnotes":""},"categories":[6814,5],"tags":[6115,1323,6574,28,6000,1014],"class_list":["post-422718","post","type-post","status-publish","format-standard","has-post-thumbnail","hentry","category-geopolitica","category-politica","tag-_economia","tag-coesao-social","tag-defesa","tag-economia","tag-orcamento","tag-portugal"],"yoast_head":"<!-- This site is optimized with the Yoast SEO plugin v27.2 - https:\/\/yoast.com\/product\/yoast-seo-wordpress\/ -->\n<title>L\u00edder do BE avisa que problemas nacionais desaconselham desvios para a Defesa - Portal Tela Portugal<\/title>\n<meta name=\"robots\" content=\"index, follow, max-snippet:-1, max-image-preview:large, max-video-preview:-1\" \/>\n<meta property=\"og:locale\" content=\"pt_PT\" \/>\n<meta property=\"og:type\" content=\"article\" \/>\n<meta property=\"og:title\" content=\"L\u00edder do BE avisa que problemas nacionais desaconselham desvios para a Defesa - Portal Tela Portugal\" \/>\n<meta property=\"og:description\" content=\"Portugal atingiu em 2025 a meta de 2% do PIB destinada \u00e0 Defesa, mas est\u00e1 no grupo de cinco pa\u00edses da NATO que menos gastam no setor. O BE (bloquue de Esquerda) afirmou que n\u00e3o h\u00e1 raz\u00e3o para desviar recursos para defesa quando h\u00e1 problemas em \u00e1reas essenciais como sa\u00fade, habita\u00e7\u00e3o, ensino e coes\u00e3o social. Segundo o relat\u00f3rio da NATO, Portugal, Espanha, Canad\u00e1, B\u00e9lgica e Alb\u00e2nia s\u00e3o os pa\u00edses que menos gastam em Defesa, n\u00e3o ultrapassando os 2% do PIB. Apesar de estar entre os que menos gastam, Portugal foi o 12.\u00ba aliado que mais aumentou a despesa entre 2023 e 2024, subindo de 1,55% para 2% do PIB (aumento de 31,67%). Jos\u00e9 Manuel Pureza atribui o aumento a press\u00f5es associadas a Donald Trump e \u00e0 suposta chantagem para alcan\u00e7ar metas de despesa militar, alertando que o impacto dessa press\u00e3o pode ser significativo.\" \/>\n<meta property=\"og:url\" content=\"https:\/\/portaltela.pt\/noticias\/2026\/03\/26\/lider-do-be-avisa-que-problemas-nacionais-desaconselham-desvios-para-a-defesa\/\" \/>\n<meta property=\"og:site_name\" content=\"Portal Tela Portugal\" \/>\n<meta property=\"article:published_time\" content=\"2026-03-26T18:24:41+00:00\" \/>\n<meta name=\"author\" content=\"Telinha\" \/>\n<meta name=\"twitter:card\" content=\"summary_large_image\" \/>\n<meta name=\"twitter:label1\" content=\"Escrito por\" \/>\n\t<meta name=\"twitter:data1\" content=\"Telinha\" \/>\n\t<meta name=\"twitter:label2\" content=\"Tempo estimado de leitura\" \/>\n\t<meta name=\"twitter:data2\" content=\"1 minuto\" \/>\n<script type=\"application\/ld+json\" class=\"yoast-schema-graph\">{\"@context\":\"https:\/\/schema.org\",\"@graph\":[{\"@type\":\"Article\",\"@id\":\"https:\/\/portaltela.pt\/noticias\/2026\/03\/26\/lider-do-be-avisa-que-problemas-nacionais-desaconselham-desvios-para-a-defesa\/#article\",\"isPartOf\":{\"@id\":\"https:\/\/portaltela.pt\/noticias\/2026\/03\/26\/lider-do-be-avisa-que-problemas-nacionais-desaconselham-desvios-para-a-defesa\/\"},\"author\":{\"name\":\"Telinha\",\"@id\":\"https:\/\/portaltela.pt\/#\/schema\/person\/c4278d4a6028830caff9ee44b42d32ed\"},\"headline\":\"L\u00edder do BE avisa que problemas nacionais desaconselham desvios para a Defesa\",\"datePublished\":\"2026-03-26T18:24:41+00:00\",\"mainEntityOfPage\":{\"@id\":\"https:\/\/portaltela.pt\/noticias\/2026\/03\/26\/lider-do-be-avisa-que-problemas-nacionais-desaconselham-desvios-para-a-defesa\/\"},\"wordCount\":293,\"image\":{\"@id\":\"https:\/\/portaltela.pt\/noticias\/2026\/03\/26\/lider-do-be-avisa-que-problemas-nacionais-desaconselham-desvios-para-a-defesa\/#primaryimage\"},\"thumbnailUrl\":\"https:\/\/portaltela.pt\/s.01k8rhncp4jt1\/2026\/03\/img_1280x721uu2020-02-21-12-24-41-926360.jpg\",\"keywords\":[\"_economia\",\"Coes\u00e3o social\",\"defesa\",\"economia\",\"or\u00e7amento\",\"Portugal\"],\"articleSection\":[\"Geopol\u00edtica\",\"Pol\u00edtica\"],\"inLanguage\":\"pt-PT\"},{\"@type\":\"WebPage\",\"@id\":\"https:\/\/portaltela.pt\/noticias\/2026\/03\/26\/lider-do-be-avisa-que-problemas-nacionais-desaconselham-desvios-para-a-defesa\/\",\"url\":\"https:\/\/portaltela.pt\/noticias\/2026\/03\/26\/lider-do-be-avisa-que-problemas-nacionais-desaconselham-desvios-para-a-defesa\/\",\"name\":\"L\u00edder do BE avisa que problemas nacionais desaconselham desvios para a Defesa - Portal Tela Portugal\",\"isPartOf\":{\"@id\":\"https:\/\/portaltela.pt\/#website\"},\"primaryImageOfPage\":{\"@id\":\"https:\/\/portaltela.pt\/noticias\/2026\/03\/26\/lider-do-be-avisa-que-problemas-nacionais-desaconselham-desvios-para-a-defesa\/#primaryimage\"},\"image\":{\"@id\":\"https:\/\/portaltela.pt\/noticias\/2026\/03\/26\/lider-do-be-avisa-que-problemas-nacionais-desaconselham-desvios-para-a-defesa\/#primaryimage\"},\"thumbnailUrl\":\"https:\/\/portaltela.pt\/s.01k8rhncp4jt1\/2026\/03\/img_1280x721uu2020-02-21-12-24-41-926360.jpg\",\"datePublished\":\"2026-03-26T18:24:41+00:00\",\"author\":{\"@id\":\"https:\/\/portaltela.pt\/#\/schema\/person\/c4278d4a6028830caff9ee44b42d32ed\"},\"breadcrumb\":{\"@id\":\"https:\/\/portaltela.pt\/noticias\/2026\/03\/26\/lider-do-be-avisa-que-problemas-nacionais-desaconselham-desvios-para-a-defesa\/#breadcrumb\"},\"inLanguage\":\"pt-PT\",\"potentialAction\":[{\"@type\":\"ReadAction\",\"target\":[\"https:\/\/portaltela.pt\/noticias\/2026\/03\/26\/lider-do-be-avisa-que-problemas-nacionais-desaconselham-desvios-para-a-defesa\/\"]}]},{\"@type\":\"ImageObject\",\"inLanguage\":\"pt-PT\",\"@id\":\"https:\/\/portaltela.pt\/noticias\/2026\/03\/26\/lider-do-be-avisa-que-problemas-nacionais-desaconselham-desvios-para-a-defesa\/#primaryimage\",\"url\":\"https:\/\/portaltela.pt\/s.01k8rhncp4jt1\/2026\/03\/img_1280x721uu2020-02-21-12-24-41-926360.jpg\",\"contentUrl\":\"https:\/\/portaltela.pt\/s.01k8rhncp4jt1\/2026\/03\/img_1280x721uu2020-02-21-12-24-41-926360.jpg\",\"width\":1280,\"height\":721,\"caption\":\"Photo\"},{\"@type\":\"BreadcrumbList\",\"@id\":\"https:\/\/portaltela.pt\/noticias\/2026\/03\/26\/lider-do-be-avisa-que-problemas-nacionais-desaconselham-desvios-para-a-defesa\/#breadcrumb\",\"itemListElement\":[{\"@type\":\"ListItem\",\"position\":1,\"name\":\"In\u00edcio\",\"item\":\"https:\/\/portaltela.pt\/\"},{\"@type\":\"ListItem\",\"position\":2,\"name\":\"L\u00edder do BE avisa que problemas nacionais desaconselham desvios para a Defesa\"}]},{\"@type\":\"WebSite\",\"@id\":\"https:\/\/portaltela.pt\/#website\",\"url\":\"https:\/\/portaltela.pt\/\",\"name\":\"Portal Tela Portugal\",\"description\":\"\",\"potentialAction\":[{\"@type\":\"SearchAction\",\"target\":{\"@type\":\"EntryPoint\",\"urlTemplate\":\"https:\/\/portaltela.pt\/?s={search_term_string}\"},\"query-input\":{\"@type\":\"PropertyValueSpecification\",\"valueRequired\":true,\"valueName\":\"search_term_string\"}}],\"inLanguage\":\"pt-PT\"},{\"@type\":\"Person\",\"@id\":\"https:\/\/portaltela.pt\/#\/schema\/person\/c4278d4a6028830caff9ee44b42d32ed\",\"name\":\"Telinha\",\"image\":{\"@type\":\"ImageObject\",\"inLanguage\":\"pt-PT\",\"@id\":\"https:\/\/portaltela.pt\/s.01k8rhncp4jt1\/2025\/11\/talking-bot-125x125.png\",\"url\":\"https:\/\/portaltela.pt\/s.01k8rhncp4jt1\/2025\/11\/talking-bot-125x125.png\",\"contentUrl\":\"https:\/\/portaltela.pt\/s.01k8rhncp4jt1\/2025\/11\/talking-bot-125x125.png\",\"caption\":\"Telinha\"},\"sameAs\":[\"https:\/\/portaltela.pt\/\"],\"url\":\"https:\/\/portaltela.pt\/por\/367410592786\/\"}]}<\/script>\n<!-- \/ Yoast SEO plugin. -->","yoast_head_json":{"title":"L\u00edder do BE avisa que problemas nacionais desaconselham desvios para a Defesa - Portal Tela Portugal","robots":{"index":"index","follow":"follow","max-snippet":"max-snippet:-1","max-image-preview":"max-image-preview:large","max-video-preview":"max-video-preview:-1"},"og_locale":"pt_PT","og_type":"article","og_title":"L\u00edder do BE avisa que problemas nacionais desaconselham desvios para a Defesa - Portal Tela Portugal","og_description":"Portugal atingiu em 2025 a meta de 2% do PIB destinada \u00e0 Defesa, mas est\u00e1 no grupo de cinco pa\u00edses da NATO que menos gastam no setor. O BE (bloquue de Esquerda) afirmou que n\u00e3o h\u00e1 raz\u00e3o para desviar recursos para defesa quando h\u00e1 problemas em \u00e1reas essenciais como sa\u00fade, habita\u00e7\u00e3o, ensino e coes\u00e3o social. Segundo o relat\u00f3rio da NATO, Portugal, Espanha, Canad\u00e1, B\u00e9lgica e Alb\u00e2nia s\u00e3o os pa\u00edses que menos gastam em Defesa, n\u00e3o ultrapassando os 2% do PIB. Apesar de estar entre os que menos gastam, Portugal foi o 12.\u00ba aliado que mais aumentou a despesa entre 2023 e 2024, subindo de 1,55% para 2% do PIB (aumento de 31,67%). Jos\u00e9 Manuel Pureza atribui o aumento a press\u00f5es associadas a Donald Trump e \u00e0 suposta chantagem para alcan\u00e7ar metas de despesa militar, alertando que o impacto dessa press\u00e3o pode ser significativo.","og_url":"https:\/\/portaltela.pt\/noticias\/2026\/03\/26\/lider-do-be-avisa-que-problemas-nacionais-desaconselham-desvios-para-a-defesa\/","og_site_name":"Portal Tela Portugal","article_published_time":"2026-03-26T18:24:41+00:00","author":"Telinha","twitter_card":"summary_large_image","twitter_misc":{"Escrito por":"Telinha","Tempo estimado de leitura":"1 minuto"},"schema":{"@context":"https:\/\/schema.org","@graph":[{"@type":"Article","@id":"https:\/\/portaltela.pt\/noticias\/2026\/03\/26\/lider-do-be-avisa-que-problemas-nacionais-desaconselham-desvios-para-a-defesa\/#article","isPartOf":{"@id":"https:\/\/portaltela.pt\/noticias\/2026\/03\/26\/lider-do-be-avisa-que-problemas-nacionais-desaconselham-desvios-para-a-defesa\/"},"author":{"name":"Telinha","@id":"https:\/\/portaltela.pt\/#\/schema\/person\/c4278d4a6028830caff9ee44b42d32ed"},"headline":"L\u00edder do BE avisa que problemas nacionais desaconselham desvios para a Defesa","datePublished":"2026-03-26T18:24:41+00:00","mainEntityOfPage":{"@id":"https:\/\/portaltela.pt\/noticias\/2026\/03\/26\/lider-do-be-avisa-que-problemas-nacionais-desaconselham-desvios-para-a-defesa\/"},"wordCount":293,"image":{"@id":"https:\/\/portaltela.pt\/noticias\/2026\/03\/26\/lider-do-be-avisa-que-problemas-nacionais-desaconselham-desvios-para-a-defesa\/#primaryimage"},"thumbnailUrl":"https:\/\/portaltela.pt\/s.01k8rhncp4jt1\/2026\/03\/img_1280x721uu2020-02-21-12-24-41-926360.jpg","keywords":["_economia","Coes\u00e3o social","defesa","economia","or\u00e7amento","Portugal"],"articleSection":["Geopol\u00edtica","Pol\u00edtica"],"inLanguage":"pt-PT"},{"@type":"WebPage","@id":"https:\/\/portaltela.pt\/noticias\/2026\/03\/26\/lider-do-be-avisa-que-problemas-nacionais-desaconselham-desvios-para-a-defesa\/","url":"https:\/\/portaltela.pt\/noticias\/2026\/03\/26\/lider-do-be-avisa-que-problemas-nacionais-desaconselham-desvios-para-a-defesa\/","name":"L\u00edder do BE avisa que problemas nacionais desaconselham desvios para a Defesa - Portal Tela Portugal","isPartOf":{"@id":"https:\/\/portaltela.pt\/#website"},"primaryImageOfPage":{"@id":"https:\/\/portaltela.pt\/noticias\/2026\/03\/26\/lider-do-be-avisa-que-problemas-nacionais-desaconselham-desvios-para-a-defesa\/#primaryimage"},"image":{"@id":"https:\/\/portaltela.pt\/noticias\/2026\/03\/26\/lider-do-be-avisa-que-problemas-nacionais-desaconselham-desvios-para-a-defesa\/#primaryimage"},"thumbnailUrl":"https:\/\/portaltela.pt\/s.01k8rhncp4jt1\/2026\/03\/img_1280x721uu2020-02-21-12-24-41-926360.jpg","datePublished":"2026-03-26T18:24:41+00:00","author":{"@id":"https:\/\/portaltela.pt\/#\/schema\/person\/c4278d4a6028830caff9ee44b42d32ed"},"breadcrumb":{"@id":"https:\/\/portaltela.pt\/noticias\/2026\/03\/26\/lider-do-be-avisa-que-problemas-nacionais-desaconselham-desvios-para-a-defesa\/#breadcrumb"},"inLanguage":"pt-PT","potentialAction":[{"@type":"ReadAction","target":["https:\/\/portaltela.pt\/noticias\/2026\/03\/26\/lider-do-be-avisa-que-problemas-nacionais-desaconselham-desvios-para-a-defesa\/"]}]},{"@type":"ImageObject","inLanguage":"pt-PT","@id":"https:\/\/portaltela.pt\/noticias\/2026\/03\/26\/lider-do-be-avisa-que-problemas-nacionais-desaconselham-desvios-para-a-defesa\/#primaryimage","url":"https:\/\/portaltela.pt\/s.01k8rhncp4jt1\/2026\/03\/img_1280x721uu2020-02-21-12-24-41-926360.jpg","contentUrl":"https:\/\/portaltela.pt\/s.01k8rhncp4jt1\/2026\/03\/img_1280x721uu2020-02-21-12-24-41-926360.jpg","width":1280,"height":721,"caption":"Photo"},{"@type":"BreadcrumbList","@id":"https:\/\/portaltela.pt\/noticias\/2026\/03\/26\/lider-do-be-avisa-que-problemas-nacionais-desaconselham-desvios-para-a-defesa\/#breadcrumb","itemListElement":[{"@type":"ListItem","position":1,"name":"In\u00edcio","item":"https:\/\/portaltela.pt\/"},{"@type":"ListItem","position":2,"name":"L\u00edder do BE avisa que problemas nacionais desaconselham desvios para a Defesa"}]},{"@type":"WebSite","@id":"https:\/\/portaltela.pt\/#website","url":"https:\/\/portaltela.pt\/","name":"Portal Tela Portugal","description":"","potentialAction":[{"@type":"SearchAction","target":{"@type":"EntryPoint","urlTemplate":"https:\/\/portaltela.pt\/?s={search_term_string}"},"query-input":{"@type":"PropertyValueSpecification","valueRequired":true,"valueName":"search_term_string"}}],"inLanguage":"pt-PT"},{"@type":"Person","@id":"https:\/\/portaltela.pt\/#\/schema\/person\/c4278d4a6028830caff9ee44b42d32ed","name":"Telinha","image":{"@type":"ImageObject","inLanguage":"pt-PT","@id":"https:\/\/portaltela.pt\/s.01k8rhncp4jt1\/2025\/11\/talking-bot-125x125.png","url":"https:\/\/portaltela.pt\/s.01k8rhncp4jt1\/2025\/11\/talking-bot-125x125.png","contentUrl":"https:\/\/portaltela.pt\/s.01k8rhncp4jt1\/2025\/11\/talking-bot-125x125.png","caption":"Telinha"},"sameAs":["https:\/\/portaltela.pt\/"],"url":"https:\/\/portaltela.pt\/por\/367410592786\/"}]}},"_links":{"self":[{"href":"https:\/\/portaltela.pt\/api\/wp\/v2\/posts\/422718","targetHints":{"allow":["GET"]}}],"collection":[{"href":"https:\/\/portaltela.pt\/api\/wp\/v2\/posts"}],"about":[{"href":"https:\/\/portaltela.pt\/api\/wp\/v2\/types\/post"}],"author":[{"embeddable":true,"href":"https:\/\/portaltela.pt\/api\/wp\/v2\/users\/2"}],"replies":[{"embeddable":true,"href":"https:\/\/portaltela.pt\/api\/wp\/v2\/comments?post=422718"}],"version-history":[{"count":0,"href":"https:\/\/portaltela.pt\/api\/wp\/v2\/posts\/422718\/revisions"}],"wp:featuredmedia":[{"embeddable":true,"href":"https:\/\/portaltela.pt\/api\/wp\/v2\/media\/422721"}],"wp:attachment":[{"href":"https:\/\/portaltela.pt\/api\/wp\/v2\/media?parent=422718"}],"wp:term":[{"taxonomy":"category","embeddable":true,"href":"https:\/\/portaltela.pt\/api\/wp\/v2\/categories?post=422718"},{"taxonomy":"post_tag","embeddable":true,"href":"https:\/\/portaltela.pt\/api\/wp\/v2\/tags?post=422718"}],"curies":[{"name":"wp","href":"https:\/\/api.w.org\/{rel}","templated":true}]}}