{"id":422711,"date":"2026-03-26T15:15:06","date_gmt":"2026-03-26T18:15:06","guid":{"rendered":"https:\/\/portaltela.pt\/noticias\/2026\/03\/26\/candidaturas-abertas-para-apoio-a-desporto-adaptado-com-366-mil-euros\/"},"modified":"2026-03-26T15:15:06","modified_gmt":"2026-03-26T18:15:06","slug":"candidaturas-abertas-para-apoio-a-desporto-adaptado-com-366-mil-euros","status":"publish","type":"post","link":"https:\/\/portaltela.pt\/desporto\/futebol\/2026\/03\/26\/candidaturas-abertas-para-apoio-a-desporto-adaptado-com-366-mil-euros\/","title":{"rendered":"Candidaturas abertas para apoio a desporto adaptado com 366 mil euros"},"content":{"rendered":"<p>As candidaturas ao Programa Nacional de Desporto para Todos est\u00e3o abertas at\u00e9 16 de abril. O apoio destina-se a projetos na \u00e1rea da defici\u00eancia e tem uma dota\u00e7\u00e3o de 366.500 euros. O objetivo \u00e9 refor\u00e7ar a inclus\u00e3o e a pr\u00e1tica desportiva n\u00e3o federada em Portugal.<\/p>\n<p>Promovido pelo IPDJ, em parceria com o IDiPD, o programa orienta-se a federa\u00e7\u00f5es com estatuto de utilidade p\u00fablica desportiva. O foco aponta para incentivar a participa\u00e7\u00e3o de pessoas com defici\u00eancia na pr\u00e1tica desportiva, promovendo acesso e equidade fora do \u00e2mbito competitivo.<\/p>\n<p>A edi\u00e7\u00e3o de 2025 apoiou 33 projetos que envolveram cerca de 11 mil pessoas com defici\u00eancia em todo o territ\u00f3rio. Para este ano, o investimento visa consolidar o impacto social da medida e ampliar a igualdade de oportunidades no setor.<\/p>\n<h3>Quem pode candidatar-se<\/h3>\n<p>Podem apresentar candidaturas as federa\u00e7\u00f5es com estatuto de utilidade p\u00fablica desportiva. As propostas devem promover a pr\u00e1tica desportiva n\u00e3o federada entre pessoas com defici\u00eancia e ampliar o acesso a atividades inclusivas.<\/p>\n<h3>Despacho financeiro e objectivos<\/h3>\n<p>A dota\u00e7\u00e3o de 366.500 euros suporta iniciativas que incentivem a participa\u00e7\u00e3o, sem foco exclusivo em competi\u00e7\u00e3o. O programa insere-se no Plano Nacional de Desenvolvimento Desportivo, que prioriza a inclus\u00e3o como pol\u00edtica p\u00fablica.<\/p>\n","protected":false},"excerpt":{"rendered":"<ul>\n<li>Candidaturas ao Programa Nacional de Desporto para Todos est\u00e3o abertas at\u00e9 16 de abril, com dota\u00e7\u00e3o de 366.500 euros para apoiar projetos na \u00e1rea da defici\u00eancia.<\/li>\n<li>O programa \u00e9 promovido pelo Instituto Portugu\u00eas do Desporto e Juventude (IPDJ) em parceria com o Instituto para os Direitos das Pessoas com Defici\u00eancia (IDiPD).<\/li>\n<li>Destina-se a federa\u00e7\u00f5es com estatuto de utilidade p\u00fablica desportiva e visa aumentar a participa\u00e7\u00e3o de pessoas com defici\u00eancia na pr\u00e1tica desportiva fora do contexto federado.<\/li>\n<li>A iniciativa integra o Plano Nacional de Desenvolvimento Desportivo (PNDD), que define a inclus\u00e3o como prioridade estrat\u00e9gica.<\/li>\n<li>Na edi\u00e7\u00e3o de 2025, a medida apoiou 33 projetos envolvendo cerca de 11 mil pessoas com defici\u00eancia; este ano pretende consolidar o impacto social e promover igualdade de oportunidades.<\/li>\n<\/ul>\n","protected":false},"author":2,"featured_media":422716,"comment_status":"closed","ping_status":"closed","sticky":false,"template":"","format":"standard","meta":{"footnotes":""},"categories":[21,24],"tags":[152,6220,2266,4074,2737,1014],"class_list":["post-422711","post","type-post","status-publish","format-standard","has-post-thumbnail","hentry","category-desporto","category-futebol","tag-desporto","tag-desporto-federado","tag-federacoes","tag-inclusao-social","tag-pessoas-com-deficiencia","tag-portugal"],"yoast_head":"<!-- This site is optimized with the Yoast SEO plugin v27.2 - https:\/\/yoast.com\/product\/yoast-seo-wordpress\/ -->\n<title>Candidaturas abertas para apoio a desporto adaptado com 366 mil euros - Portal Tela Portugal<\/title>\n<meta name=\"robots\" content=\"index, follow, max-snippet:-1, max-image-preview:large, max-video-preview:-1\" \/>\n<meta property=\"og:locale\" content=\"pt_PT\" \/>\n<meta property=\"og:type\" content=\"article\" \/>\n<meta property=\"og:title\" content=\"Candidaturas abertas para apoio a desporto adaptado com 366 mil euros - Portal Tela Portugal\" \/>\n<meta property=\"og:description\" content=\"Candidaturas ao Programa Nacional de Desporto para Todos est\u00e3o abertas at\u00e9 16 de abril, com dota\u00e7\u00e3o de 366.500 euros para apoiar projetos na \u00e1rea da defici\u00eancia. O programa \u00e9 promovido pelo Instituto Portugu\u00eas do Desporto e Juventude (IPDJ) em parceria com o Instituto para os Direitos das Pessoas com Defici\u00eancia (IDiPD). Destina-se a federa\u00e7\u00f5es com estatuto de utilidade p\u00fablica desportiva e visa aumentar a participa\u00e7\u00e3o de pessoas com defici\u00eancia na pr\u00e1tica desportiva fora do contexto federado. A iniciativa integra o Plano Nacional de Desenvolvimento Desportivo (PNDD), que define a inclus\u00e3o como prioridade estrat\u00e9gica. Na edi\u00e7\u00e3o de 2025, a medida apoiou 33 projetos envolvendo cerca de 11 mil pessoas com defici\u00eancia; este ano pretende consolidar o impacto social e promover igualdade de oportunidades.\" \/>\n<meta property=\"og:url\" content=\"https:\/\/portaltela.pt\/noticias\/2026\/03\/26\/candidaturas-abertas-para-apoio-a-desporto-adaptado-com-366-mil-euros\/\" \/>\n<meta property=\"og:site_name\" content=\"Portal Tela Portugal\" \/>\n<meta property=\"article:published_time\" content=\"2026-03-26T18:15:06+00:00\" \/>\n<meta name=\"author\" content=\"Telinha\" \/>\n<meta name=\"twitter:card\" content=\"summary_large_image\" \/>\n<meta name=\"twitter:label1\" content=\"Escrito por\" \/>\n\t<meta name=\"twitter:data1\" content=\"Telinha\" \/>\n\t<meta name=\"twitter:label2\" content=\"Tempo estimado de leitura\" \/>\n\t<meta name=\"twitter:data2\" content=\"1 minuto\" \/>\n<script type=\"application\/ld+json\" class=\"yoast-schema-graph\">{\"@context\":\"https:\/\/schema.org\",\"@graph\":[{\"@type\":\"Article\",\"@id\":\"https:\/\/portaltela.pt\/noticias\/2026\/03\/26\/candidaturas-abertas-para-apoio-a-desporto-adaptado-com-366-mil-euros\/#article\",\"isPartOf\":{\"@id\":\"https:\/\/portaltela.pt\/noticias\/2026\/03\/26\/candidaturas-abertas-para-apoio-a-desporto-adaptado-com-366-mil-euros\/\"},\"author\":{\"name\":\"Telinha\",\"@id\":\"https:\/\/portaltela.pt\/#\/schema\/person\/c4278d4a6028830caff9ee44b42d32ed\"},\"headline\":\"Candidaturas abertas para apoio a desporto adaptado com 366 mil euros\",\"datePublished\":\"2026-03-26T18:15:06+00:00\",\"mainEntityOfPage\":{\"@id\":\"https:\/\/portaltela.pt\/noticias\/2026\/03\/26\/candidaturas-abertas-para-apoio-a-desporto-adaptado-com-366-mil-euros\/\"},\"wordCount\":225,\"image\":{\"@id\":\"https:\/\/portaltela.pt\/noticias\/2026\/03\/26\/candidaturas-abertas-para-apoio-a-desporto-adaptado-com-366-mil-euros\/#primaryimage\"},\"thumbnailUrl\":\"https:\/\/portaltela.pt\/s.01k8rhncp4jt1\/2026\/03\/img_920x518uu2026-03-26-18-14-16-2429517.jpg\",\"keywords\":[\"desporto\",\"Desporto Federado\",\"federa\u00e7\u00f5es\",\"inclus\u00e3o social\",\"pessoas com defici\u00eancia\",\"Portugal\"],\"articleSection\":[\"Desporto\",\"Futebol\"],\"inLanguage\":\"pt-PT\"},{\"@type\":\"WebPage\",\"@id\":\"https:\/\/portaltela.pt\/noticias\/2026\/03\/26\/candidaturas-abertas-para-apoio-a-desporto-adaptado-com-366-mil-euros\/\",\"url\":\"https:\/\/portaltela.pt\/noticias\/2026\/03\/26\/candidaturas-abertas-para-apoio-a-desporto-adaptado-com-366-mil-euros\/\",\"name\":\"Candidaturas abertas para apoio a desporto adaptado com 366 mil euros - Portal Tela Portugal\",\"isPartOf\":{\"@id\":\"https:\/\/portaltela.pt\/#website\"},\"primaryImageOfPage\":{\"@id\":\"https:\/\/portaltela.pt\/noticias\/2026\/03\/26\/candidaturas-abertas-para-apoio-a-desporto-adaptado-com-366-mil-euros\/#primaryimage\"},\"image\":{\"@id\":\"https:\/\/portaltela.pt\/noticias\/2026\/03\/26\/candidaturas-abertas-para-apoio-a-desporto-adaptado-com-366-mil-euros\/#primaryimage\"},\"thumbnailUrl\":\"https:\/\/portaltela.pt\/s.01k8rhncp4jt1\/2026\/03\/img_920x518uu2026-03-26-18-14-16-2429517.jpg\",\"datePublished\":\"2026-03-26T18:15:06+00:00\",\"author\":{\"@id\":\"https:\/\/portaltela.pt\/#\/schema\/person\/c4278d4a6028830caff9ee44b42d32ed\"},\"breadcrumb\":{\"@id\":\"https:\/\/portaltela.pt\/noticias\/2026\/03\/26\/candidaturas-abertas-para-apoio-a-desporto-adaptado-com-366-mil-euros\/#breadcrumb\"},\"inLanguage\":\"pt-PT\",\"potentialAction\":[{\"@type\":\"ReadAction\",\"target\":[\"https:\/\/portaltela.pt\/noticias\/2026\/03\/26\/candidaturas-abertas-para-apoio-a-desporto-adaptado-com-366-mil-euros\/\"]}]},{\"@type\":\"ImageObject\",\"inLanguage\":\"pt-PT\",\"@id\":\"https:\/\/portaltela.pt\/noticias\/2026\/03\/26\/candidaturas-abertas-para-apoio-a-desporto-adaptado-com-366-mil-euros\/#primaryimage\",\"url\":\"https:\/\/portaltela.pt\/s.01k8rhncp4jt1\/2026\/03\/img_920x518uu2026-03-26-18-14-16-2429517.jpg\",\"contentUrl\":\"https:\/\/portaltela.pt\/s.01k8rhncp4jt1\/2026\/03\/img_920x518uu2026-03-26-18-14-16-2429517.jpg\",\"width\":920,\"height\":518,\"caption\":\"Candidaturas abertas para apoio ao desporto adaptado em Portugal\"},{\"@type\":\"BreadcrumbList\",\"@id\":\"https:\/\/portaltela.pt\/noticias\/2026\/03\/26\/candidaturas-abertas-para-apoio-a-desporto-adaptado-com-366-mil-euros\/#breadcrumb\",\"itemListElement\":[{\"@type\":\"ListItem\",\"position\":1,\"name\":\"In\u00edcio\",\"item\":\"https:\/\/portaltela.pt\/\"},{\"@type\":\"ListItem\",\"position\":2,\"name\":\"Candidaturas abertas para apoio a desporto adaptado com 366 mil euros\"}]},{\"@type\":\"WebSite\",\"@id\":\"https:\/\/portaltela.pt\/#website\",\"url\":\"https:\/\/portaltela.pt\/\",\"name\":\"Portal Tela Portugal\",\"description\":\"\",\"potentialAction\":[{\"@type\":\"SearchAction\",\"target\":{\"@type\":\"EntryPoint\",\"urlTemplate\":\"https:\/\/portaltela.pt\/?s={search_term_string}\"},\"query-input\":{\"@type\":\"PropertyValueSpecification\",\"valueRequired\":true,\"valueName\":\"search_term_string\"}}],\"inLanguage\":\"pt-PT\"},{\"@type\":\"Person\",\"@id\":\"https:\/\/portaltela.pt\/#\/schema\/person\/c4278d4a6028830caff9ee44b42d32ed\",\"name\":\"Telinha\",\"image\":{\"@type\":\"ImageObject\",\"inLanguage\":\"pt-PT\",\"@id\":\"https:\/\/portaltela.pt\/s.01k8rhncp4jt1\/2025\/11\/talking-bot-125x125.png\",\"url\":\"https:\/\/portaltela.pt\/s.01k8rhncp4jt1\/2025\/11\/talking-bot-125x125.png\",\"contentUrl\":\"https:\/\/portaltela.pt\/s.01k8rhncp4jt1\/2025\/11\/talking-bot-125x125.png\",\"caption\":\"Telinha\"},\"sameAs\":[\"https:\/\/portaltela.pt\/\"],\"url\":\"https:\/\/portaltela.pt\/por\/367410592786\/\"}]}<\/script>\n<!-- \/ Yoast SEO plugin. -->","yoast_head_json":{"title":"Candidaturas abertas para apoio a desporto adaptado com 366 mil euros - Portal Tela Portugal","robots":{"index":"index","follow":"follow","max-snippet":"max-snippet:-1","max-image-preview":"max-image-preview:large","max-video-preview":"max-video-preview:-1"},"og_locale":"pt_PT","og_type":"article","og_title":"Candidaturas abertas para apoio a desporto adaptado com 366 mil euros - Portal Tela Portugal","og_description":"Candidaturas ao Programa Nacional de Desporto para Todos est\u00e3o abertas at\u00e9 16 de abril, com dota\u00e7\u00e3o de 366.500 euros para apoiar projetos na \u00e1rea da defici\u00eancia. O programa \u00e9 promovido pelo Instituto Portugu\u00eas do Desporto e Juventude (IPDJ) em parceria com o Instituto para os Direitos das Pessoas com Defici\u00eancia (IDiPD). Destina-se a federa\u00e7\u00f5es com estatuto de utilidade p\u00fablica desportiva e visa aumentar a participa\u00e7\u00e3o de pessoas com defici\u00eancia na pr\u00e1tica desportiva fora do contexto federado. A iniciativa integra o Plano Nacional de Desenvolvimento Desportivo (PNDD), que define a inclus\u00e3o como prioridade estrat\u00e9gica. Na edi\u00e7\u00e3o de 2025, a medida apoiou 33 projetos envolvendo cerca de 11 mil pessoas com defici\u00eancia; este ano pretende consolidar o impacto social e promover igualdade de oportunidades.","og_url":"https:\/\/portaltela.pt\/noticias\/2026\/03\/26\/candidaturas-abertas-para-apoio-a-desporto-adaptado-com-366-mil-euros\/","og_site_name":"Portal Tela Portugal","article_published_time":"2026-03-26T18:15:06+00:00","author":"Telinha","twitter_card":"summary_large_image","twitter_misc":{"Escrito por":"Telinha","Tempo estimado de leitura":"1 minuto"},"schema":{"@context":"https:\/\/schema.org","@graph":[{"@type":"Article","@id":"https:\/\/portaltela.pt\/noticias\/2026\/03\/26\/candidaturas-abertas-para-apoio-a-desporto-adaptado-com-366-mil-euros\/#article","isPartOf":{"@id":"https:\/\/portaltela.pt\/noticias\/2026\/03\/26\/candidaturas-abertas-para-apoio-a-desporto-adaptado-com-366-mil-euros\/"},"author":{"name":"Telinha","@id":"https:\/\/portaltela.pt\/#\/schema\/person\/c4278d4a6028830caff9ee44b42d32ed"},"headline":"Candidaturas abertas para apoio a desporto adaptado com 366 mil euros","datePublished":"2026-03-26T18:15:06+00:00","mainEntityOfPage":{"@id":"https:\/\/portaltela.pt\/noticias\/2026\/03\/26\/candidaturas-abertas-para-apoio-a-desporto-adaptado-com-366-mil-euros\/"},"wordCount":225,"image":{"@id":"https:\/\/portaltela.pt\/noticias\/2026\/03\/26\/candidaturas-abertas-para-apoio-a-desporto-adaptado-com-366-mil-euros\/#primaryimage"},"thumbnailUrl":"https:\/\/portaltela.pt\/s.01k8rhncp4jt1\/2026\/03\/img_920x518uu2026-03-26-18-14-16-2429517.jpg","keywords":["desporto","Desporto Federado","federa\u00e7\u00f5es","inclus\u00e3o social","pessoas com defici\u00eancia","Portugal"],"articleSection":["Desporto","Futebol"],"inLanguage":"pt-PT"},{"@type":"WebPage","@id":"https:\/\/portaltela.pt\/noticias\/2026\/03\/26\/candidaturas-abertas-para-apoio-a-desporto-adaptado-com-366-mil-euros\/","url":"https:\/\/portaltela.pt\/noticias\/2026\/03\/26\/candidaturas-abertas-para-apoio-a-desporto-adaptado-com-366-mil-euros\/","name":"Candidaturas abertas para apoio a desporto adaptado com 366 mil euros - Portal Tela Portugal","isPartOf":{"@id":"https:\/\/portaltela.pt\/#website"},"primaryImageOfPage":{"@id":"https:\/\/portaltela.pt\/noticias\/2026\/03\/26\/candidaturas-abertas-para-apoio-a-desporto-adaptado-com-366-mil-euros\/#primaryimage"},"image":{"@id":"https:\/\/portaltela.pt\/noticias\/2026\/03\/26\/candidaturas-abertas-para-apoio-a-desporto-adaptado-com-366-mil-euros\/#primaryimage"},"thumbnailUrl":"https:\/\/portaltela.pt\/s.01k8rhncp4jt1\/2026\/03\/img_920x518uu2026-03-26-18-14-16-2429517.jpg","datePublished":"2026-03-26T18:15:06+00:00","author":{"@id":"https:\/\/portaltela.pt\/#\/schema\/person\/c4278d4a6028830caff9ee44b42d32ed"},"breadcrumb":{"@id":"https:\/\/portaltela.pt\/noticias\/2026\/03\/26\/candidaturas-abertas-para-apoio-a-desporto-adaptado-com-366-mil-euros\/#breadcrumb"},"inLanguage":"pt-PT","potentialAction":[{"@type":"ReadAction","target":["https:\/\/portaltela.pt\/noticias\/2026\/03\/26\/candidaturas-abertas-para-apoio-a-desporto-adaptado-com-366-mil-euros\/"]}]},{"@type":"ImageObject","inLanguage":"pt-PT","@id":"https:\/\/portaltela.pt\/noticias\/2026\/03\/26\/candidaturas-abertas-para-apoio-a-desporto-adaptado-com-366-mil-euros\/#primaryimage","url":"https:\/\/portaltela.pt\/s.01k8rhncp4jt1\/2026\/03\/img_920x518uu2026-03-26-18-14-16-2429517.jpg","contentUrl":"https:\/\/portaltela.pt\/s.01k8rhncp4jt1\/2026\/03\/img_920x518uu2026-03-26-18-14-16-2429517.jpg","width":920,"height":518,"caption":"Candidaturas abertas para apoio ao desporto adaptado em Portugal"},{"@type":"BreadcrumbList","@id":"https:\/\/portaltela.pt\/noticias\/2026\/03\/26\/candidaturas-abertas-para-apoio-a-desporto-adaptado-com-366-mil-euros\/#breadcrumb","itemListElement":[{"@type":"ListItem","position":1,"name":"In\u00edcio","item":"https:\/\/portaltela.pt\/"},{"@type":"ListItem","position":2,"name":"Candidaturas abertas para apoio a desporto adaptado com 366 mil euros"}]},{"@type":"WebSite","@id":"https:\/\/portaltela.pt\/#website","url":"https:\/\/portaltela.pt\/","name":"Portal Tela Portugal","description":"","potentialAction":[{"@type":"SearchAction","target":{"@type":"EntryPoint","urlTemplate":"https:\/\/portaltela.pt\/?s={search_term_string}"},"query-input":{"@type":"PropertyValueSpecification","valueRequired":true,"valueName":"search_term_string"}}],"inLanguage":"pt-PT"},{"@type":"Person","@id":"https:\/\/portaltela.pt\/#\/schema\/person\/c4278d4a6028830caff9ee44b42d32ed","name":"Telinha","image":{"@type":"ImageObject","inLanguage":"pt-PT","@id":"https:\/\/portaltela.pt\/s.01k8rhncp4jt1\/2025\/11\/talking-bot-125x125.png","url":"https:\/\/portaltela.pt\/s.01k8rhncp4jt1\/2025\/11\/talking-bot-125x125.png","contentUrl":"https:\/\/portaltela.pt\/s.01k8rhncp4jt1\/2025\/11\/talking-bot-125x125.png","caption":"Telinha"},"sameAs":["https:\/\/portaltela.pt\/"],"url":"https:\/\/portaltela.pt\/por\/367410592786\/"}]}},"_links":{"self":[{"href":"https:\/\/portaltela.pt\/api\/wp\/v2\/posts\/422711","targetHints":{"allow":["GET"]}}],"collection":[{"href":"https:\/\/portaltela.pt\/api\/wp\/v2\/posts"}],"about":[{"href":"https:\/\/portaltela.pt\/api\/wp\/v2\/types\/post"}],"author":[{"embeddable":true,"href":"https:\/\/portaltela.pt\/api\/wp\/v2\/users\/2"}],"replies":[{"embeddable":true,"href":"https:\/\/portaltela.pt\/api\/wp\/v2\/comments?post=422711"}],"version-history":[{"count":0,"href":"https:\/\/portaltela.pt\/api\/wp\/v2\/posts\/422711\/revisions"}],"wp:featuredmedia":[{"embeddable":true,"href":"https:\/\/portaltela.pt\/api\/wp\/v2\/media\/422716"}],"wp:attachment":[{"href":"https:\/\/portaltela.pt\/api\/wp\/v2\/media?parent=422711"}],"wp:term":[{"taxonomy":"category","embeddable":true,"href":"https:\/\/portaltela.pt\/api\/wp\/v2\/categories?post=422711"},{"taxonomy":"post_tag","embeddable":true,"href":"https:\/\/portaltela.pt\/api\/wp\/v2\/tags?post=422711"}],"curies":[{"name":"wp","href":"https:\/\/api.w.org\/{rel}","templated":true}]}}