{"id":422701,"date":"2026-03-26T15:12:00","date_gmt":"2026-03-26T18:12:00","guid":{"rendered":"https:\/\/portaltela.pt\/noticias\/2026\/03\/26\/jose-gandarez-contesta-decisao-da-erc-sobre-benfica-radio\/"},"modified":"2026-03-26T15:12:00","modified_gmt":"2026-03-26T18:12:00","slug":"jose-gandarez-contesta-decisao-da-erc-sobre-benfica-radio","status":"publish","type":"post","link":"https:\/\/portaltela.pt\/desporto\/futebol\/2026\/03\/26\/jose-gandarez-contesta-decisao-da-erc-sobre-benfica-radio\/","title":{"rendered":"Jos\u00e9 Gandarez contesta decis\u00e3o da ERC sobre Benfica R\u00e1dio"},"content":{"rendered":"<p>O Benfica reagiu \u00e0 delibera\u00e7\u00e3o da ERC que n\u00e3o autorizou o projeto de r\u00e1dio do clube. A decis\u00e3o impede o lan\u00e7amento do programa nas pr\u00f3prias instala\u00e7\u00f5es da Benfica SAD. A informa\u00e7\u00e3o foi publicada ap\u00f3s a ERC ter conclu\u00eddo o processo de avalia\u00e7\u00e3o.<\/p>\n<p>Jos\u00e9 Gandarez, vice-presidente do Benfica, afirmou que a decis\u00e3o carece de fundamenta\u00e7\u00e3o legal e constitui uma postura persecut\u00f3ria desde o in\u00edcio do projeto. O dirigente explicou que o clube consultou todos os conselhos internos antes de avan\u00e7ar com a iniciativa.<\/p>\n<p>Gandarez expressou-surpresa e indigna\u00e7\u00e3o com o parecer, considerando-o in\u00e9dita e com lacunas jur\u00eddicas, o que, na sua leitura, deve envergonhar o conselho regulador. A tutela regulat\u00f3ria mant\u00e9m o veto ao projeto apresentado pelo Benfica.<\/p>\n<p>A rea\u00e7\u00e3o interna ocorre num momento em que o clube refor\u00e7a a sua posi\u00e7\u00e3o face ao regulador, sem indicar novas datas para a reapresenta\u00e7\u00e3o do projeto. A ERC n\u00e3o forneceu detalhes adicionais sobre os fundamentos da decis\u00e3o.<\/p>\n","protected":false},"excerpt":{"rendered":"<ul>\n<li>Jos\u00e9 Gandarez, vice-presidente do Benfica, expressou indigna\u00e7\u00e3o com a decis\u00e3o da Entidade Reguladora para a Comunica\u00e7\u00e3o Social (ERC) que n\u00e3o autorizou o projeto radiof\u00f3nico do clube.<\/li>\n<li>O dirigente afirma que a delibera\u00e7\u00e3o n\u00e3o tem fundamenta\u00e7\u00e3o legal e deve envergonhar os juristas que a tomaram.<\/li>\n<li>Gandarez acusa uma atitude persecut\u00f3ria desde o in\u00edcio contra o projeto do Benfica.<\/li>\n<li>O dirigente lembra que o clube reuniu todos os conselhos antes de lan\u00e7ar o projeto e sabia o que estava a fazer.<\/li>\n<li>A rea\u00e7\u00e3o foi partilhada pela Benfica TV, com Gandarez a afirmar estar surpreendido e indignado com a decis\u00e3o considerada in\u00e9dita.<\/li>\n<\/ul>\n","protected":false},"author":2,"featured_media":422713,"comment_status":"closed","ping_status":"closed","sticky":false,"template":"","format":"standard","meta":{"footnotes":""},"categories":[21,24],"tags":[3177,1946,3972,2607,4539,399],"class_list":["post-422701","post","type-post","status-publish","format-standard","has-post-thumbnail","hentry","category-desporto","category-futebol","tag-autoridade-publica","tag-benfica","tag-benfica-sad","tag-comunicacao","tag-erc","tag-organizacao-desportiva"],"yoast_head":"<!-- This site is optimized with the Yoast SEO plugin v27.2 - https:\/\/yoast.com\/product\/yoast-seo-wordpress\/ -->\n<title>Jos\u00e9 Gandarez contesta decis\u00e3o da ERC sobre Benfica R\u00e1dio - Portal Tela Portugal<\/title>\n<meta name=\"robots\" content=\"index, follow, max-snippet:-1, max-image-preview:large, max-video-preview:-1\" \/>\n<meta property=\"og:locale\" content=\"pt_PT\" \/>\n<meta property=\"og:type\" content=\"article\" \/>\n<meta property=\"og:title\" content=\"Jos\u00e9 Gandarez contesta decis\u00e3o da ERC sobre Benfica R\u00e1dio - Portal Tela Portugal\" \/>\n<meta property=\"og:description\" content=\"Jos\u00e9 Gandarez, vice-presidente do Benfica, expressou indigna\u00e7\u00e3o com a decis\u00e3o da Entidade Reguladora para a Comunica\u00e7\u00e3o Social (ERC) que n\u00e3o autorizou o projeto radiof\u00f3nico do clube. O dirigente afirma que a delibera\u00e7\u00e3o n\u00e3o tem fundamenta\u00e7\u00e3o legal e deve envergonhar os juristas que a tomaram. Gandarez acusa uma atitude persecut\u00f3ria desde o in\u00edcio contra o projeto do Benfica. O dirigente lembra que o clube reuniu todos os conselhos antes de lan\u00e7ar o projeto e sabia o que estava a fazer. A rea\u00e7\u00e3o foi partilhada pela Benfica TV, com Gandarez a afirmar estar surpreendido e indignado com a decis\u00e3o considerada in\u00e9dita.\" \/>\n<meta property=\"og:url\" content=\"https:\/\/portaltela.pt\/noticias\/2026\/03\/26\/jose-gandarez-contesta-decisao-da-erc-sobre-benfica-radio\/\" \/>\n<meta property=\"og:site_name\" content=\"Portal Tela Portugal\" \/>\n<meta property=\"article:published_time\" content=\"2026-03-26T18:12:00+00:00\" \/>\n<meta name=\"author\" content=\"Telinha\" \/>\n<meta name=\"twitter:card\" content=\"summary_large_image\" \/>\n<meta name=\"twitter:label1\" content=\"Escrito por\" \/>\n\t<meta name=\"twitter:data1\" content=\"Telinha\" \/>\n\t<meta name=\"twitter:label2\" content=\"Tempo estimado de leitura\" \/>\n\t<meta name=\"twitter:data2\" content=\"1 minuto\" \/>\n<script type=\"application\/ld+json\" class=\"yoast-schema-graph\">{\"@context\":\"https:\/\/schema.org\",\"@graph\":[{\"@type\":\"Article\",\"@id\":\"https:\/\/portaltela.pt\/noticias\/2026\/03\/26\/jose-gandarez-contesta-decisao-da-erc-sobre-benfica-radio\/#article\",\"isPartOf\":{\"@id\":\"https:\/\/portaltela.pt\/noticias\/2026\/03\/26\/jose-gandarez-contesta-decisao-da-erc-sobre-benfica-radio\/\"},\"author\":{\"name\":\"Telinha\",\"@id\":\"https:\/\/portaltela.pt\/#\/schema\/person\/c4278d4a6028830caff9ee44b42d32ed\"},\"headline\":\"Jos\u00e9 Gandarez contesta decis\u00e3o da ERC sobre Benfica R\u00e1dio\",\"datePublished\":\"2026-03-26T18:12:00+00:00\",\"mainEntityOfPage\":{\"@id\":\"https:\/\/portaltela.pt\/noticias\/2026\/03\/26\/jose-gandarez-contesta-decisao-da-erc-sobre-benfica-radio\/\"},\"wordCount\":190,\"image\":{\"@id\":\"https:\/\/portaltela.pt\/noticias\/2026\/03\/26\/jose-gandarez-contesta-decisao-da-erc-sobre-benfica-radio\/#primaryimage\"},\"thumbnailUrl\":\"https:\/\/portaltela.pt\/s.01k8rhncp4jt1\/2026\/03\/img_920x518uu2025-12-26-16-33-49-2411255.jpg\",\"keywords\":[\"autoridade p\u00fablica\",\"Benfica\",\"Benfica SAD\",\"comunica\u00e7\u00e3o\",\"ERC\",\"organiza\u00e7\u00e3o desportiva\"],\"articleSection\":[\"Desporto\",\"Futebol\"],\"inLanguage\":\"pt-PT\"},{\"@type\":\"WebPage\",\"@id\":\"https:\/\/portaltela.pt\/noticias\/2026\/03\/26\/jose-gandarez-contesta-decisao-da-erc-sobre-benfica-radio\/\",\"url\":\"https:\/\/portaltela.pt\/noticias\/2026\/03\/26\/jose-gandarez-contesta-decisao-da-erc-sobre-benfica-radio\/\",\"name\":\"Jos\u00e9 Gandarez contesta decis\u00e3o da ERC sobre Benfica R\u00e1dio - Portal Tela Portugal\",\"isPartOf\":{\"@id\":\"https:\/\/portaltela.pt\/#website\"},\"primaryImageOfPage\":{\"@id\":\"https:\/\/portaltela.pt\/noticias\/2026\/03\/26\/jose-gandarez-contesta-decisao-da-erc-sobre-benfica-radio\/#primaryimage\"},\"image\":{\"@id\":\"https:\/\/portaltela.pt\/noticias\/2026\/03\/26\/jose-gandarez-contesta-decisao-da-erc-sobre-benfica-radio\/#primaryimage\"},\"thumbnailUrl\":\"https:\/\/portaltela.pt\/s.01k8rhncp4jt1\/2026\/03\/img_920x518uu2025-12-26-16-33-49-2411255.jpg\",\"datePublished\":\"2026-03-26T18:12:00+00:00\",\"author\":{\"@id\":\"https:\/\/portaltela.pt\/#\/schema\/person\/c4278d4a6028830caff9ee44b42d32ed\"},\"breadcrumb\":{\"@id\":\"https:\/\/portaltela.pt\/noticias\/2026\/03\/26\/jose-gandarez-contesta-decisao-da-erc-sobre-benfica-radio\/#breadcrumb\"},\"inLanguage\":\"pt-PT\",\"potentialAction\":[{\"@type\":\"ReadAction\",\"target\":[\"https:\/\/portaltela.pt\/noticias\/2026\/03\/26\/jose-gandarez-contesta-decisao-da-erc-sobre-benfica-radio\/\"]}]},{\"@type\":\"ImageObject\",\"inLanguage\":\"pt-PT\",\"@id\":\"https:\/\/portaltela.pt\/noticias\/2026\/03\/26\/jose-gandarez-contesta-decisao-da-erc-sobre-benfica-radio\/#primaryimage\",\"url\":\"https:\/\/portaltela.pt\/s.01k8rhncp4jt1\/2026\/03\/img_920x518uu2025-12-26-16-33-49-2411255.jpg\",\"contentUrl\":\"https:\/\/portaltela.pt\/s.01k8rhncp4jt1\/2026\/03\/img_920x518uu2025-12-26-16-33-49-2411255.jpg\",\"width\":920,\"height\":518,\"caption\":\"Jos\u00e9 Gandarez, administrador da Benfica SAD, critica decis\u00e3o da ERC\"},{\"@type\":\"BreadcrumbList\",\"@id\":\"https:\/\/portaltela.pt\/noticias\/2026\/03\/26\/jose-gandarez-contesta-decisao-da-erc-sobre-benfica-radio\/#breadcrumb\",\"itemListElement\":[{\"@type\":\"ListItem\",\"position\":1,\"name\":\"In\u00edcio\",\"item\":\"https:\/\/portaltela.pt\/\"},{\"@type\":\"ListItem\",\"position\":2,\"name\":\"Jos\u00e9 Gandarez contesta decis\u00e3o da ERC sobre Benfica R\u00e1dio\"}]},{\"@type\":\"WebSite\",\"@id\":\"https:\/\/portaltela.pt\/#website\",\"url\":\"https:\/\/portaltela.pt\/\",\"name\":\"Portal Tela Portugal\",\"description\":\"\",\"potentialAction\":[{\"@type\":\"SearchAction\",\"target\":{\"@type\":\"EntryPoint\",\"urlTemplate\":\"https:\/\/portaltela.pt\/?s={search_term_string}\"},\"query-input\":{\"@type\":\"PropertyValueSpecification\",\"valueRequired\":true,\"valueName\":\"search_term_string\"}}],\"inLanguage\":\"pt-PT\"},{\"@type\":\"Person\",\"@id\":\"https:\/\/portaltela.pt\/#\/schema\/person\/c4278d4a6028830caff9ee44b42d32ed\",\"name\":\"Telinha\",\"image\":{\"@type\":\"ImageObject\",\"inLanguage\":\"pt-PT\",\"@id\":\"https:\/\/portaltela.pt\/s.01k8rhncp4jt1\/2025\/11\/talking-bot-125x125.png\",\"url\":\"https:\/\/portaltela.pt\/s.01k8rhncp4jt1\/2025\/11\/talking-bot-125x125.png\",\"contentUrl\":\"https:\/\/portaltela.pt\/s.01k8rhncp4jt1\/2025\/11\/talking-bot-125x125.png\",\"caption\":\"Telinha\"},\"sameAs\":[\"https:\/\/portaltela.pt\/\"],\"url\":\"https:\/\/portaltela.pt\/por\/367410592786\/\"}]}<\/script>\n<!-- \/ Yoast SEO plugin. -->","yoast_head_json":{"title":"Jos\u00e9 Gandarez contesta decis\u00e3o da ERC sobre Benfica R\u00e1dio - Portal Tela Portugal","robots":{"index":"index","follow":"follow","max-snippet":"max-snippet:-1","max-image-preview":"max-image-preview:large","max-video-preview":"max-video-preview:-1"},"og_locale":"pt_PT","og_type":"article","og_title":"Jos\u00e9 Gandarez contesta decis\u00e3o da ERC sobre Benfica R\u00e1dio - Portal Tela Portugal","og_description":"Jos\u00e9 Gandarez, vice-presidente do Benfica, expressou indigna\u00e7\u00e3o com a decis\u00e3o da Entidade Reguladora para a Comunica\u00e7\u00e3o Social (ERC) que n\u00e3o autorizou o projeto radiof\u00f3nico do clube. O dirigente afirma que a delibera\u00e7\u00e3o n\u00e3o tem fundamenta\u00e7\u00e3o legal e deve envergonhar os juristas que a tomaram. Gandarez acusa uma atitude persecut\u00f3ria desde o in\u00edcio contra o projeto do Benfica. O dirigente lembra que o clube reuniu todos os conselhos antes de lan\u00e7ar o projeto e sabia o que estava a fazer. A rea\u00e7\u00e3o foi partilhada pela Benfica TV, com Gandarez a afirmar estar surpreendido e indignado com a decis\u00e3o considerada in\u00e9dita.","og_url":"https:\/\/portaltela.pt\/noticias\/2026\/03\/26\/jose-gandarez-contesta-decisao-da-erc-sobre-benfica-radio\/","og_site_name":"Portal Tela Portugal","article_published_time":"2026-03-26T18:12:00+00:00","author":"Telinha","twitter_card":"summary_large_image","twitter_misc":{"Escrito por":"Telinha","Tempo estimado de leitura":"1 minuto"},"schema":{"@context":"https:\/\/schema.org","@graph":[{"@type":"Article","@id":"https:\/\/portaltela.pt\/noticias\/2026\/03\/26\/jose-gandarez-contesta-decisao-da-erc-sobre-benfica-radio\/#article","isPartOf":{"@id":"https:\/\/portaltela.pt\/noticias\/2026\/03\/26\/jose-gandarez-contesta-decisao-da-erc-sobre-benfica-radio\/"},"author":{"name":"Telinha","@id":"https:\/\/portaltela.pt\/#\/schema\/person\/c4278d4a6028830caff9ee44b42d32ed"},"headline":"Jos\u00e9 Gandarez contesta decis\u00e3o da ERC sobre Benfica R\u00e1dio","datePublished":"2026-03-26T18:12:00+00:00","mainEntityOfPage":{"@id":"https:\/\/portaltela.pt\/noticias\/2026\/03\/26\/jose-gandarez-contesta-decisao-da-erc-sobre-benfica-radio\/"},"wordCount":190,"image":{"@id":"https:\/\/portaltela.pt\/noticias\/2026\/03\/26\/jose-gandarez-contesta-decisao-da-erc-sobre-benfica-radio\/#primaryimage"},"thumbnailUrl":"https:\/\/portaltela.pt\/s.01k8rhncp4jt1\/2026\/03\/img_920x518uu2025-12-26-16-33-49-2411255.jpg","keywords":["autoridade p\u00fablica","Benfica","Benfica SAD","comunica\u00e7\u00e3o","ERC","organiza\u00e7\u00e3o desportiva"],"articleSection":["Desporto","Futebol"],"inLanguage":"pt-PT"},{"@type":"WebPage","@id":"https:\/\/portaltela.pt\/noticias\/2026\/03\/26\/jose-gandarez-contesta-decisao-da-erc-sobre-benfica-radio\/","url":"https:\/\/portaltela.pt\/noticias\/2026\/03\/26\/jose-gandarez-contesta-decisao-da-erc-sobre-benfica-radio\/","name":"Jos\u00e9 Gandarez contesta decis\u00e3o da ERC sobre Benfica R\u00e1dio - Portal Tela Portugal","isPartOf":{"@id":"https:\/\/portaltela.pt\/#website"},"primaryImageOfPage":{"@id":"https:\/\/portaltela.pt\/noticias\/2026\/03\/26\/jose-gandarez-contesta-decisao-da-erc-sobre-benfica-radio\/#primaryimage"},"image":{"@id":"https:\/\/portaltela.pt\/noticias\/2026\/03\/26\/jose-gandarez-contesta-decisao-da-erc-sobre-benfica-radio\/#primaryimage"},"thumbnailUrl":"https:\/\/portaltela.pt\/s.01k8rhncp4jt1\/2026\/03\/img_920x518uu2025-12-26-16-33-49-2411255.jpg","datePublished":"2026-03-26T18:12:00+00:00","author":{"@id":"https:\/\/portaltela.pt\/#\/schema\/person\/c4278d4a6028830caff9ee44b42d32ed"},"breadcrumb":{"@id":"https:\/\/portaltela.pt\/noticias\/2026\/03\/26\/jose-gandarez-contesta-decisao-da-erc-sobre-benfica-radio\/#breadcrumb"},"inLanguage":"pt-PT","potentialAction":[{"@type":"ReadAction","target":["https:\/\/portaltela.pt\/noticias\/2026\/03\/26\/jose-gandarez-contesta-decisao-da-erc-sobre-benfica-radio\/"]}]},{"@type":"ImageObject","inLanguage":"pt-PT","@id":"https:\/\/portaltela.pt\/noticias\/2026\/03\/26\/jose-gandarez-contesta-decisao-da-erc-sobre-benfica-radio\/#primaryimage","url":"https:\/\/portaltela.pt\/s.01k8rhncp4jt1\/2026\/03\/img_920x518uu2025-12-26-16-33-49-2411255.jpg","contentUrl":"https:\/\/portaltela.pt\/s.01k8rhncp4jt1\/2026\/03\/img_920x518uu2025-12-26-16-33-49-2411255.jpg","width":920,"height":518,"caption":"Jos\u00e9 Gandarez, administrador da Benfica SAD, critica decis\u00e3o da ERC"},{"@type":"BreadcrumbList","@id":"https:\/\/portaltela.pt\/noticias\/2026\/03\/26\/jose-gandarez-contesta-decisao-da-erc-sobre-benfica-radio\/#breadcrumb","itemListElement":[{"@type":"ListItem","position":1,"name":"In\u00edcio","item":"https:\/\/portaltela.pt\/"},{"@type":"ListItem","position":2,"name":"Jos\u00e9 Gandarez contesta decis\u00e3o da ERC sobre Benfica R\u00e1dio"}]},{"@type":"WebSite","@id":"https:\/\/portaltela.pt\/#website","url":"https:\/\/portaltela.pt\/","name":"Portal Tela Portugal","description":"","potentialAction":[{"@type":"SearchAction","target":{"@type":"EntryPoint","urlTemplate":"https:\/\/portaltela.pt\/?s={search_term_string}"},"query-input":{"@type":"PropertyValueSpecification","valueRequired":true,"valueName":"search_term_string"}}],"inLanguage":"pt-PT"},{"@type":"Person","@id":"https:\/\/portaltela.pt\/#\/schema\/person\/c4278d4a6028830caff9ee44b42d32ed","name":"Telinha","image":{"@type":"ImageObject","inLanguage":"pt-PT","@id":"https:\/\/portaltela.pt\/s.01k8rhncp4jt1\/2025\/11\/talking-bot-125x125.png","url":"https:\/\/portaltela.pt\/s.01k8rhncp4jt1\/2025\/11\/talking-bot-125x125.png","contentUrl":"https:\/\/portaltela.pt\/s.01k8rhncp4jt1\/2025\/11\/talking-bot-125x125.png","caption":"Telinha"},"sameAs":["https:\/\/portaltela.pt\/"],"url":"https:\/\/portaltela.pt\/por\/367410592786\/"}]}},"_links":{"self":[{"href":"https:\/\/portaltela.pt\/api\/wp\/v2\/posts\/422701","targetHints":{"allow":["GET"]}}],"collection":[{"href":"https:\/\/portaltela.pt\/api\/wp\/v2\/posts"}],"about":[{"href":"https:\/\/portaltela.pt\/api\/wp\/v2\/types\/post"}],"author":[{"embeddable":true,"href":"https:\/\/portaltela.pt\/api\/wp\/v2\/users\/2"}],"replies":[{"embeddable":true,"href":"https:\/\/portaltela.pt\/api\/wp\/v2\/comments?post=422701"}],"version-history":[{"count":0,"href":"https:\/\/portaltela.pt\/api\/wp\/v2\/posts\/422701\/revisions"}],"wp:featuredmedia":[{"embeddable":true,"href":"https:\/\/portaltela.pt\/api\/wp\/v2\/media\/422713"}],"wp:attachment":[{"href":"https:\/\/portaltela.pt\/api\/wp\/v2\/media?parent=422701"}],"wp:term":[{"taxonomy":"category","embeddable":true,"href":"https:\/\/portaltela.pt\/api\/wp\/v2\/categories?post=422701"},{"taxonomy":"post_tag","embeddable":true,"href":"https:\/\/portaltela.pt\/api\/wp\/v2\/tags?post=422701"}],"curies":[{"name":"wp","href":"https:\/\/api.w.org\/{rel}","templated":true}]}}