{"id":422692,"date":"2026-03-26T15:03:15","date_gmt":"2026-03-26T18:03:15","guid":{"rendered":"https:\/\/portaltela.pt\/noticias\/2026\/03\/26\/nacional-joga-contra-machico-amanha-em-jogo-de-preparacao\/"},"modified":"2026-03-26T15:03:15","modified_gmt":"2026-03-26T18:03:15","slug":"nacional-joga-contra-machico-amanha-em-jogo-de-preparacao","status":"publish","type":"post","link":"https:\/\/portaltela.pt\/desporto\/futebol\/2026\/03\/26\/nacional-joga-contra-machico-amanha-em-jogo-de-preparacao\/","title":{"rendered":"Nacional joga contra Machico amanh\u00e3 em jogo de prepara\u00e7\u00e3o"},"content":{"rendered":"<p>O Nacional vai enfrentar o Machico amanh\u00e3, \u00e0s 10h30, num jogo-treino \u00e0 porta fechada no Est\u00e1dio da Madeira, com o objetivo de manter o ritmo durante a paragem para as sele\u00e7\u00f5es. O encontro decorre no recinto madeirense.<\/p>\n<p>Hoje, o plantel realizou mais uma sess\u00e3o de treino em Camacha, orientada por Tiago Margarido. O t\u00e9cnico n\u00e3o pode contar com Liziero, Gabriel Veron, Jos\u00e9 Gomes, Jo\u00e3o Aur\u00e9lio, Ulisses Wilson e Ivanildo Fernandes, todos lesionados, e chamou os juniores Paulo Paiva, Pedro Matias e Noah Andr\u00e9 para completar os trabalhos.<\/p>\n<p>O conjunto alvinegro ter\u00e1 dois dias de folga, regressando na segunda-feira para a prepara\u00e7\u00e3o da rece\u00e7\u00e3o ao Estrela da Amadora, da 28.\u00aa jornada da Liga Betclic, marcada para 4 de abril.<\/p>\n<h3>Treino, desfalques e pr\u00f3ximos passos<\/h3>\n<p>O treino de amanh\u00e3 segue numa perspetiva de manter o ritmo competitivo, com o Machico como advers\u00e1rio treino. N\u00e3o foram divulgados detalhes sobre entrosamento ou escala\u00e7\u00f5es para o encontro.<\/p>\n<p>A equipa aproveita a pausa internacional para reavaliar o grupo, operando ajustes t\u00e9cnicos conforme evoluam as condicionantes f\u00edsicas dos jogadores lesionados. O objetivo \u00e9 chegar preparado ao confronto com o Estrela da Amadora.<\/p>\n","protected":false},"excerpt":{"rendered":"<ul>\n<li>O Nacional joga amanh\u00e3, \u00e0s 10h30, frente ao Machico, a portas fechadas no Est\u00e1dio da Madeira, para manter o ritmo durante a paragem para as sele\u00e7\u00f5es.<\/li>\n<li>Hoje houve mais uma sess\u00e3o de treino na Camacha, dirigida por Tiago Margarido, com destaque para a aus\u00eancia de lesionados.<\/li>\n<li>A lista de lesionados permanece com Liziero, Gabriel Veron, Jos\u00e9 Gomes, Jo\u00e3o Aur\u00e9lio, Ulisses Wilson e Ivanildo Fernandes.<\/li>\n<li>Os juniores Paulo Paiva, Pedro Matias e Noah Andr\u00e9 foram chamados ao plantel para o encontro.<\/li>\n<li>Ap\u00f3s o jogo, o plantel tem dois dias de folga e retoma os treinos na segunda-feira, priorizando a prepara\u00e7\u00e3o para a rece\u00e7\u00e3o ao Estrela da Amadora, marcada para o quatro de abril, para a 28.\u00aa jornada da Liga Betclic.<\/li>\n<\/ul>\n","protected":false},"author":2,"featured_media":422699,"comment_status":"closed","ping_status":"closed","sticky":false,"template":"","format":"standard","meta":{"footnotes":""},"categories":[21,24],"tags":[1327,152,32,1283,859,1319],"class_list":["post-422692","post","type-post","status-publish","format-standard","has-post-thumbnail","hentry","category-desporto","category-futebol","tag-camacha","tag-desporto","tag-futebol","tag-machico","tag-madeira","tag-nacional"],"yoast_head":"<!-- This site is optimized with the Yoast SEO plugin v27.2 - https:\/\/yoast.com\/product\/yoast-seo-wordpress\/ -->\n<title>Nacional joga contra Machico amanh\u00e3 em jogo de prepara\u00e7\u00e3o - Portal Tela Portugal<\/title>\n<meta name=\"robots\" content=\"index, follow, max-snippet:-1, max-image-preview:large, max-video-preview:-1\" \/>\n<meta property=\"og:locale\" content=\"pt_PT\" \/>\n<meta property=\"og:type\" content=\"article\" \/>\n<meta property=\"og:title\" content=\"Nacional joga contra Machico amanh\u00e3 em jogo de prepara\u00e7\u00e3o - Portal Tela Portugal\" \/>\n<meta property=\"og:description\" content=\"O Nacional joga amanh\u00e3, \u00e0s 10h30, frente ao Machico, a portas fechadas no Est\u00e1dio da Madeira, para manter o ritmo durante a paragem para as sele\u00e7\u00f5es. Hoje houve mais uma sess\u00e3o de treino na Camacha, dirigida por Tiago Margarido, com destaque para a aus\u00eancia de lesionados. A lista de lesionados permanece com Liziero, Gabriel Veron, Jos\u00e9 Gomes, Jo\u00e3o Aur\u00e9lio, Ulisses Wilson e Ivanildo Fernandes. Os juniores Paulo Paiva, Pedro Matias e Noah Andr\u00e9 foram chamados ao plantel para o encontro. Ap\u00f3s o jogo, o plantel tem dois dias de folga e retoma os treinos na segunda-feira, priorizando a prepara\u00e7\u00e3o para a rece\u00e7\u00e3o ao Estrela da Amadora, marcada para o quatro de abril, para a 28.\u00aa jornada da Liga Betclic.\" \/>\n<meta property=\"og:url\" content=\"https:\/\/portaltela.pt\/noticias\/2026\/03\/26\/nacional-joga-contra-machico-amanha-em-jogo-de-preparacao\/\" \/>\n<meta property=\"og:site_name\" content=\"Portal Tela Portugal\" \/>\n<meta property=\"article:published_time\" content=\"2026-03-26T18:03:15+00:00\" \/>\n<meta name=\"author\" content=\"Telinha\" \/>\n<meta name=\"twitter:card\" content=\"summary_large_image\" \/>\n<meta name=\"twitter:label1\" content=\"Escrito por\" \/>\n\t<meta name=\"twitter:data1\" content=\"Telinha\" \/>\n\t<meta name=\"twitter:label2\" content=\"Tempo estimado de leitura\" \/>\n\t<meta name=\"twitter:data2\" content=\"1 minuto\" \/>\n<script type=\"application\/ld+json\" class=\"yoast-schema-graph\">{\"@context\":\"https:\/\/schema.org\",\"@graph\":[{\"@type\":\"Article\",\"@id\":\"https:\/\/portaltela.pt\/noticias\/2026\/03\/26\/nacional-joga-contra-machico-amanha-em-jogo-de-preparacao\/#article\",\"isPartOf\":{\"@id\":\"https:\/\/portaltela.pt\/noticias\/2026\/03\/26\/nacional-joga-contra-machico-amanha-em-jogo-de-preparacao\/\"},\"author\":{\"name\":\"Telinha\",\"@id\":\"https:\/\/portaltela.pt\/#\/schema\/person\/c4278d4a6028830caff9ee44b42d32ed\"},\"headline\":\"Nacional joga contra Machico amanh\u00e3 em jogo de prepara\u00e7\u00e3o\",\"datePublished\":\"2026-03-26T18:03:15+00:00\",\"mainEntityOfPage\":{\"@id\":\"https:\/\/portaltela.pt\/noticias\/2026\/03\/26\/nacional-joga-contra-machico-amanha-em-jogo-de-preparacao\/\"},\"wordCount\":206,\"image\":{\"@id\":\"https:\/\/portaltela.pt\/noticias\/2026\/03\/26\/nacional-joga-contra-machico-amanha-em-jogo-de-preparacao\/#primaryimage\"},\"thumbnailUrl\":\"https:\/\/portaltela.pt\/s.01k8rhncp4jt1\/2026\/03\/img_920x518uu2025-10-15-20-05-58-2396432.jpg\",\"keywords\":[\"Camacha\",\"desporto\",\"futebol\",\"Machico\",\"Madeira\",\"Nacional\"],\"articleSection\":[\"Desporto\",\"Futebol\"],\"inLanguage\":\"pt-PT\"},{\"@type\":\"WebPage\",\"@id\":\"https:\/\/portaltela.pt\/noticias\/2026\/03\/26\/nacional-joga-contra-machico-amanha-em-jogo-de-preparacao\/\",\"url\":\"https:\/\/portaltela.pt\/noticias\/2026\/03\/26\/nacional-joga-contra-machico-amanha-em-jogo-de-preparacao\/\",\"name\":\"Nacional joga contra Machico amanh\u00e3 em jogo de prepara\u00e7\u00e3o - Portal Tela Portugal\",\"isPartOf\":{\"@id\":\"https:\/\/portaltela.pt\/#website\"},\"primaryImageOfPage\":{\"@id\":\"https:\/\/portaltela.pt\/noticias\/2026\/03\/26\/nacional-joga-contra-machico-amanha-em-jogo-de-preparacao\/#primaryimage\"},\"image\":{\"@id\":\"https:\/\/portaltela.pt\/noticias\/2026\/03\/26\/nacional-joga-contra-machico-amanha-em-jogo-de-preparacao\/#primaryimage\"},\"thumbnailUrl\":\"https:\/\/portaltela.pt\/s.01k8rhncp4jt1\/2026\/03\/img_920x518uu2025-10-15-20-05-58-2396432.jpg\",\"datePublished\":\"2026-03-26T18:03:15+00:00\",\"author\":{\"@id\":\"https:\/\/portaltela.pt\/#\/schema\/person\/c4278d4a6028830caff9ee44b42d32ed\"},\"breadcrumb\":{\"@id\":\"https:\/\/portaltela.pt\/noticias\/2026\/03\/26\/nacional-joga-contra-machico-amanha-em-jogo-de-preparacao\/#breadcrumb\"},\"inLanguage\":\"pt-PT\",\"potentialAction\":[{\"@type\":\"ReadAction\",\"target\":[\"https:\/\/portaltela.pt\/noticias\/2026\/03\/26\/nacional-joga-contra-machico-amanha-em-jogo-de-preparacao\/\"]}]},{\"@type\":\"ImageObject\",\"inLanguage\":\"pt-PT\",\"@id\":\"https:\/\/portaltela.pt\/noticias\/2026\/03\/26\/nacional-joga-contra-machico-amanha-em-jogo-de-preparacao\/#primaryimage\",\"url\":\"https:\/\/portaltela.pt\/s.01k8rhncp4jt1\/2026\/03\/img_920x518uu2025-10-15-20-05-58-2396432.jpg\",\"contentUrl\":\"https:\/\/portaltela.pt\/s.01k8rhncp4jt1\/2026\/03\/img_920x518uu2025-10-15-20-05-58-2396432.jpg\",\"width\":920,\"height\":518,\"caption\":\"Tiago Margarido\"},{\"@type\":\"BreadcrumbList\",\"@id\":\"https:\/\/portaltela.pt\/noticias\/2026\/03\/26\/nacional-joga-contra-machico-amanha-em-jogo-de-preparacao\/#breadcrumb\",\"itemListElement\":[{\"@type\":\"ListItem\",\"position\":1,\"name\":\"In\u00edcio\",\"item\":\"https:\/\/portaltela.pt\/\"},{\"@type\":\"ListItem\",\"position\":2,\"name\":\"Nacional joga contra Machico amanh\u00e3 em jogo de prepara\u00e7\u00e3o\"}]},{\"@type\":\"WebSite\",\"@id\":\"https:\/\/portaltela.pt\/#website\",\"url\":\"https:\/\/portaltela.pt\/\",\"name\":\"Portal Tela Portugal\",\"description\":\"\",\"potentialAction\":[{\"@type\":\"SearchAction\",\"target\":{\"@type\":\"EntryPoint\",\"urlTemplate\":\"https:\/\/portaltela.pt\/?s={search_term_string}\"},\"query-input\":{\"@type\":\"PropertyValueSpecification\",\"valueRequired\":true,\"valueName\":\"search_term_string\"}}],\"inLanguage\":\"pt-PT\"},{\"@type\":\"Person\",\"@id\":\"https:\/\/portaltela.pt\/#\/schema\/person\/c4278d4a6028830caff9ee44b42d32ed\",\"name\":\"Telinha\",\"image\":{\"@type\":\"ImageObject\",\"inLanguage\":\"pt-PT\",\"@id\":\"https:\/\/portaltela.pt\/s.01k8rhncp4jt1\/2025\/11\/talking-bot-125x125.png\",\"url\":\"https:\/\/portaltela.pt\/s.01k8rhncp4jt1\/2025\/11\/talking-bot-125x125.png\",\"contentUrl\":\"https:\/\/portaltela.pt\/s.01k8rhncp4jt1\/2025\/11\/talking-bot-125x125.png\",\"caption\":\"Telinha\"},\"sameAs\":[\"https:\/\/portaltela.pt\/\"],\"url\":\"https:\/\/portaltela.pt\/por\/367410592786\/\"}]}<\/script>\n<!-- \/ Yoast SEO plugin. -->","yoast_head_json":{"title":"Nacional joga contra Machico amanh\u00e3 em jogo de prepara\u00e7\u00e3o - Portal Tela Portugal","robots":{"index":"index","follow":"follow","max-snippet":"max-snippet:-1","max-image-preview":"max-image-preview:large","max-video-preview":"max-video-preview:-1"},"og_locale":"pt_PT","og_type":"article","og_title":"Nacional joga contra Machico amanh\u00e3 em jogo de prepara\u00e7\u00e3o - Portal Tela Portugal","og_description":"O Nacional joga amanh\u00e3, \u00e0s 10h30, frente ao Machico, a portas fechadas no Est\u00e1dio da Madeira, para manter o ritmo durante a paragem para as sele\u00e7\u00f5es. Hoje houve mais uma sess\u00e3o de treino na Camacha, dirigida por Tiago Margarido, com destaque para a aus\u00eancia de lesionados. A lista de lesionados permanece com Liziero, Gabriel Veron, Jos\u00e9 Gomes, Jo\u00e3o Aur\u00e9lio, Ulisses Wilson e Ivanildo Fernandes. Os juniores Paulo Paiva, Pedro Matias e Noah Andr\u00e9 foram chamados ao plantel para o encontro. Ap\u00f3s o jogo, o plantel tem dois dias de folga e retoma os treinos na segunda-feira, priorizando a prepara\u00e7\u00e3o para a rece\u00e7\u00e3o ao Estrela da Amadora, marcada para o quatro de abril, para a 28.\u00aa jornada da Liga Betclic.","og_url":"https:\/\/portaltela.pt\/noticias\/2026\/03\/26\/nacional-joga-contra-machico-amanha-em-jogo-de-preparacao\/","og_site_name":"Portal Tela Portugal","article_published_time":"2026-03-26T18:03:15+00:00","author":"Telinha","twitter_card":"summary_large_image","twitter_misc":{"Escrito por":"Telinha","Tempo estimado de leitura":"1 minuto"},"schema":{"@context":"https:\/\/schema.org","@graph":[{"@type":"Article","@id":"https:\/\/portaltela.pt\/noticias\/2026\/03\/26\/nacional-joga-contra-machico-amanha-em-jogo-de-preparacao\/#article","isPartOf":{"@id":"https:\/\/portaltela.pt\/noticias\/2026\/03\/26\/nacional-joga-contra-machico-amanha-em-jogo-de-preparacao\/"},"author":{"name":"Telinha","@id":"https:\/\/portaltela.pt\/#\/schema\/person\/c4278d4a6028830caff9ee44b42d32ed"},"headline":"Nacional joga contra Machico amanh\u00e3 em jogo de prepara\u00e7\u00e3o","datePublished":"2026-03-26T18:03:15+00:00","mainEntityOfPage":{"@id":"https:\/\/portaltela.pt\/noticias\/2026\/03\/26\/nacional-joga-contra-machico-amanha-em-jogo-de-preparacao\/"},"wordCount":206,"image":{"@id":"https:\/\/portaltela.pt\/noticias\/2026\/03\/26\/nacional-joga-contra-machico-amanha-em-jogo-de-preparacao\/#primaryimage"},"thumbnailUrl":"https:\/\/portaltela.pt\/s.01k8rhncp4jt1\/2026\/03\/img_920x518uu2025-10-15-20-05-58-2396432.jpg","keywords":["Camacha","desporto","futebol","Machico","Madeira","Nacional"],"articleSection":["Desporto","Futebol"],"inLanguage":"pt-PT"},{"@type":"WebPage","@id":"https:\/\/portaltela.pt\/noticias\/2026\/03\/26\/nacional-joga-contra-machico-amanha-em-jogo-de-preparacao\/","url":"https:\/\/portaltela.pt\/noticias\/2026\/03\/26\/nacional-joga-contra-machico-amanha-em-jogo-de-preparacao\/","name":"Nacional joga contra Machico amanh\u00e3 em jogo de prepara\u00e7\u00e3o - Portal Tela Portugal","isPartOf":{"@id":"https:\/\/portaltela.pt\/#website"},"primaryImageOfPage":{"@id":"https:\/\/portaltela.pt\/noticias\/2026\/03\/26\/nacional-joga-contra-machico-amanha-em-jogo-de-preparacao\/#primaryimage"},"image":{"@id":"https:\/\/portaltela.pt\/noticias\/2026\/03\/26\/nacional-joga-contra-machico-amanha-em-jogo-de-preparacao\/#primaryimage"},"thumbnailUrl":"https:\/\/portaltela.pt\/s.01k8rhncp4jt1\/2026\/03\/img_920x518uu2025-10-15-20-05-58-2396432.jpg","datePublished":"2026-03-26T18:03:15+00:00","author":{"@id":"https:\/\/portaltela.pt\/#\/schema\/person\/c4278d4a6028830caff9ee44b42d32ed"},"breadcrumb":{"@id":"https:\/\/portaltela.pt\/noticias\/2026\/03\/26\/nacional-joga-contra-machico-amanha-em-jogo-de-preparacao\/#breadcrumb"},"inLanguage":"pt-PT","potentialAction":[{"@type":"ReadAction","target":["https:\/\/portaltela.pt\/noticias\/2026\/03\/26\/nacional-joga-contra-machico-amanha-em-jogo-de-preparacao\/"]}]},{"@type":"ImageObject","inLanguage":"pt-PT","@id":"https:\/\/portaltela.pt\/noticias\/2026\/03\/26\/nacional-joga-contra-machico-amanha-em-jogo-de-preparacao\/#primaryimage","url":"https:\/\/portaltela.pt\/s.01k8rhncp4jt1\/2026\/03\/img_920x518uu2025-10-15-20-05-58-2396432.jpg","contentUrl":"https:\/\/portaltela.pt\/s.01k8rhncp4jt1\/2026\/03\/img_920x518uu2025-10-15-20-05-58-2396432.jpg","width":920,"height":518,"caption":"Tiago Margarido"},{"@type":"BreadcrumbList","@id":"https:\/\/portaltela.pt\/noticias\/2026\/03\/26\/nacional-joga-contra-machico-amanha-em-jogo-de-preparacao\/#breadcrumb","itemListElement":[{"@type":"ListItem","position":1,"name":"In\u00edcio","item":"https:\/\/portaltela.pt\/"},{"@type":"ListItem","position":2,"name":"Nacional joga contra Machico amanh\u00e3 em jogo de prepara\u00e7\u00e3o"}]},{"@type":"WebSite","@id":"https:\/\/portaltela.pt\/#website","url":"https:\/\/portaltela.pt\/","name":"Portal Tela Portugal","description":"","potentialAction":[{"@type":"SearchAction","target":{"@type":"EntryPoint","urlTemplate":"https:\/\/portaltela.pt\/?s={search_term_string}"},"query-input":{"@type":"PropertyValueSpecification","valueRequired":true,"valueName":"search_term_string"}}],"inLanguage":"pt-PT"},{"@type":"Person","@id":"https:\/\/portaltela.pt\/#\/schema\/person\/c4278d4a6028830caff9ee44b42d32ed","name":"Telinha","image":{"@type":"ImageObject","inLanguage":"pt-PT","@id":"https:\/\/portaltela.pt\/s.01k8rhncp4jt1\/2025\/11\/talking-bot-125x125.png","url":"https:\/\/portaltela.pt\/s.01k8rhncp4jt1\/2025\/11\/talking-bot-125x125.png","contentUrl":"https:\/\/portaltela.pt\/s.01k8rhncp4jt1\/2025\/11\/talking-bot-125x125.png","caption":"Telinha"},"sameAs":["https:\/\/portaltela.pt\/"],"url":"https:\/\/portaltela.pt\/por\/367410592786\/"}]}},"_links":{"self":[{"href":"https:\/\/portaltela.pt\/api\/wp\/v2\/posts\/422692","targetHints":{"allow":["GET"]}}],"collection":[{"href":"https:\/\/portaltela.pt\/api\/wp\/v2\/posts"}],"about":[{"href":"https:\/\/portaltela.pt\/api\/wp\/v2\/types\/post"}],"author":[{"embeddable":true,"href":"https:\/\/portaltela.pt\/api\/wp\/v2\/users\/2"}],"replies":[{"embeddable":true,"href":"https:\/\/portaltela.pt\/api\/wp\/v2\/comments?post=422692"}],"version-history":[{"count":0,"href":"https:\/\/portaltela.pt\/api\/wp\/v2\/posts\/422692\/revisions"}],"wp:featuredmedia":[{"embeddable":true,"href":"https:\/\/portaltela.pt\/api\/wp\/v2\/media\/422699"}],"wp:attachment":[{"href":"https:\/\/portaltela.pt\/api\/wp\/v2\/media?parent=422692"}],"wp:term":[{"taxonomy":"category","embeddable":true,"href":"https:\/\/portaltela.pt\/api\/wp\/v2\/categories?post=422692"},{"taxonomy":"post_tag","embeddable":true,"href":"https:\/\/portaltela.pt\/api\/wp\/v2\/tags?post=422692"}],"curies":[{"name":"wp","href":"https:\/\/api.w.org\/{rel}","templated":true}]}}